{"id":9907,"date":"2020-10-29T15:56:03","date_gmt":"2020-10-29T14:56:03","guid":{"rendered":"http:\/\/www.fondationassistanceauxanimaux.org\/actu\/?p=9907"},"modified":"2020-10-31T10:29:35","modified_gmt":"2020-10-31T09:29:35","slug":"communique-mesures-sanitaires-covid19-dispensaires","status":"publish","type":"post","link":"https:\/\/www.fondationassistanceauxanimaux.org\/actu\/communique-mesures-sanitaires-covid19-dispensaires-9907\/","title":{"rendered":"Communiqu\u00e9 : mesures sanitaires r\u00e9glementaires Covid-19 dans les dispensaires de la Fondation Assistance aux Animaux"},"content":{"rendered":"\n<blockquote class=\"wp-block-quote is-layout-flow wp-block-quote-is-layout-flow\"><p><strong>\u00c0 l\u2019annonce des nouvelles mesures de reconfinement par le Gouvernement, et pour poursuivre l\u2019effort sanitaire collectif et ainsi assurer la sant\u00e9 de tous, les dispensaires de la Fondation Assistance aux Animaux s\u2019organisent de la mani\u00e8re suivante \u00e0 partir du 02 novembre prochain et pendant toute la dur\u00e9e du confinement :<\/strong><\/p><\/blockquote>\n\n\n\n<ul class=\"wp-block-list\"><li><strong>Appel pr\u00e9alable pour prendre rendez-vous<\/strong><\/li><li><strong>Acc\u00e8s r\u00e9gul\u00e9 et sous condition de respect des gestes barri\u00e8res<\/strong><\/li><li><strong>Limitation du nombre de personnes pr\u00e9sentes et des contacts entre personnes<\/strong><\/li><li><strong>Distanciation<\/strong><\/li><li><strong>Port d\u2019un masque homologu\u00e9<\/strong><\/li><li><strong> D\u00e9sinfection des mains par application de gel hydroalcoolique<\/strong><\/li><\/ul>\n\n\n\n<blockquote class=\"wp-block-quote is-layout-flow wp-block-quote-is-layout-flow\"><p><strong>Cette activit\u00e9 ne peut se faire sans effort de la part de tous. Nous mesurons \u00e0 quel point cette p\u00e9riode est compliqu\u00e9e, mais nous devons \u00eatre unis pour y faire face. Aussi, nous vous demanderons la plus grande compr\u00e9hension quant aux mesures adopt\u00e9es et \u00e0 respecter.<\/strong><\/p><\/blockquote>\n\n\n\n<p><strong>En dehors des horaires d\u2019ouvertures, les services de garde v\u00e9t\u00e9rinaires restent disponibles par voie d\u2019affichage et sur le r\u00e9pondeur t\u00e9l\u00e9phonique. <\/strong><\/p>\n","protected":false},"excerpt":{"rendered":"<p>\u00c0 l\u2019annonce des nouvelles mesures de reconfinement par le Gouvernement, et pour poursuivre l\u2019effort sanitaire collectif et ainsi assurer la sant\u00e9 de tous, les dispensaires de la Fondation Assistance aux Animaux s\u2019organisent de la mani\u00e8re suivante \u00e0 partir du 02 novembre prochain et pendant toute la dur\u00e9e du confinement : Appel pr\u00e9alable pour prendre rendez-vous [&hellip;]<\/p>\n","protected":false},"author":3,"featured_media":9564,"comment_status":"closed","ping_status":"closed","sticky":false,"template":"","format":"standard","meta":{"footnotes":""},"categories":[10,11,13,14,100,12,21],"tags":[],"class_list":["post-9907","post","type-post","status-publish","format-standard","has-post-thumbnail","hentry","category-dispensaire-de-bordeaux","category-dispensaire-de-marseille","category-dispensaire-de-nice","category-dispensaire-de-paris","category-dispensaire-de-strasbourg","category-dispensaire-de-toulon","category-fondation-assistance-aux-animaux"],"yoast_head":"<!-- This site is optimized with the Yoast SEO plugin v24.5 - https:\/\/yoast.com\/wordpress\/plugins\/seo\/ -->\n<title>Communiqu\u00e9 : mesures sanitaires r\u00e9glementaires Covid-19 dans les dispensaires de la Fondation Assistance aux Animaux - Fondation Assistance aux Animaux - Actualit\u00e9s<\/title>\n<meta name=\"robots\" content=\"index, follow, max-snippet:-1, max-image-preview:large, max-video-preview:-1\" \/>\n<link rel=\"canonical\" href=\"https:\/\/www.fondationassistanceauxanimaux.org\/actu\/communique-mesures-sanitaires-covid19-dispensaires-9907\/\" \/>\n<meta property=\"og:locale\" content=\"fr_FR\" \/>\n<meta property=\"og:type\" content=\"article\" \/>\n<meta property=\"og:title\" content=\"Communiqu\u00e9 : mesures sanitaires r\u00e9glementaires Covid-19 dans les dispensaires de la Fondation Assistance aux Animaux - Fondation Assistance aux Animaux - Actualit\u00e9s\" \/>\n<meta property=\"og:description\" content=\"\u00c0 l\u2019annonce des nouvelles mesures de reconfinement par le Gouvernement, et pour poursuivre l\u2019effort sanitaire collectif et ainsi assurer la sant\u00e9 de tous, les dispensaires de la Fondation Assistance aux Animaux s\u2019organisent de la mani\u00e8re suivante \u00e0 partir du 02 novembre prochain et pendant toute la dur\u00e9e du confinement : Appel pr\u00e9alable pour prendre rendez-vous [&hellip;]\" \/>\n<meta property=\"og:url\" content=\"https:\/\/www.fondationassistanceauxanimaux.org\/actu\/communique-mesures-sanitaires-covid19-dispensaires-9907\/\" \/>\n<meta property=\"og:site_name\" content=\"Fondation Assistance aux Animaux - Actualit\u00e9s\" \/>\n<meta property=\"article:published_time\" content=\"2020-10-29T14:56:03+00:00\" \/>\n<meta property=\"article:modified_time\" content=\"2020-10-31T09:29:35+00:00\" \/>\n<meta property=\"og:image\" content=\"https:\/\/www.fondationassistanceauxanimaux.org\/actu\/wp-content\/uploads\/2020\/09\/patch-blanc.png\" \/>\n\t<meta property=\"og:image:width\" content=\"1054\" \/>\n\t<meta property=\"og:image:height\" content=\"1054\" \/>\n\t<meta property=\"og:image:type\" content=\"image\/png\" \/>\n<meta name=\"author\" content=\"No\u00e9\" \/>\n<meta name=\"twitter:card\" content=\"summary_large_image\" \/>\n<meta name=\"twitter:label1\" content=\"\u00c9crit par\" \/>\n\t<meta name=\"twitter:data1\" content=\"No\u00e9\" \/>\n\t<meta name=\"twitter:label2\" content=\"Dur\u00e9e de lecture estim\u00e9e\" \/>\n\t<meta name=\"twitter:data2\" content=\"1 minute\" \/>\n<script type=\"application\/ld+json\" class=\"yoast-schema-graph\">{\"@context\":\"https:\/\/schema.org\",\"@graph\":[{\"@type\":\"WebPage\",\"@id\":\"https:\/\/www.fondationassistanceauxanimaux.org\/actu\/communique-mesures-sanitaires-covid19-dispensaires-9907\/\",\"url\":\"https:\/\/www.fondationassistanceauxanimaux.org\/actu\/communique-mesures-sanitaires-covid19-dispensaires-9907\/\",\"name\":\"Communiqu\u00e9 : mesures sanitaires r\u00e9glementaires Covid-19 dans les dispensaires de la Fondation Assistance aux Animaux - Fondation Assistance aux Animaux - Actualit\u00e9s\",\"isPartOf\":{\"@id\":\"https:\/\/www.fondationassistanceauxanimaux.org\/actu\/#website\"},\"primaryImageOfPage\":{\"@id\":\"https:\/\/www.fondationassistanceauxanimaux.org\/actu\/communique-mesures-sanitaires-covid19-dispensaires-9907\/#primaryimage\"},\"image\":{\"@id\":\"https:\/\/www.fondationassistanceauxanimaux.org\/actu\/communique-mesures-sanitaires-covid19-dispensaires-9907\/#primaryimage\"},\"thumbnailUrl\":\"https:\/\/www.fondationassistanceauxanimaux.org\/actu\/wp-content\/uploads\/2020\/09\/patch-blanc.png\",\"datePublished\":\"2020-10-29T14:56:03+00:00\",\"dateModified\":\"2020-10-31T09:29:35+00:00\",\"author\":{\"@id\":\"https:\/\/www.fondationassistanceauxanimaux.org\/actu\/#\/schema\/person\/71a8476d98daaea0d71a965c5603e10b\"},\"breadcrumb\":{\"@id\":\"https:\/\/www.fondationassistanceauxanimaux.org\/actu\/communique-mesures-sanitaires-covid19-dispensaires-9907\/#breadcrumb\"},\"inLanguage\":\"fr-FR\",\"potentialAction\":[{\"@type\":\"ReadAction\",\"target\":[\"https:\/\/www.fondationassistanceauxanimaux.org\/actu\/communique-mesures-sanitaires-covid19-dispensaires-9907\/\"]}]},{\"@type\":\"ImageObject\",\"inLanguage\":\"fr-FR\",\"@id\":\"https:\/\/www.fondationassistanceauxanimaux.org\/actu\/communique-mesures-sanitaires-covid19-dispensaires-9907\/#primaryimage\",\"url\":\"https:\/\/www.fondationassistanceauxanimaux.org\/actu\/wp-content\/uploads\/2020\/09\/patch-blanc.png\",\"contentUrl\":\"https:\/\/www.fondationassistanceauxanimaux.org\/actu\/wp-content\/uploads\/2020\/09\/patch-blanc.png\",\"width\":1054,\"height\":1054},{\"@type\":\"BreadcrumbList\",\"@id\":\"https:\/\/www.fondationassistanceauxanimaux.org\/actu\/communique-mesures-sanitaires-covid19-dispensaires-9907\/#breadcrumb\",\"itemListElement\":[{\"@type\":\"ListItem\",\"position\":1,\"name\":\"Accueil\",\"item\":\"https:\/\/www.fondationassistanceauxanimaux.org\/actu\/\"},{\"@type\":\"ListItem\",\"position\":2,\"name\":\"Communiqu\u00e9 : mesures sanitaires r\u00e9glementaires Covid-19 dans les dispensaires de la Fondation Assistance aux Animaux\"}]},{\"@type\":\"WebSite\",\"@id\":\"https:\/\/www.fondationassistanceauxanimaux.org\/actu\/#website\",\"url\":\"https:\/\/www.fondationassistanceauxanimaux.org\/actu\/\",\"name\":\"Fondation Assistance aux Animaux - Actualit\u00e9s\",\"description\":\"Depuis 1930 la Fondation Assistance aux Animaux pour la d\u00e9fense et la protection des animaux maltrait\u00e9s et abandonn\u00e9s\",\"potentialAction\":[{\"@type\":\"SearchAction\",\"target\":{\"@type\":\"EntryPoint\",\"urlTemplate\":\"https:\/\/www.fondationassistanceauxanimaux.org\/actu\/?s={search_term_string}\"},\"query-input\":{\"@type\":\"PropertyValueSpecification\",\"valueRequired\":true,\"valueName\":\"search_term_string\"}}],\"inLanguage\":\"fr-FR\"},{\"@type\":\"Person\",\"@id\":\"https:\/\/www.fondationassistanceauxanimaux.org\/actu\/#\/schema\/person\/71a8476d98daaea0d71a965c5603e10b\",\"name\":\"No\u00e9\",\"image\":{\"@type\":\"ImageObject\",\"inLanguage\":\"fr-FR\",\"@id\":\"https:\/\/www.fondationassistanceauxanimaux.org\/actu\/#\/schema\/person\/image\/\",\"url\":\"https:\/\/secure.gravatar.com\/avatar\/d34cf6c6bd22b3db9c932bc580c4d1ba93c0cda7588a41b59078888ab1e5f007?s=96&d=mm&r=g\",\"contentUrl\":\"https:\/\/secure.gravatar.com\/avatar\/d34cf6c6bd22b3db9c932bc580c4d1ba93c0cda7588a41b59078888ab1e5f007?s=96&d=mm&r=g\",\"caption\":\"No\u00e9\"},\"url\":\"https:\/\/www.fondationassistanceauxanimaux.org\/actu\/author\/anne\/\"}]}<\/script>\n<!-- \/ Yoast SEO plugin. -->","yoast_head_json":{"title":"Communiqu\u00e9 : mesures sanitaires r\u00e9glementaires Covid-19 dans les dispensaires de la Fondation Assistance aux Animaux - Fondation Assistance aux Animaux - Actualit\u00e9s","robots":{"index":"index","follow":"follow","max-snippet":"max-snippet:-1","max-image-preview":"max-image-preview:large","max-video-preview":"max-video-preview:-1"},"canonical":"https:\/\/www.fondationassistanceauxanimaux.org\/actu\/communique-mesures-sanitaires-covid19-dispensaires-9907\/","og_locale":"fr_FR","og_type":"article","og_title":"Communiqu\u00e9 : mesures sanitaires r\u00e9glementaires Covid-19 dans les dispensaires de la Fondation Assistance aux Animaux - Fondation Assistance aux Animaux - Actualit\u00e9s","og_description":"\u00c0 l\u2019annonce des nouvelles mesures de reconfinement par le Gouvernement, et pour poursuivre l\u2019effort sanitaire collectif et ainsi assurer la sant\u00e9 de tous, les dispensaires de la Fondation Assistance aux Animaux s\u2019organisent de la mani\u00e8re suivante \u00e0 partir du 02 novembre prochain et pendant toute la dur\u00e9e du confinement : Appel pr\u00e9alable pour prendre rendez-vous [&hellip;]","og_url":"https:\/\/www.fondationassistanceauxanimaux.org\/actu\/communique-mesures-sanitaires-covid19-dispensaires-9907\/","og_site_name":"Fondation Assistance aux Animaux - Actualit\u00e9s","article_published_time":"2020-10-29T14:56:03+00:00","article_modified_time":"2020-10-31T09:29:35+00:00","og_image":[{"width":1054,"height":1054,"url":"https:\/\/www.fondationassistanceauxanimaux.org\/actu\/wp-content\/uploads\/2020\/09\/patch-blanc.png","type":"image\/png"}],"author":"No\u00e9","twitter_card":"summary_large_image","twitter_misc":{"\u00c9crit par":"No\u00e9","Dur\u00e9e de lecture estim\u00e9e":"1 minute"},"schema":{"@context":"https:\/\/schema.org","@graph":[{"@type":"WebPage","@id":"https:\/\/www.fondationassistanceauxanimaux.org\/actu\/communique-mesures-sanitaires-covid19-dispensaires-9907\/","url":"https:\/\/www.fondationassistanceauxanimaux.org\/actu\/communique-mesures-sanitaires-covid19-dispensaires-9907\/","name":"Communiqu\u00e9 : mesures sanitaires r\u00e9glementaires Covid-19 dans les dispensaires de la Fondation Assistance aux Animaux - Fondation Assistance aux Animaux - Actualit\u00e9s","isPartOf":{"@id":"https:\/\/www.fondationassistanceauxanimaux.org\/actu\/#website"},"primaryImageOfPage":{"@id":"https:\/\/www.fondationassistanceauxanimaux.org\/actu\/communique-mesures-sanitaires-covid19-dispensaires-9907\/#primaryimage"},"image":{"@id":"https:\/\/www.fondationassistanceauxanimaux.org\/actu\/communique-mesures-sanitaires-covid19-dispensaires-9907\/#primaryimage"},"thumbnailUrl":"https:\/\/www.fondationassistanceauxanimaux.org\/actu\/wp-content\/uploads\/2020\/09\/patch-blanc.png","datePublished":"2020-10-29T14:56:03+00:00","dateModified":"2020-10-31T09:29:35+00:00","author":{"@id":"https:\/\/www.fondationassistanceauxanimaux.org\/actu\/#\/schema\/person\/71a8476d98daaea0d71a965c5603e10b"},"breadcrumb":{"@id":"https:\/\/www.fondationassistanceauxanimaux.org\/actu\/communique-mesures-sanitaires-covid19-dispensaires-9907\/#breadcrumb"},"inLanguage":"fr-FR","potentialAction":[{"@type":"ReadAction","target":["https:\/\/www.fondationassistanceauxanimaux.org\/actu\/communique-mesures-sanitaires-covid19-dispensaires-9907\/"]}]},{"@type":"ImageObject","inLanguage":"fr-FR","@id":"https:\/\/www.fondationassistanceauxanimaux.org\/actu\/communique-mesures-sanitaires-covid19-dispensaires-9907\/#primaryimage","url":"https:\/\/www.fondationassistanceauxanimaux.org\/actu\/wp-content\/uploads\/2020\/09\/patch-blanc.png","contentUrl":"https:\/\/www.fondationassistanceauxanimaux.org\/actu\/wp-content\/uploads\/2020\/09\/patch-blanc.png","width":1054,"height":1054},{"@type":"BreadcrumbList","@id":"https:\/\/www.fondationassistanceauxanimaux.org\/actu\/communique-mesures-sanitaires-covid19-dispensaires-9907\/#breadcrumb","itemListElement":[{"@type":"ListItem","position":1,"name":"Accueil","item":"https:\/\/www.fondationassistanceauxanimaux.org\/actu\/"},{"@type":"ListItem","position":2,"name":"Communiqu\u00e9 : mesures sanitaires r\u00e9glementaires Covid-19 dans les dispensaires de la Fondation Assistance aux Animaux"}]},{"@type":"WebSite","@id":"https:\/\/www.fondationassistanceauxanimaux.org\/actu\/#website","url":"https:\/\/www.fondationassistanceauxanimaux.org\/actu\/","name":"Fondation Assistance aux Animaux - Actualit\u00e9s","description":"Depuis 1930 la Fondation Assistance aux Animaux pour la d\u00e9fense et la protection des animaux maltrait\u00e9s et abandonn\u00e9s","potentialAction":[{"@type":"SearchAction","target":{"@type":"EntryPoint","urlTemplate":"https:\/\/www.fondationassistanceauxanimaux.org\/actu\/?s={search_term_string}"},"query-input":{"@type":"PropertyValueSpecification","valueRequired":true,"valueName":"search_term_string"}}],"inLanguage":"fr-FR"},{"@type":"Person","@id":"https:\/\/www.fondationassistanceauxanimaux.org\/actu\/#\/schema\/person\/71a8476d98daaea0d71a965c5603e10b","name":"No\u00e9","image":{"@type":"ImageObject","inLanguage":"fr-FR","@id":"https:\/\/www.fondationassistanceauxanimaux.org\/actu\/#\/schema\/person\/image\/","url":"https:\/\/secure.gravatar.com\/avatar\/d34cf6c6bd22b3db9c932bc580c4d1ba93c0cda7588a41b59078888ab1e5f007?s=96&d=mm&r=g","contentUrl":"https:\/\/secure.gravatar.com\/avatar\/d34cf6c6bd22b3db9c932bc580c4d1ba93c0cda7588a41b59078888ab1e5f007?s=96&d=mm&r=g","caption":"No\u00e9"},"url":"https:\/\/www.fondationassistanceauxanimaux.org\/actu\/author\/anne\/"}]}},"_links":{"self":[{"href":"https:\/\/www.fondationassistanceauxanimaux.org\/actu\/wp-json\/wp\/v2\/posts\/9907","targetHints":{"allow":["GET"]}}],"collection":[{"href":"https:\/\/www.fondationassistanceauxanimaux.org\/actu\/wp-json\/wp\/v2\/posts"}],"about":[{"href":"https:\/\/www.fondationassistanceauxanimaux.org\/actu\/wp-json\/wp\/v2\/types\/post"}],"author":[{"embeddable":true,"href":"https:\/\/www.fondationassistanceauxanimaux.org\/actu\/wp-json\/wp\/v2\/users\/3"}],"replies":[{"embeddable":true,"href":"https:\/\/www.fondationassistanceauxanimaux.org\/actu\/wp-json\/wp\/v2\/comments?post=9907"}],"version-history":[{"count":3,"href":"https:\/\/www.fondationassistanceauxanimaux.org\/actu\/wp-json\/wp\/v2\/posts\/9907\/revisions"}],"predecessor-version":[{"id":9969,"href":"https:\/\/www.fondationassistanceauxanimaux.org\/actu\/wp-json\/wp\/v2\/posts\/9907\/revisions\/9969"}],"wp:featuredmedia":[{"embeddable":true,"href":"https:\/\/www.fondationassistanceauxanimaux.org\/actu\/wp-json\/wp\/v2\/media\/9564"}],"wp:attachment":[{"href":"https:\/\/www.fondationassistanceauxanimaux.org\/actu\/wp-json\/wp\/v2\/media?parent=9907"}],"wp:term":[{"taxonomy":"category","embeddable":true,"href":"https:\/\/www.fondationassistanceauxanimaux.org\/actu\/wp-json\/wp\/v2\/categories?post=9907"},{"taxonomy":"post_tag","embeddable":true,"href":"https:\/\/www.fondationassistanceauxanimaux.org\/actu\/wp-json\/wp\/v2\/tags?post=9907"}],"curies":[{"name":"wp","href":"https:\/\/api.w.org\/{rel}","templated":true}]}}