{"id":8590,"date":"2020-07-07T17:08:41","date_gmt":"2020-07-07T15:08:41","guid":{"rendered":"http:\/\/www.fondationassistanceauxanimaux.org\/actu\/?p=8590"},"modified":"2020-07-07T17:09:14","modified_gmt":"2020-07-07T15:09:14","slug":"phoebe-chienne-adoption-villevaude","status":"publish","type":"post","link":"https:\/\/www.fondationassistanceauxanimaux.org\/actu\/phoebe-chienne-adoption-villevaude-8590\/","title":{"rendered":"Des nouvelles de \u00ab\u00a0Ph\u0153be\u00a0\u00bb, heureuse adopt\u00e9e du refuge de Villevaud\u00e9"},"content":{"rendered":"\n<p><strong>Adopt\u00e9e au mois de mai dernier dans le refuge Fondation Assistance aux Animaux de Villevaud\u00e9, \u00ab\u00a0Ph\u0153be\u00a0\u00bb s&rsquo;est rapidement adapt\u00e9e \u00e0 son nouveau foyer.<\/strong><\/p>\n\n\n\n<p><strong>Elle s&rsquo;entend tr\u00e8s bien avec sa nouvelle copine \u00ab\u00a0Sally\u00a0\u00bb, chienne \u00e9galement adopt\u00e9e \u00e0 Villevaud\u00e9.<\/strong><\/p>\n\n\n\n<p><strong>La belle \u00ab\u00a0Ph\u0153be\u00a0\u00bb est une petite chienne tr\u00e8s vive, attachante et tr\u00e8s intelligente. Elle adore ses balles &amp; autres jouets et profite de s\u00e9jours r\u00e9guliers \u00e0 la campagne.<\/strong><\/p>\n\n\n\n<figure class=\"wp-block-gallery columns-3 is-cropped wp-block-gallery-1 is-layout-flex wp-block-gallery-is-layout-flex\"><ul class=\"blocks-gallery-grid\"><li class=\"blocks-gallery-item\"><figure><img loading=\"lazy\" decoding=\"async\" width=\"773\" height=\"1030\" src=\"https:\/\/www.fondationassistanceauxanimaux.org\/actu\/wp-content\/uploads\/2020\/07\/IMG_7964-773x1030.jpg\" alt=\"\" data-id=\"8591\" data-full-url=\"https:\/\/www.fondationassistanceauxanimaux.org\/actu\/wp-content\/uploads\/2020\/07\/IMG_7964.jpg\" data-link=\"https:\/\/www.fondationassistanceauxanimaux.org\/actu\/?attachment_id=8591\" class=\"wp-image-8591\" srcset=\"https:\/\/www.fondationassistanceauxanimaux.org\/actu\/wp-content\/uploads\/2020\/07\/IMG_7964-773x1030.jpg 773w, https:\/\/www.fondationassistanceauxanimaux.org\/actu\/wp-content\/uploads\/2020\/07\/IMG_7964-225x300.jpg 225w, https:\/\/www.fondationassistanceauxanimaux.org\/actu\/wp-content\/uploads\/2020\/07\/IMG_7964-768x1024.jpg 768w, https:\/\/www.fondationassistanceauxanimaux.org\/actu\/wp-content\/uploads\/2020\/07\/IMG_7964-1152x1536.jpg 1152w, https:\/\/www.fondationassistanceauxanimaux.org\/actu\/wp-content\/uploads\/2020\/07\/IMG_7964-1125x1500.jpg 1125w, https:\/\/www.fondationassistanceauxanimaux.org\/actu\/wp-content\/uploads\/2020\/07\/IMG_7964-529x705.jpg 529w, https:\/\/www.fondationassistanceauxanimaux.org\/actu\/wp-content\/uploads\/2020\/07\/IMG_7964.jpg 1296w\" sizes=\"auto, (max-width: 773px) 100vw, 773px\" \/><figcaption class=\"blocks-gallery-item__caption\">Avec son adoptant<\/figcaption><\/figure><\/li><li class=\"blocks-gallery-item\"><figure><img loading=\"lazy\" decoding=\"async\" width=\"773\" height=\"1030\" src=\"https:\/\/www.fondationassistanceauxanimaux.org\/actu\/wp-content\/uploads\/2020\/07\/IMG_7967-773x1030.jpg\" alt=\"\" data-id=\"8594\" data-full-url=\"https:\/\/www.fondationassistanceauxanimaux.org\/actu\/wp-content\/uploads\/2020\/07\/IMG_7967.jpg\" data-link=\"https:\/\/www.fondationassistanceauxanimaux.org\/actu\/?attachment_id=8594\" class=\"wp-image-8594\" srcset=\"https:\/\/www.fondationassistanceauxanimaux.org\/actu\/wp-content\/uploads\/2020\/07\/IMG_7967-773x1030.jpg 773w, https:\/\/www.fondationassistanceauxanimaux.org\/actu\/wp-content\/uploads\/2020\/07\/IMG_7967-225x300.jpg 225w, https:\/\/www.fondationassistanceauxanimaux.org\/actu\/wp-content\/uploads\/2020\/07\/IMG_7967-768x1024.jpg 768w, https:\/\/www.fondationassistanceauxanimaux.org\/actu\/wp-content\/uploads\/2020\/07\/IMG_7967-1152x1536.jpg 1152w, https:\/\/www.fondationassistanceauxanimaux.org\/actu\/wp-content\/uploads\/2020\/07\/IMG_7967-1125x1500.jpg 1125w, https:\/\/www.fondationassistanceauxanimaux.org\/actu\/wp-content\/uploads\/2020\/07\/IMG_7967-529x705.jpg 529w, https:\/\/www.fondationassistanceauxanimaux.org\/actu\/wp-content\/uploads\/2020\/07\/IMG_7967.jpg 1296w\" sizes=\"auto, (max-width: 773px) 100vw, 773px\" \/><figcaption class=\"blocks-gallery-item__caption\">\u00ab\u00a0Sally et \u00ab\u00a0Phoebe\u00a0\u00bb, deux heureuses adopt\u00e9es<\/figcaption><\/figure><\/li><li class=\"blocks-gallery-item\"><figure><img loading=\"lazy\" decoding=\"async\" width=\"773\" height=\"1030\" src=\"https:\/\/www.fondationassistanceauxanimaux.org\/actu\/wp-content\/uploads\/2020\/07\/IMG_7966-773x1030.jpg\" alt=\"\" data-id=\"8593\" data-full-url=\"https:\/\/www.fondationassistanceauxanimaux.org\/actu\/wp-content\/uploads\/2020\/07\/IMG_7966.jpg\" data-link=\"https:\/\/www.fondationassistanceauxanimaux.org\/actu\/?attachment_id=8593\" class=\"wp-image-8593\" srcset=\"https:\/\/www.fondationassistanceauxanimaux.org\/actu\/wp-content\/uploads\/2020\/07\/IMG_7966-773x1030.jpg 773w, https:\/\/www.fondationassistanceauxanimaux.org\/actu\/wp-content\/uploads\/2020\/07\/IMG_7966-225x300.jpg 225w, https:\/\/www.fondationassistanceauxanimaux.org\/actu\/wp-content\/uploads\/2020\/07\/IMG_7966-768x1024.jpg 768w, https:\/\/www.fondationassistanceauxanimaux.org\/actu\/wp-content\/uploads\/2020\/07\/IMG_7966-1152x1536.jpg 1152w, https:\/\/www.fondationassistanceauxanimaux.org\/actu\/wp-content\/uploads\/2020\/07\/IMG_7966-1125x1500.jpg 1125w, https:\/\/www.fondationassistanceauxanimaux.org\/actu\/wp-content\/uploads\/2020\/07\/IMG_7966-529x705.jpg 529w, https:\/\/www.fondationassistanceauxanimaux.org\/actu\/wp-content\/uploads\/2020\/07\/IMG_7966.jpg 1296w\" sizes=\"auto, (max-width: 773px) 100vw, 773px\" \/><figcaption class=\"blocks-gallery-item__caption\">Avec son adoptante<\/figcaption><\/figure><\/li><\/ul><\/figure>\n\n\n\n<p><strong>Vous aussi, faites un heureux en venant adopter dans nos refuges !<\/strong><\/p>\n\n\n\n<div class=\"wp-block-image\"><figure class=\"aligncenter size-large\"><img loading=\"lazy\" decoding=\"async\" width=\"725\" height=\"1030\" src=\"https:\/\/www.fondationassistanceauxanimaux.org\/actu\/wp-content\/uploads\/2020\/05\/Capture-d\u2019e\u0301cran-2020-05-14-a\u0300-10.43.43-725x1030.png\" alt=\"\" class=\"wp-image-7938\" srcset=\"https:\/\/www.fondationassistanceauxanimaux.org\/actu\/wp-content\/uploads\/2020\/05\/Capture-d\u2019e\u0301cran-2020-05-14-a\u0300-10.43.43-725x1030.png 725w, https:\/\/www.fondationassistanceauxanimaux.org\/actu\/wp-content\/uploads\/2020\/05\/Capture-d\u2019e\u0301cran-2020-05-14-a\u0300-10.43.43-211x300.png 211w, https:\/\/www.fondationassistanceauxanimaux.org\/actu\/wp-content\/uploads\/2020\/05\/Capture-d\u2019e\u0301cran-2020-05-14-a\u0300-10.43.43-768x1091.png 768w, https:\/\/www.fondationassistanceauxanimaux.org\/actu\/wp-content\/uploads\/2020\/05\/Capture-d\u2019e\u0301cran-2020-05-14-a\u0300-10.43.43-496x705.png 496w, https:\/\/www.fondationassistanceauxanimaux.org\/actu\/wp-content\/uploads\/2020\/05\/Capture-d\u2019e\u0301cran-2020-05-14-a\u0300-10.43.43.png 790w\" sizes=\"auto, (max-width: 725px) 100vw, 725px\" \/><\/figure><\/div>\n","protected":false},"excerpt":{"rendered":"<p>Adopt\u00e9e au mois de mai dernier dans le refuge Fondation Assistance aux Animaux de Villevaud\u00e9, \u00ab\u00a0Ph\u0153be\u00a0\u00bb s&rsquo;est rapidement adapt\u00e9e \u00e0 son nouveau foyer. Elle s&rsquo;entend tr\u00e8s bien avec sa nouvelle copine \u00ab\u00a0Sally\u00a0\u00bb, chienne \u00e9galement adopt\u00e9e \u00e0 Villevaud\u00e9. La belle \u00ab\u00a0Ph\u0153be\u00a0\u00bb est une petite chienne tr\u00e8s vive, attachante et tr\u00e8s intelligente. Elle adore ses balles &amp; [&hellip;]<\/p>\n","protected":false},"author":3,"featured_media":8595,"comment_status":"closed","ping_status":"closed","sticky":false,"template":"","format":"standard","meta":{"footnotes":""},"categories":[20],"tags":[],"class_list":["post-8590","post","type-post","status-publish","format-standard","has-post-thumbnail","hentry","category-refuge-de-villevaude"],"yoast_head":"<!-- This site is optimized with the Yoast SEO plugin v24.5 - https:\/\/yoast.com\/wordpress\/plugins\/seo\/ -->\n<title>Des nouvelles de &quot;Ph\u0153be&quot;, heureuse adopt\u00e9e du refuge de Villevaud\u00e9 - Fondation Assistance aux Animaux - Actualit\u00e9s<\/title>\n<meta name=\"robots\" content=\"index, follow, max-snippet:-1, max-image-preview:large, max-video-preview:-1\" \/>\n<link rel=\"canonical\" href=\"https:\/\/www.fondationassistanceauxanimaux.org\/actu\/phoebe-chienne-adoption-villevaude-8590\/\" \/>\n<meta property=\"og:locale\" content=\"fr_FR\" \/>\n<meta property=\"og:type\" content=\"article\" \/>\n<meta property=\"og:title\" content=\"Des nouvelles de &quot;Ph\u0153be&quot;, heureuse adopt\u00e9e du refuge de Villevaud\u00e9 - Fondation Assistance aux Animaux - Actualit\u00e9s\" \/>\n<meta property=\"og:description\" content=\"Adopt\u00e9e au mois de mai dernier dans le refuge Fondation Assistance aux Animaux de Villevaud\u00e9, \u00ab\u00a0Ph\u0153be\u00a0\u00bb s&rsquo;est rapidement adapt\u00e9e \u00e0 son nouveau foyer. Elle s&rsquo;entend tr\u00e8s bien avec sa nouvelle copine \u00ab\u00a0Sally\u00a0\u00bb, chienne \u00e9galement adopt\u00e9e \u00e0 Villevaud\u00e9. La belle \u00ab\u00a0Ph\u0153be\u00a0\u00bb est une petite chienne tr\u00e8s vive, attachante et tr\u00e8s intelligente. Elle adore ses balles &amp; [&hellip;]\" \/>\n<meta property=\"og:url\" content=\"https:\/\/www.fondationassistanceauxanimaux.org\/actu\/phoebe-chienne-adoption-villevaude-8590\/\" \/>\n<meta property=\"og:site_name\" content=\"Fondation Assistance aux Animaux - Actualit\u00e9s\" \/>\n<meta property=\"article:published_time\" content=\"2020-07-07T15:08:41+00:00\" \/>\n<meta property=\"article:modified_time\" content=\"2020-07-07T15:09:14+00:00\" \/>\n<meta property=\"og:image\" content=\"https:\/\/www.fondationassistanceauxanimaux.org\/actu\/wp-content\/uploads\/2020\/07\/IMG_7965-1.jpg\" \/>\n\t<meta property=\"og:image:width\" content=\"1296\" \/>\n\t<meta property=\"og:image:height\" content=\"1343\" \/>\n\t<meta property=\"og:image:type\" content=\"image\/jpeg\" \/>\n<meta name=\"author\" content=\"No\u00e9\" \/>\n<meta name=\"twitter:card\" content=\"summary_large_image\" \/>\n<meta name=\"twitter:label1\" content=\"\u00c9crit par\" \/>\n\t<meta name=\"twitter:data1\" content=\"No\u00e9\" \/>\n<script type=\"application\/ld+json\" class=\"yoast-schema-graph\">{\"@context\":\"https:\/\/schema.org\",\"@graph\":[{\"@type\":\"WebPage\",\"@id\":\"https:\/\/www.fondationassistanceauxanimaux.org\/actu\/phoebe-chienne-adoption-villevaude-8590\/\",\"url\":\"https:\/\/www.fondationassistanceauxanimaux.org\/actu\/phoebe-chienne-adoption-villevaude-8590\/\",\"name\":\"Des nouvelles de \\\"Ph\u0153be\\\", heureuse adopt\u00e9e du refuge de Villevaud\u00e9 - Fondation Assistance aux Animaux - Actualit\u00e9s\",\"isPartOf\":{\"@id\":\"https:\/\/www.fondationassistanceauxanimaux.org\/actu\/#website\"},\"primaryImageOfPage\":{\"@id\":\"https:\/\/www.fondationassistanceauxanimaux.org\/actu\/phoebe-chienne-adoption-villevaude-8590\/#primaryimage\"},\"image\":{\"@id\":\"https:\/\/www.fondationassistanceauxanimaux.org\/actu\/phoebe-chienne-adoption-villevaude-8590\/#primaryimage\"},\"thumbnailUrl\":\"https:\/\/www.fondationassistanceauxanimaux.org\/actu\/wp-content\/uploads\/2020\/07\/IMG_7965-1.jpg\",\"datePublished\":\"2020-07-07T15:08:41+00:00\",\"dateModified\":\"2020-07-07T15:09:14+00:00\",\"author\":{\"@id\":\"https:\/\/www.fondationassistanceauxanimaux.org\/actu\/#\/schema\/person\/71a8476d98daaea0d71a965c5603e10b\"},\"breadcrumb\":{\"@id\":\"https:\/\/www.fondationassistanceauxanimaux.org\/actu\/phoebe-chienne-adoption-villevaude-8590\/#breadcrumb\"},\"inLanguage\":\"fr-FR\",\"potentialAction\":[{\"@type\":\"ReadAction\",\"target\":[\"https:\/\/www.fondationassistanceauxanimaux.org\/actu\/phoebe-chienne-adoption-villevaude-8590\/\"]}]},{\"@type\":\"ImageObject\",\"inLanguage\":\"fr-FR\",\"@id\":\"https:\/\/www.fondationassistanceauxanimaux.org\/actu\/phoebe-chienne-adoption-villevaude-8590\/#primaryimage\",\"url\":\"https:\/\/www.fondationassistanceauxanimaux.org\/actu\/wp-content\/uploads\/2020\/07\/IMG_7965-1.jpg\",\"contentUrl\":\"https:\/\/www.fondationassistanceauxanimaux.org\/actu\/wp-content\/uploads\/2020\/07\/IMG_7965-1.jpg\",\"width\":1296,\"height\":1343},{\"@type\":\"BreadcrumbList\",\"@id\":\"https:\/\/www.fondationassistanceauxanimaux.org\/actu\/phoebe-chienne-adoption-villevaude-8590\/#breadcrumb\",\"itemListElement\":[{\"@type\":\"ListItem\",\"position\":1,\"name\":\"Accueil\",\"item\":\"https:\/\/www.fondationassistanceauxanimaux.org\/actu\/\"},{\"@type\":\"ListItem\",\"position\":2,\"name\":\"Des nouvelles de \u00ab\u00a0Ph\u0153be\u00a0\u00bb, heureuse adopt\u00e9e du refuge de Villevaud\u00e9\"}]},{\"@type\":\"WebSite\",\"@id\":\"https:\/\/www.fondationassistanceauxanimaux.org\/actu\/#website\",\"url\":\"https:\/\/www.fondationassistanceauxanimaux.org\/actu\/\",\"name\":\"Fondation Assistance aux Animaux - Actualit\u00e9s\",\"description\":\"Depuis 1930 la Fondation Assistance aux Animaux pour la d\u00e9fense et la protection des animaux maltrait\u00e9s et abandonn\u00e9s\",\"potentialAction\":[{\"@type\":\"SearchAction\",\"target\":{\"@type\":\"EntryPoint\",\"urlTemplate\":\"https:\/\/www.fondationassistanceauxanimaux.org\/actu\/?s={search_term_string}\"},\"query-input\":{\"@type\":\"PropertyValueSpecification\",\"valueRequired\":true,\"valueName\":\"search_term_string\"}}],\"inLanguage\":\"fr-FR\"},{\"@type\":\"Person\",\"@id\":\"https:\/\/www.fondationassistanceauxanimaux.org\/actu\/#\/schema\/person\/71a8476d98daaea0d71a965c5603e10b\",\"name\":\"No\u00e9\",\"image\":{\"@type\":\"ImageObject\",\"inLanguage\":\"fr-FR\",\"@id\":\"https:\/\/www.fondationassistanceauxanimaux.org\/actu\/#\/schema\/person\/image\/\",\"url\":\"https:\/\/secure.gravatar.com\/avatar\/d34cf6c6bd22b3db9c932bc580c4d1ba93c0cda7588a41b59078888ab1e5f007?s=96&d=mm&r=g\",\"contentUrl\":\"https:\/\/secure.gravatar.com\/avatar\/d34cf6c6bd22b3db9c932bc580c4d1ba93c0cda7588a41b59078888ab1e5f007?s=96&d=mm&r=g\",\"caption\":\"No\u00e9\"},\"url\":\"https:\/\/www.fondationassistanceauxanimaux.org\/actu\/author\/anne\/\"}]}<\/script>\n<!-- \/ Yoast SEO plugin. -->","yoast_head_json":{"title":"Des nouvelles de \"Ph\u0153be\", heureuse adopt\u00e9e du refuge de Villevaud\u00e9 - Fondation Assistance aux Animaux - Actualit\u00e9s","robots":{"index":"index","follow":"follow","max-snippet":"max-snippet:-1","max-image-preview":"max-image-preview:large","max-video-preview":"max-video-preview:-1"},"canonical":"https:\/\/www.fondationassistanceauxanimaux.org\/actu\/phoebe-chienne-adoption-villevaude-8590\/","og_locale":"fr_FR","og_type":"article","og_title":"Des nouvelles de \"Ph\u0153be\", heureuse adopt\u00e9e du refuge de Villevaud\u00e9 - Fondation Assistance aux Animaux - Actualit\u00e9s","og_description":"Adopt\u00e9e au mois de mai dernier dans le refuge Fondation Assistance aux Animaux de Villevaud\u00e9, \u00ab\u00a0Ph\u0153be\u00a0\u00bb s&rsquo;est rapidement adapt\u00e9e \u00e0 son nouveau foyer. Elle s&rsquo;entend tr\u00e8s bien avec sa nouvelle copine \u00ab\u00a0Sally\u00a0\u00bb, chienne \u00e9galement adopt\u00e9e \u00e0 Villevaud\u00e9. La belle \u00ab\u00a0Ph\u0153be\u00a0\u00bb est une petite chienne tr\u00e8s vive, attachante et tr\u00e8s intelligente. Elle adore ses balles &amp; [&hellip;]","og_url":"https:\/\/www.fondationassistanceauxanimaux.org\/actu\/phoebe-chienne-adoption-villevaude-8590\/","og_site_name":"Fondation Assistance aux Animaux - Actualit\u00e9s","article_published_time":"2020-07-07T15:08:41+00:00","article_modified_time":"2020-07-07T15:09:14+00:00","og_image":[{"width":1296,"height":1343,"url":"https:\/\/www.fondationassistanceauxanimaux.org\/actu\/wp-content\/uploads\/2020\/07\/IMG_7965-1.jpg","type":"image\/jpeg"}],"author":"No\u00e9","twitter_card":"summary_large_image","twitter_misc":{"\u00c9crit par":"No\u00e9"},"schema":{"@context":"https:\/\/schema.org","@graph":[{"@type":"WebPage","@id":"https:\/\/www.fondationassistanceauxanimaux.org\/actu\/phoebe-chienne-adoption-villevaude-8590\/","url":"https:\/\/www.fondationassistanceauxanimaux.org\/actu\/phoebe-chienne-adoption-villevaude-8590\/","name":"Des nouvelles de \"Ph\u0153be\", heureuse adopt\u00e9e du refuge de Villevaud\u00e9 - Fondation Assistance aux Animaux - Actualit\u00e9s","isPartOf":{"@id":"https:\/\/www.fondationassistanceauxanimaux.org\/actu\/#website"},"primaryImageOfPage":{"@id":"https:\/\/www.fondationassistanceauxanimaux.org\/actu\/phoebe-chienne-adoption-villevaude-8590\/#primaryimage"},"image":{"@id":"https:\/\/www.fondationassistanceauxanimaux.org\/actu\/phoebe-chienne-adoption-villevaude-8590\/#primaryimage"},"thumbnailUrl":"https:\/\/www.fondationassistanceauxanimaux.org\/actu\/wp-content\/uploads\/2020\/07\/IMG_7965-1.jpg","datePublished":"2020-07-07T15:08:41+00:00","dateModified":"2020-07-07T15:09:14+00:00","author":{"@id":"https:\/\/www.fondationassistanceauxanimaux.org\/actu\/#\/schema\/person\/71a8476d98daaea0d71a965c5603e10b"},"breadcrumb":{"@id":"https:\/\/www.fondationassistanceauxanimaux.org\/actu\/phoebe-chienne-adoption-villevaude-8590\/#breadcrumb"},"inLanguage":"fr-FR","potentialAction":[{"@type":"ReadAction","target":["https:\/\/www.fondationassistanceauxanimaux.org\/actu\/phoebe-chienne-adoption-villevaude-8590\/"]}]},{"@type":"ImageObject","inLanguage":"fr-FR","@id":"https:\/\/www.fondationassistanceauxanimaux.org\/actu\/phoebe-chienne-adoption-villevaude-8590\/#primaryimage","url":"https:\/\/www.fondationassistanceauxanimaux.org\/actu\/wp-content\/uploads\/2020\/07\/IMG_7965-1.jpg","contentUrl":"https:\/\/www.fondationassistanceauxanimaux.org\/actu\/wp-content\/uploads\/2020\/07\/IMG_7965-1.jpg","width":1296,"height":1343},{"@type":"BreadcrumbList","@id":"https:\/\/www.fondationassistanceauxanimaux.org\/actu\/phoebe-chienne-adoption-villevaude-8590\/#breadcrumb","itemListElement":[{"@type":"ListItem","position":1,"name":"Accueil","item":"https:\/\/www.fondationassistanceauxanimaux.org\/actu\/"},{"@type":"ListItem","position":2,"name":"Des nouvelles de \u00ab\u00a0Ph\u0153be\u00a0\u00bb, heureuse adopt\u00e9e du refuge de Villevaud\u00e9"}]},{"@type":"WebSite","@id":"https:\/\/www.fondationassistanceauxanimaux.org\/actu\/#website","url":"https:\/\/www.fondationassistanceauxanimaux.org\/actu\/","name":"Fondation Assistance aux Animaux - Actualit\u00e9s","description":"Depuis 1930 la Fondation Assistance aux Animaux pour la d\u00e9fense et la protection des animaux maltrait\u00e9s et abandonn\u00e9s","potentialAction":[{"@type":"SearchAction","target":{"@type":"EntryPoint","urlTemplate":"https:\/\/www.fondationassistanceauxanimaux.org\/actu\/?s={search_term_string}"},"query-input":{"@type":"PropertyValueSpecification","valueRequired":true,"valueName":"search_term_string"}}],"inLanguage":"fr-FR"},{"@type":"Person","@id":"https:\/\/www.fondationassistanceauxanimaux.org\/actu\/#\/schema\/person\/71a8476d98daaea0d71a965c5603e10b","name":"No\u00e9","image":{"@type":"ImageObject","inLanguage":"fr-FR","@id":"https:\/\/www.fondationassistanceauxanimaux.org\/actu\/#\/schema\/person\/image\/","url":"https:\/\/secure.gravatar.com\/avatar\/d34cf6c6bd22b3db9c932bc580c4d1ba93c0cda7588a41b59078888ab1e5f007?s=96&d=mm&r=g","contentUrl":"https:\/\/secure.gravatar.com\/avatar\/d34cf6c6bd22b3db9c932bc580c4d1ba93c0cda7588a41b59078888ab1e5f007?s=96&d=mm&r=g","caption":"No\u00e9"},"url":"https:\/\/www.fondationassistanceauxanimaux.org\/actu\/author\/anne\/"}]}},"_links":{"self":[{"href":"https:\/\/www.fondationassistanceauxanimaux.org\/actu\/wp-json\/wp\/v2\/posts\/8590","targetHints":{"allow":["GET"]}}],"collection":[{"href":"https:\/\/www.fondationassistanceauxanimaux.org\/actu\/wp-json\/wp\/v2\/posts"}],"about":[{"href":"https:\/\/www.fondationassistanceauxanimaux.org\/actu\/wp-json\/wp\/v2\/types\/post"}],"author":[{"embeddable":true,"href":"https:\/\/www.fondationassistanceauxanimaux.org\/actu\/wp-json\/wp\/v2\/users\/3"}],"replies":[{"embeddable":true,"href":"https:\/\/www.fondationassistanceauxanimaux.org\/actu\/wp-json\/wp\/v2\/comments?post=8590"}],"version-history":[{"count":1,"href":"https:\/\/www.fondationassistanceauxanimaux.org\/actu\/wp-json\/wp\/v2\/posts\/8590\/revisions"}],"predecessor-version":[{"id":8596,"href":"https:\/\/www.fondationassistanceauxanimaux.org\/actu\/wp-json\/wp\/v2\/posts\/8590\/revisions\/8596"}],"wp:featuredmedia":[{"embeddable":true,"href":"https:\/\/www.fondationassistanceauxanimaux.org\/actu\/wp-json\/wp\/v2\/media\/8595"}],"wp:attachment":[{"href":"https:\/\/www.fondationassistanceauxanimaux.org\/actu\/wp-json\/wp\/v2\/media?parent=8590"}],"wp:term":[{"taxonomy":"category","embeddable":true,"href":"https:\/\/www.fondationassistanceauxanimaux.org\/actu\/wp-json\/wp\/v2\/categories?post=8590"},{"taxonomy":"post_tag","embeddable":true,"href":"https:\/\/www.fondationassistanceauxanimaux.org\/actu\/wp-json\/wp\/v2\/tags?post=8590"}],"curies":[{"name":"wp","href":"https:\/\/api.w.org\/{rel}","templated":true}]}}