{"id":8579,"date":"2020-07-06T11:53:25","date_gmt":"2020-07-06T09:53:25","guid":{"rendered":"http:\/\/www.fondationassistanceauxanimaux.org\/actu\/?p=8579"},"modified":"2020-07-06T11:53:46","modified_gmt":"2020-07-06T09:53:46","slug":"sos-famille-titeuf","status":"publish","type":"post","link":"https:\/\/www.fondationassistanceauxanimaux.org\/actu\/sos-famille-titeuf-8579\/","title":{"rendered":"\u00ab\u00a0Titeuf\u00a0\u00bb, 13 ans, recherche une famille d&rsquo;accueil  !"},"content":{"rendered":"\n<p><strong>Lors d&rsquo;un r\u00e9cent bilan senior chez notre v\u00e9t\u00e9rinaire, nous avons appris que \u00ab\u00a0Titeuf\u00a0\u00bb pr\u00e9sentait des grosseurs, \u00e9galement pr\u00e9sentes au niveau de la prostate.<\/strong><\/p>\n\n\n\n<p><strong>Nous sommes en attente des r\u00e9sultats de la biopsie mais malheureusement l&rsquo;hypoth\u00e8se de la tumeur est la plus probable&#8230;<\/strong><\/p>\n\n\n\n<p><strong>Malgr\u00e9&nbsp;son \u00e2ge, \u00ab\u00a0Titeuf\u00a0\u00bb est en forme et respire la joie de vivre. Nous lui recherchons une famille d&rsquo;accueil en urgence pour qu&rsquo;il puisse finir ses jours dans un foyer aimant.<br>Tous les frais de soins seront pris en charge par la Fondation Assistance aux Animaux.<\/strong><\/p>\n\n\n\n<p><strong>Pour obtenir plus d&rsquo;informations sur cet adorable chien de 13 ans, nous vous invitons \u00e0 contacter le refuge Fondation Assistance aux Animaux de Brignoles (par mail \u00e0 refuge.brignoles@fondationassistanceauxanimaux.org ou par t\u00e9l\u00e9phone <\/strong><a href=\"https:\/\/www.google.com\/search?q=refuge+brignoles&amp;rlz=1C5CHFA_enFR802FR802&amp;oq=refuge+brignoles&amp;aqs=chrome..69i57j0l7.2523j0j7&amp;sourceid=chrome&amp;ie=UTF-8#\">04 94 69 33 37<\/a><strong>)<\/strong>.<\/p>\n\n\n\n<div class=\"wp-block-image\"><figure class=\"aligncenter size-large\"><img loading=\"lazy\" decoding=\"async\" width=\"497\" height=\"696\" src=\"https:\/\/www.fondationassistanceauxanimaux.org\/actu\/wp-content\/uploads\/2020\/07\/Titeuf3.jpg\" alt=\"\" class=\"wp-image-8580\" srcset=\"https:\/\/www.fondationassistanceauxanimaux.org\/actu\/wp-content\/uploads\/2020\/07\/Titeuf3.jpg 497w, https:\/\/www.fondationassistanceauxanimaux.org\/actu\/wp-content\/uploads\/2020\/07\/Titeuf3-214x300.jpg 214w\" sizes=\"auto, (max-width: 497px) 100vw, 497px\" \/><figcaption>\u00ab\u00a0Titeuf\u00a0\u00bb, n\u00e9 en 2007 &#8211; Refuge de Brignoles<\/figcaption><\/figure><\/div>\n","protected":false},"excerpt":{"rendered":"<p>Lors d&rsquo;un r\u00e9cent bilan senior chez notre v\u00e9t\u00e9rinaire, nous avons appris que \u00ab\u00a0Titeuf\u00a0\u00bb pr\u00e9sentait des grosseurs, \u00e9galement pr\u00e9sentes au niveau de la prostate. Nous sommes en attente des r\u00e9sultats de la biopsie mais malheureusement l&rsquo;hypoth\u00e8se de la tumeur est la plus probable&#8230; Malgr\u00e9&nbsp;son \u00e2ge, \u00ab\u00a0Titeuf\u00a0\u00bb est en forme et respire la joie de vivre. Nous [&hellip;]<\/p>\n","protected":false},"author":3,"featured_media":8581,"comment_status":"closed","ping_status":"closed","sticky":false,"template":"","format":"standard","meta":{"footnotes":""},"categories":[16],"tags":[],"class_list":["post-8579","post","type-post","status-publish","format-standard","has-post-thumbnail","hentry","category-refuge-de-brignoles"],"yoast_head":"<!-- This site is optimized with the Yoast SEO plugin v24.5 - https:\/\/yoast.com\/wordpress\/plugins\/seo\/ -->\n<title>&quot;Titeuf&quot;, 13 ans, recherche une famille d&#039;accueil ! - Fondation Assistance aux Animaux - Actualit\u00e9s<\/title>\n<meta name=\"robots\" content=\"index, follow, max-snippet:-1, max-image-preview:large, max-video-preview:-1\" \/>\n<link rel=\"canonical\" href=\"https:\/\/www.fondationassistanceauxanimaux.org\/actu\/sos-famille-titeuf-8579\/\" \/>\n<meta property=\"og:locale\" content=\"fr_FR\" \/>\n<meta property=\"og:type\" content=\"article\" \/>\n<meta property=\"og:title\" content=\"&quot;Titeuf&quot;, 13 ans, recherche une famille d&#039;accueil ! - Fondation Assistance aux Animaux - Actualit\u00e9s\" \/>\n<meta property=\"og:description\" content=\"Lors d&rsquo;un r\u00e9cent bilan senior chez notre v\u00e9t\u00e9rinaire, nous avons appris que \u00ab\u00a0Titeuf\u00a0\u00bb pr\u00e9sentait des grosseurs, \u00e9galement pr\u00e9sentes au niveau de la prostate. Nous sommes en attente des r\u00e9sultats de la biopsie mais malheureusement l&rsquo;hypoth\u00e8se de la tumeur est la plus probable&#8230; Malgr\u00e9&nbsp;son \u00e2ge, \u00ab\u00a0Titeuf\u00a0\u00bb est en forme et respire la joie de vivre. Nous [&hellip;]\" \/>\n<meta property=\"og:url\" content=\"https:\/\/www.fondationassistanceauxanimaux.org\/actu\/sos-famille-titeuf-8579\/\" \/>\n<meta property=\"og:site_name\" content=\"Fondation Assistance aux Animaux - Actualit\u00e9s\" \/>\n<meta property=\"article:published_time\" content=\"2020-07-06T09:53:25+00:00\" \/>\n<meta property=\"article:modified_time\" content=\"2020-07-06T09:53:46+00:00\" \/>\n<meta property=\"og:image\" content=\"https:\/\/www.fondationassistanceauxanimaux.org\/actu\/wp-content\/uploads\/2020\/07\/Titeuf3-1.jpg\" \/>\n\t<meta property=\"og:image:width\" content=\"494\" \/>\n\t<meta property=\"og:image:height\" content=\"426\" \/>\n\t<meta property=\"og:image:type\" content=\"image\/jpeg\" \/>\n<meta name=\"author\" content=\"No\u00e9\" \/>\n<meta name=\"twitter:card\" content=\"summary_large_image\" \/>\n<meta name=\"twitter:label1\" content=\"\u00c9crit par\" \/>\n\t<meta name=\"twitter:data1\" content=\"No\u00e9\" \/>\n\t<meta name=\"twitter:label2\" content=\"Dur\u00e9e de lecture estim\u00e9e\" \/>\n\t<meta name=\"twitter:data2\" content=\"1 minute\" \/>\n<script type=\"application\/ld+json\" class=\"yoast-schema-graph\">{\"@context\":\"https:\/\/schema.org\",\"@graph\":[{\"@type\":\"WebPage\",\"@id\":\"https:\/\/www.fondationassistanceauxanimaux.org\/actu\/sos-famille-titeuf-8579\/\",\"url\":\"https:\/\/www.fondationassistanceauxanimaux.org\/actu\/sos-famille-titeuf-8579\/\",\"name\":\"\\\"Titeuf\\\", 13 ans, recherche une famille d'accueil ! - Fondation Assistance aux Animaux - Actualit\u00e9s\",\"isPartOf\":{\"@id\":\"https:\/\/www.fondationassistanceauxanimaux.org\/actu\/#website\"},\"primaryImageOfPage\":{\"@id\":\"https:\/\/www.fondationassistanceauxanimaux.org\/actu\/sos-famille-titeuf-8579\/#primaryimage\"},\"image\":{\"@id\":\"https:\/\/www.fondationassistanceauxanimaux.org\/actu\/sos-famille-titeuf-8579\/#primaryimage\"},\"thumbnailUrl\":\"https:\/\/www.fondationassistanceauxanimaux.org\/actu\/wp-content\/uploads\/2020\/07\/Titeuf3-1.jpg\",\"datePublished\":\"2020-07-06T09:53:25+00:00\",\"dateModified\":\"2020-07-06T09:53:46+00:00\",\"author\":{\"@id\":\"https:\/\/www.fondationassistanceauxanimaux.org\/actu\/#\/schema\/person\/71a8476d98daaea0d71a965c5603e10b\"},\"breadcrumb\":{\"@id\":\"https:\/\/www.fondationassistanceauxanimaux.org\/actu\/sos-famille-titeuf-8579\/#breadcrumb\"},\"inLanguage\":\"fr-FR\",\"potentialAction\":[{\"@type\":\"ReadAction\",\"target\":[\"https:\/\/www.fondationassistanceauxanimaux.org\/actu\/sos-famille-titeuf-8579\/\"]}]},{\"@type\":\"ImageObject\",\"inLanguage\":\"fr-FR\",\"@id\":\"https:\/\/www.fondationassistanceauxanimaux.org\/actu\/sos-famille-titeuf-8579\/#primaryimage\",\"url\":\"https:\/\/www.fondationassistanceauxanimaux.org\/actu\/wp-content\/uploads\/2020\/07\/Titeuf3-1.jpg\",\"contentUrl\":\"https:\/\/www.fondationassistanceauxanimaux.org\/actu\/wp-content\/uploads\/2020\/07\/Titeuf3-1.jpg\",\"width\":494,\"height\":426},{\"@type\":\"BreadcrumbList\",\"@id\":\"https:\/\/www.fondationassistanceauxanimaux.org\/actu\/sos-famille-titeuf-8579\/#breadcrumb\",\"itemListElement\":[{\"@type\":\"ListItem\",\"position\":1,\"name\":\"Accueil\",\"item\":\"https:\/\/www.fondationassistanceauxanimaux.org\/actu\/\"},{\"@type\":\"ListItem\",\"position\":2,\"name\":\"\u00ab\u00a0Titeuf\u00a0\u00bb, 13 ans, recherche une famille d&rsquo;accueil !\"}]},{\"@type\":\"WebSite\",\"@id\":\"https:\/\/www.fondationassistanceauxanimaux.org\/actu\/#website\",\"url\":\"https:\/\/www.fondationassistanceauxanimaux.org\/actu\/\",\"name\":\"Fondation Assistance aux Animaux - Actualit\u00e9s\",\"description\":\"Depuis 1930 la Fondation Assistance aux Animaux pour la d\u00e9fense et la protection des animaux maltrait\u00e9s et abandonn\u00e9s\",\"potentialAction\":[{\"@type\":\"SearchAction\",\"target\":{\"@type\":\"EntryPoint\",\"urlTemplate\":\"https:\/\/www.fondationassistanceauxanimaux.org\/actu\/?s={search_term_string}\"},\"query-input\":{\"@type\":\"PropertyValueSpecification\",\"valueRequired\":true,\"valueName\":\"search_term_string\"}}],\"inLanguage\":\"fr-FR\"},{\"@type\":\"Person\",\"@id\":\"https:\/\/www.fondationassistanceauxanimaux.org\/actu\/#\/schema\/person\/71a8476d98daaea0d71a965c5603e10b\",\"name\":\"No\u00e9\",\"image\":{\"@type\":\"ImageObject\",\"inLanguage\":\"fr-FR\",\"@id\":\"https:\/\/www.fondationassistanceauxanimaux.org\/actu\/#\/schema\/person\/image\/\",\"url\":\"https:\/\/secure.gravatar.com\/avatar\/d34cf6c6bd22b3db9c932bc580c4d1ba93c0cda7588a41b59078888ab1e5f007?s=96&d=mm&r=g\",\"contentUrl\":\"https:\/\/secure.gravatar.com\/avatar\/d34cf6c6bd22b3db9c932bc580c4d1ba93c0cda7588a41b59078888ab1e5f007?s=96&d=mm&r=g\",\"caption\":\"No\u00e9\"},\"url\":\"https:\/\/www.fondationassistanceauxanimaux.org\/actu\/author\/anne\/\"}]}<\/script>\n<!-- \/ Yoast SEO plugin. -->","yoast_head_json":{"title":"\"Titeuf\", 13 ans, recherche une famille d'accueil ! - Fondation Assistance aux Animaux - Actualit\u00e9s","robots":{"index":"index","follow":"follow","max-snippet":"max-snippet:-1","max-image-preview":"max-image-preview:large","max-video-preview":"max-video-preview:-1"},"canonical":"https:\/\/www.fondationassistanceauxanimaux.org\/actu\/sos-famille-titeuf-8579\/","og_locale":"fr_FR","og_type":"article","og_title":"\"Titeuf\", 13 ans, recherche une famille d'accueil ! - Fondation Assistance aux Animaux - Actualit\u00e9s","og_description":"Lors d&rsquo;un r\u00e9cent bilan senior chez notre v\u00e9t\u00e9rinaire, nous avons appris que \u00ab\u00a0Titeuf\u00a0\u00bb pr\u00e9sentait des grosseurs, \u00e9galement pr\u00e9sentes au niveau de la prostate. Nous sommes en attente des r\u00e9sultats de la biopsie mais malheureusement l&rsquo;hypoth\u00e8se de la tumeur est la plus probable&#8230; Malgr\u00e9&nbsp;son \u00e2ge, \u00ab\u00a0Titeuf\u00a0\u00bb est en forme et respire la joie de vivre. Nous [&hellip;]","og_url":"https:\/\/www.fondationassistanceauxanimaux.org\/actu\/sos-famille-titeuf-8579\/","og_site_name":"Fondation Assistance aux Animaux - Actualit\u00e9s","article_published_time":"2020-07-06T09:53:25+00:00","article_modified_time":"2020-07-06T09:53:46+00:00","og_image":[{"width":494,"height":426,"url":"https:\/\/www.fondationassistanceauxanimaux.org\/actu\/wp-content\/uploads\/2020\/07\/Titeuf3-1.jpg","type":"image\/jpeg"}],"author":"No\u00e9","twitter_card":"summary_large_image","twitter_misc":{"\u00c9crit par":"No\u00e9","Dur\u00e9e de lecture estim\u00e9e":"1 minute"},"schema":{"@context":"https:\/\/schema.org","@graph":[{"@type":"WebPage","@id":"https:\/\/www.fondationassistanceauxanimaux.org\/actu\/sos-famille-titeuf-8579\/","url":"https:\/\/www.fondationassistanceauxanimaux.org\/actu\/sos-famille-titeuf-8579\/","name":"\"Titeuf\", 13 ans, recherche une famille d'accueil ! - Fondation Assistance aux Animaux - Actualit\u00e9s","isPartOf":{"@id":"https:\/\/www.fondationassistanceauxanimaux.org\/actu\/#website"},"primaryImageOfPage":{"@id":"https:\/\/www.fondationassistanceauxanimaux.org\/actu\/sos-famille-titeuf-8579\/#primaryimage"},"image":{"@id":"https:\/\/www.fondationassistanceauxanimaux.org\/actu\/sos-famille-titeuf-8579\/#primaryimage"},"thumbnailUrl":"https:\/\/www.fondationassistanceauxanimaux.org\/actu\/wp-content\/uploads\/2020\/07\/Titeuf3-1.jpg","datePublished":"2020-07-06T09:53:25+00:00","dateModified":"2020-07-06T09:53:46+00:00","author":{"@id":"https:\/\/www.fondationassistanceauxanimaux.org\/actu\/#\/schema\/person\/71a8476d98daaea0d71a965c5603e10b"},"breadcrumb":{"@id":"https:\/\/www.fondationassistanceauxanimaux.org\/actu\/sos-famille-titeuf-8579\/#breadcrumb"},"inLanguage":"fr-FR","potentialAction":[{"@type":"ReadAction","target":["https:\/\/www.fondationassistanceauxanimaux.org\/actu\/sos-famille-titeuf-8579\/"]}]},{"@type":"ImageObject","inLanguage":"fr-FR","@id":"https:\/\/www.fondationassistanceauxanimaux.org\/actu\/sos-famille-titeuf-8579\/#primaryimage","url":"https:\/\/www.fondationassistanceauxanimaux.org\/actu\/wp-content\/uploads\/2020\/07\/Titeuf3-1.jpg","contentUrl":"https:\/\/www.fondationassistanceauxanimaux.org\/actu\/wp-content\/uploads\/2020\/07\/Titeuf3-1.jpg","width":494,"height":426},{"@type":"BreadcrumbList","@id":"https:\/\/www.fondationassistanceauxanimaux.org\/actu\/sos-famille-titeuf-8579\/#breadcrumb","itemListElement":[{"@type":"ListItem","position":1,"name":"Accueil","item":"https:\/\/www.fondationassistanceauxanimaux.org\/actu\/"},{"@type":"ListItem","position":2,"name":"\u00ab\u00a0Titeuf\u00a0\u00bb, 13 ans, recherche une famille d&rsquo;accueil !"}]},{"@type":"WebSite","@id":"https:\/\/www.fondationassistanceauxanimaux.org\/actu\/#website","url":"https:\/\/www.fondationassistanceauxanimaux.org\/actu\/","name":"Fondation Assistance aux Animaux - Actualit\u00e9s","description":"Depuis 1930 la Fondation Assistance aux Animaux pour la d\u00e9fense et la protection des animaux maltrait\u00e9s et abandonn\u00e9s","potentialAction":[{"@type":"SearchAction","target":{"@type":"EntryPoint","urlTemplate":"https:\/\/www.fondationassistanceauxanimaux.org\/actu\/?s={search_term_string}"},"query-input":{"@type":"PropertyValueSpecification","valueRequired":true,"valueName":"search_term_string"}}],"inLanguage":"fr-FR"},{"@type":"Person","@id":"https:\/\/www.fondationassistanceauxanimaux.org\/actu\/#\/schema\/person\/71a8476d98daaea0d71a965c5603e10b","name":"No\u00e9","image":{"@type":"ImageObject","inLanguage":"fr-FR","@id":"https:\/\/www.fondationassistanceauxanimaux.org\/actu\/#\/schema\/person\/image\/","url":"https:\/\/secure.gravatar.com\/avatar\/d34cf6c6bd22b3db9c932bc580c4d1ba93c0cda7588a41b59078888ab1e5f007?s=96&d=mm&r=g","contentUrl":"https:\/\/secure.gravatar.com\/avatar\/d34cf6c6bd22b3db9c932bc580c4d1ba93c0cda7588a41b59078888ab1e5f007?s=96&d=mm&r=g","caption":"No\u00e9"},"url":"https:\/\/www.fondationassistanceauxanimaux.org\/actu\/author\/anne\/"}]}},"_links":{"self":[{"href":"https:\/\/www.fondationassistanceauxanimaux.org\/actu\/wp-json\/wp\/v2\/posts\/8579","targetHints":{"allow":["GET"]}}],"collection":[{"href":"https:\/\/www.fondationassistanceauxanimaux.org\/actu\/wp-json\/wp\/v2\/posts"}],"about":[{"href":"https:\/\/www.fondationassistanceauxanimaux.org\/actu\/wp-json\/wp\/v2\/types\/post"}],"author":[{"embeddable":true,"href":"https:\/\/www.fondationassistanceauxanimaux.org\/actu\/wp-json\/wp\/v2\/users\/3"}],"replies":[{"embeddable":true,"href":"https:\/\/www.fondationassistanceauxanimaux.org\/actu\/wp-json\/wp\/v2\/comments?post=8579"}],"version-history":[{"count":2,"href":"https:\/\/www.fondationassistanceauxanimaux.org\/actu\/wp-json\/wp\/v2\/posts\/8579\/revisions"}],"predecessor-version":[{"id":8583,"href":"https:\/\/www.fondationassistanceauxanimaux.org\/actu\/wp-json\/wp\/v2\/posts\/8579\/revisions\/8583"}],"wp:featuredmedia":[{"embeddable":true,"href":"https:\/\/www.fondationassistanceauxanimaux.org\/actu\/wp-json\/wp\/v2\/media\/8581"}],"wp:attachment":[{"href":"https:\/\/www.fondationassistanceauxanimaux.org\/actu\/wp-json\/wp\/v2\/media?parent=8579"}],"wp:term":[{"taxonomy":"category","embeddable":true,"href":"https:\/\/www.fondationassistanceauxanimaux.org\/actu\/wp-json\/wp\/v2\/categories?post=8579"},{"taxonomy":"post_tag","embeddable":true,"href":"https:\/\/www.fondationassistanceauxanimaux.org\/actu\/wp-json\/wp\/v2\/tags?post=8579"}],"curies":[{"name":"wp","href":"https:\/\/api.w.org\/{rel}","templated":true}]}}