{"id":8527,"date":"2020-07-02T11:34:28","date_gmt":"2020-07-02T09:34:28","guid":{"rendered":"http:\/\/www.fondationassistanceauxanimaux.org\/actu\/?p=8527"},"modified":"2020-07-02T11:34:51","modified_gmt":"2020-07-02T09:34:51","slug":"nouvelle-vie-adoption-cappi","status":"publish","type":"post","link":"https:\/\/www.fondationassistanceauxanimaux.org\/actu\/nouvelle-vie-adoption-cappi-8527\/","title":{"rendered":"La nouvelle de vie de \u00ab\u00a0Cappi\u00a0\u00bb, petit prot\u00e9g\u00e9 du refuge de Villevaud\u00e9"},"content":{"rendered":"\n<p><strong>\u00ab\u00a0Cappi\u00a0\u00bb avait \u00e9t\u00e9 abandonn\u00e9 par ses propri\u00e9taires au refuge Fondation Assistance aux Animaux de Villevaud\u00e9.<\/strong><\/p>\n\n\n\n<p><strong>Il ne sera pas rest\u00e9 bien longtemps puisqu&rsquo;il a rapidement rencontr\u00e9 une super famille. Les journ\u00e9es de \u00ab\u00a0Cappi\u00a0\u00bb sont aujourd&rsquo;hui altern\u00e9es entre jeux de balles, siestes, et s\u00e9ances de c\u00e2lins ! <\/strong><\/p>\n\n\n\n<figure class=\"wp-block-gallery columns-3 is-cropped wp-block-gallery-1 is-layout-flex wp-block-gallery-is-layout-flex\"><ul class=\"blocks-gallery-grid\"><li class=\"blocks-gallery-item\"><figure><img loading=\"lazy\" decoding=\"async\" width=\"768\" height=\"1024\" src=\"https:\/\/www.fondationassistanceauxanimaux.org\/actu\/wp-content\/uploads\/2020\/07\/456F80FE-AABB-40C9-BFFA-510B0CEC9F91.jpg\" alt=\"\" data-id=\"8529\" data-full-url=\"https:\/\/www.fondationassistanceauxanimaux.org\/actu\/wp-content\/uploads\/2020\/07\/456F80FE-AABB-40C9-BFFA-510B0CEC9F91.jpg\" data-link=\"https:\/\/www.fondationassistanceauxanimaux.org\/actu\/?attachment_id=8529\" class=\"wp-image-8529\" srcset=\"https:\/\/www.fondationassistanceauxanimaux.org\/actu\/wp-content\/uploads\/2020\/07\/456F80FE-AABB-40C9-BFFA-510B0CEC9F91.jpg 768w, https:\/\/www.fondationassistanceauxanimaux.org\/actu\/wp-content\/uploads\/2020\/07\/456F80FE-AABB-40C9-BFFA-510B0CEC9F91-225x300.jpg 225w, https:\/\/www.fondationassistanceauxanimaux.org\/actu\/wp-content\/uploads\/2020\/07\/456F80FE-AABB-40C9-BFFA-510B0CEC9F91-529x705.jpg 529w\" sizes=\"auto, (max-width: 768px) 100vw, 768px\" \/><figcaption class=\"blocks-gallery-item__caption\">\u00ab\u00a0Cappi\u00a0\u00bb, heureux adopt\u00e9 !<\/figcaption><\/figure><\/li><li class=\"blocks-gallery-item\"><figure><img loading=\"lazy\" decoding=\"async\" width=\"1024\" height=\"768\" src=\"https:\/\/www.fondationassistanceauxanimaux.org\/actu\/wp-content\/uploads\/2020\/07\/6B7C6E26-34DC-47F0-A1EB-DBB933A821FA.jpg\" alt=\"\" data-id=\"8528\" data-full-url=\"https:\/\/www.fondationassistanceauxanimaux.org\/actu\/wp-content\/uploads\/2020\/07\/6B7C6E26-34DC-47F0-A1EB-DBB933A821FA.jpg\" data-link=\"https:\/\/www.fondationassistanceauxanimaux.org\/actu\/?attachment_id=8528\" class=\"wp-image-8528\" srcset=\"https:\/\/www.fondationassistanceauxanimaux.org\/actu\/wp-content\/uploads\/2020\/07\/6B7C6E26-34DC-47F0-A1EB-DBB933A821FA.jpg 1024w, https:\/\/www.fondationassistanceauxanimaux.org\/actu\/wp-content\/uploads\/2020\/07\/6B7C6E26-34DC-47F0-A1EB-DBB933A821FA-300x225.jpg 300w, https:\/\/www.fondationassistanceauxanimaux.org\/actu\/wp-content\/uploads\/2020\/07\/6B7C6E26-34DC-47F0-A1EB-DBB933A821FA-768x576.jpg 768w, https:\/\/www.fondationassistanceauxanimaux.org\/actu\/wp-content\/uploads\/2020\/07\/6B7C6E26-34DC-47F0-A1EB-DBB933A821FA-705x529.jpg 705w\" sizes=\"auto, (max-width: 1024px) 100vw, 1024px\" \/><figcaption class=\"blocks-gallery-item__caption\">\u00ab\u00a0Cappi\u00a0\u00bb et l&rsquo;une de ses balles <\/figcaption><\/figure><\/li><li class=\"blocks-gallery-item\"><figure><img loading=\"lazy\" decoding=\"async\" width=\"600\" height=\"800\" src=\"https:\/\/www.fondationassistanceauxanimaux.org\/actu\/wp-content\/uploads\/2020\/07\/45731EAE-6435-4776-B061-EA86C78363A3.jpg\" alt=\"\" data-id=\"8530\" data-full-url=\"https:\/\/www.fondationassistanceauxanimaux.org\/actu\/wp-content\/uploads\/2020\/07\/45731EAE-6435-4776-B061-EA86C78363A3.jpg\" data-link=\"https:\/\/www.fondationassistanceauxanimaux.org\/actu\/?attachment_id=8530\" class=\"wp-image-8530\" srcset=\"https:\/\/www.fondationassistanceauxanimaux.org\/actu\/wp-content\/uploads\/2020\/07\/45731EAE-6435-4776-B061-EA86C78363A3.jpg 600w, https:\/\/www.fondationassistanceauxanimaux.org\/actu\/wp-content\/uploads\/2020\/07\/45731EAE-6435-4776-B061-EA86C78363A3-225x300.jpg 225w, https:\/\/www.fondationassistanceauxanimaux.org\/actu\/wp-content\/uploads\/2020\/07\/45731EAE-6435-4776-B061-EA86C78363A3-529x705.jpg 529w\" sizes=\"auto, (max-width: 600px) 100vw, 600px\" \/><figcaption class=\"blocks-gallery-item__caption\">Le canap\u00e9 de \u00ab\u00a0Cappi\u00a0\u00bb<\/figcaption><\/figure><\/li><\/ul><\/figure>\n","protected":false},"excerpt":{"rendered":"<p>\u00ab\u00a0Cappi\u00a0\u00bb avait \u00e9t\u00e9 abandonn\u00e9 par ses propri\u00e9taires au refuge Fondation Assistance aux Animaux de Villevaud\u00e9. Il ne sera pas rest\u00e9 bien longtemps puisqu&rsquo;il a rapidement rencontr\u00e9 une super famille. Les journ\u00e9es de \u00ab\u00a0Cappi\u00a0\u00bb sont aujourd&rsquo;hui altern\u00e9es entre jeux de balles, siestes, et s\u00e9ances de c\u00e2lins !<\/p>\n","protected":false},"author":3,"featured_media":8532,"comment_status":"closed","ping_status":"closed","sticky":false,"template":"","format":"standard","meta":{"footnotes":""},"categories":[20],"tags":[],"class_list":["post-8527","post","type-post","status-publish","format-standard","has-post-thumbnail","hentry","category-refuge-de-villevaude"],"yoast_head":"<!-- This site is optimized with the Yoast SEO plugin v24.5 - https:\/\/yoast.com\/wordpress\/plugins\/seo\/ -->\n<title>La nouvelle de vie de &quot;Cappi&quot;, petit prot\u00e9g\u00e9 du refuge de Villevaud\u00e9 - Fondation Assistance aux Animaux - Actualit\u00e9s<\/title>\n<meta name=\"robots\" content=\"index, follow, max-snippet:-1, max-image-preview:large, max-video-preview:-1\" \/>\n<link rel=\"canonical\" href=\"https:\/\/www.fondationassistanceauxanimaux.org\/actu\/nouvelle-vie-adoption-cappi-8527\/\" \/>\n<meta property=\"og:locale\" content=\"fr_FR\" \/>\n<meta property=\"og:type\" content=\"article\" \/>\n<meta property=\"og:title\" content=\"La nouvelle de vie de &quot;Cappi&quot;, petit prot\u00e9g\u00e9 du refuge de Villevaud\u00e9 - Fondation Assistance aux Animaux - Actualit\u00e9s\" \/>\n<meta property=\"og:description\" content=\"\u00ab\u00a0Cappi\u00a0\u00bb avait \u00e9t\u00e9 abandonn\u00e9 par ses propri\u00e9taires au refuge Fondation Assistance aux Animaux de Villevaud\u00e9. Il ne sera pas rest\u00e9 bien longtemps puisqu&rsquo;il a rapidement rencontr\u00e9 une super famille. Les journ\u00e9es de \u00ab\u00a0Cappi\u00a0\u00bb sont aujourd&rsquo;hui altern\u00e9es entre jeux de balles, siestes, et s\u00e9ances de c\u00e2lins !\" \/>\n<meta property=\"og:url\" content=\"https:\/\/www.fondationassistanceauxanimaux.org\/actu\/nouvelle-vie-adoption-cappi-8527\/\" \/>\n<meta property=\"og:site_name\" content=\"Fondation Assistance aux Animaux - Actualit\u00e9s\" \/>\n<meta property=\"article:published_time\" content=\"2020-07-02T09:34:28+00:00\" \/>\n<meta property=\"article:modified_time\" content=\"2020-07-02T09:34:51+00:00\" \/>\n<meta property=\"og:image\" content=\"https:\/\/www.fondationassistanceauxanimaux.org\/actu\/wp-content\/uploads\/2020\/07\/B22BA478-2165-46FE-A42D-CAB44DA888D6-1.jpg\" \/>\n\t<meta property=\"og:image:width\" content=\"818\" \/>\n\t<meta property=\"og:image:height\" content=\"714\" \/>\n\t<meta property=\"og:image:type\" content=\"image\/jpeg\" \/>\n<meta name=\"author\" content=\"No\u00e9\" \/>\n<meta name=\"twitter:card\" content=\"summary_large_image\" \/>\n<meta name=\"twitter:label1\" content=\"\u00c9crit par\" \/>\n\t<meta name=\"twitter:data1\" content=\"No\u00e9\" \/>\n<script type=\"application\/ld+json\" class=\"yoast-schema-graph\">{\"@context\":\"https:\/\/schema.org\",\"@graph\":[{\"@type\":\"WebPage\",\"@id\":\"https:\/\/www.fondationassistanceauxanimaux.org\/actu\/nouvelle-vie-adoption-cappi-8527\/\",\"url\":\"https:\/\/www.fondationassistanceauxanimaux.org\/actu\/nouvelle-vie-adoption-cappi-8527\/\",\"name\":\"La nouvelle de vie de \\\"Cappi\\\", petit prot\u00e9g\u00e9 du refuge de Villevaud\u00e9 - Fondation Assistance aux Animaux - Actualit\u00e9s\",\"isPartOf\":{\"@id\":\"https:\/\/www.fondationassistanceauxanimaux.org\/actu\/#website\"},\"primaryImageOfPage\":{\"@id\":\"https:\/\/www.fondationassistanceauxanimaux.org\/actu\/nouvelle-vie-adoption-cappi-8527\/#primaryimage\"},\"image\":{\"@id\":\"https:\/\/www.fondationassistanceauxanimaux.org\/actu\/nouvelle-vie-adoption-cappi-8527\/#primaryimage\"},\"thumbnailUrl\":\"https:\/\/www.fondationassistanceauxanimaux.org\/actu\/wp-content\/uploads\/2020\/07\/B22BA478-2165-46FE-A42D-CAB44DA888D6-1.jpg\",\"datePublished\":\"2020-07-02T09:34:28+00:00\",\"dateModified\":\"2020-07-02T09:34:51+00:00\",\"author\":{\"@id\":\"https:\/\/www.fondationassistanceauxanimaux.org\/actu\/#\/schema\/person\/71a8476d98daaea0d71a965c5603e10b\"},\"breadcrumb\":{\"@id\":\"https:\/\/www.fondationassistanceauxanimaux.org\/actu\/nouvelle-vie-adoption-cappi-8527\/#breadcrumb\"},\"inLanguage\":\"fr-FR\",\"potentialAction\":[{\"@type\":\"ReadAction\",\"target\":[\"https:\/\/www.fondationassistanceauxanimaux.org\/actu\/nouvelle-vie-adoption-cappi-8527\/\"]}]},{\"@type\":\"ImageObject\",\"inLanguage\":\"fr-FR\",\"@id\":\"https:\/\/www.fondationassistanceauxanimaux.org\/actu\/nouvelle-vie-adoption-cappi-8527\/#primaryimage\",\"url\":\"https:\/\/www.fondationassistanceauxanimaux.org\/actu\/wp-content\/uploads\/2020\/07\/B22BA478-2165-46FE-A42D-CAB44DA888D6-1.jpg\",\"contentUrl\":\"https:\/\/www.fondationassistanceauxanimaux.org\/actu\/wp-content\/uploads\/2020\/07\/B22BA478-2165-46FE-A42D-CAB44DA888D6-1.jpg\",\"width\":818,\"height\":714},{\"@type\":\"BreadcrumbList\",\"@id\":\"https:\/\/www.fondationassistanceauxanimaux.org\/actu\/nouvelle-vie-adoption-cappi-8527\/#breadcrumb\",\"itemListElement\":[{\"@type\":\"ListItem\",\"position\":1,\"name\":\"Accueil\",\"item\":\"https:\/\/www.fondationassistanceauxanimaux.org\/actu\/\"},{\"@type\":\"ListItem\",\"position\":2,\"name\":\"La nouvelle de vie de \u00ab\u00a0Cappi\u00a0\u00bb, petit prot\u00e9g\u00e9 du refuge de Villevaud\u00e9\"}]},{\"@type\":\"WebSite\",\"@id\":\"https:\/\/www.fondationassistanceauxanimaux.org\/actu\/#website\",\"url\":\"https:\/\/www.fondationassistanceauxanimaux.org\/actu\/\",\"name\":\"Fondation Assistance aux Animaux - Actualit\u00e9s\",\"description\":\"Depuis 1930 la Fondation Assistance aux Animaux pour la d\u00e9fense et la protection des animaux maltrait\u00e9s et abandonn\u00e9s\",\"potentialAction\":[{\"@type\":\"SearchAction\",\"target\":{\"@type\":\"EntryPoint\",\"urlTemplate\":\"https:\/\/www.fondationassistanceauxanimaux.org\/actu\/?s={search_term_string}\"},\"query-input\":{\"@type\":\"PropertyValueSpecification\",\"valueRequired\":true,\"valueName\":\"search_term_string\"}}],\"inLanguage\":\"fr-FR\"},{\"@type\":\"Person\",\"@id\":\"https:\/\/www.fondationassistanceauxanimaux.org\/actu\/#\/schema\/person\/71a8476d98daaea0d71a965c5603e10b\",\"name\":\"No\u00e9\",\"image\":{\"@type\":\"ImageObject\",\"inLanguage\":\"fr-FR\",\"@id\":\"https:\/\/www.fondationassistanceauxanimaux.org\/actu\/#\/schema\/person\/image\/\",\"url\":\"https:\/\/secure.gravatar.com\/avatar\/d34cf6c6bd22b3db9c932bc580c4d1ba93c0cda7588a41b59078888ab1e5f007?s=96&d=mm&r=g\",\"contentUrl\":\"https:\/\/secure.gravatar.com\/avatar\/d34cf6c6bd22b3db9c932bc580c4d1ba93c0cda7588a41b59078888ab1e5f007?s=96&d=mm&r=g\",\"caption\":\"No\u00e9\"},\"url\":\"https:\/\/www.fondationassistanceauxanimaux.org\/actu\/author\/anne\/\"}]}<\/script>\n<!-- \/ Yoast SEO plugin. -->","yoast_head_json":{"title":"La nouvelle de vie de \"Cappi\", petit prot\u00e9g\u00e9 du refuge de Villevaud\u00e9 - Fondation Assistance aux Animaux - Actualit\u00e9s","robots":{"index":"index","follow":"follow","max-snippet":"max-snippet:-1","max-image-preview":"max-image-preview:large","max-video-preview":"max-video-preview:-1"},"canonical":"https:\/\/www.fondationassistanceauxanimaux.org\/actu\/nouvelle-vie-adoption-cappi-8527\/","og_locale":"fr_FR","og_type":"article","og_title":"La nouvelle de vie de \"Cappi\", petit prot\u00e9g\u00e9 du refuge de Villevaud\u00e9 - Fondation Assistance aux Animaux - Actualit\u00e9s","og_description":"\u00ab\u00a0Cappi\u00a0\u00bb avait \u00e9t\u00e9 abandonn\u00e9 par ses propri\u00e9taires au refuge Fondation Assistance aux Animaux de Villevaud\u00e9. Il ne sera pas rest\u00e9 bien longtemps puisqu&rsquo;il a rapidement rencontr\u00e9 une super famille. Les journ\u00e9es de \u00ab\u00a0Cappi\u00a0\u00bb sont aujourd&rsquo;hui altern\u00e9es entre jeux de balles, siestes, et s\u00e9ances de c\u00e2lins !","og_url":"https:\/\/www.fondationassistanceauxanimaux.org\/actu\/nouvelle-vie-adoption-cappi-8527\/","og_site_name":"Fondation Assistance aux Animaux - Actualit\u00e9s","article_published_time":"2020-07-02T09:34:28+00:00","article_modified_time":"2020-07-02T09:34:51+00:00","og_image":[{"width":818,"height":714,"url":"https:\/\/www.fondationassistanceauxanimaux.org\/actu\/wp-content\/uploads\/2020\/07\/B22BA478-2165-46FE-A42D-CAB44DA888D6-1.jpg","type":"image\/jpeg"}],"author":"No\u00e9","twitter_card":"summary_large_image","twitter_misc":{"\u00c9crit par":"No\u00e9"},"schema":{"@context":"https:\/\/schema.org","@graph":[{"@type":"WebPage","@id":"https:\/\/www.fondationassistanceauxanimaux.org\/actu\/nouvelle-vie-adoption-cappi-8527\/","url":"https:\/\/www.fondationassistanceauxanimaux.org\/actu\/nouvelle-vie-adoption-cappi-8527\/","name":"La nouvelle de vie de \"Cappi\", petit prot\u00e9g\u00e9 du refuge de Villevaud\u00e9 - Fondation Assistance aux Animaux - Actualit\u00e9s","isPartOf":{"@id":"https:\/\/www.fondationassistanceauxanimaux.org\/actu\/#website"},"primaryImageOfPage":{"@id":"https:\/\/www.fondationassistanceauxanimaux.org\/actu\/nouvelle-vie-adoption-cappi-8527\/#primaryimage"},"image":{"@id":"https:\/\/www.fondationassistanceauxanimaux.org\/actu\/nouvelle-vie-adoption-cappi-8527\/#primaryimage"},"thumbnailUrl":"https:\/\/www.fondationassistanceauxanimaux.org\/actu\/wp-content\/uploads\/2020\/07\/B22BA478-2165-46FE-A42D-CAB44DA888D6-1.jpg","datePublished":"2020-07-02T09:34:28+00:00","dateModified":"2020-07-02T09:34:51+00:00","author":{"@id":"https:\/\/www.fondationassistanceauxanimaux.org\/actu\/#\/schema\/person\/71a8476d98daaea0d71a965c5603e10b"},"breadcrumb":{"@id":"https:\/\/www.fondationassistanceauxanimaux.org\/actu\/nouvelle-vie-adoption-cappi-8527\/#breadcrumb"},"inLanguage":"fr-FR","potentialAction":[{"@type":"ReadAction","target":["https:\/\/www.fondationassistanceauxanimaux.org\/actu\/nouvelle-vie-adoption-cappi-8527\/"]}]},{"@type":"ImageObject","inLanguage":"fr-FR","@id":"https:\/\/www.fondationassistanceauxanimaux.org\/actu\/nouvelle-vie-adoption-cappi-8527\/#primaryimage","url":"https:\/\/www.fondationassistanceauxanimaux.org\/actu\/wp-content\/uploads\/2020\/07\/B22BA478-2165-46FE-A42D-CAB44DA888D6-1.jpg","contentUrl":"https:\/\/www.fondationassistanceauxanimaux.org\/actu\/wp-content\/uploads\/2020\/07\/B22BA478-2165-46FE-A42D-CAB44DA888D6-1.jpg","width":818,"height":714},{"@type":"BreadcrumbList","@id":"https:\/\/www.fondationassistanceauxanimaux.org\/actu\/nouvelle-vie-adoption-cappi-8527\/#breadcrumb","itemListElement":[{"@type":"ListItem","position":1,"name":"Accueil","item":"https:\/\/www.fondationassistanceauxanimaux.org\/actu\/"},{"@type":"ListItem","position":2,"name":"La nouvelle de vie de \u00ab\u00a0Cappi\u00a0\u00bb, petit prot\u00e9g\u00e9 du refuge de Villevaud\u00e9"}]},{"@type":"WebSite","@id":"https:\/\/www.fondationassistanceauxanimaux.org\/actu\/#website","url":"https:\/\/www.fondationassistanceauxanimaux.org\/actu\/","name":"Fondation Assistance aux Animaux - Actualit\u00e9s","description":"Depuis 1930 la Fondation Assistance aux Animaux pour la d\u00e9fense et la protection des animaux maltrait\u00e9s et abandonn\u00e9s","potentialAction":[{"@type":"SearchAction","target":{"@type":"EntryPoint","urlTemplate":"https:\/\/www.fondationassistanceauxanimaux.org\/actu\/?s={search_term_string}"},"query-input":{"@type":"PropertyValueSpecification","valueRequired":true,"valueName":"search_term_string"}}],"inLanguage":"fr-FR"},{"@type":"Person","@id":"https:\/\/www.fondationassistanceauxanimaux.org\/actu\/#\/schema\/person\/71a8476d98daaea0d71a965c5603e10b","name":"No\u00e9","image":{"@type":"ImageObject","inLanguage":"fr-FR","@id":"https:\/\/www.fondationassistanceauxanimaux.org\/actu\/#\/schema\/person\/image\/","url":"https:\/\/secure.gravatar.com\/avatar\/d34cf6c6bd22b3db9c932bc580c4d1ba93c0cda7588a41b59078888ab1e5f007?s=96&d=mm&r=g","contentUrl":"https:\/\/secure.gravatar.com\/avatar\/d34cf6c6bd22b3db9c932bc580c4d1ba93c0cda7588a41b59078888ab1e5f007?s=96&d=mm&r=g","caption":"No\u00e9"},"url":"https:\/\/www.fondationassistanceauxanimaux.org\/actu\/author\/anne\/"}]}},"_links":{"self":[{"href":"https:\/\/www.fondationassistanceauxanimaux.org\/actu\/wp-json\/wp\/v2\/posts\/8527","targetHints":{"allow":["GET"]}}],"collection":[{"href":"https:\/\/www.fondationassistanceauxanimaux.org\/actu\/wp-json\/wp\/v2\/posts"}],"about":[{"href":"https:\/\/www.fondationassistanceauxanimaux.org\/actu\/wp-json\/wp\/v2\/types\/post"}],"author":[{"embeddable":true,"href":"https:\/\/www.fondationassistanceauxanimaux.org\/actu\/wp-json\/wp\/v2\/users\/3"}],"replies":[{"embeddable":true,"href":"https:\/\/www.fondationassistanceauxanimaux.org\/actu\/wp-json\/wp\/v2\/comments?post=8527"}],"version-history":[{"count":1,"href":"https:\/\/www.fondationassistanceauxanimaux.org\/actu\/wp-json\/wp\/v2\/posts\/8527\/revisions"}],"predecessor-version":[{"id":8533,"href":"https:\/\/www.fondationassistanceauxanimaux.org\/actu\/wp-json\/wp\/v2\/posts\/8527\/revisions\/8533"}],"wp:featuredmedia":[{"embeddable":true,"href":"https:\/\/www.fondationassistanceauxanimaux.org\/actu\/wp-json\/wp\/v2\/media\/8532"}],"wp:attachment":[{"href":"https:\/\/www.fondationassistanceauxanimaux.org\/actu\/wp-json\/wp\/v2\/media?parent=8527"}],"wp:term":[{"taxonomy":"category","embeddable":true,"href":"https:\/\/www.fondationassistanceauxanimaux.org\/actu\/wp-json\/wp\/v2\/categories?post=8527"},{"taxonomy":"post_tag","embeddable":true,"href":"https:\/\/www.fondationassistanceauxanimaux.org\/actu\/wp-json\/wp\/v2\/tags?post=8527"}],"curies":[{"name":"wp","href":"https:\/\/api.w.org\/{rel}","templated":true}]}}