{"id":8391,"date":"2020-06-16T14:45:10","date_gmt":"2020-06-16T12:45:10","guid":{"rendered":"http:\/\/www.fondationassistanceauxanimaux.org\/actu\/?p=8391"},"modified":"2020-06-16T14:55:02","modified_gmt":"2020-06-16T12:55:02","slug":"cappi-refuge-villevaude","status":"publish","type":"post","link":"https:\/\/www.fondationassistanceauxanimaux.org\/actu\/cappi-refuge-villevaude-8391\/","title":{"rendered":"Abandonn\u00e9 par ses propri\u00e9taires dans notre refuge de Villevaud\u00e9, \u00ab Cappi \u00bb recherche une famille pour la vie !"},"content":{"rendered":"\n<p><strong>Abandonn\u00e9 dimanche dernier par ses propri\u00e9taires, ce jack Russel de 18 mois est compl\u00e8tement d\u00e9boussol\u00e9 : il ne comprend toujours pas ce qu&rsquo;il fait au refuge.<\/strong><\/p>\n\n\n\n<p><strong>Nos animaliers veillent sur lui et lui redonnent peu \u00e0 peu confiance en l&rsquo;\u00eatre humain.<\/strong><\/p>\n\n\n\n<p><strong>\u00ab Cappi \u00bb attend une famille responsable au refuge Fondation Assistance aux Animaux de Villevaud\u00e9 ! Pour plus de renseignements, contactez notre \u00e9quipe au 01 60 26 20 48.<\/strong><\/p>\n\n\n\n<figure class=\"wp-block-gallery columns-2 is-cropped wp-block-gallery-1 is-layout-flex wp-block-gallery-is-layout-flex\"><ul class=\"blocks-gallery-grid\"><li class=\"blocks-gallery-item\"><figure><img loading=\"lazy\" decoding=\"async\" width=\"720\" height=\"960\" src=\"https:\/\/www.fondationassistanceauxanimaux.org\/actu\/wp-content\/uploads\/2020\/06\/IMG_7840.jpg\" alt=\"\" data-id=\"8392\" data-full-url=\"https:\/\/www.fondationassistanceauxanimaux.org\/actu\/wp-content\/uploads\/2020\/06\/IMG_7840.jpg\" data-link=\"https:\/\/www.fondationassistanceauxanimaux.org\/actu\/?attachment_id=8392\" class=\"wp-image-8392\" srcset=\"https:\/\/www.fondationassistanceauxanimaux.org\/actu\/wp-content\/uploads\/2020\/06\/IMG_7840.jpg 720w, https:\/\/www.fondationassistanceauxanimaux.org\/actu\/wp-content\/uploads\/2020\/06\/IMG_7840-225x300.jpg 225w, https:\/\/www.fondationassistanceauxanimaux.org\/actu\/wp-content\/uploads\/2020\/06\/IMG_7840-529x705.jpg 529w\" sizes=\"auto, (max-width: 720px) 100vw, 720px\" \/><figcaption class=\"blocks-gallery-item__caption\">\u00ab\u00a0Cappi\u00a0\u00bb &#8211; Refuge de Villevaud\u00e9<\/figcaption><\/figure><\/li><li class=\"blocks-gallery-item\"><figure><img loading=\"lazy\" decoding=\"async\" width=\"720\" height=\"960\" src=\"https:\/\/www.fondationassistanceauxanimaux.org\/actu\/wp-content\/uploads\/2020\/06\/IMG_7841.jpg\" alt=\"\" data-id=\"8393\" data-full-url=\"https:\/\/www.fondationassistanceauxanimaux.org\/actu\/wp-content\/uploads\/2020\/06\/IMG_7841.jpg\" data-link=\"https:\/\/www.fondationassistanceauxanimaux.org\/actu\/?attachment_id=8393\" class=\"wp-image-8393\" srcset=\"https:\/\/www.fondationassistanceauxanimaux.org\/actu\/wp-content\/uploads\/2020\/06\/IMG_7841.jpg 720w, https:\/\/www.fondationassistanceauxanimaux.org\/actu\/wp-content\/uploads\/2020\/06\/IMG_7841-225x300.jpg 225w, https:\/\/www.fondationassistanceauxanimaux.org\/actu\/wp-content\/uploads\/2020\/06\/IMG_7841-529x705.jpg 529w\" sizes=\"auto, (max-width: 720px) 100vw, 720px\" \/><figcaption class=\"blocks-gallery-item__caption\">\u00ab\u00a0Cappi\u00a0\u00bb &#8211; Refuge de Villevaud\u00e9<\/figcaption><\/figure><\/li><\/ul><\/figure>\n","protected":false},"excerpt":{"rendered":"<p>Abandonn\u00e9 dimanche dernier par ses propri\u00e9taires, ce jack Russel de 18 mois est compl\u00e8tement d\u00e9boussol\u00e9 : il ne comprend toujours pas ce qu&rsquo;il fait au refuge. Nos animaliers veillent sur lui et lui redonnent peu \u00e0 peu confiance en l&rsquo;\u00eatre humain. \u00ab Cappi \u00bb attend une famille responsable au refuge Fondation Assistance aux Animaux de [&hellip;]<\/p>\n","protected":false},"author":3,"featured_media":8395,"comment_status":"closed","ping_status":"closed","sticky":false,"template":"","format":"standard","meta":{"footnotes":""},"categories":[20],"tags":[],"class_list":["post-8391","post","type-post","status-publish","format-standard","has-post-thumbnail","hentry","category-refuge-de-villevaude"],"yoast_head":"<!-- This site is optimized with the Yoast SEO plugin v24.5 - https:\/\/yoast.com\/wordpress\/plugins\/seo\/ -->\n<title>Abandonn\u00e9 par ses propri\u00e9taires dans notre refuge de Villevaud\u00e9, \u00ab Cappi \u00bb recherche une famille pour la vie ! - Fondation Assistance aux Animaux - Actualit\u00e9s<\/title>\n<meta name=\"robots\" content=\"index, follow, max-snippet:-1, max-image-preview:large, max-video-preview:-1\" \/>\n<link rel=\"canonical\" href=\"https:\/\/www.fondationassistanceauxanimaux.org\/actu\/cappi-refuge-villevaude-8391\/\" \/>\n<meta property=\"og:locale\" content=\"fr_FR\" \/>\n<meta property=\"og:type\" content=\"article\" \/>\n<meta property=\"og:title\" content=\"Abandonn\u00e9 par ses propri\u00e9taires dans notre refuge de Villevaud\u00e9, \u00ab Cappi \u00bb recherche une famille pour la vie ! - Fondation Assistance aux Animaux - Actualit\u00e9s\" \/>\n<meta property=\"og:description\" content=\"Abandonn\u00e9 dimanche dernier par ses propri\u00e9taires, ce jack Russel de 18 mois est compl\u00e8tement d\u00e9boussol\u00e9 : il ne comprend toujours pas ce qu&rsquo;il fait au refuge. Nos animaliers veillent sur lui et lui redonnent peu \u00e0 peu confiance en l&rsquo;\u00eatre humain. \u00ab Cappi \u00bb attend une famille responsable au refuge Fondation Assistance aux Animaux de [&hellip;]\" \/>\n<meta property=\"og:url\" content=\"https:\/\/www.fondationassistanceauxanimaux.org\/actu\/cappi-refuge-villevaude-8391\/\" \/>\n<meta property=\"og:site_name\" content=\"Fondation Assistance aux Animaux - Actualit\u00e9s\" \/>\n<meta property=\"article:published_time\" content=\"2020-06-16T12:45:10+00:00\" \/>\n<meta property=\"article:modified_time\" content=\"2020-06-16T12:55:02+00:00\" \/>\n<meta property=\"og:image\" content=\"https:\/\/www.fondationassistanceauxanimaux.org\/actu\/wp-content\/uploads\/2020\/06\/IMG_7840-1.jpg\" \/>\n\t<meta property=\"og:image:width\" content=\"720\" \/>\n\t<meta property=\"og:image:height\" content=\"651\" \/>\n\t<meta property=\"og:image:type\" content=\"image\/jpeg\" \/>\n<meta name=\"author\" content=\"No\u00e9\" \/>\n<meta name=\"twitter:card\" content=\"summary_large_image\" \/>\n<meta name=\"twitter:label1\" content=\"\u00c9crit par\" \/>\n\t<meta name=\"twitter:data1\" content=\"No\u00e9\" \/>\n<script type=\"application\/ld+json\" class=\"yoast-schema-graph\">{\"@context\":\"https:\/\/schema.org\",\"@graph\":[{\"@type\":\"WebPage\",\"@id\":\"https:\/\/www.fondationassistanceauxanimaux.org\/actu\/cappi-refuge-villevaude-8391\/\",\"url\":\"https:\/\/www.fondationassistanceauxanimaux.org\/actu\/cappi-refuge-villevaude-8391\/\",\"name\":\"Abandonn\u00e9 par ses propri\u00e9taires dans notre refuge de Villevaud\u00e9, \u00ab Cappi \u00bb recherche une famille pour la vie ! - Fondation Assistance aux Animaux - Actualit\u00e9s\",\"isPartOf\":{\"@id\":\"https:\/\/www.fondationassistanceauxanimaux.org\/actu\/#website\"},\"primaryImageOfPage\":{\"@id\":\"https:\/\/www.fondationassistanceauxanimaux.org\/actu\/cappi-refuge-villevaude-8391\/#primaryimage\"},\"image\":{\"@id\":\"https:\/\/www.fondationassistanceauxanimaux.org\/actu\/cappi-refuge-villevaude-8391\/#primaryimage\"},\"thumbnailUrl\":\"https:\/\/www.fondationassistanceauxanimaux.org\/actu\/wp-content\/uploads\/2020\/06\/IMG_7840-1.jpg\",\"datePublished\":\"2020-06-16T12:45:10+00:00\",\"dateModified\":\"2020-06-16T12:55:02+00:00\",\"author\":{\"@id\":\"https:\/\/www.fondationassistanceauxanimaux.org\/actu\/#\/schema\/person\/71a8476d98daaea0d71a965c5603e10b\"},\"breadcrumb\":{\"@id\":\"https:\/\/www.fondationassistanceauxanimaux.org\/actu\/cappi-refuge-villevaude-8391\/#breadcrumb\"},\"inLanguage\":\"fr-FR\",\"potentialAction\":[{\"@type\":\"ReadAction\",\"target\":[\"https:\/\/www.fondationassistanceauxanimaux.org\/actu\/cappi-refuge-villevaude-8391\/\"]}]},{\"@type\":\"ImageObject\",\"inLanguage\":\"fr-FR\",\"@id\":\"https:\/\/www.fondationassistanceauxanimaux.org\/actu\/cappi-refuge-villevaude-8391\/#primaryimage\",\"url\":\"https:\/\/www.fondationassistanceauxanimaux.org\/actu\/wp-content\/uploads\/2020\/06\/IMG_7840-1.jpg\",\"contentUrl\":\"https:\/\/www.fondationassistanceauxanimaux.org\/actu\/wp-content\/uploads\/2020\/06\/IMG_7840-1.jpg\",\"width\":720,\"height\":651},{\"@type\":\"BreadcrumbList\",\"@id\":\"https:\/\/www.fondationassistanceauxanimaux.org\/actu\/cappi-refuge-villevaude-8391\/#breadcrumb\",\"itemListElement\":[{\"@type\":\"ListItem\",\"position\":1,\"name\":\"Accueil\",\"item\":\"https:\/\/www.fondationassistanceauxanimaux.org\/actu\/\"},{\"@type\":\"ListItem\",\"position\":2,\"name\":\"Abandonn\u00e9 par ses propri\u00e9taires dans notre refuge de Villevaud\u00e9, \u00ab Cappi \u00bb recherche une famille pour la vie !\"}]},{\"@type\":\"WebSite\",\"@id\":\"https:\/\/www.fondationassistanceauxanimaux.org\/actu\/#website\",\"url\":\"https:\/\/www.fondationassistanceauxanimaux.org\/actu\/\",\"name\":\"Fondation Assistance aux Animaux - Actualit\u00e9s\",\"description\":\"Depuis 1930 la Fondation Assistance aux Animaux pour la d\u00e9fense et la protection des animaux maltrait\u00e9s et abandonn\u00e9s\",\"potentialAction\":[{\"@type\":\"SearchAction\",\"target\":{\"@type\":\"EntryPoint\",\"urlTemplate\":\"https:\/\/www.fondationassistanceauxanimaux.org\/actu\/?s={search_term_string}\"},\"query-input\":{\"@type\":\"PropertyValueSpecification\",\"valueRequired\":true,\"valueName\":\"search_term_string\"}}],\"inLanguage\":\"fr-FR\"},{\"@type\":\"Person\",\"@id\":\"https:\/\/www.fondationassistanceauxanimaux.org\/actu\/#\/schema\/person\/71a8476d98daaea0d71a965c5603e10b\",\"name\":\"No\u00e9\",\"image\":{\"@type\":\"ImageObject\",\"inLanguage\":\"fr-FR\",\"@id\":\"https:\/\/www.fondationassistanceauxanimaux.org\/actu\/#\/schema\/person\/image\/\",\"url\":\"https:\/\/secure.gravatar.com\/avatar\/d34cf6c6bd22b3db9c932bc580c4d1ba93c0cda7588a41b59078888ab1e5f007?s=96&d=mm&r=g\",\"contentUrl\":\"https:\/\/secure.gravatar.com\/avatar\/d34cf6c6bd22b3db9c932bc580c4d1ba93c0cda7588a41b59078888ab1e5f007?s=96&d=mm&r=g\",\"caption\":\"No\u00e9\"},\"url\":\"https:\/\/www.fondationassistanceauxanimaux.org\/actu\/author\/anne\/\"}]}<\/script>\n<!-- \/ Yoast SEO plugin. -->","yoast_head_json":{"title":"Abandonn\u00e9 par ses propri\u00e9taires dans notre refuge de Villevaud\u00e9, \u00ab Cappi \u00bb recherche une famille pour la vie ! - Fondation Assistance aux Animaux - Actualit\u00e9s","robots":{"index":"index","follow":"follow","max-snippet":"max-snippet:-1","max-image-preview":"max-image-preview:large","max-video-preview":"max-video-preview:-1"},"canonical":"https:\/\/www.fondationassistanceauxanimaux.org\/actu\/cappi-refuge-villevaude-8391\/","og_locale":"fr_FR","og_type":"article","og_title":"Abandonn\u00e9 par ses propri\u00e9taires dans notre refuge de Villevaud\u00e9, \u00ab Cappi \u00bb recherche une famille pour la vie ! - Fondation Assistance aux Animaux - Actualit\u00e9s","og_description":"Abandonn\u00e9 dimanche dernier par ses propri\u00e9taires, ce jack Russel de 18 mois est compl\u00e8tement d\u00e9boussol\u00e9 : il ne comprend toujours pas ce qu&rsquo;il fait au refuge. Nos animaliers veillent sur lui et lui redonnent peu \u00e0 peu confiance en l&rsquo;\u00eatre humain. \u00ab Cappi \u00bb attend une famille responsable au refuge Fondation Assistance aux Animaux de [&hellip;]","og_url":"https:\/\/www.fondationassistanceauxanimaux.org\/actu\/cappi-refuge-villevaude-8391\/","og_site_name":"Fondation Assistance aux Animaux - Actualit\u00e9s","article_published_time":"2020-06-16T12:45:10+00:00","article_modified_time":"2020-06-16T12:55:02+00:00","og_image":[{"width":720,"height":651,"url":"https:\/\/www.fondationassistanceauxanimaux.org\/actu\/wp-content\/uploads\/2020\/06\/IMG_7840-1.jpg","type":"image\/jpeg"}],"author":"No\u00e9","twitter_card":"summary_large_image","twitter_misc":{"\u00c9crit par":"No\u00e9"},"schema":{"@context":"https:\/\/schema.org","@graph":[{"@type":"WebPage","@id":"https:\/\/www.fondationassistanceauxanimaux.org\/actu\/cappi-refuge-villevaude-8391\/","url":"https:\/\/www.fondationassistanceauxanimaux.org\/actu\/cappi-refuge-villevaude-8391\/","name":"Abandonn\u00e9 par ses propri\u00e9taires dans notre refuge de Villevaud\u00e9, \u00ab Cappi \u00bb recherche une famille pour la vie ! - Fondation Assistance aux Animaux - Actualit\u00e9s","isPartOf":{"@id":"https:\/\/www.fondationassistanceauxanimaux.org\/actu\/#website"},"primaryImageOfPage":{"@id":"https:\/\/www.fondationassistanceauxanimaux.org\/actu\/cappi-refuge-villevaude-8391\/#primaryimage"},"image":{"@id":"https:\/\/www.fondationassistanceauxanimaux.org\/actu\/cappi-refuge-villevaude-8391\/#primaryimage"},"thumbnailUrl":"https:\/\/www.fondationassistanceauxanimaux.org\/actu\/wp-content\/uploads\/2020\/06\/IMG_7840-1.jpg","datePublished":"2020-06-16T12:45:10+00:00","dateModified":"2020-06-16T12:55:02+00:00","author":{"@id":"https:\/\/www.fondationassistanceauxanimaux.org\/actu\/#\/schema\/person\/71a8476d98daaea0d71a965c5603e10b"},"breadcrumb":{"@id":"https:\/\/www.fondationassistanceauxanimaux.org\/actu\/cappi-refuge-villevaude-8391\/#breadcrumb"},"inLanguage":"fr-FR","potentialAction":[{"@type":"ReadAction","target":["https:\/\/www.fondationassistanceauxanimaux.org\/actu\/cappi-refuge-villevaude-8391\/"]}]},{"@type":"ImageObject","inLanguage":"fr-FR","@id":"https:\/\/www.fondationassistanceauxanimaux.org\/actu\/cappi-refuge-villevaude-8391\/#primaryimage","url":"https:\/\/www.fondationassistanceauxanimaux.org\/actu\/wp-content\/uploads\/2020\/06\/IMG_7840-1.jpg","contentUrl":"https:\/\/www.fondationassistanceauxanimaux.org\/actu\/wp-content\/uploads\/2020\/06\/IMG_7840-1.jpg","width":720,"height":651},{"@type":"BreadcrumbList","@id":"https:\/\/www.fondationassistanceauxanimaux.org\/actu\/cappi-refuge-villevaude-8391\/#breadcrumb","itemListElement":[{"@type":"ListItem","position":1,"name":"Accueil","item":"https:\/\/www.fondationassistanceauxanimaux.org\/actu\/"},{"@type":"ListItem","position":2,"name":"Abandonn\u00e9 par ses propri\u00e9taires dans notre refuge de Villevaud\u00e9, \u00ab Cappi \u00bb recherche une famille pour la vie !"}]},{"@type":"WebSite","@id":"https:\/\/www.fondationassistanceauxanimaux.org\/actu\/#website","url":"https:\/\/www.fondationassistanceauxanimaux.org\/actu\/","name":"Fondation Assistance aux Animaux - Actualit\u00e9s","description":"Depuis 1930 la Fondation Assistance aux Animaux pour la d\u00e9fense et la protection des animaux maltrait\u00e9s et abandonn\u00e9s","potentialAction":[{"@type":"SearchAction","target":{"@type":"EntryPoint","urlTemplate":"https:\/\/www.fondationassistanceauxanimaux.org\/actu\/?s={search_term_string}"},"query-input":{"@type":"PropertyValueSpecification","valueRequired":true,"valueName":"search_term_string"}}],"inLanguage":"fr-FR"},{"@type":"Person","@id":"https:\/\/www.fondationassistanceauxanimaux.org\/actu\/#\/schema\/person\/71a8476d98daaea0d71a965c5603e10b","name":"No\u00e9","image":{"@type":"ImageObject","inLanguage":"fr-FR","@id":"https:\/\/www.fondationassistanceauxanimaux.org\/actu\/#\/schema\/person\/image\/","url":"https:\/\/secure.gravatar.com\/avatar\/d34cf6c6bd22b3db9c932bc580c4d1ba93c0cda7588a41b59078888ab1e5f007?s=96&d=mm&r=g","contentUrl":"https:\/\/secure.gravatar.com\/avatar\/d34cf6c6bd22b3db9c932bc580c4d1ba93c0cda7588a41b59078888ab1e5f007?s=96&d=mm&r=g","caption":"No\u00e9"},"url":"https:\/\/www.fondationassistanceauxanimaux.org\/actu\/author\/anne\/"}]}},"_links":{"self":[{"href":"https:\/\/www.fondationassistanceauxanimaux.org\/actu\/wp-json\/wp\/v2\/posts\/8391","targetHints":{"allow":["GET"]}}],"collection":[{"href":"https:\/\/www.fondationassistanceauxanimaux.org\/actu\/wp-json\/wp\/v2\/posts"}],"about":[{"href":"https:\/\/www.fondationassistanceauxanimaux.org\/actu\/wp-json\/wp\/v2\/types\/post"}],"author":[{"embeddable":true,"href":"https:\/\/www.fondationassistanceauxanimaux.org\/actu\/wp-json\/wp\/v2\/users\/3"}],"replies":[{"embeddable":true,"href":"https:\/\/www.fondationassistanceauxanimaux.org\/actu\/wp-json\/wp\/v2\/comments?post=8391"}],"version-history":[{"count":2,"href":"https:\/\/www.fondationassistanceauxanimaux.org\/actu\/wp-json\/wp\/v2\/posts\/8391\/revisions"}],"predecessor-version":[{"id":8396,"href":"https:\/\/www.fondationassistanceauxanimaux.org\/actu\/wp-json\/wp\/v2\/posts\/8391\/revisions\/8396"}],"wp:featuredmedia":[{"embeddable":true,"href":"https:\/\/www.fondationassistanceauxanimaux.org\/actu\/wp-json\/wp\/v2\/media\/8395"}],"wp:attachment":[{"href":"https:\/\/www.fondationassistanceauxanimaux.org\/actu\/wp-json\/wp\/v2\/media?parent=8391"}],"wp:term":[{"taxonomy":"category","embeddable":true,"href":"https:\/\/www.fondationassistanceauxanimaux.org\/actu\/wp-json\/wp\/v2\/categories?post=8391"},{"taxonomy":"post_tag","embeddable":true,"href":"https:\/\/www.fondationassistanceauxanimaux.org\/actu\/wp-json\/wp\/v2\/tags?post=8391"}],"curies":[{"name":"wp","href":"https:\/\/api.w.org\/{rel}","templated":true}]}}