{"id":8318,"date":"2020-06-08T16:39:28","date_gmt":"2020-06-08T14:39:28","guid":{"rendered":"http:\/\/www.fondationassistanceauxanimaux.org\/actu\/?p=8318"},"modified":"2020-06-08T16:42:48","modified_gmt":"2020-06-08T14:42:48","slug":"a-adopter-refuge-villevaude","status":"publish","type":"post","link":"https:\/\/www.fondationassistanceauxanimaux.org\/actu\/a-adopter-refuge-villevaude-8318\/","title":{"rendered":"Pr\u00e9sentation de 5 pensionnaires \u00e0 l&rsquo;adoption au refuge de Villevaud\u00e9"},"content":{"rendered":"\n<p><strong>Ils sont tous diff\u00e9rents, ils ont tous une histoire diff\u00e9rente&#8230; mais ils ont un point commun : ils r\u00eavent d&rsquo;\u00eatre adopt\u00e9s !<\/strong><\/p>\n\n\n\n<p><strong>Le refuge Fondation Assistance aux Animaux de Villevaud\u00e9 vous pr\u00e9sente cinq de ses petits prot\u00e9g\u00e9s : \u00ab\u00a0Molly\u00a0\u00bb, \u00ab\u00a0Flipette\u00a0\u00bb, \u00ab\u00a0Rasta\u00a0\u00bb, \u00ab\u00a0Bob\u00a0\u00bb, et \u00ab\u00a0Mama\u00a0\u00bb.<\/strong><\/p>\n\n\n\n<figure class=\"wp-block-gallery columns-3 is-cropped wp-block-gallery-1 is-layout-flex wp-block-gallery-is-layout-flex\"><ul class=\"blocks-gallery-grid\"><li class=\"blocks-gallery-item\"><figure><img loading=\"lazy\" decoding=\"async\" width=\"1011\" height=\"900\" src=\"https:\/\/www.fondationassistanceauxanimaux.org\/actu\/wp-content\/uploads\/2020\/06\/102819910_2666666886948979_610879245824032768_o.jpg\" alt=\"\" data-id=\"8319\" data-full-url=\"https:\/\/www.fondationassistanceauxanimaux.org\/actu\/wp-content\/uploads\/2020\/06\/102819910_2666666886948979_610879245824032768_o.jpg\" data-link=\"https:\/\/www.fondationassistanceauxanimaux.org\/actu\/?attachment_id=8319\" class=\"wp-image-8319\" srcset=\"https:\/\/www.fondationassistanceauxanimaux.org\/actu\/wp-content\/uploads\/2020\/06\/102819910_2666666886948979_610879245824032768_o.jpg 1011w, https:\/\/www.fondationassistanceauxanimaux.org\/actu\/wp-content\/uploads\/2020\/06\/102819910_2666666886948979_610879245824032768_o-300x267.jpg 300w, https:\/\/www.fondationassistanceauxanimaux.org\/actu\/wp-content\/uploads\/2020\/06\/102819910_2666666886948979_610879245824032768_o-768x684.jpg 768w, https:\/\/www.fondationassistanceauxanimaux.org\/actu\/wp-content\/uploads\/2020\/06\/102819910_2666666886948979_610879245824032768_o-705x628.jpg 705w\" sizes=\"auto, (max-width: 1011px) 100vw, 1011px\" \/><figcaption class=\"blocks-gallery-item__caption\">\u00ab\u00a0Molly\u00a0\u00bb<br>Femelle n\u00e9e le 2 septembre 2011<\/figcaption><\/figure><\/li><li class=\"blocks-gallery-item\"><figure><img loading=\"lazy\" decoding=\"async\" width=\"768\" height=\"859\" src=\"https:\/\/www.fondationassistanceauxanimaux.org\/actu\/wp-content\/uploads\/2020\/06\/102594375_2666666930282308_2285046060306923520_n.jpg\" alt=\"\" data-id=\"8322\" data-full-url=\"https:\/\/www.fondationassistanceauxanimaux.org\/actu\/wp-content\/uploads\/2020\/06\/102594375_2666666930282308_2285046060306923520_n.jpg\" data-link=\"https:\/\/www.fondationassistanceauxanimaux.org\/actu\/?attachment_id=8322\" class=\"wp-image-8322\" srcset=\"https:\/\/www.fondationassistanceauxanimaux.org\/actu\/wp-content\/uploads\/2020\/06\/102594375_2666666930282308_2285046060306923520_n.jpg 768w, https:\/\/www.fondationassistanceauxanimaux.org\/actu\/wp-content\/uploads\/2020\/06\/102594375_2666666930282308_2285046060306923520_n-268x300.jpg 268w, https:\/\/www.fondationassistanceauxanimaux.org\/actu\/wp-content\/uploads\/2020\/06\/102594375_2666666930282308_2285046060306923520_n-630x705.jpg 630w\" sizes=\"auto, (max-width: 768px) 100vw, 768px\" \/><figcaption class=\"blocks-gallery-item__caption\">\u00ab\u00a0Molly\u00a0\u00bb<br>Femelle n\u00e9e le 2 septembre 2011<\/figcaption><\/figure><\/li><li class=\"blocks-gallery-item\"><figure><img loading=\"lazy\" decoding=\"async\" width=\"768\" height=\"903\" src=\"https:\/\/www.fondationassistanceauxanimaux.org\/actu\/wp-content\/uploads\/2020\/06\/102623927_2666666806948987_155714778050854912_n.jpg\" alt=\"\" data-id=\"8320\" data-full-url=\"https:\/\/www.fondationassistanceauxanimaux.org\/actu\/wp-content\/uploads\/2020\/06\/102623927_2666666806948987_155714778050854912_n.jpg\" data-link=\"https:\/\/www.fondationassistanceauxanimaux.org\/actu\/?attachment_id=8320\" class=\"wp-image-8320\" srcset=\"https:\/\/www.fondationassistanceauxanimaux.org\/actu\/wp-content\/uploads\/2020\/06\/102623927_2666666806948987_155714778050854912_n.jpg 768w, https:\/\/www.fondationassistanceauxanimaux.org\/actu\/wp-content\/uploads\/2020\/06\/102623927_2666666806948987_155714778050854912_n-255x300.jpg 255w, https:\/\/www.fondationassistanceauxanimaux.org\/actu\/wp-content\/uploads\/2020\/06\/102623927_2666666806948987_155714778050854912_n-600x705.jpg 600w\" sizes=\"auto, (max-width: 768px) 100vw, 768px\" \/><figcaption class=\"blocks-gallery-item__caption\">\u00ab\u00a0Flipette\u00a0\u00bb<br>Femelle n\u00e9e le 1er janvier 2017<\/figcaption><\/figure><\/li><li class=\"blocks-gallery-item\"><figure><img loading=\"lazy\" decoding=\"async\" width=\"1030\" height=\"644\" src=\"https:\/\/www.fondationassistanceauxanimaux.org\/actu\/wp-content\/uploads\/2020\/06\/102411497_2666666836948984_2915273523914080256_o-1030x644.jpg\" alt=\"\" data-id=\"8325\" data-full-url=\"https:\/\/www.fondationassistanceauxanimaux.org\/actu\/wp-content\/uploads\/2020\/06\/102411497_2666666836948984_2915273523914080256_o.jpg\" data-link=\"https:\/\/www.fondationassistanceauxanimaux.org\/actu\/?attachment_id=8325\" class=\"wp-image-8325\" srcset=\"https:\/\/www.fondationassistanceauxanimaux.org\/actu\/wp-content\/uploads\/2020\/06\/102411497_2666666836948984_2915273523914080256_o-1030x644.jpg 1030w, https:\/\/www.fondationassistanceauxanimaux.org\/actu\/wp-content\/uploads\/2020\/06\/102411497_2666666836948984_2915273523914080256_o-300x188.jpg 300w, https:\/\/www.fondationassistanceauxanimaux.org\/actu\/wp-content\/uploads\/2020\/06\/102411497_2666666836948984_2915273523914080256_o-768x480.jpg 768w, https:\/\/www.fondationassistanceauxanimaux.org\/actu\/wp-content\/uploads\/2020\/06\/102411497_2666666836948984_2915273523914080256_o-705x441.jpg 705w, https:\/\/www.fondationassistanceauxanimaux.org\/actu\/wp-content\/uploads\/2020\/06\/102411497_2666666836948984_2915273523914080256_o.jpg 1080w\" sizes=\"auto, (max-width: 1030px) 100vw, 1030px\" \/><figcaption class=\"blocks-gallery-item__caption\">\u00ab\u00a0Flipette\u00a0\u00bb<br>Femelle n\u00e9e le 1er janvier 2017<\/figcaption><\/figure><\/li><li class=\"blocks-gallery-item\"><figure><img loading=\"lazy\" decoding=\"async\" width=\"1030\" height=\"808\" src=\"https:\/\/www.fondationassistanceauxanimaux.org\/actu\/wp-content\/uploads\/2020\/06\/102886850_2666666486949019_7738620916577337344_o-1030x808.jpg\" alt=\"\" data-id=\"8321\" data-full-url=\"https:\/\/www.fondationassistanceauxanimaux.org\/actu\/wp-content\/uploads\/2020\/06\/102886850_2666666486949019_7738620916577337344_o.jpg\" data-link=\"https:\/\/www.fondationassistanceauxanimaux.org\/actu\/?attachment_id=8321\" class=\"wp-image-8321\" srcset=\"https:\/\/www.fondationassistanceauxanimaux.org\/actu\/wp-content\/uploads\/2020\/06\/102886850_2666666486949019_7738620916577337344_o-1030x808.jpg 1030w, https:\/\/www.fondationassistanceauxanimaux.org\/actu\/wp-content\/uploads\/2020\/06\/102886850_2666666486949019_7738620916577337344_o-300x235.jpg 300w, https:\/\/www.fondationassistanceauxanimaux.org\/actu\/wp-content\/uploads\/2020\/06\/102886850_2666666486949019_7738620916577337344_o-768x602.jpg 768w, https:\/\/www.fondationassistanceauxanimaux.org\/actu\/wp-content\/uploads\/2020\/06\/102886850_2666666486949019_7738620916577337344_o-705x553.jpg 705w, https:\/\/www.fondationassistanceauxanimaux.org\/actu\/wp-content\/uploads\/2020\/06\/102886850_2666666486949019_7738620916577337344_o.jpg 1080w\" sizes=\"auto, (max-width: 1030px) 100vw, 1030px\" \/><figcaption class=\"blocks-gallery-item__caption\">\u00ab\u00a0Rasta\u00a0\u00bb<br>M\u00e2le n\u00e9 en 2019<\/figcaption><\/figure><\/li><li class=\"blocks-gallery-item\"><figure><img loading=\"lazy\" decoding=\"async\" width=\"1030\" height=\"817\" src=\"https:\/\/www.fondationassistanceauxanimaux.org\/actu\/wp-content\/uploads\/2020\/06\/103433888_2666666536949014_4078787487319719936_o-1030x817.jpg\" alt=\"\" data-id=\"8326\" data-full-url=\"https:\/\/www.fondationassistanceauxanimaux.org\/actu\/wp-content\/uploads\/2020\/06\/103433888_2666666536949014_4078787487319719936_o.jpg\" data-link=\"https:\/\/www.fondationassistanceauxanimaux.org\/actu\/?attachment_id=8326\" class=\"wp-image-8326\" srcset=\"https:\/\/www.fondationassistanceauxanimaux.org\/actu\/wp-content\/uploads\/2020\/06\/103433888_2666666536949014_4078787487319719936_o-1030x817.jpg 1030w, https:\/\/www.fondationassistanceauxanimaux.org\/actu\/wp-content\/uploads\/2020\/06\/103433888_2666666536949014_4078787487319719936_o-300x238.jpg 300w, https:\/\/www.fondationassistanceauxanimaux.org\/actu\/wp-content\/uploads\/2020\/06\/103433888_2666666536949014_4078787487319719936_o-768x609.jpg 768w, https:\/\/www.fondationassistanceauxanimaux.org\/actu\/wp-content\/uploads\/2020\/06\/103433888_2666666536949014_4078787487319719936_o-705x559.jpg 705w, https:\/\/www.fondationassistanceauxanimaux.org\/actu\/wp-content\/uploads\/2020\/06\/103433888_2666666536949014_4078787487319719936_o.jpg 1080w\" sizes=\"auto, (max-width: 1030px) 100vw, 1030px\" \/><figcaption class=\"blocks-gallery-item__caption\">\u00ab\u00a0Rasta\u00a0\u00bb<br>M\u00e2le n\u00e9 en 2019<\/figcaption><\/figure><\/li><li class=\"blocks-gallery-item\"><figure><img loading=\"lazy\" decoding=\"async\" width=\"773\" height=\"1030\" src=\"https:\/\/www.fondationassistanceauxanimaux.org\/actu\/wp-content\/uploads\/2020\/06\/102701241_2666666666949001_2573198139204829184_o-773x1030.jpg\" alt=\"\" data-id=\"8323\" data-full-url=\"https:\/\/www.fondationassistanceauxanimaux.org\/actu\/wp-content\/uploads\/2020\/06\/102701241_2666666666949001_2573198139204829184_o.jpg\" data-link=\"https:\/\/www.fondationassistanceauxanimaux.org\/actu\/?attachment_id=8323\" class=\"wp-image-8323\" srcset=\"https:\/\/www.fondationassistanceauxanimaux.org\/actu\/wp-content\/uploads\/2020\/06\/102701241_2666666666949001_2573198139204829184_o-773x1030.jpg 773w, https:\/\/www.fondationassistanceauxanimaux.org\/actu\/wp-content\/uploads\/2020\/06\/102701241_2666666666949001_2573198139204829184_o-225x300.jpg 225w, https:\/\/www.fondationassistanceauxanimaux.org\/actu\/wp-content\/uploads\/2020\/06\/102701241_2666666666949001_2573198139204829184_o-768x1024.jpg 768w, https:\/\/www.fondationassistanceauxanimaux.org\/actu\/wp-content\/uploads\/2020\/06\/102701241_2666666666949001_2573198139204829184_o-1152x1536.jpg 1152w, https:\/\/www.fondationassistanceauxanimaux.org\/actu\/wp-content\/uploads\/2020\/06\/102701241_2666666666949001_2573198139204829184_o-1125x1500.jpg 1125w, https:\/\/www.fondationassistanceauxanimaux.org\/actu\/wp-content\/uploads\/2020\/06\/102701241_2666666666949001_2573198139204829184_o-529x705.jpg 529w, https:\/\/www.fondationassistanceauxanimaux.org\/actu\/wp-content\/uploads\/2020\/06\/102701241_2666666666949001_2573198139204829184_o.jpg 1536w\" sizes=\"auto, (max-width: 773px) 100vw, 773px\" \/><figcaption class=\"blocks-gallery-item__caption\">\u00ab\u00a0Bob\u00a0\u00bb<br>M\u00e2le n\u00e9 le 1er juin 2015<\/figcaption><\/figure><\/li><li class=\"blocks-gallery-item\"><figure><img loading=\"lazy\" decoding=\"async\" width=\"1030\" height=\"773\" src=\"https:\/\/www.fondationassistanceauxanimaux.org\/actu\/wp-content\/uploads\/2020\/06\/103125242_2666666780282323_7284622158762868736_o-1030x773.jpg\" alt=\"\" data-id=\"8324\" data-full-url=\"https:\/\/www.fondationassistanceauxanimaux.org\/actu\/wp-content\/uploads\/2020\/06\/103125242_2666666780282323_7284622158762868736_o.jpg\" data-link=\"https:\/\/www.fondationassistanceauxanimaux.org\/actu\/?attachment_id=8324\" class=\"wp-image-8324\" srcset=\"https:\/\/www.fondationassistanceauxanimaux.org\/actu\/wp-content\/uploads\/2020\/06\/103125242_2666666780282323_7284622158762868736_o-1030x773.jpg 1030w, https:\/\/www.fondationassistanceauxanimaux.org\/actu\/wp-content\/uploads\/2020\/06\/103125242_2666666780282323_7284622158762868736_o-300x225.jpg 300w, https:\/\/www.fondationassistanceauxanimaux.org\/actu\/wp-content\/uploads\/2020\/06\/103125242_2666666780282323_7284622158762868736_o-768x576.jpg 768w, https:\/\/www.fondationassistanceauxanimaux.org\/actu\/wp-content\/uploads\/2020\/06\/103125242_2666666780282323_7284622158762868736_o-1536x1152.jpg 1536w, https:\/\/www.fondationassistanceauxanimaux.org\/actu\/wp-content\/uploads\/2020\/06\/103125242_2666666780282323_7284622158762868736_o-1500x1125.jpg 1500w, https:\/\/www.fondationassistanceauxanimaux.org\/actu\/wp-content\/uploads\/2020\/06\/103125242_2666666780282323_7284622158762868736_o-705x529.jpg 705w, https:\/\/www.fondationassistanceauxanimaux.org\/actu\/wp-content\/uploads\/2020\/06\/103125242_2666666780282323_7284622158762868736_o.jpg 2048w\" sizes=\"auto, (max-width: 1030px) 100vw, 1030px\" \/><figcaption class=\"blocks-gallery-item__caption\">\u00ab\u00a0Bob\u00a0\u00bb<br>M\u00e2le n\u00e9 le 1er juin 2015<\/figcaption><\/figure><\/li><li class=\"blocks-gallery-item\"><figure><img loading=\"lazy\" decoding=\"async\" width=\"768\" height=\"872\" src=\"https:\/\/www.fondationassistanceauxanimaux.org\/actu\/wp-content\/uploads\/2020\/06\/102925755_2666666963615638_4920114363051802624_n.jpg\" alt=\"\" data-id=\"8327\" data-full-url=\"https:\/\/www.fondationassistanceauxanimaux.org\/actu\/wp-content\/uploads\/2020\/06\/102925755_2666666963615638_4920114363051802624_n.jpg\" data-link=\"https:\/\/www.fondationassistanceauxanimaux.org\/actu\/?attachment_id=8327\" class=\"wp-image-8327\" srcset=\"https:\/\/www.fondationassistanceauxanimaux.org\/actu\/wp-content\/uploads\/2020\/06\/102925755_2666666963615638_4920114363051802624_n.jpg 768w, https:\/\/www.fondationassistanceauxanimaux.org\/actu\/wp-content\/uploads\/2020\/06\/102925755_2666666963615638_4920114363051802624_n-264x300.jpg 264w, https:\/\/www.fondationassistanceauxanimaux.org\/actu\/wp-content\/uploads\/2020\/06\/102925755_2666666963615638_4920114363051802624_n-621x705.jpg 621w\" sizes=\"auto, (max-width: 768px) 100vw, 768px\" \/><figcaption class=\"blocks-gallery-item__caption\">\u00ab\u00a0Mama\u00a0\u00bb<br>Femelle n\u00e9e le 1er janvier 2013<\/figcaption><\/figure><\/li><\/ul><\/figure>\n","protected":false},"excerpt":{"rendered":"<p>Ils sont tous diff\u00e9rents, ils ont tous une histoire diff\u00e9rente&#8230; mais ils ont un point commun : ils r\u00eavent d&rsquo;\u00eatre adopt\u00e9s ! Le refuge Fondation Assistance aux Animaux de Villevaud\u00e9 vous pr\u00e9sente cinq de ses petits prot\u00e9g\u00e9s : \u00ab\u00a0Molly\u00a0\u00bb, \u00ab\u00a0Flipette\u00a0\u00bb, \u00ab\u00a0Rasta\u00a0\u00bb, \u00ab\u00a0Bob\u00a0\u00bb, et \u00ab\u00a0Mama\u00a0\u00bb.<\/p>\n","protected":false},"author":3,"featured_media":8324,"comment_status":"closed","ping_status":"closed","sticky":false,"template":"","format":"standard","meta":{"footnotes":""},"categories":[20],"tags":[],"class_list":["post-8318","post","type-post","status-publish","format-standard","has-post-thumbnail","hentry","category-refuge-de-villevaude"],"yoast_head":"<!-- This site is optimized with the Yoast SEO plugin v24.5 - https:\/\/yoast.com\/wordpress\/plugins\/seo\/ -->\n<title>Pr\u00e9sentation de 5 pensionnaires \u00e0 l&#039;adoption au refuge de Villevaud\u00e9 - Fondation Assistance aux Animaux - Actualit\u00e9s<\/title>\n<meta name=\"robots\" content=\"index, follow, max-snippet:-1, max-image-preview:large, max-video-preview:-1\" \/>\n<link rel=\"canonical\" href=\"https:\/\/www.fondationassistanceauxanimaux.org\/actu\/a-adopter-refuge-villevaude-8318\/\" \/>\n<meta property=\"og:locale\" content=\"fr_FR\" \/>\n<meta property=\"og:type\" content=\"article\" \/>\n<meta property=\"og:title\" content=\"Pr\u00e9sentation de 5 pensionnaires \u00e0 l&#039;adoption au refuge de Villevaud\u00e9 - Fondation Assistance aux Animaux - Actualit\u00e9s\" \/>\n<meta property=\"og:description\" content=\"Ils sont tous diff\u00e9rents, ils ont tous une histoire diff\u00e9rente&#8230; mais ils ont un point commun : ils r\u00eavent d&rsquo;\u00eatre adopt\u00e9s ! Le refuge Fondation Assistance aux Animaux de Villevaud\u00e9 vous pr\u00e9sente cinq de ses petits prot\u00e9g\u00e9s : \u00ab\u00a0Molly\u00a0\u00bb, \u00ab\u00a0Flipette\u00a0\u00bb, \u00ab\u00a0Rasta\u00a0\u00bb, \u00ab\u00a0Bob\u00a0\u00bb, et \u00ab\u00a0Mama\u00a0\u00bb.\" \/>\n<meta property=\"og:url\" content=\"https:\/\/www.fondationassistanceauxanimaux.org\/actu\/a-adopter-refuge-villevaude-8318\/\" \/>\n<meta property=\"og:site_name\" content=\"Fondation Assistance aux Animaux - Actualit\u00e9s\" \/>\n<meta property=\"article:published_time\" content=\"2020-06-08T14:39:28+00:00\" \/>\n<meta property=\"article:modified_time\" content=\"2020-06-08T14:42:48+00:00\" \/>\n<meta property=\"og:image\" content=\"https:\/\/www.fondationassistanceauxanimaux.org\/actu\/wp-content\/uploads\/2020\/06\/103125242_2666666780282323_7284622158762868736_o.jpg\" \/>\n\t<meta property=\"og:image:width\" content=\"2048\" \/>\n\t<meta property=\"og:image:height\" content=\"1536\" \/>\n\t<meta property=\"og:image:type\" content=\"image\/jpeg\" \/>\n<meta name=\"author\" content=\"No\u00e9\" \/>\n<meta name=\"twitter:card\" content=\"summary_large_image\" \/>\n<meta name=\"twitter:label1\" content=\"\u00c9crit par\" \/>\n\t<meta name=\"twitter:data1\" content=\"No\u00e9\" \/>\n\t<meta name=\"twitter:label2\" content=\"Dur\u00e9e de lecture estim\u00e9e\" \/>\n\t<meta name=\"twitter:data2\" content=\"1 minute\" \/>\n<script type=\"application\/ld+json\" class=\"yoast-schema-graph\">{\"@context\":\"https:\/\/schema.org\",\"@graph\":[{\"@type\":\"WebPage\",\"@id\":\"https:\/\/www.fondationassistanceauxanimaux.org\/actu\/a-adopter-refuge-villevaude-8318\/\",\"url\":\"https:\/\/www.fondationassistanceauxanimaux.org\/actu\/a-adopter-refuge-villevaude-8318\/\",\"name\":\"Pr\u00e9sentation de 5 pensionnaires \u00e0 l'adoption au refuge de Villevaud\u00e9 - Fondation Assistance aux Animaux - Actualit\u00e9s\",\"isPartOf\":{\"@id\":\"https:\/\/www.fondationassistanceauxanimaux.org\/actu\/#website\"},\"primaryImageOfPage\":{\"@id\":\"https:\/\/www.fondationassistanceauxanimaux.org\/actu\/a-adopter-refuge-villevaude-8318\/#primaryimage\"},\"image\":{\"@id\":\"https:\/\/www.fondationassistanceauxanimaux.org\/actu\/a-adopter-refuge-villevaude-8318\/#primaryimage\"},\"thumbnailUrl\":\"https:\/\/www.fondationassistanceauxanimaux.org\/actu\/wp-content\/uploads\/2020\/06\/103125242_2666666780282323_7284622158762868736_o.jpg\",\"datePublished\":\"2020-06-08T14:39:28+00:00\",\"dateModified\":\"2020-06-08T14:42:48+00:00\",\"author\":{\"@id\":\"https:\/\/www.fondationassistanceauxanimaux.org\/actu\/#\/schema\/person\/71a8476d98daaea0d71a965c5603e10b\"},\"breadcrumb\":{\"@id\":\"https:\/\/www.fondationassistanceauxanimaux.org\/actu\/a-adopter-refuge-villevaude-8318\/#breadcrumb\"},\"inLanguage\":\"fr-FR\",\"potentialAction\":[{\"@type\":\"ReadAction\",\"target\":[\"https:\/\/www.fondationassistanceauxanimaux.org\/actu\/a-adopter-refuge-villevaude-8318\/\"]}]},{\"@type\":\"ImageObject\",\"inLanguage\":\"fr-FR\",\"@id\":\"https:\/\/www.fondationassistanceauxanimaux.org\/actu\/a-adopter-refuge-villevaude-8318\/#primaryimage\",\"url\":\"https:\/\/www.fondationassistanceauxanimaux.org\/actu\/wp-content\/uploads\/2020\/06\/103125242_2666666780282323_7284622158762868736_o.jpg\",\"contentUrl\":\"https:\/\/www.fondationassistanceauxanimaux.org\/actu\/wp-content\/uploads\/2020\/06\/103125242_2666666780282323_7284622158762868736_o.jpg\",\"width\":2048,\"height\":1536},{\"@type\":\"BreadcrumbList\",\"@id\":\"https:\/\/www.fondationassistanceauxanimaux.org\/actu\/a-adopter-refuge-villevaude-8318\/#breadcrumb\",\"itemListElement\":[{\"@type\":\"ListItem\",\"position\":1,\"name\":\"Accueil\",\"item\":\"https:\/\/www.fondationassistanceauxanimaux.org\/actu\/\"},{\"@type\":\"ListItem\",\"position\":2,\"name\":\"Pr\u00e9sentation de 5 pensionnaires \u00e0 l&rsquo;adoption au refuge de Villevaud\u00e9\"}]},{\"@type\":\"WebSite\",\"@id\":\"https:\/\/www.fondationassistanceauxanimaux.org\/actu\/#website\",\"url\":\"https:\/\/www.fondationassistanceauxanimaux.org\/actu\/\",\"name\":\"Fondation Assistance aux Animaux - Actualit\u00e9s\",\"description\":\"Depuis 1930 la Fondation Assistance aux Animaux pour la d\u00e9fense et la protection des animaux maltrait\u00e9s et abandonn\u00e9s\",\"potentialAction\":[{\"@type\":\"SearchAction\",\"target\":{\"@type\":\"EntryPoint\",\"urlTemplate\":\"https:\/\/www.fondationassistanceauxanimaux.org\/actu\/?s={search_term_string}\"},\"query-input\":{\"@type\":\"PropertyValueSpecification\",\"valueRequired\":true,\"valueName\":\"search_term_string\"}}],\"inLanguage\":\"fr-FR\"},{\"@type\":\"Person\",\"@id\":\"https:\/\/www.fondationassistanceauxanimaux.org\/actu\/#\/schema\/person\/71a8476d98daaea0d71a965c5603e10b\",\"name\":\"No\u00e9\",\"image\":{\"@type\":\"ImageObject\",\"inLanguage\":\"fr-FR\",\"@id\":\"https:\/\/www.fondationassistanceauxanimaux.org\/actu\/#\/schema\/person\/image\/\",\"url\":\"https:\/\/secure.gravatar.com\/avatar\/d34cf6c6bd22b3db9c932bc580c4d1ba93c0cda7588a41b59078888ab1e5f007?s=96&d=mm&r=g\",\"contentUrl\":\"https:\/\/secure.gravatar.com\/avatar\/d34cf6c6bd22b3db9c932bc580c4d1ba93c0cda7588a41b59078888ab1e5f007?s=96&d=mm&r=g\",\"caption\":\"No\u00e9\"},\"url\":\"https:\/\/www.fondationassistanceauxanimaux.org\/actu\/author\/anne\/\"}]}<\/script>\n<!-- \/ Yoast SEO plugin. -->","yoast_head_json":{"title":"Pr\u00e9sentation de 5 pensionnaires \u00e0 l'adoption au refuge de Villevaud\u00e9 - Fondation Assistance aux Animaux - Actualit\u00e9s","robots":{"index":"index","follow":"follow","max-snippet":"max-snippet:-1","max-image-preview":"max-image-preview:large","max-video-preview":"max-video-preview:-1"},"canonical":"https:\/\/www.fondationassistanceauxanimaux.org\/actu\/a-adopter-refuge-villevaude-8318\/","og_locale":"fr_FR","og_type":"article","og_title":"Pr\u00e9sentation de 5 pensionnaires \u00e0 l'adoption au refuge de Villevaud\u00e9 - Fondation Assistance aux Animaux - Actualit\u00e9s","og_description":"Ils sont tous diff\u00e9rents, ils ont tous une histoire diff\u00e9rente&#8230; mais ils ont un point commun : ils r\u00eavent d&rsquo;\u00eatre adopt\u00e9s ! Le refuge Fondation Assistance aux Animaux de Villevaud\u00e9 vous pr\u00e9sente cinq de ses petits prot\u00e9g\u00e9s : \u00ab\u00a0Molly\u00a0\u00bb, \u00ab\u00a0Flipette\u00a0\u00bb, \u00ab\u00a0Rasta\u00a0\u00bb, \u00ab\u00a0Bob\u00a0\u00bb, et \u00ab\u00a0Mama\u00a0\u00bb.","og_url":"https:\/\/www.fondationassistanceauxanimaux.org\/actu\/a-adopter-refuge-villevaude-8318\/","og_site_name":"Fondation Assistance aux Animaux - Actualit\u00e9s","article_published_time":"2020-06-08T14:39:28+00:00","article_modified_time":"2020-06-08T14:42:48+00:00","og_image":[{"width":2048,"height":1536,"url":"https:\/\/www.fondationassistanceauxanimaux.org\/actu\/wp-content\/uploads\/2020\/06\/103125242_2666666780282323_7284622158762868736_o.jpg","type":"image\/jpeg"}],"author":"No\u00e9","twitter_card":"summary_large_image","twitter_misc":{"\u00c9crit par":"No\u00e9","Dur\u00e9e de lecture estim\u00e9e":"1 minute"},"schema":{"@context":"https:\/\/schema.org","@graph":[{"@type":"WebPage","@id":"https:\/\/www.fondationassistanceauxanimaux.org\/actu\/a-adopter-refuge-villevaude-8318\/","url":"https:\/\/www.fondationassistanceauxanimaux.org\/actu\/a-adopter-refuge-villevaude-8318\/","name":"Pr\u00e9sentation de 5 pensionnaires \u00e0 l'adoption au refuge de Villevaud\u00e9 - Fondation Assistance aux Animaux - Actualit\u00e9s","isPartOf":{"@id":"https:\/\/www.fondationassistanceauxanimaux.org\/actu\/#website"},"primaryImageOfPage":{"@id":"https:\/\/www.fondationassistanceauxanimaux.org\/actu\/a-adopter-refuge-villevaude-8318\/#primaryimage"},"image":{"@id":"https:\/\/www.fondationassistanceauxanimaux.org\/actu\/a-adopter-refuge-villevaude-8318\/#primaryimage"},"thumbnailUrl":"https:\/\/www.fondationassistanceauxanimaux.org\/actu\/wp-content\/uploads\/2020\/06\/103125242_2666666780282323_7284622158762868736_o.jpg","datePublished":"2020-06-08T14:39:28+00:00","dateModified":"2020-06-08T14:42:48+00:00","author":{"@id":"https:\/\/www.fondationassistanceauxanimaux.org\/actu\/#\/schema\/person\/71a8476d98daaea0d71a965c5603e10b"},"breadcrumb":{"@id":"https:\/\/www.fondationassistanceauxanimaux.org\/actu\/a-adopter-refuge-villevaude-8318\/#breadcrumb"},"inLanguage":"fr-FR","potentialAction":[{"@type":"ReadAction","target":["https:\/\/www.fondationassistanceauxanimaux.org\/actu\/a-adopter-refuge-villevaude-8318\/"]}]},{"@type":"ImageObject","inLanguage":"fr-FR","@id":"https:\/\/www.fondationassistanceauxanimaux.org\/actu\/a-adopter-refuge-villevaude-8318\/#primaryimage","url":"https:\/\/www.fondationassistanceauxanimaux.org\/actu\/wp-content\/uploads\/2020\/06\/103125242_2666666780282323_7284622158762868736_o.jpg","contentUrl":"https:\/\/www.fondationassistanceauxanimaux.org\/actu\/wp-content\/uploads\/2020\/06\/103125242_2666666780282323_7284622158762868736_o.jpg","width":2048,"height":1536},{"@type":"BreadcrumbList","@id":"https:\/\/www.fondationassistanceauxanimaux.org\/actu\/a-adopter-refuge-villevaude-8318\/#breadcrumb","itemListElement":[{"@type":"ListItem","position":1,"name":"Accueil","item":"https:\/\/www.fondationassistanceauxanimaux.org\/actu\/"},{"@type":"ListItem","position":2,"name":"Pr\u00e9sentation de 5 pensionnaires \u00e0 l&rsquo;adoption au refuge de Villevaud\u00e9"}]},{"@type":"WebSite","@id":"https:\/\/www.fondationassistanceauxanimaux.org\/actu\/#website","url":"https:\/\/www.fondationassistanceauxanimaux.org\/actu\/","name":"Fondation Assistance aux Animaux - Actualit\u00e9s","description":"Depuis 1930 la Fondation Assistance aux Animaux pour la d\u00e9fense et la protection des animaux maltrait\u00e9s et abandonn\u00e9s","potentialAction":[{"@type":"SearchAction","target":{"@type":"EntryPoint","urlTemplate":"https:\/\/www.fondationassistanceauxanimaux.org\/actu\/?s={search_term_string}"},"query-input":{"@type":"PropertyValueSpecification","valueRequired":true,"valueName":"search_term_string"}}],"inLanguage":"fr-FR"},{"@type":"Person","@id":"https:\/\/www.fondationassistanceauxanimaux.org\/actu\/#\/schema\/person\/71a8476d98daaea0d71a965c5603e10b","name":"No\u00e9","image":{"@type":"ImageObject","inLanguage":"fr-FR","@id":"https:\/\/www.fondationassistanceauxanimaux.org\/actu\/#\/schema\/person\/image\/","url":"https:\/\/secure.gravatar.com\/avatar\/d34cf6c6bd22b3db9c932bc580c4d1ba93c0cda7588a41b59078888ab1e5f007?s=96&d=mm&r=g","contentUrl":"https:\/\/secure.gravatar.com\/avatar\/d34cf6c6bd22b3db9c932bc580c4d1ba93c0cda7588a41b59078888ab1e5f007?s=96&d=mm&r=g","caption":"No\u00e9"},"url":"https:\/\/www.fondationassistanceauxanimaux.org\/actu\/author\/anne\/"}]}},"_links":{"self":[{"href":"https:\/\/www.fondationassistanceauxanimaux.org\/actu\/wp-json\/wp\/v2\/posts\/8318","targetHints":{"allow":["GET"]}}],"collection":[{"href":"https:\/\/www.fondationassistanceauxanimaux.org\/actu\/wp-json\/wp\/v2\/posts"}],"about":[{"href":"https:\/\/www.fondationassistanceauxanimaux.org\/actu\/wp-json\/wp\/v2\/types\/post"}],"author":[{"embeddable":true,"href":"https:\/\/www.fondationassistanceauxanimaux.org\/actu\/wp-json\/wp\/v2\/users\/3"}],"replies":[{"embeddable":true,"href":"https:\/\/www.fondationassistanceauxanimaux.org\/actu\/wp-json\/wp\/v2\/comments?post=8318"}],"version-history":[{"count":2,"href":"https:\/\/www.fondationassistanceauxanimaux.org\/actu\/wp-json\/wp\/v2\/posts\/8318\/revisions"}],"predecessor-version":[{"id":8330,"href":"https:\/\/www.fondationassistanceauxanimaux.org\/actu\/wp-json\/wp\/v2\/posts\/8318\/revisions\/8330"}],"wp:featuredmedia":[{"embeddable":true,"href":"https:\/\/www.fondationassistanceauxanimaux.org\/actu\/wp-json\/wp\/v2\/media\/8324"}],"wp:attachment":[{"href":"https:\/\/www.fondationassistanceauxanimaux.org\/actu\/wp-json\/wp\/v2\/media?parent=8318"}],"wp:term":[{"taxonomy":"category","embeddable":true,"href":"https:\/\/www.fondationassistanceauxanimaux.org\/actu\/wp-json\/wp\/v2\/categories?post=8318"},{"taxonomy":"post_tag","embeddable":true,"href":"https:\/\/www.fondationassistanceauxanimaux.org\/actu\/wp-json\/wp\/v2\/tags?post=8318"}],"curies":[{"name":"wp","href":"https:\/\/api.w.org\/{rel}","templated":true}]}}