{"id":7736,"date":"2020-05-01T18:18:04","date_gmt":"2020-05-01T16:18:04","guid":{"rendered":"http:\/\/www.fondationassistanceauxanimaux.org\/actu\/?p=7736"},"modified":"2020-05-01T18:18:30","modified_gmt":"2020-05-01T16:18:30","slug":"premier-mai","status":"publish","type":"post","link":"https:\/\/www.fondationassistanceauxanimaux.org\/actu\/premier-mai-7736\/","title":{"rendered":"\u00ab\u00a0B\u00e9b\u00e9 Loup\u00a0\u00bb, pensionnaire du refuge de Carros, vous souhaite un bon 1er mai !"},"content":{"rendered":"\n<p><strong>C&rsquo;est lors d&rsquo;une de ses balades quotidiennes que \u00ab\u00a0B\u00e9b\u00e9 Loup\u00a0\u00bb, petit prot\u00e9g\u00e9 du refuge Fondation Assistance aux Animaux de Carros, a pos\u00e9 pour deux belles photos<\/strong>.<\/p>\n\n\n\n<p><strong>Les \u00e9quipes de la Fondation se joignent \u00e0 lui pour vous souhaiter un bon premier mai !<\/strong><\/p>\n\n\n\n<figure class=\"wp-block-gallery columns-2 is-cropped wp-block-gallery-1 is-layout-flex wp-block-gallery-is-layout-flex\"><ul class=\"blocks-gallery-grid\"><li class=\"blocks-gallery-item\"><figure><img loading=\"lazy\" decoding=\"async\" width=\"773\" height=\"1030\" src=\"https:\/\/www.fondationassistanceauxanimaux.org\/actu\/wp-content\/uploads\/2020\/05\/2ebcb466-4a12-474c-ae31-e2ab18e91fc5-773x1030.jpg\" alt=\"\" data-id=\"7737\" data-full-url=\"https:\/\/www.fondationassistanceauxanimaux.org\/actu\/wp-content\/uploads\/2020\/05\/2ebcb466-4a12-474c-ae31-e2ab18e91fc5.jpg\" data-link=\"https:\/\/www.fondationassistanceauxanimaux.org\/actu\/?attachment_id=7737\" class=\"wp-image-7737\" srcset=\"https:\/\/www.fondationassistanceauxanimaux.org\/actu\/wp-content\/uploads\/2020\/05\/2ebcb466-4a12-474c-ae31-e2ab18e91fc5-773x1030.jpg 773w, https:\/\/www.fondationassistanceauxanimaux.org\/actu\/wp-content\/uploads\/2020\/05\/2ebcb466-4a12-474c-ae31-e2ab18e91fc5-225x300.jpg 225w, https:\/\/www.fondationassistanceauxanimaux.org\/actu\/wp-content\/uploads\/2020\/05\/2ebcb466-4a12-474c-ae31-e2ab18e91fc5-768x1024.jpg 768w, https:\/\/www.fondationassistanceauxanimaux.org\/actu\/wp-content\/uploads\/2020\/05\/2ebcb466-4a12-474c-ae31-e2ab18e91fc5-1152x1536.jpg 1152w, https:\/\/www.fondationassistanceauxanimaux.org\/actu\/wp-content\/uploads\/2020\/05\/2ebcb466-4a12-474c-ae31-e2ab18e91fc5-1125x1500.jpg 1125w, https:\/\/www.fondationassistanceauxanimaux.org\/actu\/wp-content\/uploads\/2020\/05\/2ebcb466-4a12-474c-ae31-e2ab18e91fc5-529x705.jpg 529w, https:\/\/www.fondationassistanceauxanimaux.org\/actu\/wp-content\/uploads\/2020\/05\/2ebcb466-4a12-474c-ae31-e2ab18e91fc5.jpg 1200w\" sizes=\"auto, (max-width: 773px) 100vw, 773px\" \/><\/figure><\/li><li class=\"blocks-gallery-item\"><figure><img loading=\"lazy\" decoding=\"async\" width=\"773\" height=\"1030\" src=\"https:\/\/www.fondationassistanceauxanimaux.org\/actu\/wp-content\/uploads\/2020\/05\/bea26358-02e4-4361-ac21-c3591ca51fa2-773x1030.jpg\" alt=\"\" data-id=\"7738\" data-full-url=\"https:\/\/www.fondationassistanceauxanimaux.org\/actu\/wp-content\/uploads\/2020\/05\/bea26358-02e4-4361-ac21-c3591ca51fa2.jpg\" data-link=\"https:\/\/www.fondationassistanceauxanimaux.org\/actu\/?attachment_id=7738\" class=\"wp-image-7738\" srcset=\"https:\/\/www.fondationassistanceauxanimaux.org\/actu\/wp-content\/uploads\/2020\/05\/bea26358-02e4-4361-ac21-c3591ca51fa2-773x1030.jpg 773w, https:\/\/www.fondationassistanceauxanimaux.org\/actu\/wp-content\/uploads\/2020\/05\/bea26358-02e4-4361-ac21-c3591ca51fa2-225x300.jpg 225w, https:\/\/www.fondationassistanceauxanimaux.org\/actu\/wp-content\/uploads\/2020\/05\/bea26358-02e4-4361-ac21-c3591ca51fa2-768x1024.jpg 768w, https:\/\/www.fondationassistanceauxanimaux.org\/actu\/wp-content\/uploads\/2020\/05\/bea26358-02e4-4361-ac21-c3591ca51fa2-1152x1536.jpg 1152w, https:\/\/www.fondationassistanceauxanimaux.org\/actu\/wp-content\/uploads\/2020\/05\/bea26358-02e4-4361-ac21-c3591ca51fa2-1125x1500.jpg 1125w, https:\/\/www.fondationassistanceauxanimaux.org\/actu\/wp-content\/uploads\/2020\/05\/bea26358-02e4-4361-ac21-c3591ca51fa2-529x705.jpg 529w, https:\/\/www.fondationassistanceauxanimaux.org\/actu\/wp-content\/uploads\/2020\/05\/bea26358-02e4-4361-ac21-c3591ca51fa2.jpg 1200w\" sizes=\"auto, (max-width: 773px) 100vw, 773px\" \/><\/figure><\/li><\/ul><\/figure>\n\n\n\n<div class=\"wp-block-image\"><figure class=\"aligncenter size-large is-resized\"><img loading=\"lazy\" decoding=\"async\" src=\"https:\/\/www.fondationassistanceauxanimaux.org\/actu\/wp-content\/uploads\/2020\/04\/MUGUET-ATTENTION-1-865x1030.png\" alt=\"\" class=\"wp-image-7680\" width=\"439\" height=\"518\"\/><\/figure><\/div>\n","protected":false},"excerpt":{"rendered":"<p>C&rsquo;est lors d&rsquo;une de ses balades quotidiennes que \u00ab\u00a0B\u00e9b\u00e9 Loup\u00a0\u00bb, petit prot\u00e9g\u00e9 du refuge Fondation Assistance aux Animaux de Carros, a pos\u00e9 pour deux belles photos. Les \u00e9quipes de la Fondation se joignent \u00e0 lui pour vous souhaiter un bon premier mai !<\/p>\n","protected":false},"author":3,"featured_media":7739,"comment_status":"closed","ping_status":"closed","sticky":false,"template":"","format":"standard","meta":{"footnotes":""},"categories":[17],"tags":[],"class_list":["post-7736","post","type-post","status-publish","format-standard","has-post-thumbnail","hentry","category-refuge-de-carros"],"yoast_head":"<!-- This site is optimized with the Yoast SEO plugin v24.5 - https:\/\/yoast.com\/wordpress\/plugins\/seo\/ -->\n<title>&quot;B\u00e9b\u00e9 Loup&quot;, pensionnaire du refuge de Carros, vous souhaite un bon 1er mai ! - Fondation Assistance aux Animaux - Actualit\u00e9s<\/title>\n<meta name=\"robots\" content=\"index, follow, max-snippet:-1, max-image-preview:large, max-video-preview:-1\" \/>\n<link rel=\"canonical\" href=\"https:\/\/www.fondationassistanceauxanimaux.org\/actu\/premier-mai-7736\/\" \/>\n<meta property=\"og:locale\" content=\"fr_FR\" \/>\n<meta property=\"og:type\" content=\"article\" \/>\n<meta property=\"og:title\" content=\"&quot;B\u00e9b\u00e9 Loup&quot;, pensionnaire du refuge de Carros, vous souhaite un bon 1er mai ! - Fondation Assistance aux Animaux - Actualit\u00e9s\" \/>\n<meta property=\"og:description\" content=\"C&rsquo;est lors d&rsquo;une de ses balades quotidiennes que \u00ab\u00a0B\u00e9b\u00e9 Loup\u00a0\u00bb, petit prot\u00e9g\u00e9 du refuge Fondation Assistance aux Animaux de Carros, a pos\u00e9 pour deux belles photos. Les \u00e9quipes de la Fondation se joignent \u00e0 lui pour vous souhaiter un bon premier mai !\" \/>\n<meta property=\"og:url\" content=\"https:\/\/www.fondationassistanceauxanimaux.org\/actu\/premier-mai-7736\/\" \/>\n<meta property=\"og:site_name\" content=\"Fondation Assistance aux Animaux - Actualit\u00e9s\" \/>\n<meta property=\"article:published_time\" content=\"2020-05-01T16:18:04+00:00\" \/>\n<meta property=\"article:modified_time\" content=\"2020-05-01T16:18:30+00:00\" \/>\n<meta property=\"og:image\" content=\"https:\/\/www.fondationassistanceauxanimaux.org\/actu\/wp-content\/uploads\/2020\/05\/2ebcb466-4a12-474c-ae31-e2ab18e91fc5-1.jpg\" \/>\n\t<meta property=\"og:image:width\" content=\"1181\" \/>\n\t<meta property=\"og:image:height\" content=\"1428\" \/>\n\t<meta property=\"og:image:type\" content=\"image\/jpeg\" \/>\n<meta name=\"author\" content=\"No\u00e9\" \/>\n<meta name=\"twitter:card\" content=\"summary_large_image\" \/>\n<meta name=\"twitter:label1\" content=\"\u00c9crit par\" \/>\n\t<meta name=\"twitter:data1\" content=\"No\u00e9\" \/>\n<script type=\"application\/ld+json\" class=\"yoast-schema-graph\">{\"@context\":\"https:\/\/schema.org\",\"@graph\":[{\"@type\":\"WebPage\",\"@id\":\"https:\/\/www.fondationassistanceauxanimaux.org\/actu\/premier-mai-7736\/\",\"url\":\"https:\/\/www.fondationassistanceauxanimaux.org\/actu\/premier-mai-7736\/\",\"name\":\"\\\"B\u00e9b\u00e9 Loup\\\", pensionnaire du refuge de Carros, vous souhaite un bon 1er mai ! - Fondation Assistance aux Animaux - Actualit\u00e9s\",\"isPartOf\":{\"@id\":\"https:\/\/www.fondationassistanceauxanimaux.org\/actu\/#website\"},\"primaryImageOfPage\":{\"@id\":\"https:\/\/www.fondationassistanceauxanimaux.org\/actu\/premier-mai-7736\/#primaryimage\"},\"image\":{\"@id\":\"https:\/\/www.fondationassistanceauxanimaux.org\/actu\/premier-mai-7736\/#primaryimage\"},\"thumbnailUrl\":\"https:\/\/www.fondationassistanceauxanimaux.org\/actu\/wp-content\/uploads\/2020\/05\/2ebcb466-4a12-474c-ae31-e2ab18e91fc5-1.jpg\",\"datePublished\":\"2020-05-01T16:18:04+00:00\",\"dateModified\":\"2020-05-01T16:18:30+00:00\",\"author\":{\"@id\":\"https:\/\/www.fondationassistanceauxanimaux.org\/actu\/#\/schema\/person\/71a8476d98daaea0d71a965c5603e10b\"},\"breadcrumb\":{\"@id\":\"https:\/\/www.fondationassistanceauxanimaux.org\/actu\/premier-mai-7736\/#breadcrumb\"},\"inLanguage\":\"fr-FR\",\"potentialAction\":[{\"@type\":\"ReadAction\",\"target\":[\"https:\/\/www.fondationassistanceauxanimaux.org\/actu\/premier-mai-7736\/\"]}]},{\"@type\":\"ImageObject\",\"inLanguage\":\"fr-FR\",\"@id\":\"https:\/\/www.fondationassistanceauxanimaux.org\/actu\/premier-mai-7736\/#primaryimage\",\"url\":\"https:\/\/www.fondationassistanceauxanimaux.org\/actu\/wp-content\/uploads\/2020\/05\/2ebcb466-4a12-474c-ae31-e2ab18e91fc5-1.jpg\",\"contentUrl\":\"https:\/\/www.fondationassistanceauxanimaux.org\/actu\/wp-content\/uploads\/2020\/05\/2ebcb466-4a12-474c-ae31-e2ab18e91fc5-1.jpg\",\"width\":1181,\"height\":1428},{\"@type\":\"BreadcrumbList\",\"@id\":\"https:\/\/www.fondationassistanceauxanimaux.org\/actu\/premier-mai-7736\/#breadcrumb\",\"itemListElement\":[{\"@type\":\"ListItem\",\"position\":1,\"name\":\"Accueil\",\"item\":\"https:\/\/www.fondationassistanceauxanimaux.org\/actu\/\"},{\"@type\":\"ListItem\",\"position\":2,\"name\":\"\u00ab\u00a0B\u00e9b\u00e9 Loup\u00a0\u00bb, pensionnaire du refuge de Carros, vous souhaite un bon 1er mai !\"}]},{\"@type\":\"WebSite\",\"@id\":\"https:\/\/www.fondationassistanceauxanimaux.org\/actu\/#website\",\"url\":\"https:\/\/www.fondationassistanceauxanimaux.org\/actu\/\",\"name\":\"Fondation Assistance aux Animaux - Actualit\u00e9s\",\"description\":\"Depuis 1930 la Fondation Assistance aux Animaux pour la d\u00e9fense et la protection des animaux maltrait\u00e9s et abandonn\u00e9s\",\"potentialAction\":[{\"@type\":\"SearchAction\",\"target\":{\"@type\":\"EntryPoint\",\"urlTemplate\":\"https:\/\/www.fondationassistanceauxanimaux.org\/actu\/?s={search_term_string}\"},\"query-input\":{\"@type\":\"PropertyValueSpecification\",\"valueRequired\":true,\"valueName\":\"search_term_string\"}}],\"inLanguage\":\"fr-FR\"},{\"@type\":\"Person\",\"@id\":\"https:\/\/www.fondationassistanceauxanimaux.org\/actu\/#\/schema\/person\/71a8476d98daaea0d71a965c5603e10b\",\"name\":\"No\u00e9\",\"image\":{\"@type\":\"ImageObject\",\"inLanguage\":\"fr-FR\",\"@id\":\"https:\/\/www.fondationassistanceauxanimaux.org\/actu\/#\/schema\/person\/image\/\",\"url\":\"https:\/\/secure.gravatar.com\/avatar\/d34cf6c6bd22b3db9c932bc580c4d1ba93c0cda7588a41b59078888ab1e5f007?s=96&d=mm&r=g\",\"contentUrl\":\"https:\/\/secure.gravatar.com\/avatar\/d34cf6c6bd22b3db9c932bc580c4d1ba93c0cda7588a41b59078888ab1e5f007?s=96&d=mm&r=g\",\"caption\":\"No\u00e9\"},\"url\":\"https:\/\/www.fondationassistanceauxanimaux.org\/actu\/author\/anne\/\"}]}<\/script>\n<!-- \/ Yoast SEO plugin. -->","yoast_head_json":{"title":"\"B\u00e9b\u00e9 Loup\", pensionnaire du refuge de Carros, vous souhaite un bon 1er mai ! - Fondation Assistance aux Animaux - Actualit\u00e9s","robots":{"index":"index","follow":"follow","max-snippet":"max-snippet:-1","max-image-preview":"max-image-preview:large","max-video-preview":"max-video-preview:-1"},"canonical":"https:\/\/www.fondationassistanceauxanimaux.org\/actu\/premier-mai-7736\/","og_locale":"fr_FR","og_type":"article","og_title":"\"B\u00e9b\u00e9 Loup\", pensionnaire du refuge de Carros, vous souhaite un bon 1er mai ! - Fondation Assistance aux Animaux - Actualit\u00e9s","og_description":"C&rsquo;est lors d&rsquo;une de ses balades quotidiennes que \u00ab\u00a0B\u00e9b\u00e9 Loup\u00a0\u00bb, petit prot\u00e9g\u00e9 du refuge Fondation Assistance aux Animaux de Carros, a pos\u00e9 pour deux belles photos. Les \u00e9quipes de la Fondation se joignent \u00e0 lui pour vous souhaiter un bon premier mai !","og_url":"https:\/\/www.fondationassistanceauxanimaux.org\/actu\/premier-mai-7736\/","og_site_name":"Fondation Assistance aux Animaux - Actualit\u00e9s","article_published_time":"2020-05-01T16:18:04+00:00","article_modified_time":"2020-05-01T16:18:30+00:00","og_image":[{"width":1181,"height":1428,"url":"https:\/\/www.fondationassistanceauxanimaux.org\/actu\/wp-content\/uploads\/2020\/05\/2ebcb466-4a12-474c-ae31-e2ab18e91fc5-1.jpg","type":"image\/jpeg"}],"author":"No\u00e9","twitter_card":"summary_large_image","twitter_misc":{"\u00c9crit par":"No\u00e9"},"schema":{"@context":"https:\/\/schema.org","@graph":[{"@type":"WebPage","@id":"https:\/\/www.fondationassistanceauxanimaux.org\/actu\/premier-mai-7736\/","url":"https:\/\/www.fondationassistanceauxanimaux.org\/actu\/premier-mai-7736\/","name":"\"B\u00e9b\u00e9 Loup\", pensionnaire du refuge de Carros, vous souhaite un bon 1er mai ! - Fondation Assistance aux Animaux - Actualit\u00e9s","isPartOf":{"@id":"https:\/\/www.fondationassistanceauxanimaux.org\/actu\/#website"},"primaryImageOfPage":{"@id":"https:\/\/www.fondationassistanceauxanimaux.org\/actu\/premier-mai-7736\/#primaryimage"},"image":{"@id":"https:\/\/www.fondationassistanceauxanimaux.org\/actu\/premier-mai-7736\/#primaryimage"},"thumbnailUrl":"https:\/\/www.fondationassistanceauxanimaux.org\/actu\/wp-content\/uploads\/2020\/05\/2ebcb466-4a12-474c-ae31-e2ab18e91fc5-1.jpg","datePublished":"2020-05-01T16:18:04+00:00","dateModified":"2020-05-01T16:18:30+00:00","author":{"@id":"https:\/\/www.fondationassistanceauxanimaux.org\/actu\/#\/schema\/person\/71a8476d98daaea0d71a965c5603e10b"},"breadcrumb":{"@id":"https:\/\/www.fondationassistanceauxanimaux.org\/actu\/premier-mai-7736\/#breadcrumb"},"inLanguage":"fr-FR","potentialAction":[{"@type":"ReadAction","target":["https:\/\/www.fondationassistanceauxanimaux.org\/actu\/premier-mai-7736\/"]}]},{"@type":"ImageObject","inLanguage":"fr-FR","@id":"https:\/\/www.fondationassistanceauxanimaux.org\/actu\/premier-mai-7736\/#primaryimage","url":"https:\/\/www.fondationassistanceauxanimaux.org\/actu\/wp-content\/uploads\/2020\/05\/2ebcb466-4a12-474c-ae31-e2ab18e91fc5-1.jpg","contentUrl":"https:\/\/www.fondationassistanceauxanimaux.org\/actu\/wp-content\/uploads\/2020\/05\/2ebcb466-4a12-474c-ae31-e2ab18e91fc5-1.jpg","width":1181,"height":1428},{"@type":"BreadcrumbList","@id":"https:\/\/www.fondationassistanceauxanimaux.org\/actu\/premier-mai-7736\/#breadcrumb","itemListElement":[{"@type":"ListItem","position":1,"name":"Accueil","item":"https:\/\/www.fondationassistanceauxanimaux.org\/actu\/"},{"@type":"ListItem","position":2,"name":"\u00ab\u00a0B\u00e9b\u00e9 Loup\u00a0\u00bb, pensionnaire du refuge de Carros, vous souhaite un bon 1er mai !"}]},{"@type":"WebSite","@id":"https:\/\/www.fondationassistanceauxanimaux.org\/actu\/#website","url":"https:\/\/www.fondationassistanceauxanimaux.org\/actu\/","name":"Fondation Assistance aux Animaux - Actualit\u00e9s","description":"Depuis 1930 la Fondation Assistance aux Animaux pour la d\u00e9fense et la protection des animaux maltrait\u00e9s et abandonn\u00e9s","potentialAction":[{"@type":"SearchAction","target":{"@type":"EntryPoint","urlTemplate":"https:\/\/www.fondationassistanceauxanimaux.org\/actu\/?s={search_term_string}"},"query-input":{"@type":"PropertyValueSpecification","valueRequired":true,"valueName":"search_term_string"}}],"inLanguage":"fr-FR"},{"@type":"Person","@id":"https:\/\/www.fondationassistanceauxanimaux.org\/actu\/#\/schema\/person\/71a8476d98daaea0d71a965c5603e10b","name":"No\u00e9","image":{"@type":"ImageObject","inLanguage":"fr-FR","@id":"https:\/\/www.fondationassistanceauxanimaux.org\/actu\/#\/schema\/person\/image\/","url":"https:\/\/secure.gravatar.com\/avatar\/d34cf6c6bd22b3db9c932bc580c4d1ba93c0cda7588a41b59078888ab1e5f007?s=96&d=mm&r=g","contentUrl":"https:\/\/secure.gravatar.com\/avatar\/d34cf6c6bd22b3db9c932bc580c4d1ba93c0cda7588a41b59078888ab1e5f007?s=96&d=mm&r=g","caption":"No\u00e9"},"url":"https:\/\/www.fondationassistanceauxanimaux.org\/actu\/author\/anne\/"}]}},"_links":{"self":[{"href":"https:\/\/www.fondationassistanceauxanimaux.org\/actu\/wp-json\/wp\/v2\/posts\/7736","targetHints":{"allow":["GET"]}}],"collection":[{"href":"https:\/\/www.fondationassistanceauxanimaux.org\/actu\/wp-json\/wp\/v2\/posts"}],"about":[{"href":"https:\/\/www.fondationassistanceauxanimaux.org\/actu\/wp-json\/wp\/v2\/types\/post"}],"author":[{"embeddable":true,"href":"https:\/\/www.fondationassistanceauxanimaux.org\/actu\/wp-json\/wp\/v2\/users\/3"}],"replies":[{"embeddable":true,"href":"https:\/\/www.fondationassistanceauxanimaux.org\/actu\/wp-json\/wp\/v2\/comments?post=7736"}],"version-history":[{"count":2,"href":"https:\/\/www.fondationassistanceauxanimaux.org\/actu\/wp-json\/wp\/v2\/posts\/7736\/revisions"}],"predecessor-version":[{"id":7741,"href":"https:\/\/www.fondationassistanceauxanimaux.org\/actu\/wp-json\/wp\/v2\/posts\/7736\/revisions\/7741"}],"wp:featuredmedia":[{"embeddable":true,"href":"https:\/\/www.fondationassistanceauxanimaux.org\/actu\/wp-json\/wp\/v2\/media\/7739"}],"wp:attachment":[{"href":"https:\/\/www.fondationassistanceauxanimaux.org\/actu\/wp-json\/wp\/v2\/media?parent=7736"}],"wp:term":[{"taxonomy":"category","embeddable":true,"href":"https:\/\/www.fondationassistanceauxanimaux.org\/actu\/wp-json\/wp\/v2\/categories?post=7736"},{"taxonomy":"post_tag","embeddable":true,"href":"https:\/\/www.fondationassistanceauxanimaux.org\/actu\/wp-json\/wp\/v2\/tags?post=7736"}],"curies":[{"name":"wp","href":"https:\/\/api.w.org\/{rel}","templated":true}]}}