{"id":7698,"date":"2020-04-30T13:18:56","date_gmt":"2020-04-30T11:18:56","guid":{"rendered":"http:\/\/www.fondationassistanceauxanimaux.org\/actu\/?p=7698"},"modified":"2020-04-30T13:19:58","modified_gmt":"2020-04-30T11:19:58","slug":"adoption-refuge-carros-2","status":"publish","type":"post","link":"https:\/\/www.fondationassistanceauxanimaux.org\/actu\/adoption-refuge-carros-2-7698\/","title":{"rendered":"L&rsquo;adoption de \u00ab\u00a0Nooky\u00a0\u00bb, petit prot\u00e9g\u00e9 du refuge de Carros"},"content":{"rendered":"\n<p><strong>Abandonn\u00e9 par ses propri\u00e9taires peu avant les f\u00eates de fin d&rsquo;ann\u00e9e, \u00ab\u00a0Nooky\u00a0\u00bb a \u00e9t\u00e9 pris en charge au refuge Fondation Assistance aux Animaux de Carros.<\/strong><\/p>\n\n\n\n<p><strong>Aussi costaud que gentil, cet adorable chien a f\u00eat\u00e9 ses 3 ans au refuge en d\u00e9but de confinement, le 23 mars 2020.<\/strong><\/p>\n\n\n\n<p><strong>C&rsquo;est 1 mois apr\u00e8s que son jour de chance est arriv\u00e9 ! Un couple avait eu un coup de coeur pour lui lors d&rsquo;une visite au refuge et ils se sont d\u00e9cid\u00e9s \u00e0 lui offrir la vie qu&rsquo;il m\u00e9rite tant.<\/strong><\/p>\n\n\n\n<p><strong>Un rendez-vous a \u00e9t\u00e9 donn\u00e9 au refuge \u00e0 son adoptant et, tout en respectant les mesures sanitaires li\u00e9es au covid-19, \u00ab\u00a0Nooky\u00a0\u00bb a pu partir dans son nouveau chez lui, heureux adopt\u00e9.<\/strong><\/p>\n\n\n\n<div class=\"wp-block-image\"><figure class=\"aligncenter is-resized\"><img loading=\"lazy\" decoding=\"async\" src=\"https:\/\/www.fondationassistanceauxanimaux.org\/actu\/wp-content\/uploads\/2020\/04\/image2-1-773x1030.jpeg\" alt=\"\" class=\"wp-image-7701\" width=\"470\" height=\"628\" srcset=\"https:\/\/www.fondationassistanceauxanimaux.org\/actu\/wp-content\/uploads\/2020\/04\/image2-1-225x300.jpeg 225w, https:\/\/www.fondationassistanceauxanimaux.org\/actu\/wp-content\/uploads\/2020\/04\/image2-1-768x1024.jpeg 768w, https:\/\/www.fondationassistanceauxanimaux.org\/actu\/wp-content\/uploads\/2020\/04\/image2-1-1152x1536.jpeg 1152w, https:\/\/www.fondationassistanceauxanimaux.org\/actu\/wp-content\/uploads\/2020\/04\/image2-1-1125x1500.jpeg 1125w, https:\/\/www.fondationassistanceauxanimaux.org\/actu\/wp-content\/uploads\/2020\/04\/image2-1.jpeg 1200w\" sizes=\"auto, (max-width: 470px) 100vw, 470px\" \/><figcaption>\u00ab\u00a0Nooky\u00a0\u00bb, photo de d\u00e9part du refuge<\/figcaption><\/figure><\/div>\n\n\n\n<figure class=\"wp-block-gallery columns-2 is-cropped wp-block-gallery-1 is-layout-flex wp-block-gallery-is-layout-flex\"><ul class=\"blocks-gallery-grid\"><li class=\"blocks-gallery-item\"><figure><img loading=\"lazy\" decoding=\"async\" width=\"819\" height=\"1030\" src=\"https:\/\/www.fondationassistanceauxanimaux.org\/actu\/wp-content\/uploads\/2020\/04\/image1-1-819x1030.jpeg\" alt=\"\" data-id=\"7700\" data-full-url=\"https:\/\/www.fondationassistanceauxanimaux.org\/actu\/wp-content\/uploads\/2020\/04\/image1-1.jpeg\" data-link=\"https:\/\/www.fondationassistanceauxanimaux.org\/actu\/?attachment_id=7700\" class=\"wp-image-7700\" srcset=\"https:\/\/www.fondationassistanceauxanimaux.org\/actu\/wp-content\/uploads\/2020\/04\/image1-1-819x1030.jpeg 819w, https:\/\/www.fondationassistanceauxanimaux.org\/actu\/wp-content\/uploads\/2020\/04\/image1-1-239x300.jpeg 239w, https:\/\/www.fondationassistanceauxanimaux.org\/actu\/wp-content\/uploads\/2020\/04\/image1-1-768x966.jpeg 768w, https:\/\/www.fondationassistanceauxanimaux.org\/actu\/wp-content\/uploads\/2020\/04\/image1-1-1221x1536.jpeg 1221w, https:\/\/www.fondationassistanceauxanimaux.org\/actu\/wp-content\/uploads\/2020\/04\/image1-1-1193x1500.jpeg 1193w, https:\/\/www.fondationassistanceauxanimaux.org\/actu\/wp-content\/uploads\/2020\/04\/image1-1-560x705.jpeg 560w, https:\/\/www.fondationassistanceauxanimaux.org\/actu\/wp-content\/uploads\/2020\/04\/image1-1.jpeg 1272w\" sizes=\"auto, (max-width: 819px) 100vw, 819px\" \/><figcaption class=\"blocks-gallery-item__caption\">Souvenir de \u00ab\u00a0Nooky\u00a0\u00bb qui joue au refuge<\/figcaption><\/figure><\/li><li class=\"blocks-gallery-item\"><figure><img loading=\"lazy\" decoding=\"async\" width=\"972\" height=\"1030\" src=\"https:\/\/www.fondationassistanceauxanimaux.org\/actu\/wp-content\/uploads\/2020\/04\/image0-972x1030.jpeg\" alt=\"\" data-id=\"7699\" data-full-url=\"https:\/\/www.fondationassistanceauxanimaux.org\/actu\/wp-content\/uploads\/2020\/04\/image0.jpeg\" data-link=\"https:\/\/www.fondationassistanceauxanimaux.org\/actu\/?attachment_id=7699\" class=\"wp-image-7699\" srcset=\"https:\/\/www.fondationassistanceauxanimaux.org\/actu\/wp-content\/uploads\/2020\/04\/image0-972x1030.jpeg 972w, https:\/\/www.fondationassistanceauxanimaux.org\/actu\/wp-content\/uploads\/2020\/04\/image0-283x300.jpeg 283w, https:\/\/www.fondationassistanceauxanimaux.org\/actu\/wp-content\/uploads\/2020\/04\/image0-768x814.jpeg 768w, https:\/\/www.fondationassistanceauxanimaux.org\/actu\/wp-content\/uploads\/2020\/04\/image0-1450x1536.jpeg 1450w, https:\/\/www.fondationassistanceauxanimaux.org\/actu\/wp-content\/uploads\/2020\/04\/image0-1416x1500.jpeg 1416w, https:\/\/www.fondationassistanceauxanimaux.org\/actu\/wp-content\/uploads\/2020\/04\/image0-665x705.jpeg 665w, https:\/\/www.fondationassistanceauxanimaux.org\/actu\/wp-content\/uploads\/2020\/04\/image0.jpeg 1510w\" sizes=\"auto, (max-width: 972px) 100vw, 972px\" \/><figcaption class=\"blocks-gallery-item__caption\">Le beau \u00ab\u00a0Nooky\u00a0\u00bb<\/figcaption><\/figure><\/li><\/ul><\/figure>\n","protected":false},"excerpt":{"rendered":"<p>Abandonn\u00e9 par ses propri\u00e9taires peu avant les f\u00eates de fin d&rsquo;ann\u00e9e, \u00ab\u00a0Nooky\u00a0\u00bb a \u00e9t\u00e9 pris en charge au refuge Fondation Assistance aux Animaux de Carros. Aussi costaud que gentil, cet adorable chien a f\u00eat\u00e9 ses 3 ans au refuge en d\u00e9but de confinement, le 23 mars 2020. C&rsquo;est 1 mois apr\u00e8s que son jour de [&hellip;]<\/p>\n","protected":false},"author":3,"featured_media":7703,"comment_status":"closed","ping_status":"closed","sticky":false,"template":"","format":"standard","meta":{"footnotes":""},"categories":[17],"tags":[],"class_list":["post-7698","post","type-post","status-publish","format-standard","has-post-thumbnail","hentry","category-refuge-de-carros"],"yoast_head":"<!-- This site is optimized with the Yoast SEO plugin v24.5 - https:\/\/yoast.com\/wordpress\/plugins\/seo\/ -->\n<title>L&#039;adoption de &quot;Nooky&quot;, petit prot\u00e9g\u00e9 du refuge de Carros - Fondation Assistance aux Animaux - Actualit\u00e9s<\/title>\n<meta name=\"robots\" content=\"index, follow, max-snippet:-1, max-image-preview:large, max-video-preview:-1\" \/>\n<link rel=\"canonical\" href=\"https:\/\/www.fondationassistanceauxanimaux.org\/actu\/adoption-refuge-carros-2-7698\/\" \/>\n<meta property=\"og:locale\" content=\"fr_FR\" \/>\n<meta property=\"og:type\" content=\"article\" \/>\n<meta property=\"og:title\" content=\"L&#039;adoption de &quot;Nooky&quot;, petit prot\u00e9g\u00e9 du refuge de Carros - Fondation Assistance aux Animaux - Actualit\u00e9s\" \/>\n<meta property=\"og:description\" content=\"Abandonn\u00e9 par ses propri\u00e9taires peu avant les f\u00eates de fin d&rsquo;ann\u00e9e, \u00ab\u00a0Nooky\u00a0\u00bb a \u00e9t\u00e9 pris en charge au refuge Fondation Assistance aux Animaux de Carros. Aussi costaud que gentil, cet adorable chien a f\u00eat\u00e9 ses 3 ans au refuge en d\u00e9but de confinement, le 23 mars 2020. C&rsquo;est 1 mois apr\u00e8s que son jour de [&hellip;]\" \/>\n<meta property=\"og:url\" content=\"https:\/\/www.fondationassistanceauxanimaux.org\/actu\/adoption-refuge-carros-2-7698\/\" \/>\n<meta property=\"og:site_name\" content=\"Fondation Assistance aux Animaux - Actualit\u00e9s\" \/>\n<meta property=\"article:published_time\" content=\"2020-04-30T11:18:56+00:00\" \/>\n<meta property=\"article:modified_time\" content=\"2020-04-30T11:19:58+00:00\" \/>\n<meta property=\"og:image\" content=\"https:\/\/www.fondationassistanceauxanimaux.org\/actu\/wp-content\/uploads\/2020\/04\/image2-2.jpeg\" \/>\n\t<meta property=\"og:image:width\" content=\"1200\" \/>\n\t<meta property=\"og:image:height\" content=\"1233\" \/>\n\t<meta property=\"og:image:type\" content=\"image\/jpeg\" \/>\n<meta name=\"author\" content=\"No\u00e9\" \/>\n<meta name=\"twitter:card\" content=\"summary_large_image\" \/>\n<meta name=\"twitter:label1\" content=\"\u00c9crit par\" \/>\n\t<meta name=\"twitter:data1\" content=\"No\u00e9\" \/>\n\t<meta name=\"twitter:label2\" content=\"Dur\u00e9e de lecture estim\u00e9e\" \/>\n\t<meta name=\"twitter:data2\" content=\"1 minute\" \/>\n<script type=\"application\/ld+json\" class=\"yoast-schema-graph\">{\"@context\":\"https:\/\/schema.org\",\"@graph\":[{\"@type\":\"WebPage\",\"@id\":\"https:\/\/www.fondationassistanceauxanimaux.org\/actu\/adoption-refuge-carros-2-7698\/\",\"url\":\"https:\/\/www.fondationassistanceauxanimaux.org\/actu\/adoption-refuge-carros-2-7698\/\",\"name\":\"L'adoption de \\\"Nooky\\\", petit prot\u00e9g\u00e9 du refuge de Carros - Fondation Assistance aux Animaux - Actualit\u00e9s\",\"isPartOf\":{\"@id\":\"https:\/\/www.fondationassistanceauxanimaux.org\/actu\/#website\"},\"primaryImageOfPage\":{\"@id\":\"https:\/\/www.fondationassistanceauxanimaux.org\/actu\/adoption-refuge-carros-2-7698\/#primaryimage\"},\"image\":{\"@id\":\"https:\/\/www.fondationassistanceauxanimaux.org\/actu\/adoption-refuge-carros-2-7698\/#primaryimage\"},\"thumbnailUrl\":\"https:\/\/www.fondationassistanceauxanimaux.org\/actu\/wp-content\/uploads\/2020\/04\/image2-2.jpeg\",\"datePublished\":\"2020-04-30T11:18:56+00:00\",\"dateModified\":\"2020-04-30T11:19:58+00:00\",\"author\":{\"@id\":\"https:\/\/www.fondationassistanceauxanimaux.org\/actu\/#\/schema\/person\/71a8476d98daaea0d71a965c5603e10b\"},\"breadcrumb\":{\"@id\":\"https:\/\/www.fondationassistanceauxanimaux.org\/actu\/adoption-refuge-carros-2-7698\/#breadcrumb\"},\"inLanguage\":\"fr-FR\",\"potentialAction\":[{\"@type\":\"ReadAction\",\"target\":[\"https:\/\/www.fondationassistanceauxanimaux.org\/actu\/adoption-refuge-carros-2-7698\/\"]}]},{\"@type\":\"ImageObject\",\"inLanguage\":\"fr-FR\",\"@id\":\"https:\/\/www.fondationassistanceauxanimaux.org\/actu\/adoption-refuge-carros-2-7698\/#primaryimage\",\"url\":\"https:\/\/www.fondationassistanceauxanimaux.org\/actu\/wp-content\/uploads\/2020\/04\/image2-2.jpeg\",\"contentUrl\":\"https:\/\/www.fondationassistanceauxanimaux.org\/actu\/wp-content\/uploads\/2020\/04\/image2-2.jpeg\",\"width\":1200,\"height\":1233},{\"@type\":\"BreadcrumbList\",\"@id\":\"https:\/\/www.fondationassistanceauxanimaux.org\/actu\/adoption-refuge-carros-2-7698\/#breadcrumb\",\"itemListElement\":[{\"@type\":\"ListItem\",\"position\":1,\"name\":\"Accueil\",\"item\":\"https:\/\/www.fondationassistanceauxanimaux.org\/actu\/\"},{\"@type\":\"ListItem\",\"position\":2,\"name\":\"L&rsquo;adoption de \u00ab\u00a0Nooky\u00a0\u00bb, petit prot\u00e9g\u00e9 du refuge de Carros\"}]},{\"@type\":\"WebSite\",\"@id\":\"https:\/\/www.fondationassistanceauxanimaux.org\/actu\/#website\",\"url\":\"https:\/\/www.fondationassistanceauxanimaux.org\/actu\/\",\"name\":\"Fondation Assistance aux Animaux - Actualit\u00e9s\",\"description\":\"Depuis 1930 la Fondation Assistance aux Animaux pour la d\u00e9fense et la protection des animaux maltrait\u00e9s et abandonn\u00e9s\",\"potentialAction\":[{\"@type\":\"SearchAction\",\"target\":{\"@type\":\"EntryPoint\",\"urlTemplate\":\"https:\/\/www.fondationassistanceauxanimaux.org\/actu\/?s={search_term_string}\"},\"query-input\":{\"@type\":\"PropertyValueSpecification\",\"valueRequired\":true,\"valueName\":\"search_term_string\"}}],\"inLanguage\":\"fr-FR\"},{\"@type\":\"Person\",\"@id\":\"https:\/\/www.fondationassistanceauxanimaux.org\/actu\/#\/schema\/person\/71a8476d98daaea0d71a965c5603e10b\",\"name\":\"No\u00e9\",\"image\":{\"@type\":\"ImageObject\",\"inLanguage\":\"fr-FR\",\"@id\":\"https:\/\/www.fondationassistanceauxanimaux.org\/actu\/#\/schema\/person\/image\/\",\"url\":\"https:\/\/secure.gravatar.com\/avatar\/d34cf6c6bd22b3db9c932bc580c4d1ba93c0cda7588a41b59078888ab1e5f007?s=96&d=mm&r=g\",\"contentUrl\":\"https:\/\/secure.gravatar.com\/avatar\/d34cf6c6bd22b3db9c932bc580c4d1ba93c0cda7588a41b59078888ab1e5f007?s=96&d=mm&r=g\",\"caption\":\"No\u00e9\"},\"url\":\"https:\/\/www.fondationassistanceauxanimaux.org\/actu\/author\/anne\/\"}]}<\/script>\n<!-- \/ Yoast SEO plugin. -->","yoast_head_json":{"title":"L'adoption de \"Nooky\", petit prot\u00e9g\u00e9 du refuge de Carros - Fondation Assistance aux Animaux - Actualit\u00e9s","robots":{"index":"index","follow":"follow","max-snippet":"max-snippet:-1","max-image-preview":"max-image-preview:large","max-video-preview":"max-video-preview:-1"},"canonical":"https:\/\/www.fondationassistanceauxanimaux.org\/actu\/adoption-refuge-carros-2-7698\/","og_locale":"fr_FR","og_type":"article","og_title":"L'adoption de \"Nooky\", petit prot\u00e9g\u00e9 du refuge de Carros - Fondation Assistance aux Animaux - Actualit\u00e9s","og_description":"Abandonn\u00e9 par ses propri\u00e9taires peu avant les f\u00eates de fin d&rsquo;ann\u00e9e, \u00ab\u00a0Nooky\u00a0\u00bb a \u00e9t\u00e9 pris en charge au refuge Fondation Assistance aux Animaux de Carros. Aussi costaud que gentil, cet adorable chien a f\u00eat\u00e9 ses 3 ans au refuge en d\u00e9but de confinement, le 23 mars 2020. C&rsquo;est 1 mois apr\u00e8s que son jour de [&hellip;]","og_url":"https:\/\/www.fondationassistanceauxanimaux.org\/actu\/adoption-refuge-carros-2-7698\/","og_site_name":"Fondation Assistance aux Animaux - Actualit\u00e9s","article_published_time":"2020-04-30T11:18:56+00:00","article_modified_time":"2020-04-30T11:19:58+00:00","og_image":[{"width":1200,"height":1233,"url":"https:\/\/www.fondationassistanceauxanimaux.org\/actu\/wp-content\/uploads\/2020\/04\/image2-2.jpeg","type":"image\/jpeg"}],"author":"No\u00e9","twitter_card":"summary_large_image","twitter_misc":{"\u00c9crit par":"No\u00e9","Dur\u00e9e de lecture estim\u00e9e":"1 minute"},"schema":{"@context":"https:\/\/schema.org","@graph":[{"@type":"WebPage","@id":"https:\/\/www.fondationassistanceauxanimaux.org\/actu\/adoption-refuge-carros-2-7698\/","url":"https:\/\/www.fondationassistanceauxanimaux.org\/actu\/adoption-refuge-carros-2-7698\/","name":"L'adoption de \"Nooky\", petit prot\u00e9g\u00e9 du refuge de Carros - Fondation Assistance aux Animaux - Actualit\u00e9s","isPartOf":{"@id":"https:\/\/www.fondationassistanceauxanimaux.org\/actu\/#website"},"primaryImageOfPage":{"@id":"https:\/\/www.fondationassistanceauxanimaux.org\/actu\/adoption-refuge-carros-2-7698\/#primaryimage"},"image":{"@id":"https:\/\/www.fondationassistanceauxanimaux.org\/actu\/adoption-refuge-carros-2-7698\/#primaryimage"},"thumbnailUrl":"https:\/\/www.fondationassistanceauxanimaux.org\/actu\/wp-content\/uploads\/2020\/04\/image2-2.jpeg","datePublished":"2020-04-30T11:18:56+00:00","dateModified":"2020-04-30T11:19:58+00:00","author":{"@id":"https:\/\/www.fondationassistanceauxanimaux.org\/actu\/#\/schema\/person\/71a8476d98daaea0d71a965c5603e10b"},"breadcrumb":{"@id":"https:\/\/www.fondationassistanceauxanimaux.org\/actu\/adoption-refuge-carros-2-7698\/#breadcrumb"},"inLanguage":"fr-FR","potentialAction":[{"@type":"ReadAction","target":["https:\/\/www.fondationassistanceauxanimaux.org\/actu\/adoption-refuge-carros-2-7698\/"]}]},{"@type":"ImageObject","inLanguage":"fr-FR","@id":"https:\/\/www.fondationassistanceauxanimaux.org\/actu\/adoption-refuge-carros-2-7698\/#primaryimage","url":"https:\/\/www.fondationassistanceauxanimaux.org\/actu\/wp-content\/uploads\/2020\/04\/image2-2.jpeg","contentUrl":"https:\/\/www.fondationassistanceauxanimaux.org\/actu\/wp-content\/uploads\/2020\/04\/image2-2.jpeg","width":1200,"height":1233},{"@type":"BreadcrumbList","@id":"https:\/\/www.fondationassistanceauxanimaux.org\/actu\/adoption-refuge-carros-2-7698\/#breadcrumb","itemListElement":[{"@type":"ListItem","position":1,"name":"Accueil","item":"https:\/\/www.fondationassistanceauxanimaux.org\/actu\/"},{"@type":"ListItem","position":2,"name":"L&rsquo;adoption de \u00ab\u00a0Nooky\u00a0\u00bb, petit prot\u00e9g\u00e9 du refuge de Carros"}]},{"@type":"WebSite","@id":"https:\/\/www.fondationassistanceauxanimaux.org\/actu\/#website","url":"https:\/\/www.fondationassistanceauxanimaux.org\/actu\/","name":"Fondation Assistance aux Animaux - Actualit\u00e9s","description":"Depuis 1930 la Fondation Assistance aux Animaux pour la d\u00e9fense et la protection des animaux maltrait\u00e9s et abandonn\u00e9s","potentialAction":[{"@type":"SearchAction","target":{"@type":"EntryPoint","urlTemplate":"https:\/\/www.fondationassistanceauxanimaux.org\/actu\/?s={search_term_string}"},"query-input":{"@type":"PropertyValueSpecification","valueRequired":true,"valueName":"search_term_string"}}],"inLanguage":"fr-FR"},{"@type":"Person","@id":"https:\/\/www.fondationassistanceauxanimaux.org\/actu\/#\/schema\/person\/71a8476d98daaea0d71a965c5603e10b","name":"No\u00e9","image":{"@type":"ImageObject","inLanguage":"fr-FR","@id":"https:\/\/www.fondationassistanceauxanimaux.org\/actu\/#\/schema\/person\/image\/","url":"https:\/\/secure.gravatar.com\/avatar\/d34cf6c6bd22b3db9c932bc580c4d1ba93c0cda7588a41b59078888ab1e5f007?s=96&d=mm&r=g","contentUrl":"https:\/\/secure.gravatar.com\/avatar\/d34cf6c6bd22b3db9c932bc580c4d1ba93c0cda7588a41b59078888ab1e5f007?s=96&d=mm&r=g","caption":"No\u00e9"},"url":"https:\/\/www.fondationassistanceauxanimaux.org\/actu\/author\/anne\/"}]}},"_links":{"self":[{"href":"https:\/\/www.fondationassistanceauxanimaux.org\/actu\/wp-json\/wp\/v2\/posts\/7698","targetHints":{"allow":["GET"]}}],"collection":[{"href":"https:\/\/www.fondationassistanceauxanimaux.org\/actu\/wp-json\/wp\/v2\/posts"}],"about":[{"href":"https:\/\/www.fondationassistanceauxanimaux.org\/actu\/wp-json\/wp\/v2\/types\/post"}],"author":[{"embeddable":true,"href":"https:\/\/www.fondationassistanceauxanimaux.org\/actu\/wp-json\/wp\/v2\/users\/3"}],"replies":[{"embeddable":true,"href":"https:\/\/www.fondationassistanceauxanimaux.org\/actu\/wp-json\/wp\/v2\/comments?post=7698"}],"version-history":[{"count":1,"href":"https:\/\/www.fondationassistanceauxanimaux.org\/actu\/wp-json\/wp\/v2\/posts\/7698\/revisions"}],"predecessor-version":[{"id":7702,"href":"https:\/\/www.fondationassistanceauxanimaux.org\/actu\/wp-json\/wp\/v2\/posts\/7698\/revisions\/7702"}],"wp:featuredmedia":[{"embeddable":true,"href":"https:\/\/www.fondationassistanceauxanimaux.org\/actu\/wp-json\/wp\/v2\/media\/7703"}],"wp:attachment":[{"href":"https:\/\/www.fondationassistanceauxanimaux.org\/actu\/wp-json\/wp\/v2\/media?parent=7698"}],"wp:term":[{"taxonomy":"category","embeddable":true,"href":"https:\/\/www.fondationassistanceauxanimaux.org\/actu\/wp-json\/wp\/v2\/categories?post=7698"},{"taxonomy":"post_tag","embeddable":true,"href":"https:\/\/www.fondationassistanceauxanimaux.org\/actu\/wp-json\/wp\/v2\/tags?post=7698"}],"curies":[{"name":"wp","href":"https:\/\/api.w.org\/{rel}","templated":true}]}}