{"id":7654,"date":"2020-04-27T12:08:01","date_gmt":"2020-04-27T10:08:01","guid":{"rendered":"http:\/\/www.fondationassistanceauxanimaux.org\/actu\/?p=7654"},"modified":"2020-04-27T12:08:51","modified_gmt":"2020-04-27T10:08:51","slug":"double-adoption-sauvetage","status":"publish","type":"post","link":"https:\/\/www.fondationassistanceauxanimaux.org\/actu\/double-adoption-sauvetage-7654\/","title":{"rendered":"H\u00e9nia et Raven, deux heureux adopt\u00e9s du refuge de Carros"},"content":{"rendered":"\n<p><strong>En 2012, dans notre refuge de Carros, \u00ab\u00a0Raven\u00a0\u00bb a eu la chance de faire la rencontre qui a chang\u00e9 sa vie. Son adoptante a pouss\u00e9 la porte du refuge, et apr\u00e8s un petit tour des enclos, elle est tomb\u00e9e sous le charme de ce beau p\u00e9p\u00e8re de 45 kilos ! Nos animaliers lui ont expliqu\u00e9 qu&rsquo;il n&rsquo;avait pas eu beaucoup de chance dans la vie car il avait \u00e9t\u00e9 abandonn\u00e9 par son ancien propri\u00e9taire&#8230;&nbsp;<\/strong><\/p>\n\n\n\n<p><strong>Un an plus tard, cette m\u00eame adoptante est revenue dans notre refuge de Carros avec le d\u00e9sir d&rsquo;offrir une seconde vie \u00e0 un malheureux qui n&rsquo;avait pas eu de chance. <\/strong><\/p>\n\n\n\n<p><strong>La magie a op\u00e9r\u00e9 une seconde fois ! Cette fois-ci avec la magnifique \u00ab\u00a0H\u00e9nia\u00a0\u00bb. Cette adorable<\/strong> <strong>chienne \u00e9tait loin d&rsquo;imaginer que sa vie allait compl\u00e8tement changer. <\/strong><\/p>\n\n\n\n<p><strong>Elle qui \u00e9tait utilis\u00e9e pour de la reproduction intensive et vivait constamment enferm\u00e9e dans un local&#8230;<\/strong><\/p>\n\n\n\n<p><strong>Voil\u00e0 donc, 8 et 7 ans que \u00ab\u00a0Raven\u00a0\u00bb et \u00ab\u00a0H\u00e9nia\u00a0\u00bb partagent leur quotidien et qu&rsquo;ils sont combl\u00e9s de bonheur par leur adoptante. <\/strong><\/p>\n\n\n\n<p><strong>Ces deux-l\u00e0 le lui rendent tr\u00e8s bien ! Tous les petits prot\u00e9g\u00e9s de nos refuges ont une histoire diff\u00e9rente, un pass\u00e9 (souvent) douloureux et leur capacit\u00e9 de r\u00e9silience est extraordinaire.<\/strong><\/p>\n\n\n\n<p><strong>Ils ne demandent qu&rsquo;une chose : \u00eatre aim\u00e9 \u00e0 leur juste valeur et conna\u00eetre (enfin) la joie d&rsquo;une vie de famille.<\/strong><\/p>\n\n\n\n<figure class=\"wp-block-gallery columns-2 is-cropped wp-block-gallery-1 is-layout-flex wp-block-gallery-is-layout-flex\"><ul class=\"blocks-gallery-grid\"><li class=\"blocks-gallery-item\"><figure><img loading=\"lazy\" decoding=\"async\" width=\"773\" height=\"1030\" src=\"https:\/\/www.fondationassistanceauxanimaux.org\/actu\/wp-content\/uploads\/2020\/04\/IMG_7502-773x1030.jpg\" alt=\"\" data-id=\"7655\" data-full-url=\"https:\/\/www.fondationassistanceauxanimaux.org\/actu\/wp-content\/uploads\/2020\/04\/IMG_7502.jpg\" data-link=\"https:\/\/www.fondationassistanceauxanimaux.org\/actu\/?attachment_id=7655\" class=\"wp-image-7655\" srcset=\"https:\/\/www.fondationassistanceauxanimaux.org\/actu\/wp-content\/uploads\/2020\/04\/IMG_7502-773x1030.jpg 773w, https:\/\/www.fondationassistanceauxanimaux.org\/actu\/wp-content\/uploads\/2020\/04\/IMG_7502-225x300.jpg 225w, https:\/\/www.fondationassistanceauxanimaux.org\/actu\/wp-content\/uploads\/2020\/04\/IMG_7502-768x1024.jpg 768w, https:\/\/www.fondationassistanceauxanimaux.org\/actu\/wp-content\/uploads\/2020\/04\/IMG_7502-1152x1536.jpg 1152w, https:\/\/www.fondationassistanceauxanimaux.org\/actu\/wp-content\/uploads\/2020\/04\/IMG_7502-1125x1500.jpg 1125w, https:\/\/www.fondationassistanceauxanimaux.org\/actu\/wp-content\/uploads\/2020\/04\/IMG_7502-529x705.jpg 529w, https:\/\/www.fondationassistanceauxanimaux.org\/actu\/wp-content\/uploads\/2020\/04\/IMG_7502.jpg 1536w\" sizes=\"auto, (max-width: 773px) 100vw, 773px\" \/><\/figure><\/li><li class=\"blocks-gallery-item\"><figure><img loading=\"lazy\" decoding=\"async\" width=\"773\" height=\"1030\" src=\"https:\/\/www.fondationassistanceauxanimaux.org\/actu\/wp-content\/uploads\/2020\/04\/IMG_7503-773x1030.jpg\" alt=\"\" data-id=\"7656\" data-full-url=\"https:\/\/www.fondationassistanceauxanimaux.org\/actu\/wp-content\/uploads\/2020\/04\/IMG_7503.jpg\" data-link=\"https:\/\/www.fondationassistanceauxanimaux.org\/actu\/?attachment_id=7656\" class=\"wp-image-7656\" srcset=\"https:\/\/www.fondationassistanceauxanimaux.org\/actu\/wp-content\/uploads\/2020\/04\/IMG_7503-773x1030.jpg 773w, https:\/\/www.fondationassistanceauxanimaux.org\/actu\/wp-content\/uploads\/2020\/04\/IMG_7503-225x300.jpg 225w, https:\/\/www.fondationassistanceauxanimaux.org\/actu\/wp-content\/uploads\/2020\/04\/IMG_7503-768x1024.jpg 768w, https:\/\/www.fondationassistanceauxanimaux.org\/actu\/wp-content\/uploads\/2020\/04\/IMG_7503-1152x1536.jpg 1152w, https:\/\/www.fondationassistanceauxanimaux.org\/actu\/wp-content\/uploads\/2020\/04\/IMG_7503-1125x1500.jpg 1125w, https:\/\/www.fondationassistanceauxanimaux.org\/actu\/wp-content\/uploads\/2020\/04\/IMG_7503-529x705.jpg 529w, https:\/\/www.fondationassistanceauxanimaux.org\/actu\/wp-content\/uploads\/2020\/04\/IMG_7503.jpg 1536w\" sizes=\"auto, (max-width: 773px) 100vw, 773px\" \/><\/figure><\/li><\/ul><\/figure>\n","protected":false},"excerpt":{"rendered":"<p>En 2012, dans notre refuge de Carros, \u00ab\u00a0Raven\u00a0\u00bb a eu la chance de faire la rencontre qui a chang\u00e9 sa vie. Son adoptante a pouss\u00e9 la porte du refuge, et apr\u00e8s un petit tour des enclos, elle est tomb\u00e9e sous le charme de ce beau p\u00e9p\u00e8re de 45 kilos ! Nos animaliers lui ont expliqu\u00e9 [&hellip;]<\/p>\n","protected":false},"author":3,"featured_media":7657,"comment_status":"closed","ping_status":"closed","sticky":false,"template":"","format":"standard","meta":{"footnotes":""},"categories":[17],"tags":[],"class_list":["post-7654","post","type-post","status-publish","format-standard","has-post-thumbnail","hentry","category-refuge-de-carros"],"yoast_head":"<!-- This site is optimized with the Yoast SEO plugin v24.5 - https:\/\/yoast.com\/wordpress\/plugins\/seo\/ -->\n<title>H\u00e9nia et Raven, deux heureux adopt\u00e9s du refuge de Carros - Fondation Assistance aux Animaux - Actualit\u00e9s<\/title>\n<meta name=\"robots\" content=\"index, follow, max-snippet:-1, max-image-preview:large, max-video-preview:-1\" \/>\n<link rel=\"canonical\" href=\"https:\/\/www.fondationassistanceauxanimaux.org\/actu\/double-adoption-sauvetage-7654\/\" \/>\n<meta property=\"og:locale\" content=\"fr_FR\" \/>\n<meta property=\"og:type\" content=\"article\" \/>\n<meta property=\"og:title\" content=\"H\u00e9nia et Raven, deux heureux adopt\u00e9s du refuge de Carros - Fondation Assistance aux Animaux - Actualit\u00e9s\" \/>\n<meta property=\"og:description\" content=\"En 2012, dans notre refuge de Carros, \u00ab\u00a0Raven\u00a0\u00bb a eu la chance de faire la rencontre qui a chang\u00e9 sa vie. Son adoptante a pouss\u00e9 la porte du refuge, et apr\u00e8s un petit tour des enclos, elle est tomb\u00e9e sous le charme de ce beau p\u00e9p\u00e8re de 45 kilos ! Nos animaliers lui ont expliqu\u00e9 [&hellip;]\" \/>\n<meta property=\"og:url\" content=\"https:\/\/www.fondationassistanceauxanimaux.org\/actu\/double-adoption-sauvetage-7654\/\" \/>\n<meta property=\"og:site_name\" content=\"Fondation Assistance aux Animaux - Actualit\u00e9s\" \/>\n<meta property=\"article:published_time\" content=\"2020-04-27T10:08:01+00:00\" \/>\n<meta property=\"article:modified_time\" content=\"2020-04-27T10:08:51+00:00\" \/>\n<meta property=\"og:image\" content=\"https:\/\/www.fondationassistanceauxanimaux.org\/actu\/wp-content\/uploads\/2020\/04\/H\u00e9nia-Raven.png\" \/>\n\t<meta property=\"og:image:width\" content=\"940\" \/>\n\t<meta property=\"og:image:height\" content=\"788\" \/>\n\t<meta property=\"og:image:type\" content=\"image\/png\" \/>\n<meta name=\"author\" content=\"No\u00e9\" \/>\n<meta name=\"twitter:card\" content=\"summary_large_image\" \/>\n<meta name=\"twitter:label1\" content=\"\u00c9crit par\" \/>\n\t<meta name=\"twitter:data1\" content=\"No\u00e9\" \/>\n\t<meta name=\"twitter:label2\" content=\"Dur\u00e9e de lecture estim\u00e9e\" \/>\n\t<meta name=\"twitter:data2\" content=\"1 minute\" \/>\n<script type=\"application\/ld+json\" class=\"yoast-schema-graph\">{\"@context\":\"https:\/\/schema.org\",\"@graph\":[{\"@type\":\"WebPage\",\"@id\":\"https:\/\/www.fondationassistanceauxanimaux.org\/actu\/double-adoption-sauvetage-7654\/\",\"url\":\"https:\/\/www.fondationassistanceauxanimaux.org\/actu\/double-adoption-sauvetage-7654\/\",\"name\":\"H\u00e9nia et Raven, deux heureux adopt\u00e9s du refuge de Carros - Fondation Assistance aux Animaux - Actualit\u00e9s\",\"isPartOf\":{\"@id\":\"https:\/\/www.fondationassistanceauxanimaux.org\/actu\/#website\"},\"primaryImageOfPage\":{\"@id\":\"https:\/\/www.fondationassistanceauxanimaux.org\/actu\/double-adoption-sauvetage-7654\/#primaryimage\"},\"image\":{\"@id\":\"https:\/\/www.fondationassistanceauxanimaux.org\/actu\/double-adoption-sauvetage-7654\/#primaryimage\"},\"thumbnailUrl\":\"https:\/\/www.fondationassistanceauxanimaux.org\/actu\/wp-content\/uploads\/2020\/04\/H\u00e9nia-Raven.png\",\"datePublished\":\"2020-04-27T10:08:01+00:00\",\"dateModified\":\"2020-04-27T10:08:51+00:00\",\"author\":{\"@id\":\"https:\/\/www.fondationassistanceauxanimaux.org\/actu\/#\/schema\/person\/71a8476d98daaea0d71a965c5603e10b\"},\"breadcrumb\":{\"@id\":\"https:\/\/www.fondationassistanceauxanimaux.org\/actu\/double-adoption-sauvetage-7654\/#breadcrumb\"},\"inLanguage\":\"fr-FR\",\"potentialAction\":[{\"@type\":\"ReadAction\",\"target\":[\"https:\/\/www.fondationassistanceauxanimaux.org\/actu\/double-adoption-sauvetage-7654\/\"]}]},{\"@type\":\"ImageObject\",\"inLanguage\":\"fr-FR\",\"@id\":\"https:\/\/www.fondationassistanceauxanimaux.org\/actu\/double-adoption-sauvetage-7654\/#primaryimage\",\"url\":\"https:\/\/www.fondationassistanceauxanimaux.org\/actu\/wp-content\/uploads\/2020\/04\/H\u00e9nia-Raven.png\",\"contentUrl\":\"https:\/\/www.fondationassistanceauxanimaux.org\/actu\/wp-content\/uploads\/2020\/04\/H\u00e9nia-Raven.png\",\"width\":940,\"height\":788},{\"@type\":\"BreadcrumbList\",\"@id\":\"https:\/\/www.fondationassistanceauxanimaux.org\/actu\/double-adoption-sauvetage-7654\/#breadcrumb\",\"itemListElement\":[{\"@type\":\"ListItem\",\"position\":1,\"name\":\"Accueil\",\"item\":\"https:\/\/www.fondationassistanceauxanimaux.org\/actu\/\"},{\"@type\":\"ListItem\",\"position\":2,\"name\":\"H\u00e9nia et Raven, deux heureux adopt\u00e9s du refuge de Carros\"}]},{\"@type\":\"WebSite\",\"@id\":\"https:\/\/www.fondationassistanceauxanimaux.org\/actu\/#website\",\"url\":\"https:\/\/www.fondationassistanceauxanimaux.org\/actu\/\",\"name\":\"Fondation Assistance aux Animaux - Actualit\u00e9s\",\"description\":\"Depuis 1930 la Fondation Assistance aux Animaux pour la d\u00e9fense et la protection des animaux maltrait\u00e9s et abandonn\u00e9s\",\"potentialAction\":[{\"@type\":\"SearchAction\",\"target\":{\"@type\":\"EntryPoint\",\"urlTemplate\":\"https:\/\/www.fondationassistanceauxanimaux.org\/actu\/?s={search_term_string}\"},\"query-input\":{\"@type\":\"PropertyValueSpecification\",\"valueRequired\":true,\"valueName\":\"search_term_string\"}}],\"inLanguage\":\"fr-FR\"},{\"@type\":\"Person\",\"@id\":\"https:\/\/www.fondationassistanceauxanimaux.org\/actu\/#\/schema\/person\/71a8476d98daaea0d71a965c5603e10b\",\"name\":\"No\u00e9\",\"image\":{\"@type\":\"ImageObject\",\"inLanguage\":\"fr-FR\",\"@id\":\"https:\/\/www.fondationassistanceauxanimaux.org\/actu\/#\/schema\/person\/image\/\",\"url\":\"https:\/\/secure.gravatar.com\/avatar\/d34cf6c6bd22b3db9c932bc580c4d1ba93c0cda7588a41b59078888ab1e5f007?s=96&d=mm&r=g\",\"contentUrl\":\"https:\/\/secure.gravatar.com\/avatar\/d34cf6c6bd22b3db9c932bc580c4d1ba93c0cda7588a41b59078888ab1e5f007?s=96&d=mm&r=g\",\"caption\":\"No\u00e9\"},\"url\":\"https:\/\/www.fondationassistanceauxanimaux.org\/actu\/author\/anne\/\"}]}<\/script>\n<!-- \/ Yoast SEO plugin. -->","yoast_head_json":{"title":"H\u00e9nia et Raven, deux heureux adopt\u00e9s du refuge de Carros - Fondation Assistance aux Animaux - Actualit\u00e9s","robots":{"index":"index","follow":"follow","max-snippet":"max-snippet:-1","max-image-preview":"max-image-preview:large","max-video-preview":"max-video-preview:-1"},"canonical":"https:\/\/www.fondationassistanceauxanimaux.org\/actu\/double-adoption-sauvetage-7654\/","og_locale":"fr_FR","og_type":"article","og_title":"H\u00e9nia et Raven, deux heureux adopt\u00e9s du refuge de Carros - Fondation Assistance aux Animaux - Actualit\u00e9s","og_description":"En 2012, dans notre refuge de Carros, \u00ab\u00a0Raven\u00a0\u00bb a eu la chance de faire la rencontre qui a chang\u00e9 sa vie. Son adoptante a pouss\u00e9 la porte du refuge, et apr\u00e8s un petit tour des enclos, elle est tomb\u00e9e sous le charme de ce beau p\u00e9p\u00e8re de 45 kilos ! Nos animaliers lui ont expliqu\u00e9 [&hellip;]","og_url":"https:\/\/www.fondationassistanceauxanimaux.org\/actu\/double-adoption-sauvetage-7654\/","og_site_name":"Fondation Assistance aux Animaux - Actualit\u00e9s","article_published_time":"2020-04-27T10:08:01+00:00","article_modified_time":"2020-04-27T10:08:51+00:00","og_image":[{"width":940,"height":788,"url":"https:\/\/www.fondationassistanceauxanimaux.org\/actu\/wp-content\/uploads\/2020\/04\/H\u00e9nia-Raven.png","type":"image\/png"}],"author":"No\u00e9","twitter_card":"summary_large_image","twitter_misc":{"\u00c9crit par":"No\u00e9","Dur\u00e9e de lecture estim\u00e9e":"1 minute"},"schema":{"@context":"https:\/\/schema.org","@graph":[{"@type":"WebPage","@id":"https:\/\/www.fondationassistanceauxanimaux.org\/actu\/double-adoption-sauvetage-7654\/","url":"https:\/\/www.fondationassistanceauxanimaux.org\/actu\/double-adoption-sauvetage-7654\/","name":"H\u00e9nia et Raven, deux heureux adopt\u00e9s du refuge de Carros - Fondation Assistance aux Animaux - Actualit\u00e9s","isPartOf":{"@id":"https:\/\/www.fondationassistanceauxanimaux.org\/actu\/#website"},"primaryImageOfPage":{"@id":"https:\/\/www.fondationassistanceauxanimaux.org\/actu\/double-adoption-sauvetage-7654\/#primaryimage"},"image":{"@id":"https:\/\/www.fondationassistanceauxanimaux.org\/actu\/double-adoption-sauvetage-7654\/#primaryimage"},"thumbnailUrl":"https:\/\/www.fondationassistanceauxanimaux.org\/actu\/wp-content\/uploads\/2020\/04\/H\u00e9nia-Raven.png","datePublished":"2020-04-27T10:08:01+00:00","dateModified":"2020-04-27T10:08:51+00:00","author":{"@id":"https:\/\/www.fondationassistanceauxanimaux.org\/actu\/#\/schema\/person\/71a8476d98daaea0d71a965c5603e10b"},"breadcrumb":{"@id":"https:\/\/www.fondationassistanceauxanimaux.org\/actu\/double-adoption-sauvetage-7654\/#breadcrumb"},"inLanguage":"fr-FR","potentialAction":[{"@type":"ReadAction","target":["https:\/\/www.fondationassistanceauxanimaux.org\/actu\/double-adoption-sauvetage-7654\/"]}]},{"@type":"ImageObject","inLanguage":"fr-FR","@id":"https:\/\/www.fondationassistanceauxanimaux.org\/actu\/double-adoption-sauvetage-7654\/#primaryimage","url":"https:\/\/www.fondationassistanceauxanimaux.org\/actu\/wp-content\/uploads\/2020\/04\/H\u00e9nia-Raven.png","contentUrl":"https:\/\/www.fondationassistanceauxanimaux.org\/actu\/wp-content\/uploads\/2020\/04\/H\u00e9nia-Raven.png","width":940,"height":788},{"@type":"BreadcrumbList","@id":"https:\/\/www.fondationassistanceauxanimaux.org\/actu\/double-adoption-sauvetage-7654\/#breadcrumb","itemListElement":[{"@type":"ListItem","position":1,"name":"Accueil","item":"https:\/\/www.fondationassistanceauxanimaux.org\/actu\/"},{"@type":"ListItem","position":2,"name":"H\u00e9nia et Raven, deux heureux adopt\u00e9s du refuge de Carros"}]},{"@type":"WebSite","@id":"https:\/\/www.fondationassistanceauxanimaux.org\/actu\/#website","url":"https:\/\/www.fondationassistanceauxanimaux.org\/actu\/","name":"Fondation Assistance aux Animaux - Actualit\u00e9s","description":"Depuis 1930 la Fondation Assistance aux Animaux pour la d\u00e9fense et la protection des animaux maltrait\u00e9s et abandonn\u00e9s","potentialAction":[{"@type":"SearchAction","target":{"@type":"EntryPoint","urlTemplate":"https:\/\/www.fondationassistanceauxanimaux.org\/actu\/?s={search_term_string}"},"query-input":{"@type":"PropertyValueSpecification","valueRequired":true,"valueName":"search_term_string"}}],"inLanguage":"fr-FR"},{"@type":"Person","@id":"https:\/\/www.fondationassistanceauxanimaux.org\/actu\/#\/schema\/person\/71a8476d98daaea0d71a965c5603e10b","name":"No\u00e9","image":{"@type":"ImageObject","inLanguage":"fr-FR","@id":"https:\/\/www.fondationassistanceauxanimaux.org\/actu\/#\/schema\/person\/image\/","url":"https:\/\/secure.gravatar.com\/avatar\/d34cf6c6bd22b3db9c932bc580c4d1ba93c0cda7588a41b59078888ab1e5f007?s=96&d=mm&r=g","contentUrl":"https:\/\/secure.gravatar.com\/avatar\/d34cf6c6bd22b3db9c932bc580c4d1ba93c0cda7588a41b59078888ab1e5f007?s=96&d=mm&r=g","caption":"No\u00e9"},"url":"https:\/\/www.fondationassistanceauxanimaux.org\/actu\/author\/anne\/"}]}},"_links":{"self":[{"href":"https:\/\/www.fondationassistanceauxanimaux.org\/actu\/wp-json\/wp\/v2\/posts\/7654","targetHints":{"allow":["GET"]}}],"collection":[{"href":"https:\/\/www.fondationassistanceauxanimaux.org\/actu\/wp-json\/wp\/v2\/posts"}],"about":[{"href":"https:\/\/www.fondationassistanceauxanimaux.org\/actu\/wp-json\/wp\/v2\/types\/post"}],"author":[{"embeddable":true,"href":"https:\/\/www.fondationassistanceauxanimaux.org\/actu\/wp-json\/wp\/v2\/users\/3"}],"replies":[{"embeddable":true,"href":"https:\/\/www.fondationassistanceauxanimaux.org\/actu\/wp-json\/wp\/v2\/comments?post=7654"}],"version-history":[{"count":2,"href":"https:\/\/www.fondationassistanceauxanimaux.org\/actu\/wp-json\/wp\/v2\/posts\/7654\/revisions"}],"predecessor-version":[{"id":7660,"href":"https:\/\/www.fondationassistanceauxanimaux.org\/actu\/wp-json\/wp\/v2\/posts\/7654\/revisions\/7660"}],"wp:featuredmedia":[{"embeddable":true,"href":"https:\/\/www.fondationassistanceauxanimaux.org\/actu\/wp-json\/wp\/v2\/media\/7657"}],"wp:attachment":[{"href":"https:\/\/www.fondationassistanceauxanimaux.org\/actu\/wp-json\/wp\/v2\/media?parent=7654"}],"wp:term":[{"taxonomy":"category","embeddable":true,"href":"https:\/\/www.fondationassistanceauxanimaux.org\/actu\/wp-json\/wp\/v2\/categories?post=7654"},{"taxonomy":"post_tag","embeddable":true,"href":"https:\/\/www.fondationassistanceauxanimaux.org\/actu\/wp-json\/wp\/v2\/tags?post=7654"}],"curies":[{"name":"wp","href":"https:\/\/api.w.org\/{rel}","templated":true}]}}