{"id":7617,"date":"2020-04-24T08:04:02","date_gmt":"2020-04-24T06:04:02","guid":{"rendered":"http:\/\/www.fondationassistanceauxanimaux.org\/actu\/?p=7617"},"modified":"2020-04-25T13:37:04","modified_gmt":"2020-04-25T11:37:04","slug":"agneau-ferme","status":"publish","type":"post","link":"https:\/\/www.fondationassistanceauxanimaux.org\/actu\/agneau-ferme-7617\/","title":{"rendered":"\u00ab\u00a0Nono\u00a0\u00bb, le plus petit pensionnaire de la Ferme p\u00e9dagogique"},"content":{"rendered":"\n<p><strong>Il s&rsquo;appelle \u00ab\u00a0Nono\u00a0\u00bb et c&rsquo;est le plus petit pensionnaire de la Ferme p\u00e9dagogique de la Fondation Assistance aux Animaux.<\/strong><\/p>\n\n\n\n<p><strong>Tous les pensionnaires de la ferme sont issus de sauvetages. Sa maman avait \u00e9t\u00e9 accueillie en fin de gestation il y a peu de temps avec d&rsquo;autres de ses cong\u00e9n\u00e8res.<\/strong><\/p>\n\n\n\n<p><strong>\u00ab\u00a0Nono\u00a0\u00bb est n\u00e9 le 12 avril, le jour de P\u00e2ques ! <\/strong><\/p>\n\n\n\n<p><strong>Notre \u00e9quipe, sur place, avait d\u00e9j\u00e0 tout pr\u00e9par\u00e9 pour son arriv\u00e9e. Plac\u00e9e \u00e0 l&rsquo;int\u00e9rieur de la Ferme, la brebis a pu mettre bat dans les meilleures conditions. <\/strong><\/p>\n\n\n\n<p><strong>\u00ab\u00a0Nono\u00a0\u00bb aura bient\u00f4t deux semaines et c&rsquo;est un petit tr\u00e8s actif, il gambade tous les jours dans les pr\u00e9s,<\/strong> <strong>jamais bien loin de sa maman<\/strong> <strong>!<\/strong><\/p>\n\n\n\n<p><strong> Il a rencontr\u00e9 tous ses cong\u00e9n\u00e8res mais aussi les autres pensionnaires de la Ferme (poules, cochons, ch\u00e8vres, \u00e2nes&#8230;), \u00ab\u00a0Nono\u00a0\u00bb est tr\u00e8s \u00e0 l&rsquo;aise.<\/strong><\/p>\n\n\n\n<figure class=\"wp-block-gallery columns-3 is-cropped wp-block-gallery-1 is-layout-flex wp-block-gallery-is-layout-flex\"><ul class=\"blocks-gallery-grid\"><li class=\"blocks-gallery-item\"><figure><img loading=\"lazy\" decoding=\"async\" width=\"1030\" height=\"579\" src=\"https:\/\/www.fondationassistanceauxanimaux.org\/actu\/wp-content\/uploads\/2020\/04\/b75fc9ce-2053-49c8-93da-222783e05a73-1030x579.jpg\" alt=\"\" data-id=\"7626\" data-full-url=\"https:\/\/www.fondationassistanceauxanimaux.org\/actu\/wp-content\/uploads\/2020\/04\/b75fc9ce-2053-49c8-93da-222783e05a73.jpg\" data-link=\"https:\/\/www.fondationassistanceauxanimaux.org\/actu\/?attachment_id=7626\" class=\"wp-image-7626\" srcset=\"https:\/\/www.fondationassistanceauxanimaux.org\/actu\/wp-content\/uploads\/2020\/04\/b75fc9ce-2053-49c8-93da-222783e05a73-1030x579.jpg 1030w, https:\/\/www.fondationassistanceauxanimaux.org\/actu\/wp-content\/uploads\/2020\/04\/b75fc9ce-2053-49c8-93da-222783e05a73-300x169.jpg 300w, https:\/\/www.fondationassistanceauxanimaux.org\/actu\/wp-content\/uploads\/2020\/04\/b75fc9ce-2053-49c8-93da-222783e05a73-768x432.jpg 768w, https:\/\/www.fondationassistanceauxanimaux.org\/actu\/wp-content\/uploads\/2020\/04\/b75fc9ce-2053-49c8-93da-222783e05a73-1536x864.jpg 1536w, https:\/\/www.fondationassistanceauxanimaux.org\/actu\/wp-content\/uploads\/2020\/04\/b75fc9ce-2053-49c8-93da-222783e05a73-1500x844.jpg 1500w, https:\/\/www.fondationassistanceauxanimaux.org\/actu\/wp-content\/uploads\/2020\/04\/b75fc9ce-2053-49c8-93da-222783e05a73-705x397.jpg 705w, https:\/\/www.fondationassistanceauxanimaux.org\/actu\/wp-content\/uploads\/2020\/04\/b75fc9ce-2053-49c8-93da-222783e05a73.jpg 1600w\" sizes=\"auto, (max-width: 1030px) 100vw, 1030px\" \/><\/figure><\/li><li class=\"blocks-gallery-item\"><figure><img loading=\"lazy\" decoding=\"async\" width=\"900\" height=\"900\" src=\"https:\/\/www.fondationassistanceauxanimaux.org\/actu\/wp-content\/uploads\/2020\/04\/1fd524d0-7b80-49e3-a966-dc5545f2c60d.jpg\" alt=\"\" data-id=\"7618\" data-full-url=\"https:\/\/www.fondationassistanceauxanimaux.org\/actu\/wp-content\/uploads\/2020\/04\/1fd524d0-7b80-49e3-a966-dc5545f2c60d.jpg\" data-link=\"https:\/\/www.fondationassistanceauxanimaux.org\/actu\/?attachment_id=7618\" class=\"wp-image-7618\" srcset=\"https:\/\/www.fondationassistanceauxanimaux.org\/actu\/wp-content\/uploads\/2020\/04\/1fd524d0-7b80-49e3-a966-dc5545f2c60d.jpg 900w, https:\/\/www.fondationassistanceauxanimaux.org\/actu\/wp-content\/uploads\/2020\/04\/1fd524d0-7b80-49e3-a966-dc5545f2c60d-300x300.jpg 300w, https:\/\/www.fondationassistanceauxanimaux.org\/actu\/wp-content\/uploads\/2020\/04\/1fd524d0-7b80-49e3-a966-dc5545f2c60d-80x80.jpg 80w, https:\/\/www.fondationassistanceauxanimaux.org\/actu\/wp-content\/uploads\/2020\/04\/1fd524d0-7b80-49e3-a966-dc5545f2c60d-768x768.jpg 768w, https:\/\/www.fondationassistanceauxanimaux.org\/actu\/wp-content\/uploads\/2020\/04\/1fd524d0-7b80-49e3-a966-dc5545f2c60d-36x36.jpg 36w, https:\/\/www.fondationassistanceauxanimaux.org\/actu\/wp-content\/uploads\/2020\/04\/1fd524d0-7b80-49e3-a966-dc5545f2c60d-180x180.jpg 180w, https:\/\/www.fondationassistanceauxanimaux.org\/actu\/wp-content\/uploads\/2020\/04\/1fd524d0-7b80-49e3-a966-dc5545f2c60d-705x705.jpg 705w\" sizes=\"auto, (max-width: 900px) 100vw, 900px\" \/><\/figure><\/li><li class=\"blocks-gallery-item\"><figure><img loading=\"lazy\" decoding=\"async\" width=\"1030\" height=\"1030\" src=\"https:\/\/www.fondationassistanceauxanimaux.org\/actu\/wp-content\/uploads\/2020\/04\/270d12e4-c751-4001-bfdb-98963ee8dedc-1030x1030.jpg\" alt=\"\" data-id=\"7621\" data-full-url=\"https:\/\/www.fondationassistanceauxanimaux.org\/actu\/wp-content\/uploads\/2020\/04\/270d12e4-c751-4001-bfdb-98963ee8dedc.jpg\" data-link=\"https:\/\/www.fondationassistanceauxanimaux.org\/actu\/?attachment_id=7621\" class=\"wp-image-7621\" srcset=\"https:\/\/www.fondationassistanceauxanimaux.org\/actu\/wp-content\/uploads\/2020\/04\/270d12e4-c751-4001-bfdb-98963ee8dedc-1030x1030.jpg 1030w, https:\/\/www.fondationassistanceauxanimaux.org\/actu\/wp-content\/uploads\/2020\/04\/270d12e4-c751-4001-bfdb-98963ee8dedc-300x300.jpg 300w, https:\/\/www.fondationassistanceauxanimaux.org\/actu\/wp-content\/uploads\/2020\/04\/270d12e4-c751-4001-bfdb-98963ee8dedc-80x80.jpg 80w, https:\/\/www.fondationassistanceauxanimaux.org\/actu\/wp-content\/uploads\/2020\/04\/270d12e4-c751-4001-bfdb-98963ee8dedc-768x768.jpg 768w, https:\/\/www.fondationassistanceauxanimaux.org\/actu\/wp-content\/uploads\/2020\/04\/270d12e4-c751-4001-bfdb-98963ee8dedc-1536x1536.jpg 1536w, https:\/\/www.fondationassistanceauxanimaux.org\/actu\/wp-content\/uploads\/2020\/04\/270d12e4-c751-4001-bfdb-98963ee8dedc-36x36.jpg 36w, https:\/\/www.fondationassistanceauxanimaux.org\/actu\/wp-content\/uploads\/2020\/04\/270d12e4-c751-4001-bfdb-98963ee8dedc-180x180.jpg 180w, https:\/\/www.fondationassistanceauxanimaux.org\/actu\/wp-content\/uploads\/2020\/04\/270d12e4-c751-4001-bfdb-98963ee8dedc-1500x1500.jpg 1500w, https:\/\/www.fondationassistanceauxanimaux.org\/actu\/wp-content\/uploads\/2020\/04\/270d12e4-c751-4001-bfdb-98963ee8dedc-705x705.jpg 705w, https:\/\/www.fondationassistanceauxanimaux.org\/actu\/wp-content\/uploads\/2020\/04\/270d12e4-c751-4001-bfdb-98963ee8dedc.jpg 1600w\" sizes=\"auto, (max-width: 1030px) 100vw, 1030px\" \/><\/figure><\/li><li class=\"blocks-gallery-item\"><figure><img loading=\"lazy\" decoding=\"async\" width=\"900\" height=\"900\" src=\"https:\/\/www.fondationassistanceauxanimaux.org\/actu\/wp-content\/uploads\/2020\/04\/2c02ad31-8ab4-438c-809d-e91dd6af102b.jpg\" alt=\"\" data-id=\"7619\" data-full-url=\"https:\/\/www.fondationassistanceauxanimaux.org\/actu\/wp-content\/uploads\/2020\/04\/2c02ad31-8ab4-438c-809d-e91dd6af102b.jpg\" data-link=\"https:\/\/www.fondationassistanceauxanimaux.org\/actu\/?attachment_id=7619\" class=\"wp-image-7619\" srcset=\"https:\/\/www.fondationassistanceauxanimaux.org\/actu\/wp-content\/uploads\/2020\/04\/2c02ad31-8ab4-438c-809d-e91dd6af102b.jpg 900w, https:\/\/www.fondationassistanceauxanimaux.org\/actu\/wp-content\/uploads\/2020\/04\/2c02ad31-8ab4-438c-809d-e91dd6af102b-300x300.jpg 300w, https:\/\/www.fondationassistanceauxanimaux.org\/actu\/wp-content\/uploads\/2020\/04\/2c02ad31-8ab4-438c-809d-e91dd6af102b-80x80.jpg 80w, https:\/\/www.fondationassistanceauxanimaux.org\/actu\/wp-content\/uploads\/2020\/04\/2c02ad31-8ab4-438c-809d-e91dd6af102b-768x768.jpg 768w, https:\/\/www.fondationassistanceauxanimaux.org\/actu\/wp-content\/uploads\/2020\/04\/2c02ad31-8ab4-438c-809d-e91dd6af102b-36x36.jpg 36w, https:\/\/www.fondationassistanceauxanimaux.org\/actu\/wp-content\/uploads\/2020\/04\/2c02ad31-8ab4-438c-809d-e91dd6af102b-180x180.jpg 180w, https:\/\/www.fondationassistanceauxanimaux.org\/actu\/wp-content\/uploads\/2020\/04\/2c02ad31-8ab4-438c-809d-e91dd6af102b-705x705.jpg 705w\" sizes=\"auto, (max-width: 900px) 100vw, 900px\" \/><\/figure><\/li><li class=\"blocks-gallery-item\"><figure><img loading=\"lazy\" decoding=\"async\" width=\"579\" height=\"1030\" src=\"https:\/\/www.fondationassistanceauxanimaux.org\/actu\/wp-content\/uploads\/2020\/04\/16755074-6855-4923-906e-3561345bd398-579x1030.jpg\" alt=\"\" data-id=\"7624\" data-full-url=\"https:\/\/www.fondationassistanceauxanimaux.org\/actu\/wp-content\/uploads\/2020\/04\/16755074-6855-4923-906e-3561345bd398.jpg\" data-link=\"https:\/\/www.fondationassistanceauxanimaux.org\/actu\/?attachment_id=7624\" class=\"wp-image-7624\" srcset=\"https:\/\/www.fondationassistanceauxanimaux.org\/actu\/wp-content\/uploads\/2020\/04\/16755074-6855-4923-906e-3561345bd398-579x1030.jpg 579w, https:\/\/www.fondationassistanceauxanimaux.org\/actu\/wp-content\/uploads\/2020\/04\/16755074-6855-4923-906e-3561345bd398-169x300.jpg 169w, https:\/\/www.fondationassistanceauxanimaux.org\/actu\/wp-content\/uploads\/2020\/04\/16755074-6855-4923-906e-3561345bd398-768x1365.jpg 768w, https:\/\/www.fondationassistanceauxanimaux.org\/actu\/wp-content\/uploads\/2020\/04\/16755074-6855-4923-906e-3561345bd398-864x1536.jpg 864w, https:\/\/www.fondationassistanceauxanimaux.org\/actu\/wp-content\/uploads\/2020\/04\/16755074-6855-4923-906e-3561345bd398-844x1500.jpg 844w, https:\/\/www.fondationassistanceauxanimaux.org\/actu\/wp-content\/uploads\/2020\/04\/16755074-6855-4923-906e-3561345bd398-397x705.jpg 397w, https:\/\/www.fondationassistanceauxanimaux.org\/actu\/wp-content\/uploads\/2020\/04\/16755074-6855-4923-906e-3561345bd398.jpg 900w\" sizes=\"auto, (max-width: 579px) 100vw, 579px\" \/><\/figure><\/li><li class=\"blocks-gallery-item\"><figure><img loading=\"lazy\" decoding=\"async\" width=\"579\" height=\"1030\" src=\"https:\/\/www.fondationassistanceauxanimaux.org\/actu\/wp-content\/uploads\/2020\/04\/a25aa952-290b-4008-b7cb-f36be0563b5d-579x1030.jpg\" alt=\"\" data-id=\"7625\" data-full-url=\"https:\/\/www.fondationassistanceauxanimaux.org\/actu\/wp-content\/uploads\/2020\/04\/a25aa952-290b-4008-b7cb-f36be0563b5d.jpg\" data-link=\"https:\/\/www.fondationassistanceauxanimaux.org\/actu\/?attachment_id=7625\" class=\"wp-image-7625\" srcset=\"https:\/\/www.fondationassistanceauxanimaux.org\/actu\/wp-content\/uploads\/2020\/04\/a25aa952-290b-4008-b7cb-f36be0563b5d-579x1030.jpg 579w, https:\/\/www.fondationassistanceauxanimaux.org\/actu\/wp-content\/uploads\/2020\/04\/a25aa952-290b-4008-b7cb-f36be0563b5d-169x300.jpg 169w, https:\/\/www.fondationassistanceauxanimaux.org\/actu\/wp-content\/uploads\/2020\/04\/a25aa952-290b-4008-b7cb-f36be0563b5d-768x1365.jpg 768w, https:\/\/www.fondationassistanceauxanimaux.org\/actu\/wp-content\/uploads\/2020\/04\/a25aa952-290b-4008-b7cb-f36be0563b5d-864x1536.jpg 864w, https:\/\/www.fondationassistanceauxanimaux.org\/actu\/wp-content\/uploads\/2020\/04\/a25aa952-290b-4008-b7cb-f36be0563b5d-844x1500.jpg 844w, https:\/\/www.fondationassistanceauxanimaux.org\/actu\/wp-content\/uploads\/2020\/04\/a25aa952-290b-4008-b7cb-f36be0563b5d-397x705.jpg 397w, https:\/\/www.fondationassistanceauxanimaux.org\/actu\/wp-content\/uploads\/2020\/04\/a25aa952-290b-4008-b7cb-f36be0563b5d.jpg 900w\" sizes=\"auto, (max-width: 579px) 100vw, 579px\" \/><\/figure><\/li><li class=\"blocks-gallery-item\"><figure><img loading=\"lazy\" decoding=\"async\" width=\"600\" height=\"600\" src=\"https:\/\/www.fondationassistanceauxanimaux.org\/actu\/wp-content\/uploads\/2020\/04\/b77d134c-c769-46ce-a169-806f6f79e56d.jpg\" alt=\"\" data-id=\"7627\" data-full-url=\"https:\/\/www.fondationassistanceauxanimaux.org\/actu\/wp-content\/uploads\/2020\/04\/b77d134c-c769-46ce-a169-806f6f79e56d.jpg\" data-link=\"https:\/\/www.fondationassistanceauxanimaux.org\/actu\/?attachment_id=7627\" class=\"wp-image-7627\" srcset=\"https:\/\/www.fondationassistanceauxanimaux.org\/actu\/wp-content\/uploads\/2020\/04\/b77d134c-c769-46ce-a169-806f6f79e56d.jpg 600w, https:\/\/www.fondationassistanceauxanimaux.org\/actu\/wp-content\/uploads\/2020\/04\/b77d134c-c769-46ce-a169-806f6f79e56d-300x300.jpg 300w, https:\/\/www.fondationassistanceauxanimaux.org\/actu\/wp-content\/uploads\/2020\/04\/b77d134c-c769-46ce-a169-806f6f79e56d-80x80.jpg 80w, https:\/\/www.fondationassistanceauxanimaux.org\/actu\/wp-content\/uploads\/2020\/04\/b77d134c-c769-46ce-a169-806f6f79e56d-36x36.jpg 36w, https:\/\/www.fondationassistanceauxanimaux.org\/actu\/wp-content\/uploads\/2020\/04\/b77d134c-c769-46ce-a169-806f6f79e56d-180x180.jpg 180w\" sizes=\"auto, (max-width: 600px) 100vw, 600px\" \/><\/figure><\/li><li class=\"blocks-gallery-item\"><figure><img loading=\"lazy\" decoding=\"async\" width=\"773\" height=\"1030\" src=\"https:\/\/www.fondationassistanceauxanimaux.org\/actu\/wp-content\/uploads\/2020\/04\/c3b731bc-1fab-459d-948b-ffdb15bee4ca-773x1030.jpg\" alt=\"\" data-id=\"7628\" data-full-url=\"https:\/\/www.fondationassistanceauxanimaux.org\/actu\/wp-content\/uploads\/2020\/04\/c3b731bc-1fab-459d-948b-ffdb15bee4ca.jpg\" data-link=\"https:\/\/www.fondationassistanceauxanimaux.org\/actu\/?attachment_id=7628\" class=\"wp-image-7628\" srcset=\"https:\/\/www.fondationassistanceauxanimaux.org\/actu\/wp-content\/uploads\/2020\/04\/c3b731bc-1fab-459d-948b-ffdb15bee4ca-773x1030.jpg 773w, https:\/\/www.fondationassistanceauxanimaux.org\/actu\/wp-content\/uploads\/2020\/04\/c3b731bc-1fab-459d-948b-ffdb15bee4ca-225x300.jpg 225w, https:\/\/www.fondationassistanceauxanimaux.org\/actu\/wp-content\/uploads\/2020\/04\/c3b731bc-1fab-459d-948b-ffdb15bee4ca-768x1024.jpg 768w, https:\/\/www.fondationassistanceauxanimaux.org\/actu\/wp-content\/uploads\/2020\/04\/c3b731bc-1fab-459d-948b-ffdb15bee4ca-1152x1536.jpg 1152w, https:\/\/www.fondationassistanceauxanimaux.org\/actu\/wp-content\/uploads\/2020\/04\/c3b731bc-1fab-459d-948b-ffdb15bee4ca-1125x1500.jpg 1125w, https:\/\/www.fondationassistanceauxanimaux.org\/actu\/wp-content\/uploads\/2020\/04\/c3b731bc-1fab-459d-948b-ffdb15bee4ca-529x705.jpg 529w, https:\/\/www.fondationassistanceauxanimaux.org\/actu\/wp-content\/uploads\/2020\/04\/c3b731bc-1fab-459d-948b-ffdb15bee4ca.jpg 1200w\" sizes=\"auto, (max-width: 773px) 100vw, 773px\" \/><\/figure><\/li><li class=\"blocks-gallery-item\"><figure><img loading=\"lazy\" decoding=\"async\" width=\"579\" height=\"1030\" src=\"https:\/\/www.fondationassistanceauxanimaux.org\/actu\/wp-content\/uploads\/2020\/04\/d88b5491-e65d-4a18-83a5-85ccd85cd818-579x1030.jpg\" alt=\"\" data-id=\"7631\" data-full-url=\"https:\/\/www.fondationassistanceauxanimaux.org\/actu\/wp-content\/uploads\/2020\/04\/d88b5491-e65d-4a18-83a5-85ccd85cd818.jpg\" data-link=\"https:\/\/www.fondationassistanceauxanimaux.org\/actu\/?attachment_id=7631\" class=\"wp-image-7631\" srcset=\"https:\/\/www.fondationassistanceauxanimaux.org\/actu\/wp-content\/uploads\/2020\/04\/d88b5491-e65d-4a18-83a5-85ccd85cd818-579x1030.jpg 579w, https:\/\/www.fondationassistanceauxanimaux.org\/actu\/wp-content\/uploads\/2020\/04\/d88b5491-e65d-4a18-83a5-85ccd85cd818-169x300.jpg 169w, https:\/\/www.fondationassistanceauxanimaux.org\/actu\/wp-content\/uploads\/2020\/04\/d88b5491-e65d-4a18-83a5-85ccd85cd818-768x1365.jpg 768w, https:\/\/www.fondationassistanceauxanimaux.org\/actu\/wp-content\/uploads\/2020\/04\/d88b5491-e65d-4a18-83a5-85ccd85cd818-864x1536.jpg 864w, https:\/\/www.fondationassistanceauxanimaux.org\/actu\/wp-content\/uploads\/2020\/04\/d88b5491-e65d-4a18-83a5-85ccd85cd818-844x1500.jpg 844w, https:\/\/www.fondationassistanceauxanimaux.org\/actu\/wp-content\/uploads\/2020\/04\/d88b5491-e65d-4a18-83a5-85ccd85cd818-397x705.jpg 397w, https:\/\/www.fondationassistanceauxanimaux.org\/actu\/wp-content\/uploads\/2020\/04\/d88b5491-e65d-4a18-83a5-85ccd85cd818.jpg 900w\" sizes=\"auto, (max-width: 579px) 100vw, 579px\" \/><\/figure><\/li><li class=\"blocks-gallery-item\"><figure><img loading=\"lazy\" decoding=\"async\" width=\"1030\" height=\"773\" src=\"https:\/\/www.fondationassistanceauxanimaux.org\/actu\/wp-content\/uploads\/2020\/04\/d171653c-8210-45ce-8ac8-fbe7658fb190-1030x773.jpg\" alt=\"\" data-id=\"7632\" data-full-url=\"https:\/\/www.fondationassistanceauxanimaux.org\/actu\/wp-content\/uploads\/2020\/04\/d171653c-8210-45ce-8ac8-fbe7658fb190.jpg\" data-link=\"https:\/\/www.fondationassistanceauxanimaux.org\/actu\/?attachment_id=7632\" class=\"wp-image-7632\" srcset=\"https:\/\/www.fondationassistanceauxanimaux.org\/actu\/wp-content\/uploads\/2020\/04\/d171653c-8210-45ce-8ac8-fbe7658fb190-1030x773.jpg 1030w, https:\/\/www.fondationassistanceauxanimaux.org\/actu\/wp-content\/uploads\/2020\/04\/d171653c-8210-45ce-8ac8-fbe7658fb190-300x225.jpg 300w, https:\/\/www.fondationassistanceauxanimaux.org\/actu\/wp-content\/uploads\/2020\/04\/d171653c-8210-45ce-8ac8-fbe7658fb190-768x576.jpg 768w, https:\/\/www.fondationassistanceauxanimaux.org\/actu\/wp-content\/uploads\/2020\/04\/d171653c-8210-45ce-8ac8-fbe7658fb190-1536x1152.jpg 1536w, https:\/\/www.fondationassistanceauxanimaux.org\/actu\/wp-content\/uploads\/2020\/04\/d171653c-8210-45ce-8ac8-fbe7658fb190-1500x1125.jpg 1500w, https:\/\/www.fondationassistanceauxanimaux.org\/actu\/wp-content\/uploads\/2020\/04\/d171653c-8210-45ce-8ac8-fbe7658fb190-705x529.jpg 705w, https:\/\/www.fondationassistanceauxanimaux.org\/actu\/wp-content\/uploads\/2020\/04\/d171653c-8210-45ce-8ac8-fbe7658fb190.jpg 1600w\" sizes=\"auto, (max-width: 1030px) 100vw, 1030px\" \/><\/figure><\/li><li class=\"blocks-gallery-item\"><figure><img loading=\"lazy\" decoding=\"async\" width=\"801\" height=\"801\" src=\"https:\/\/www.fondationassistanceauxanimaux.org\/actu\/wp-content\/uploads\/2020\/04\/f9cc8a67-bbee-44ee-9e4f-88775efa0f69.jpg\" alt=\"\" data-id=\"7633\" data-full-url=\"https:\/\/www.fondationassistanceauxanimaux.org\/actu\/wp-content\/uploads\/2020\/04\/f9cc8a67-bbee-44ee-9e4f-88775efa0f69.jpg\" data-link=\"https:\/\/www.fondationassistanceauxanimaux.org\/actu\/?attachment_id=7633\" class=\"wp-image-7633\" srcset=\"https:\/\/www.fondationassistanceauxanimaux.org\/actu\/wp-content\/uploads\/2020\/04\/f9cc8a67-bbee-44ee-9e4f-88775efa0f69.jpg 801w, https:\/\/www.fondationassistanceauxanimaux.org\/actu\/wp-content\/uploads\/2020\/04\/f9cc8a67-bbee-44ee-9e4f-88775efa0f69-300x300.jpg 300w, https:\/\/www.fondationassistanceauxanimaux.org\/actu\/wp-content\/uploads\/2020\/04\/f9cc8a67-bbee-44ee-9e4f-88775efa0f69-80x80.jpg 80w, https:\/\/www.fondationassistanceauxanimaux.org\/actu\/wp-content\/uploads\/2020\/04\/f9cc8a67-bbee-44ee-9e4f-88775efa0f69-768x768.jpg 768w, https:\/\/www.fondationassistanceauxanimaux.org\/actu\/wp-content\/uploads\/2020\/04\/f9cc8a67-bbee-44ee-9e4f-88775efa0f69-36x36.jpg 36w, https:\/\/www.fondationassistanceauxanimaux.org\/actu\/wp-content\/uploads\/2020\/04\/f9cc8a67-bbee-44ee-9e4f-88775efa0f69-180x180.jpg 180w, https:\/\/www.fondationassistanceauxanimaux.org\/actu\/wp-content\/uploads\/2020\/04\/f9cc8a67-bbee-44ee-9e4f-88775efa0f69-705x705.jpg 705w\" sizes=\"auto, (max-width: 801px) 100vw, 801px\" \/><\/figure><\/li><\/ul><\/figure>\n\n\n\n<h2 class=\"wp-block-heading\">Mieux les comprendre pour mieux les d\u00e9fendre<\/h2>\n\n\n\n<div class=\"wp-block-image\"><figure class=\"alignleft\"><img decoding=\"async\" src=\"https:\/\/www.fondationassistanceauxanimaux.org\/images\/ferme02.jpg\" alt=\"ferme animaux versailles\"\/><\/figure><\/div>\n\n\n\n<p>La Fondation n\u2019a pas attendu que les fermes p\u00e9dagogiques soient \u00e0 la mode pour lancer un important programme \u00e9ducatif. Son but : apprendre aux enfants le respect des animaux, en \u00e9duquant ceux qui seront les d\u00e9cideurs de demain.<\/p>\n\n\n\n<blockquote class=\"wp-block-quote is-layout-flow wp-block-quote-is-layout-flow\"><p><strong>Mieux les conna\u00eetre pour mieux les comprendre.<br>Mieux les comprendre pour mieux les aimer.<br>Mieux les aimer pour mieux les prot\u00e9ger.<\/strong><\/p><\/blockquote>\n\n\n\n<div class=\"wp-block-image\"><figure class=\"alignright\"><img decoding=\"async\" src=\"https:\/\/www.fondationassistanceauxanimaux.org\/images\/ferme03.jpg\" alt=\"ferme animaux versailles\"\/><\/figure><\/div>\n\n\n\n<p>C\u2019est en partant de ce principe que la Fondation Assistance aux Animaux s\u2019est tourn\u00e9e vers les enfants, ces adultes de demain. D\u00e9velopper la sensibilit\u00e9 et l\u2019intelligence de l\u2019enfant, le responsabiliser envers toute forme de vie est une mission \u00e9ducative fondamentale. La ferme \u00e9ducative de la Fondation, c\u2019est avant tout le lieu d\u2019une rencontre avec le monde animal. Un monde riche d\u2019enseignement pour les enfants. Ils vont apprendre que les animaux ont tout comme nous une perception de leur existence. Qu\u2019ils ont les m\u00eames besoins vitaux que nous m\u00eame, qu\u2019ils endurent comme nous la peur, l\u2019ennui, le d\u00e9sespoir, et qu\u2019ils sont tout comme nous capable de manifester leur joie, leur affection et leur confiance.<\/p>\n\n\n\n<h2 class=\"wp-block-heading\">Un refuge pour animaux de ferme<\/h2>\n\n\n\n<p>Tous les pensionnaires de la ferme sont issus de sauvetages, et sont doux et apprivois\u00e9s. Ils sont ici les rois et les soigneurs s\u2019efforcent de satisfaire tous leurs besoins.<\/p>\n\n\n\n<p><strong>Toujours dans l\u2019\u00e9thique de la Fondation, pas de reproduction et pas d\u2019euthanasie dans ce refuge d\u2019un genre particulier.<\/strong><\/p>\n\n\n\n<h2 class=\"wp-block-heading\">Informations pratiques<\/h2>\n\n\n\n<p>La ferme p\u00e9dagogique du Hameau de Versailles accueille les classes d\u2019enfants du CP au CM2.<\/p>\n\n\n\n<p>Les visites durent une demi-journ\u00e9e ou la journ\u00e9e compl\u00e8te et la Fondation organise \u00e9galement, hors p\u00e9riode scolaire, des ateliers enfants.<\/p>\n\n\n\n<p>Elles s\u2019inscrivent dans le cadre d\u2019un programme \u00e9ducatif \u00e0 destination des enseignants, dont un exemplaire peut \u00eatre t\u00e9l\u00e9charg\u00e9 en cliquant&nbsp;<a href=\"https:\/\/www.fondationassistanceauxanimaux.org\/pdf\/programmeeducatif.pdf\">ici<\/a><\/p>\n\n\n\n<p>Pour r\u00e9server<br><strong>06.46.48.79.13<\/strong>&nbsp;de 9h30 \u00e0 17h<\/p>\n\n\n\n<h2 class=\"wp-block-heading\">Adresse<\/h2>\n\n\n\n<p><strong>Ferme du Hameau de la Reine<br>Parc du Ch\u00e2teau<br>78000 Versailles<\/strong><\/p>\n","protected":false},"excerpt":{"rendered":"<p>Il s&rsquo;appelle \u00ab\u00a0Nono\u00a0\u00bb et c&rsquo;est le plus petit pensionnaire de la Ferme p\u00e9dagogique de la Fondation Assistance aux Animaux. Tous les pensionnaires de la ferme sont issus de sauvetages. Sa maman avait \u00e9t\u00e9 accueillie en fin de gestation il y a peu de temps avec d&rsquo;autres de ses cong\u00e9n\u00e8res. \u00ab\u00a0Nono\u00a0\u00bb est n\u00e9 le 12 avril, [&hellip;]<\/p>\n","protected":false},"author":3,"featured_media":7632,"comment_status":"closed","ping_status":"closed","sticky":false,"template":"","format":"standard","meta":{"footnotes":""},"categories":[3],"tags":[],"class_list":["post-7617","post","type-post","status-publish","format-standard","has-post-thumbnail","hentry","category-ferme-pedagogique-de-versailles"],"yoast_head":"<!-- This site is optimized with the Yoast SEO plugin v24.5 - https:\/\/yoast.com\/wordpress\/plugins\/seo\/ -->\n<title>&quot;Nono&quot;, le plus petit pensionnaire de la Ferme p\u00e9dagogique - Fondation Assistance aux Animaux - Actualit\u00e9s<\/title>\n<meta name=\"robots\" content=\"index, follow, max-snippet:-1, max-image-preview:large, max-video-preview:-1\" \/>\n<link rel=\"canonical\" href=\"https:\/\/www.fondationassistanceauxanimaux.org\/actu\/agneau-ferme-7617\/\" \/>\n<meta property=\"og:locale\" content=\"fr_FR\" \/>\n<meta property=\"og:type\" content=\"article\" \/>\n<meta property=\"og:title\" content=\"&quot;Nono&quot;, le plus petit pensionnaire de la Ferme p\u00e9dagogique - Fondation Assistance aux Animaux - Actualit\u00e9s\" \/>\n<meta property=\"og:description\" content=\"Il s&rsquo;appelle \u00ab\u00a0Nono\u00a0\u00bb et c&rsquo;est le plus petit pensionnaire de la Ferme p\u00e9dagogique de la Fondation Assistance aux Animaux. Tous les pensionnaires de la ferme sont issus de sauvetages. Sa maman avait \u00e9t\u00e9 accueillie en fin de gestation il y a peu de temps avec d&rsquo;autres de ses cong\u00e9n\u00e8res. \u00ab\u00a0Nono\u00a0\u00bb est n\u00e9 le 12 avril, [&hellip;]\" \/>\n<meta property=\"og:url\" content=\"https:\/\/www.fondationassistanceauxanimaux.org\/actu\/agneau-ferme-7617\/\" \/>\n<meta property=\"og:site_name\" content=\"Fondation Assistance aux Animaux - Actualit\u00e9s\" \/>\n<meta property=\"article:published_time\" content=\"2020-04-24T06:04:02+00:00\" \/>\n<meta property=\"article:modified_time\" content=\"2020-04-25T11:37:04+00:00\" \/>\n<meta property=\"og:image\" content=\"https:\/\/www.fondationassistanceauxanimaux.org\/actu\/wp-content\/uploads\/2020\/04\/d171653c-8210-45ce-8ac8-fbe7658fb190.jpg\" \/>\n\t<meta property=\"og:image:width\" content=\"1600\" \/>\n\t<meta property=\"og:image:height\" content=\"1200\" \/>\n\t<meta property=\"og:image:type\" content=\"image\/jpeg\" \/>\n<meta name=\"author\" content=\"No\u00e9\" \/>\n<meta name=\"twitter:card\" content=\"summary_large_image\" \/>\n<meta name=\"twitter:label1\" content=\"\u00c9crit par\" \/>\n\t<meta name=\"twitter:data1\" content=\"No\u00e9\" \/>\n\t<meta name=\"twitter:label2\" content=\"Dur\u00e9e de lecture estim\u00e9e\" \/>\n\t<meta name=\"twitter:data2\" content=\"2 minutes\" \/>\n<script type=\"application\/ld+json\" class=\"yoast-schema-graph\">{\"@context\":\"https:\/\/schema.org\",\"@graph\":[{\"@type\":\"WebPage\",\"@id\":\"https:\/\/www.fondationassistanceauxanimaux.org\/actu\/agneau-ferme-7617\/\",\"url\":\"https:\/\/www.fondationassistanceauxanimaux.org\/actu\/agneau-ferme-7617\/\",\"name\":\"\\\"Nono\\\", le plus petit pensionnaire de la Ferme p\u00e9dagogique - Fondation Assistance aux Animaux - Actualit\u00e9s\",\"isPartOf\":{\"@id\":\"https:\/\/www.fondationassistanceauxanimaux.org\/actu\/#website\"},\"primaryImageOfPage\":{\"@id\":\"https:\/\/www.fondationassistanceauxanimaux.org\/actu\/agneau-ferme-7617\/#primaryimage\"},\"image\":{\"@id\":\"https:\/\/www.fondationassistanceauxanimaux.org\/actu\/agneau-ferme-7617\/#primaryimage\"},\"thumbnailUrl\":\"https:\/\/www.fondationassistanceauxanimaux.org\/actu\/wp-content\/uploads\/2020\/04\/d171653c-8210-45ce-8ac8-fbe7658fb190.jpg\",\"datePublished\":\"2020-04-24T06:04:02+00:00\",\"dateModified\":\"2020-04-25T11:37:04+00:00\",\"author\":{\"@id\":\"https:\/\/www.fondationassistanceauxanimaux.org\/actu\/#\/schema\/person\/71a8476d98daaea0d71a965c5603e10b\"},\"breadcrumb\":{\"@id\":\"https:\/\/www.fondationassistanceauxanimaux.org\/actu\/agneau-ferme-7617\/#breadcrumb\"},\"inLanguage\":\"fr-FR\",\"potentialAction\":[{\"@type\":\"ReadAction\",\"target\":[\"https:\/\/www.fondationassistanceauxanimaux.org\/actu\/agneau-ferme-7617\/\"]}]},{\"@type\":\"ImageObject\",\"inLanguage\":\"fr-FR\",\"@id\":\"https:\/\/www.fondationassistanceauxanimaux.org\/actu\/agneau-ferme-7617\/#primaryimage\",\"url\":\"https:\/\/www.fondationassistanceauxanimaux.org\/actu\/wp-content\/uploads\/2020\/04\/d171653c-8210-45ce-8ac8-fbe7658fb190.jpg\",\"contentUrl\":\"https:\/\/www.fondationassistanceauxanimaux.org\/actu\/wp-content\/uploads\/2020\/04\/d171653c-8210-45ce-8ac8-fbe7658fb190.jpg\",\"width\":1600,\"height\":1200},{\"@type\":\"BreadcrumbList\",\"@id\":\"https:\/\/www.fondationassistanceauxanimaux.org\/actu\/agneau-ferme-7617\/#breadcrumb\",\"itemListElement\":[{\"@type\":\"ListItem\",\"position\":1,\"name\":\"Accueil\",\"item\":\"https:\/\/www.fondationassistanceauxanimaux.org\/actu\/\"},{\"@type\":\"ListItem\",\"position\":2,\"name\":\"\u00ab\u00a0Nono\u00a0\u00bb, le plus petit pensionnaire de la Ferme p\u00e9dagogique\"}]},{\"@type\":\"WebSite\",\"@id\":\"https:\/\/www.fondationassistanceauxanimaux.org\/actu\/#website\",\"url\":\"https:\/\/www.fondationassistanceauxanimaux.org\/actu\/\",\"name\":\"Fondation Assistance aux Animaux - Actualit\u00e9s\",\"description\":\"Depuis 1930 la Fondation Assistance aux Animaux pour la d\u00e9fense et la protection des animaux maltrait\u00e9s et abandonn\u00e9s\",\"potentialAction\":[{\"@type\":\"SearchAction\",\"target\":{\"@type\":\"EntryPoint\",\"urlTemplate\":\"https:\/\/www.fondationassistanceauxanimaux.org\/actu\/?s={search_term_string}\"},\"query-input\":{\"@type\":\"PropertyValueSpecification\",\"valueRequired\":true,\"valueName\":\"search_term_string\"}}],\"inLanguage\":\"fr-FR\"},{\"@type\":\"Person\",\"@id\":\"https:\/\/www.fondationassistanceauxanimaux.org\/actu\/#\/schema\/person\/71a8476d98daaea0d71a965c5603e10b\",\"name\":\"No\u00e9\",\"image\":{\"@type\":\"ImageObject\",\"inLanguage\":\"fr-FR\",\"@id\":\"https:\/\/www.fondationassistanceauxanimaux.org\/actu\/#\/schema\/person\/image\/\",\"url\":\"https:\/\/secure.gravatar.com\/avatar\/d34cf6c6bd22b3db9c932bc580c4d1ba93c0cda7588a41b59078888ab1e5f007?s=96&d=mm&r=g\",\"contentUrl\":\"https:\/\/secure.gravatar.com\/avatar\/d34cf6c6bd22b3db9c932bc580c4d1ba93c0cda7588a41b59078888ab1e5f007?s=96&d=mm&r=g\",\"caption\":\"No\u00e9\"},\"url\":\"https:\/\/www.fondationassistanceauxanimaux.org\/actu\/author\/anne\/\"}]}<\/script>\n<!-- \/ Yoast SEO plugin. -->","yoast_head_json":{"title":"\"Nono\", le plus petit pensionnaire de la Ferme p\u00e9dagogique - Fondation Assistance aux Animaux - Actualit\u00e9s","robots":{"index":"index","follow":"follow","max-snippet":"max-snippet:-1","max-image-preview":"max-image-preview:large","max-video-preview":"max-video-preview:-1"},"canonical":"https:\/\/www.fondationassistanceauxanimaux.org\/actu\/agneau-ferme-7617\/","og_locale":"fr_FR","og_type":"article","og_title":"\"Nono\", le plus petit pensionnaire de la Ferme p\u00e9dagogique - Fondation Assistance aux Animaux - Actualit\u00e9s","og_description":"Il s&rsquo;appelle \u00ab\u00a0Nono\u00a0\u00bb et c&rsquo;est le plus petit pensionnaire de la Ferme p\u00e9dagogique de la Fondation Assistance aux Animaux. Tous les pensionnaires de la ferme sont issus de sauvetages. Sa maman avait \u00e9t\u00e9 accueillie en fin de gestation il y a peu de temps avec d&rsquo;autres de ses cong\u00e9n\u00e8res. \u00ab\u00a0Nono\u00a0\u00bb est n\u00e9 le 12 avril, [&hellip;]","og_url":"https:\/\/www.fondationassistanceauxanimaux.org\/actu\/agneau-ferme-7617\/","og_site_name":"Fondation Assistance aux Animaux - Actualit\u00e9s","article_published_time":"2020-04-24T06:04:02+00:00","article_modified_time":"2020-04-25T11:37:04+00:00","og_image":[{"width":1600,"height":1200,"url":"https:\/\/www.fondationassistanceauxanimaux.org\/actu\/wp-content\/uploads\/2020\/04\/d171653c-8210-45ce-8ac8-fbe7658fb190.jpg","type":"image\/jpeg"}],"author":"No\u00e9","twitter_card":"summary_large_image","twitter_misc":{"\u00c9crit par":"No\u00e9","Dur\u00e9e de lecture estim\u00e9e":"2 minutes"},"schema":{"@context":"https:\/\/schema.org","@graph":[{"@type":"WebPage","@id":"https:\/\/www.fondationassistanceauxanimaux.org\/actu\/agneau-ferme-7617\/","url":"https:\/\/www.fondationassistanceauxanimaux.org\/actu\/agneau-ferme-7617\/","name":"\"Nono\", le plus petit pensionnaire de la Ferme p\u00e9dagogique - Fondation Assistance aux Animaux - Actualit\u00e9s","isPartOf":{"@id":"https:\/\/www.fondationassistanceauxanimaux.org\/actu\/#website"},"primaryImageOfPage":{"@id":"https:\/\/www.fondationassistanceauxanimaux.org\/actu\/agneau-ferme-7617\/#primaryimage"},"image":{"@id":"https:\/\/www.fondationassistanceauxanimaux.org\/actu\/agneau-ferme-7617\/#primaryimage"},"thumbnailUrl":"https:\/\/www.fondationassistanceauxanimaux.org\/actu\/wp-content\/uploads\/2020\/04\/d171653c-8210-45ce-8ac8-fbe7658fb190.jpg","datePublished":"2020-04-24T06:04:02+00:00","dateModified":"2020-04-25T11:37:04+00:00","author":{"@id":"https:\/\/www.fondationassistanceauxanimaux.org\/actu\/#\/schema\/person\/71a8476d98daaea0d71a965c5603e10b"},"breadcrumb":{"@id":"https:\/\/www.fondationassistanceauxanimaux.org\/actu\/agneau-ferme-7617\/#breadcrumb"},"inLanguage":"fr-FR","potentialAction":[{"@type":"ReadAction","target":["https:\/\/www.fondationassistanceauxanimaux.org\/actu\/agneau-ferme-7617\/"]}]},{"@type":"ImageObject","inLanguage":"fr-FR","@id":"https:\/\/www.fondationassistanceauxanimaux.org\/actu\/agneau-ferme-7617\/#primaryimage","url":"https:\/\/www.fondationassistanceauxanimaux.org\/actu\/wp-content\/uploads\/2020\/04\/d171653c-8210-45ce-8ac8-fbe7658fb190.jpg","contentUrl":"https:\/\/www.fondationassistanceauxanimaux.org\/actu\/wp-content\/uploads\/2020\/04\/d171653c-8210-45ce-8ac8-fbe7658fb190.jpg","width":1600,"height":1200},{"@type":"BreadcrumbList","@id":"https:\/\/www.fondationassistanceauxanimaux.org\/actu\/agneau-ferme-7617\/#breadcrumb","itemListElement":[{"@type":"ListItem","position":1,"name":"Accueil","item":"https:\/\/www.fondationassistanceauxanimaux.org\/actu\/"},{"@type":"ListItem","position":2,"name":"\u00ab\u00a0Nono\u00a0\u00bb, le plus petit pensionnaire de la Ferme p\u00e9dagogique"}]},{"@type":"WebSite","@id":"https:\/\/www.fondationassistanceauxanimaux.org\/actu\/#website","url":"https:\/\/www.fondationassistanceauxanimaux.org\/actu\/","name":"Fondation Assistance aux Animaux - Actualit\u00e9s","description":"Depuis 1930 la Fondation Assistance aux Animaux pour la d\u00e9fense et la protection des animaux maltrait\u00e9s et abandonn\u00e9s","potentialAction":[{"@type":"SearchAction","target":{"@type":"EntryPoint","urlTemplate":"https:\/\/www.fondationassistanceauxanimaux.org\/actu\/?s={search_term_string}"},"query-input":{"@type":"PropertyValueSpecification","valueRequired":true,"valueName":"search_term_string"}}],"inLanguage":"fr-FR"},{"@type":"Person","@id":"https:\/\/www.fondationassistanceauxanimaux.org\/actu\/#\/schema\/person\/71a8476d98daaea0d71a965c5603e10b","name":"No\u00e9","image":{"@type":"ImageObject","inLanguage":"fr-FR","@id":"https:\/\/www.fondationassistanceauxanimaux.org\/actu\/#\/schema\/person\/image\/","url":"https:\/\/secure.gravatar.com\/avatar\/d34cf6c6bd22b3db9c932bc580c4d1ba93c0cda7588a41b59078888ab1e5f007?s=96&d=mm&r=g","contentUrl":"https:\/\/secure.gravatar.com\/avatar\/d34cf6c6bd22b3db9c932bc580c4d1ba93c0cda7588a41b59078888ab1e5f007?s=96&d=mm&r=g","caption":"No\u00e9"},"url":"https:\/\/www.fondationassistanceauxanimaux.org\/actu\/author\/anne\/"}]}},"_links":{"self":[{"href":"https:\/\/www.fondationassistanceauxanimaux.org\/actu\/wp-json\/wp\/v2\/posts\/7617","targetHints":{"allow":["GET"]}}],"collection":[{"href":"https:\/\/www.fondationassistanceauxanimaux.org\/actu\/wp-json\/wp\/v2\/posts"}],"about":[{"href":"https:\/\/www.fondationassistanceauxanimaux.org\/actu\/wp-json\/wp\/v2\/types\/post"}],"author":[{"embeddable":true,"href":"https:\/\/www.fondationassistanceauxanimaux.org\/actu\/wp-json\/wp\/v2\/users\/3"}],"replies":[{"embeddable":true,"href":"https:\/\/www.fondationassistanceauxanimaux.org\/actu\/wp-json\/wp\/v2\/comments?post=7617"}],"version-history":[{"count":4,"href":"https:\/\/www.fondationassistanceauxanimaux.org\/actu\/wp-json\/wp\/v2\/posts\/7617\/revisions"}],"predecessor-version":[{"id":7653,"href":"https:\/\/www.fondationassistanceauxanimaux.org\/actu\/wp-json\/wp\/v2\/posts\/7617\/revisions\/7653"}],"wp:featuredmedia":[{"embeddable":true,"href":"https:\/\/www.fondationassistanceauxanimaux.org\/actu\/wp-json\/wp\/v2\/media\/7632"}],"wp:attachment":[{"href":"https:\/\/www.fondationassistanceauxanimaux.org\/actu\/wp-json\/wp\/v2\/media?parent=7617"}],"wp:term":[{"taxonomy":"category","embeddable":true,"href":"https:\/\/www.fondationassistanceauxanimaux.org\/actu\/wp-json\/wp\/v2\/categories?post=7617"},{"taxonomy":"post_tag","embeddable":true,"href":"https:\/\/www.fondationassistanceauxanimaux.org\/actu\/wp-json\/wp\/v2\/tags?post=7617"}],"curies":[{"name":"wp","href":"https:\/\/api.w.org\/{rel}","templated":true}]}}