{"id":7542,"date":"2020-04-17T12:17:37","date_gmt":"2020-04-17T10:17:37","guid":{"rendered":"http:\/\/www.fondationassistanceauxanimaux.org\/actu\/?p=7542"},"modified":"2020-04-17T12:20:13","modified_gmt":"2020-04-17T10:20:13","slug":"covid19-informations-refuges","status":"publish","type":"post","link":"https:\/\/www.fondationassistanceauxanimaux.org\/actu\/covid19-informations-refuges-7542\/","title":{"rendered":"Covid19 : Accord relatif \u00e0 la tol\u00e9rance accord\u00e9e aux d\u00e9placements pour l&rsquo;adoption de nos chiens et chats."},"content":{"rendered":"\n<p><strong>Nos refuges sont des structures accueillant du public&nbsp;; \u00e0 ce titre, ils restent ferm\u00e9s au public et aux b\u00e9n\u00e9voles conform\u00e9ment aux consignes gouvernementales li\u00e9es \u00e0 la crise sanitaire du Covid-19&nbsp;; nos animaux continuent d\u2019\u00eatre nourris, soign\u00e9s et l\u2019entretien des refuges se poursuit gr\u00e2ce \u00e0 nos \u00e9quipes animali\u00e8res sur place.<\/strong><\/p>\n\n\n\n<p><strong>Nous vous rappelons qu\u2019en plus d\u2019\u00eatre un acte engag\u00e9, l\u2019adoption doit r\u00e9pondre \u00e0 un r\u00e9el d\u00e9sir d\u2019adopter un animal de compagnie, une d\u00e9cision mesur\u00e9e, consciente et responsable, prise par toute la famille.<\/strong><\/p>\n\n\n\n<p><strong>C\u2019est une adoption d\u00e9finitive,&nbsp;et en aucun cas un placement temporaire le temps du confinement&nbsp;; c\u2019est pourquoi nous assurons sur chaque refuge une permanence&nbsp;t\u00e9l\u00e9phonique qui permettra une premi\u00e8re prise de contact.<\/strong><\/p>\n\n\n\n<figure class=\"wp-block-gallery columns-3 is-cropped wp-block-gallery-1 is-layout-flex wp-block-gallery-is-layout-flex\"><ul class=\"blocks-gallery-grid\"><li class=\"blocks-gallery-item\"><figure><img loading=\"lazy\" decoding=\"async\" width=\"773\" height=\"1030\" src=\"https:\/\/www.fondationassistanceauxanimaux.org\/actu\/wp-content\/uploads\/2020\/04\/774bbc08-d89e-4714-8ac6-2857eeddf9b6-773x1030.jpg\" alt=\"\" data-id=\"7548\" data-full-url=\"https:\/\/www.fondationassistanceauxanimaux.org\/actu\/wp-content\/uploads\/2020\/04\/774bbc08-d89e-4714-8ac6-2857eeddf9b6.jpg\" data-link=\"https:\/\/www.fondationassistanceauxanimaux.org\/actu\/?attachment_id=7548\" class=\"wp-image-7548\" srcset=\"https:\/\/www.fondationassistanceauxanimaux.org\/actu\/wp-content\/uploads\/2020\/04\/774bbc08-d89e-4714-8ac6-2857eeddf9b6-773x1030.jpg 773w, https:\/\/www.fondationassistanceauxanimaux.org\/actu\/wp-content\/uploads\/2020\/04\/774bbc08-d89e-4714-8ac6-2857eeddf9b6-225x300.jpg 225w, https:\/\/www.fondationassistanceauxanimaux.org\/actu\/wp-content\/uploads\/2020\/04\/774bbc08-d89e-4714-8ac6-2857eeddf9b6-768x1024.jpg 768w, https:\/\/www.fondationassistanceauxanimaux.org\/actu\/wp-content\/uploads\/2020\/04\/774bbc08-d89e-4714-8ac6-2857eeddf9b6-1152x1536.jpg 1152w, https:\/\/www.fondationassistanceauxanimaux.org\/actu\/wp-content\/uploads\/2020\/04\/774bbc08-d89e-4714-8ac6-2857eeddf9b6-1125x1500.jpg 1125w, https:\/\/www.fondationassistanceauxanimaux.org\/actu\/wp-content\/uploads\/2020\/04\/774bbc08-d89e-4714-8ac6-2857eeddf9b6-529x705.jpg 529w, https:\/\/www.fondationassistanceauxanimaux.org\/actu\/wp-content\/uploads\/2020\/04\/774bbc08-d89e-4714-8ac6-2857eeddf9b6.jpg 1200w\" sizes=\"auto, (max-width: 773px) 100vw, 773px\" \/><\/figure><\/li><li class=\"blocks-gallery-item\"><figure><img loading=\"lazy\" decoding=\"async\" width=\"773\" height=\"1030\" src=\"https:\/\/www.fondationassistanceauxanimaux.org\/actu\/wp-content\/uploads\/2020\/04\/1dd1a8c6-7692-4108-a88a-6ac339553c2a-773x1030.jpg\" alt=\"\" data-id=\"7545\" data-full-url=\"https:\/\/www.fondationassistanceauxanimaux.org\/actu\/wp-content\/uploads\/2020\/04\/1dd1a8c6-7692-4108-a88a-6ac339553c2a.jpg\" data-link=\"https:\/\/www.fondationassistanceauxanimaux.org\/actu\/?attachment_id=7545\" class=\"wp-image-7545\" srcset=\"https:\/\/www.fondationassistanceauxanimaux.org\/actu\/wp-content\/uploads\/2020\/04\/1dd1a8c6-7692-4108-a88a-6ac339553c2a-773x1030.jpg 773w, https:\/\/www.fondationassistanceauxanimaux.org\/actu\/wp-content\/uploads\/2020\/04\/1dd1a8c6-7692-4108-a88a-6ac339553c2a-225x300.jpg 225w, https:\/\/www.fondationassistanceauxanimaux.org\/actu\/wp-content\/uploads\/2020\/04\/1dd1a8c6-7692-4108-a88a-6ac339553c2a-768x1024.jpg 768w, https:\/\/www.fondationassistanceauxanimaux.org\/actu\/wp-content\/uploads\/2020\/04\/1dd1a8c6-7692-4108-a88a-6ac339553c2a-1152x1536.jpg 1152w, https:\/\/www.fondationassistanceauxanimaux.org\/actu\/wp-content\/uploads\/2020\/04\/1dd1a8c6-7692-4108-a88a-6ac339553c2a-1125x1500.jpg 1125w, https:\/\/www.fondationassistanceauxanimaux.org\/actu\/wp-content\/uploads\/2020\/04\/1dd1a8c6-7692-4108-a88a-6ac339553c2a-529x705.jpg 529w, https:\/\/www.fondationassistanceauxanimaux.org\/actu\/wp-content\/uploads\/2020\/04\/1dd1a8c6-7692-4108-a88a-6ac339553c2a.jpg 1200w\" sizes=\"auto, (max-width: 773px) 100vw, 773px\" \/><\/figure><\/li><li class=\"blocks-gallery-item\"><figure><img loading=\"lazy\" decoding=\"async\" width=\"1030\" height=\"773\" src=\"https:\/\/www.fondationassistanceauxanimaux.org\/actu\/wp-content\/uploads\/2020\/04\/0ee96371-f9ac-4cad-8841-12a42b5634fe-1030x773.jpg\" alt=\"\" data-id=\"7544\" data-full-url=\"https:\/\/www.fondationassistanceauxanimaux.org\/actu\/wp-content\/uploads\/2020\/04\/0ee96371-f9ac-4cad-8841-12a42b5634fe.jpg\" data-link=\"https:\/\/www.fondationassistanceauxanimaux.org\/actu\/?attachment_id=7544\" class=\"wp-image-7544\" srcset=\"https:\/\/www.fondationassistanceauxanimaux.org\/actu\/wp-content\/uploads\/2020\/04\/0ee96371-f9ac-4cad-8841-12a42b5634fe-1030x773.jpg 1030w, https:\/\/www.fondationassistanceauxanimaux.org\/actu\/wp-content\/uploads\/2020\/04\/0ee96371-f9ac-4cad-8841-12a42b5634fe-300x225.jpg 300w, https:\/\/www.fondationassistanceauxanimaux.org\/actu\/wp-content\/uploads\/2020\/04\/0ee96371-f9ac-4cad-8841-12a42b5634fe-768x576.jpg 768w, https:\/\/www.fondationassistanceauxanimaux.org\/actu\/wp-content\/uploads\/2020\/04\/0ee96371-f9ac-4cad-8841-12a42b5634fe-1536x1152.jpg 1536w, https:\/\/www.fondationassistanceauxanimaux.org\/actu\/wp-content\/uploads\/2020\/04\/0ee96371-f9ac-4cad-8841-12a42b5634fe-1500x1125.jpg 1500w, https:\/\/www.fondationassistanceauxanimaux.org\/actu\/wp-content\/uploads\/2020\/04\/0ee96371-f9ac-4cad-8841-12a42b5634fe-705x529.jpg 705w, https:\/\/www.fondationassistanceauxanimaux.org\/actu\/wp-content\/uploads\/2020\/04\/0ee96371-f9ac-4cad-8841-12a42b5634fe.jpg 1600w\" sizes=\"auto, (max-width: 1030px) 100vw, 1030px\" \/><\/figure><\/li><li class=\"blocks-gallery-item\"><figure><img loading=\"lazy\" decoding=\"async\" width=\"768\" height=\"1024\" src=\"https:\/\/www.fondationassistanceauxanimaux.org\/actu\/wp-content\/uploads\/2020\/04\/07bda1f3-88a2-4804-9b66-5cc790519802.jpg\" alt=\"\" data-id=\"7547\" data-full-url=\"https:\/\/www.fondationassistanceauxanimaux.org\/actu\/wp-content\/uploads\/2020\/04\/07bda1f3-88a2-4804-9b66-5cc790519802.jpg\" data-link=\"https:\/\/www.fondationassistanceauxanimaux.org\/actu\/?attachment_id=7547\" class=\"wp-image-7547\" srcset=\"https:\/\/www.fondationassistanceauxanimaux.org\/actu\/wp-content\/uploads\/2020\/04\/07bda1f3-88a2-4804-9b66-5cc790519802.jpg 768w, https:\/\/www.fondationassistanceauxanimaux.org\/actu\/wp-content\/uploads\/2020\/04\/07bda1f3-88a2-4804-9b66-5cc790519802-225x300.jpg 225w, https:\/\/www.fondationassistanceauxanimaux.org\/actu\/wp-content\/uploads\/2020\/04\/07bda1f3-88a2-4804-9b66-5cc790519802-529x705.jpg 529w\" sizes=\"auto, (max-width: 768px) 100vw, 768px\" \/><\/figure><\/li><li class=\"blocks-gallery-item\"><figure><img loading=\"lazy\" decoding=\"async\" width=\"773\" height=\"1030\" src=\"https:\/\/www.fondationassistanceauxanimaux.org\/actu\/wp-content\/uploads\/2020\/04\/3e95f185-e4d5-4baf-882c-c3b535836319-773x1030.jpg\" alt=\"\" data-id=\"7546\" data-full-url=\"https:\/\/www.fondationassistanceauxanimaux.org\/actu\/wp-content\/uploads\/2020\/04\/3e95f185-e4d5-4baf-882c-c3b535836319.jpg\" data-link=\"https:\/\/www.fondationassistanceauxanimaux.org\/actu\/?attachment_id=7546\" class=\"wp-image-7546\" srcset=\"https:\/\/www.fondationassistanceauxanimaux.org\/actu\/wp-content\/uploads\/2020\/04\/3e95f185-e4d5-4baf-882c-c3b535836319-773x1030.jpg 773w, https:\/\/www.fondationassistanceauxanimaux.org\/actu\/wp-content\/uploads\/2020\/04\/3e95f185-e4d5-4baf-882c-c3b535836319-225x300.jpg 225w, https:\/\/www.fondationassistanceauxanimaux.org\/actu\/wp-content\/uploads\/2020\/04\/3e95f185-e4d5-4baf-882c-c3b535836319-768x1024.jpg 768w, https:\/\/www.fondationassistanceauxanimaux.org\/actu\/wp-content\/uploads\/2020\/04\/3e95f185-e4d5-4baf-882c-c3b535836319-1152x1536.jpg 1152w, https:\/\/www.fondationassistanceauxanimaux.org\/actu\/wp-content\/uploads\/2020\/04\/3e95f185-e4d5-4baf-882c-c3b535836319-1125x1500.jpg 1125w, https:\/\/www.fondationassistanceauxanimaux.org\/actu\/wp-content\/uploads\/2020\/04\/3e95f185-e4d5-4baf-882c-c3b535836319-529x705.jpg 529w, https:\/\/www.fondationassistanceauxanimaux.org\/actu\/wp-content\/uploads\/2020\/04\/3e95f185-e4d5-4baf-882c-c3b535836319.jpg 1200w\" sizes=\"auto, (max-width: 773px) 100vw, 773px\" \/><\/figure><\/li><li class=\"blocks-gallery-item\"><figure><img loading=\"lazy\" decoding=\"async\" width=\"773\" height=\"1030\" src=\"https:\/\/www.fondationassistanceauxanimaux.org\/actu\/wp-content\/uploads\/2020\/04\/c75f5626-b745-4ad8-8668-1de6416e3a5b-773x1030.jpg\" alt=\"\" data-id=\"7549\" data-full-url=\"https:\/\/www.fondationassistanceauxanimaux.org\/actu\/wp-content\/uploads\/2020\/04\/c75f5626-b745-4ad8-8668-1de6416e3a5b.jpg\" data-link=\"https:\/\/www.fondationassistanceauxanimaux.org\/actu\/?attachment_id=7549\" class=\"wp-image-7549\" srcset=\"https:\/\/www.fondationassistanceauxanimaux.org\/actu\/wp-content\/uploads\/2020\/04\/c75f5626-b745-4ad8-8668-1de6416e3a5b-773x1030.jpg 773w, https:\/\/www.fondationassistanceauxanimaux.org\/actu\/wp-content\/uploads\/2020\/04\/c75f5626-b745-4ad8-8668-1de6416e3a5b-225x300.jpg 225w, https:\/\/www.fondationassistanceauxanimaux.org\/actu\/wp-content\/uploads\/2020\/04\/c75f5626-b745-4ad8-8668-1de6416e3a5b-768x1024.jpg 768w, https:\/\/www.fondationassistanceauxanimaux.org\/actu\/wp-content\/uploads\/2020\/04\/c75f5626-b745-4ad8-8668-1de6416e3a5b-1152x1536.jpg 1152w, https:\/\/www.fondationassistanceauxanimaux.org\/actu\/wp-content\/uploads\/2020\/04\/c75f5626-b745-4ad8-8668-1de6416e3a5b-1125x1500.jpg 1125w, https:\/\/www.fondationassistanceauxanimaux.org\/actu\/wp-content\/uploads\/2020\/04\/c75f5626-b745-4ad8-8668-1de6416e3a5b-529x705.jpg 529w, https:\/\/www.fondationassistanceauxanimaux.org\/actu\/wp-content\/uploads\/2020\/04\/c75f5626-b745-4ad8-8668-1de6416e3a5b.jpg 1200w\" sizes=\"auto, (max-width: 773px) 100vw, 773px\" \/><\/figure><\/li><\/ul><\/figure>\n","protected":false},"excerpt":{"rendered":"<p>Nos refuges sont des structures accueillant du public&nbsp;; \u00e0 ce titre, ils restent ferm\u00e9s au public et aux b\u00e9n\u00e9voles conform\u00e9ment aux consignes gouvernementales li\u00e9es \u00e0 la crise sanitaire du Covid-19&nbsp;; nos animaux continuent d\u2019\u00eatre nourris, soign\u00e9s et l\u2019entretien des refuges se poursuit gr\u00e2ce \u00e0 nos \u00e9quipes animali\u00e8res sur place. Nous vous rappelons qu\u2019en plus d\u2019\u00eatre [&hellip;]<\/p>\n","protected":false},"author":3,"featured_media":7543,"comment_status":"closed","ping_status":"closed","sticky":false,"template":"","format":"standard","meta":{"footnotes":""},"categories":[21],"tags":[],"class_list":["post-7542","post","type-post","status-publish","format-standard","has-post-thumbnail","hentry","category-fondation-assistance-aux-animaux"],"yoast_head":"<!-- This site is optimized with the Yoast SEO plugin v24.5 - https:\/\/yoast.com\/wordpress\/plugins\/seo\/ -->\n<title>Covid19 : Accord relatif \u00e0 la tol\u00e9rance accord\u00e9e aux d\u00e9placements pour l&#039;adoption de nos chiens et chats. - Fondation Assistance aux Animaux - Actualit\u00e9s<\/title>\n<meta name=\"robots\" content=\"index, follow, max-snippet:-1, max-image-preview:large, max-video-preview:-1\" \/>\n<link rel=\"canonical\" href=\"https:\/\/www.fondationassistanceauxanimaux.org\/actu\/covid19-informations-refuges-7542\/\" \/>\n<meta property=\"og:locale\" content=\"fr_FR\" \/>\n<meta property=\"og:type\" content=\"article\" \/>\n<meta property=\"og:title\" content=\"Covid19 : Accord relatif \u00e0 la tol\u00e9rance accord\u00e9e aux d\u00e9placements pour l&#039;adoption de nos chiens et chats. - Fondation Assistance aux Animaux - Actualit\u00e9s\" \/>\n<meta property=\"og:description\" content=\"Nos refuges sont des structures accueillant du public&nbsp;; \u00e0 ce titre, ils restent ferm\u00e9s au public et aux b\u00e9n\u00e9voles conform\u00e9ment aux consignes gouvernementales li\u00e9es \u00e0 la crise sanitaire du Covid-19&nbsp;; nos animaux continuent d\u2019\u00eatre nourris, soign\u00e9s et l\u2019entretien des refuges se poursuit gr\u00e2ce \u00e0 nos \u00e9quipes animali\u00e8res sur place. Nous vous rappelons qu\u2019en plus d\u2019\u00eatre [&hellip;]\" \/>\n<meta property=\"og:url\" content=\"https:\/\/www.fondationassistanceauxanimaux.org\/actu\/covid19-informations-refuges-7542\/\" \/>\n<meta property=\"og:site_name\" content=\"Fondation Assistance aux Animaux - Actualit\u00e9s\" \/>\n<meta property=\"article:published_time\" content=\"2020-04-17T10:17:37+00:00\" \/>\n<meta property=\"article:modified_time\" content=\"2020-04-17T10:20:13+00:00\" \/>\n<meta property=\"og:image\" content=\"https:\/\/www.fondationassistanceauxanimaux.org\/actu\/wp-content\/uploads\/2020\/04\/patch-blanc.png\" \/>\n\t<meta property=\"og:image:width\" content=\"1054\" \/>\n\t<meta property=\"og:image:height\" content=\"1054\" \/>\n\t<meta property=\"og:image:type\" content=\"image\/png\" \/>\n<meta name=\"author\" content=\"No\u00e9\" \/>\n<meta name=\"twitter:card\" content=\"summary_large_image\" \/>\n<meta name=\"twitter:label1\" content=\"\u00c9crit par\" \/>\n\t<meta name=\"twitter:data1\" content=\"No\u00e9\" \/>\n\t<meta name=\"twitter:label2\" content=\"Dur\u00e9e de lecture estim\u00e9e\" \/>\n\t<meta name=\"twitter:data2\" content=\"1 minute\" \/>\n<script type=\"application\/ld+json\" class=\"yoast-schema-graph\">{\"@context\":\"https:\/\/schema.org\",\"@graph\":[{\"@type\":\"WebPage\",\"@id\":\"https:\/\/www.fondationassistanceauxanimaux.org\/actu\/covid19-informations-refuges-7542\/\",\"url\":\"https:\/\/www.fondationassistanceauxanimaux.org\/actu\/covid19-informations-refuges-7542\/\",\"name\":\"Covid19 : Accord relatif \u00e0 la tol\u00e9rance accord\u00e9e aux d\u00e9placements pour l'adoption de nos chiens et chats. - Fondation Assistance aux Animaux - Actualit\u00e9s\",\"isPartOf\":{\"@id\":\"https:\/\/www.fondationassistanceauxanimaux.org\/actu\/#website\"},\"primaryImageOfPage\":{\"@id\":\"https:\/\/www.fondationassistanceauxanimaux.org\/actu\/covid19-informations-refuges-7542\/#primaryimage\"},\"image\":{\"@id\":\"https:\/\/www.fondationassistanceauxanimaux.org\/actu\/covid19-informations-refuges-7542\/#primaryimage\"},\"thumbnailUrl\":\"https:\/\/www.fondationassistanceauxanimaux.org\/actu\/wp-content\/uploads\/2020\/04\/patch-blanc.png\",\"datePublished\":\"2020-04-17T10:17:37+00:00\",\"dateModified\":\"2020-04-17T10:20:13+00:00\",\"author\":{\"@id\":\"https:\/\/www.fondationassistanceauxanimaux.org\/actu\/#\/schema\/person\/71a8476d98daaea0d71a965c5603e10b\"},\"breadcrumb\":{\"@id\":\"https:\/\/www.fondationassistanceauxanimaux.org\/actu\/covid19-informations-refuges-7542\/#breadcrumb\"},\"inLanguage\":\"fr-FR\",\"potentialAction\":[{\"@type\":\"ReadAction\",\"target\":[\"https:\/\/www.fondationassistanceauxanimaux.org\/actu\/covid19-informations-refuges-7542\/\"]}]},{\"@type\":\"ImageObject\",\"inLanguage\":\"fr-FR\",\"@id\":\"https:\/\/www.fondationassistanceauxanimaux.org\/actu\/covid19-informations-refuges-7542\/#primaryimage\",\"url\":\"https:\/\/www.fondationassistanceauxanimaux.org\/actu\/wp-content\/uploads\/2020\/04\/patch-blanc.png\",\"contentUrl\":\"https:\/\/www.fondationassistanceauxanimaux.org\/actu\/wp-content\/uploads\/2020\/04\/patch-blanc.png\",\"width\":1054,\"height\":1054},{\"@type\":\"BreadcrumbList\",\"@id\":\"https:\/\/www.fondationassistanceauxanimaux.org\/actu\/covid19-informations-refuges-7542\/#breadcrumb\",\"itemListElement\":[{\"@type\":\"ListItem\",\"position\":1,\"name\":\"Accueil\",\"item\":\"https:\/\/www.fondationassistanceauxanimaux.org\/actu\/\"},{\"@type\":\"ListItem\",\"position\":2,\"name\":\"Covid19 : Accord relatif \u00e0 la tol\u00e9rance accord\u00e9e aux d\u00e9placements pour l&rsquo;adoption de nos chiens et chats.\"}]},{\"@type\":\"WebSite\",\"@id\":\"https:\/\/www.fondationassistanceauxanimaux.org\/actu\/#website\",\"url\":\"https:\/\/www.fondationassistanceauxanimaux.org\/actu\/\",\"name\":\"Fondation Assistance aux Animaux - Actualit\u00e9s\",\"description\":\"Depuis 1930 la Fondation Assistance aux Animaux pour la d\u00e9fense et la protection des animaux maltrait\u00e9s et abandonn\u00e9s\",\"potentialAction\":[{\"@type\":\"SearchAction\",\"target\":{\"@type\":\"EntryPoint\",\"urlTemplate\":\"https:\/\/www.fondationassistanceauxanimaux.org\/actu\/?s={search_term_string}\"},\"query-input\":{\"@type\":\"PropertyValueSpecification\",\"valueRequired\":true,\"valueName\":\"search_term_string\"}}],\"inLanguage\":\"fr-FR\"},{\"@type\":\"Person\",\"@id\":\"https:\/\/www.fondationassistanceauxanimaux.org\/actu\/#\/schema\/person\/71a8476d98daaea0d71a965c5603e10b\",\"name\":\"No\u00e9\",\"image\":{\"@type\":\"ImageObject\",\"inLanguage\":\"fr-FR\",\"@id\":\"https:\/\/www.fondationassistanceauxanimaux.org\/actu\/#\/schema\/person\/image\/\",\"url\":\"https:\/\/secure.gravatar.com\/avatar\/d34cf6c6bd22b3db9c932bc580c4d1ba93c0cda7588a41b59078888ab1e5f007?s=96&d=mm&r=g\",\"contentUrl\":\"https:\/\/secure.gravatar.com\/avatar\/d34cf6c6bd22b3db9c932bc580c4d1ba93c0cda7588a41b59078888ab1e5f007?s=96&d=mm&r=g\",\"caption\":\"No\u00e9\"},\"url\":\"https:\/\/www.fondationassistanceauxanimaux.org\/actu\/author\/anne\/\"}]}<\/script>\n<!-- \/ Yoast SEO plugin. -->","yoast_head_json":{"title":"Covid19 : Accord relatif \u00e0 la tol\u00e9rance accord\u00e9e aux d\u00e9placements pour l'adoption de nos chiens et chats. - Fondation Assistance aux Animaux - Actualit\u00e9s","robots":{"index":"index","follow":"follow","max-snippet":"max-snippet:-1","max-image-preview":"max-image-preview:large","max-video-preview":"max-video-preview:-1"},"canonical":"https:\/\/www.fondationassistanceauxanimaux.org\/actu\/covid19-informations-refuges-7542\/","og_locale":"fr_FR","og_type":"article","og_title":"Covid19 : Accord relatif \u00e0 la tol\u00e9rance accord\u00e9e aux d\u00e9placements pour l'adoption de nos chiens et chats. - Fondation Assistance aux Animaux - Actualit\u00e9s","og_description":"Nos refuges sont des structures accueillant du public&nbsp;; \u00e0 ce titre, ils restent ferm\u00e9s au public et aux b\u00e9n\u00e9voles conform\u00e9ment aux consignes gouvernementales li\u00e9es \u00e0 la crise sanitaire du Covid-19&nbsp;; nos animaux continuent d\u2019\u00eatre nourris, soign\u00e9s et l\u2019entretien des refuges se poursuit gr\u00e2ce \u00e0 nos \u00e9quipes animali\u00e8res sur place. Nous vous rappelons qu\u2019en plus d\u2019\u00eatre [&hellip;]","og_url":"https:\/\/www.fondationassistanceauxanimaux.org\/actu\/covid19-informations-refuges-7542\/","og_site_name":"Fondation Assistance aux Animaux - Actualit\u00e9s","article_published_time":"2020-04-17T10:17:37+00:00","article_modified_time":"2020-04-17T10:20:13+00:00","og_image":[{"width":1054,"height":1054,"url":"https:\/\/www.fondationassistanceauxanimaux.org\/actu\/wp-content\/uploads\/2020\/04\/patch-blanc.png","type":"image\/png"}],"author":"No\u00e9","twitter_card":"summary_large_image","twitter_misc":{"\u00c9crit par":"No\u00e9","Dur\u00e9e de lecture estim\u00e9e":"1 minute"},"schema":{"@context":"https:\/\/schema.org","@graph":[{"@type":"WebPage","@id":"https:\/\/www.fondationassistanceauxanimaux.org\/actu\/covid19-informations-refuges-7542\/","url":"https:\/\/www.fondationassistanceauxanimaux.org\/actu\/covid19-informations-refuges-7542\/","name":"Covid19 : Accord relatif \u00e0 la tol\u00e9rance accord\u00e9e aux d\u00e9placements pour l'adoption de nos chiens et chats. - Fondation Assistance aux Animaux - Actualit\u00e9s","isPartOf":{"@id":"https:\/\/www.fondationassistanceauxanimaux.org\/actu\/#website"},"primaryImageOfPage":{"@id":"https:\/\/www.fondationassistanceauxanimaux.org\/actu\/covid19-informations-refuges-7542\/#primaryimage"},"image":{"@id":"https:\/\/www.fondationassistanceauxanimaux.org\/actu\/covid19-informations-refuges-7542\/#primaryimage"},"thumbnailUrl":"https:\/\/www.fondationassistanceauxanimaux.org\/actu\/wp-content\/uploads\/2020\/04\/patch-blanc.png","datePublished":"2020-04-17T10:17:37+00:00","dateModified":"2020-04-17T10:20:13+00:00","author":{"@id":"https:\/\/www.fondationassistanceauxanimaux.org\/actu\/#\/schema\/person\/71a8476d98daaea0d71a965c5603e10b"},"breadcrumb":{"@id":"https:\/\/www.fondationassistanceauxanimaux.org\/actu\/covid19-informations-refuges-7542\/#breadcrumb"},"inLanguage":"fr-FR","potentialAction":[{"@type":"ReadAction","target":["https:\/\/www.fondationassistanceauxanimaux.org\/actu\/covid19-informations-refuges-7542\/"]}]},{"@type":"ImageObject","inLanguage":"fr-FR","@id":"https:\/\/www.fondationassistanceauxanimaux.org\/actu\/covid19-informations-refuges-7542\/#primaryimage","url":"https:\/\/www.fondationassistanceauxanimaux.org\/actu\/wp-content\/uploads\/2020\/04\/patch-blanc.png","contentUrl":"https:\/\/www.fondationassistanceauxanimaux.org\/actu\/wp-content\/uploads\/2020\/04\/patch-blanc.png","width":1054,"height":1054},{"@type":"BreadcrumbList","@id":"https:\/\/www.fondationassistanceauxanimaux.org\/actu\/covid19-informations-refuges-7542\/#breadcrumb","itemListElement":[{"@type":"ListItem","position":1,"name":"Accueil","item":"https:\/\/www.fondationassistanceauxanimaux.org\/actu\/"},{"@type":"ListItem","position":2,"name":"Covid19 : Accord relatif \u00e0 la tol\u00e9rance accord\u00e9e aux d\u00e9placements pour l&rsquo;adoption de nos chiens et chats."}]},{"@type":"WebSite","@id":"https:\/\/www.fondationassistanceauxanimaux.org\/actu\/#website","url":"https:\/\/www.fondationassistanceauxanimaux.org\/actu\/","name":"Fondation Assistance aux Animaux - Actualit\u00e9s","description":"Depuis 1930 la Fondation Assistance aux Animaux pour la d\u00e9fense et la protection des animaux maltrait\u00e9s et abandonn\u00e9s","potentialAction":[{"@type":"SearchAction","target":{"@type":"EntryPoint","urlTemplate":"https:\/\/www.fondationassistanceauxanimaux.org\/actu\/?s={search_term_string}"},"query-input":{"@type":"PropertyValueSpecification","valueRequired":true,"valueName":"search_term_string"}}],"inLanguage":"fr-FR"},{"@type":"Person","@id":"https:\/\/www.fondationassistanceauxanimaux.org\/actu\/#\/schema\/person\/71a8476d98daaea0d71a965c5603e10b","name":"No\u00e9","image":{"@type":"ImageObject","inLanguage":"fr-FR","@id":"https:\/\/www.fondationassistanceauxanimaux.org\/actu\/#\/schema\/person\/image\/","url":"https:\/\/secure.gravatar.com\/avatar\/d34cf6c6bd22b3db9c932bc580c4d1ba93c0cda7588a41b59078888ab1e5f007?s=96&d=mm&r=g","contentUrl":"https:\/\/secure.gravatar.com\/avatar\/d34cf6c6bd22b3db9c932bc580c4d1ba93c0cda7588a41b59078888ab1e5f007?s=96&d=mm&r=g","caption":"No\u00e9"},"url":"https:\/\/www.fondationassistanceauxanimaux.org\/actu\/author\/anne\/"}]}},"_links":{"self":[{"href":"https:\/\/www.fondationassistanceauxanimaux.org\/actu\/wp-json\/wp\/v2\/posts\/7542","targetHints":{"allow":["GET"]}}],"collection":[{"href":"https:\/\/www.fondationassistanceauxanimaux.org\/actu\/wp-json\/wp\/v2\/posts"}],"about":[{"href":"https:\/\/www.fondationassistanceauxanimaux.org\/actu\/wp-json\/wp\/v2\/types\/post"}],"author":[{"embeddable":true,"href":"https:\/\/www.fondationassistanceauxanimaux.org\/actu\/wp-json\/wp\/v2\/users\/3"}],"replies":[{"embeddable":true,"href":"https:\/\/www.fondationassistanceauxanimaux.org\/actu\/wp-json\/wp\/v2\/comments?post=7542"}],"version-history":[{"count":3,"href":"https:\/\/www.fondationassistanceauxanimaux.org\/actu\/wp-json\/wp\/v2\/posts\/7542\/revisions"}],"predecessor-version":[{"id":7552,"href":"https:\/\/www.fondationassistanceauxanimaux.org\/actu\/wp-json\/wp\/v2\/posts\/7542\/revisions\/7552"}],"wp:featuredmedia":[{"embeddable":true,"href":"https:\/\/www.fondationassistanceauxanimaux.org\/actu\/wp-json\/wp\/v2\/media\/7543"}],"wp:attachment":[{"href":"https:\/\/www.fondationassistanceauxanimaux.org\/actu\/wp-json\/wp\/v2\/media?parent=7542"}],"wp:term":[{"taxonomy":"category","embeddable":true,"href":"https:\/\/www.fondationassistanceauxanimaux.org\/actu\/wp-json\/wp\/v2\/categories?post=7542"},{"taxonomy":"post_tag","embeddable":true,"href":"https:\/\/www.fondationassistanceauxanimaux.org\/actu\/wp-json\/wp\/v2\/tags?post=7542"}],"curies":[{"name":"wp","href":"https:\/\/api.w.org\/{rel}","templated":true}]}}