{"id":7485,"date":"2020-04-14T15:09:20","date_gmt":"2020-04-14T13:09:20","guid":{"rendered":"http:\/\/www.fondationassistanceauxanimaux.org\/actu\/?p=7485"},"modified":"2020-04-14T15:14:53","modified_gmt":"2020-04-14T13:14:53","slug":"adoption-refuge-carros","status":"publish","type":"post","link":"https:\/\/www.fondationassistanceauxanimaux.org\/actu\/adoption-refuge-carros-7485\/","title":{"rendered":"La nouvelle vie de \u00ab\u00a0Capucine\u00a0\u00bb, adopt\u00e9e au refuge de Carros"},"content":{"rendered":"\n<p><strong>\u00c2g\u00e9e de 4 ans, cette adorable chienne avait \u00e9t\u00e9 prise en charge par notre refuge de Carros<\/strong> <strong>apr\u00e8s avoir \u00e9t\u00e9 maltrait\u00e9e.<\/strong><\/p>\n\n\n\n<p><strong>Ces photos envoy\u00e9es par sa famille r\u00e9sument bien sa nouvelle vie d&rsquo;adopt\u00e9e. <\/strong><\/p>\n\n\n\n<p><strong>\u00ab\u00a0Capucine\u00a0\u00bb rebaptis\u00e9e \u00ab\u00a0Peaky\u00a0\u00bb est tr\u00e8s heureuse<\/strong>. <strong>Nous vous partageons les nouvelles de nos adoptants, merci \u00e0 eux !<\/strong><\/p>\n\n\n\n<blockquote class=\"wp-block-quote is-layout-flow wp-block-quote-is-layout-flow\"><p><em>C\u2019est une fifille tellement attachante et qui progresse, progresse, si vite finalement! C\u2019est notre b\u00e9b\u00e9 on l\u2019aime comme des dingues et elle nous le rend plus que bien! Nous l\u2019avons renomm\u00e9 tout de suite : d\u00e9sormais Capucine c\u2019est Peaky (hommage aux Peaky Blinders, une s\u00e9rie dont nous avions parl\u00e9 avec les b\u00e9n\u00e9voles que nous avions rencontr\u00e9 la premi\u00e8re fois que nous \u00e9tions venus et que nous avions craqu\u00e9 pour Capucine). Apr\u00e8s des premi\u00e8res semaines d\u2019adaptation et d\u2019h\u00e9sitation, la patience a pay\u00e9 : on peut dire aujourd\u2019hui qu\u2019elle est totalement transform\u00e9e. Elle est joueuse, curieuse, affectueuse, on dirait qu\u2019elle d\u00e9couvre la jeunesse dont elle a \u00e9t\u00e9 priv\u00e9e. Chaque \u00e9tape a \u00e9t\u00e9 une \u00e9preuve pour elle : sa nouvelle vie avec nous, les premi\u00e8res promenades, la voiture, les nouveaux bruits dans la rue, l\u2019aspirateur. Elle adore les balades, qu\u2019on lui gratte le bas du dos (elle nous parle \u00e0 ce moment l\u00e0 c\u2019est extra) et dormir dans son panier comme un vrai b\u00e9b\u00e9. Tous les matins, on a le droit \u00e0 des f\u00eates incroyables \u00e7a met tellement la banane pour bien d\u00e9marrer la journ\u00e9e. \u00c9videment le jardin chez nos parents quand nous remontons en famille, ou la plage, c\u2019est encore mieux! Et croiser des copains chiens qui veulent jouer c\u2019est super, mais parfois Peaky peut encore \u00eatre apeur\u00e9e (surtout les femelles dominantes ou les gros m\u00e2les). Elle est encore timide avec les inconnus mais pas de l\u00e0 \u00e0 chercher \u00e0 se cacher, \u00e9norm\u00e9ment de progr\u00e8s aussi de ce c\u00f4t\u00e9-l\u00e0. C\u00f4t\u00e9 \u00e9ducation, nous avons surtout travaill\u00e9 le \u00ab assis \u00bb et il est tr\u00e8s bien enregistr\u00e9 d\u00e9sormais! Le rappel est encore \u00e0 peaufiner car les \u00e9lans de joie peuvent lui faire oublier l\u2019existence de dangers. Mais elle apprend, et nous aussi, et on ne se fait aucun soucis, elle a confiance en nous, et nous croyons \u00e0 100% en elle. On la sent heureuse avec nous et \u00e7a, \u00e7a la plus belle des r\u00e9compenses quand on sait ce qu\u2019elle a travers\u00e9. Voil\u00e0 on tenait \u00e0 en profiter pour vous dire encore merci, pour tout ce que vous faites pour ces animaux abandonn\u00e9s ou en souffrance, merci encore pour votre confiance, Peaky et nous sommes ravis de cette nouvelle vie \u00e0 3!<\/em><\/p><cite>Adoptants du refuge de Carros &#8211; Fondation Assistance aux Animaux<\/cite><\/blockquote>\n\n\n\n<figure class=\"wp-block-gallery columns-3 is-cropped wp-block-gallery-1 is-layout-flex wp-block-gallery-is-layout-flex\"><ul class=\"blocks-gallery-grid\"><li class=\"blocks-gallery-item\"><figure><img loading=\"lazy\" decoding=\"async\" width=\"1030\" height=\"1030\" src=\"https:\/\/www.fondationassistanceauxanimaux.org\/actu\/wp-content\/uploads\/2020\/04\/image2-1030x1030.jpeg\" alt=\"\" data-id=\"7487\" data-full-url=\"https:\/\/www.fondationassistanceauxanimaux.org\/actu\/wp-content\/uploads\/2020\/04\/image2.jpeg\" data-link=\"https:\/\/www.fondationassistanceauxanimaux.org\/actu\/?attachment_id=7487\" class=\"wp-image-7487\" srcset=\"https:\/\/www.fondationassistanceauxanimaux.org\/actu\/wp-content\/uploads\/2020\/04\/image2-1030x1030.jpeg 1030w, https:\/\/www.fondationassistanceauxanimaux.org\/actu\/wp-content\/uploads\/2020\/04\/image2-300x300.jpeg 300w, https:\/\/www.fondationassistanceauxanimaux.org\/actu\/wp-content\/uploads\/2020\/04\/image2-80x80.jpeg 80w, https:\/\/www.fondationassistanceauxanimaux.org\/actu\/wp-content\/uploads\/2020\/04\/image2-768x768.jpeg 768w, https:\/\/www.fondationassistanceauxanimaux.org\/actu\/wp-content\/uploads\/2020\/04\/image2-36x36.jpeg 36w, https:\/\/www.fondationassistanceauxanimaux.org\/actu\/wp-content\/uploads\/2020\/04\/image2-180x180.jpeg 180w, https:\/\/www.fondationassistanceauxanimaux.org\/actu\/wp-content\/uploads\/2020\/04\/image2-1500x1500.jpeg 1500w, https:\/\/www.fondationassistanceauxanimaux.org\/actu\/wp-content\/uploads\/2020\/04\/image2-705x705.jpeg 705w, https:\/\/www.fondationassistanceauxanimaux.org\/actu\/wp-content\/uploads\/2020\/04\/image2.jpeg 1512w\" sizes=\"auto, (max-width: 1030px) 100vw, 1030px\" \/><\/figure><\/li><li class=\"blocks-gallery-item\"><figure><img loading=\"lazy\" decoding=\"async\" width=\"773\" height=\"1030\" src=\"https:\/\/www.fondationassistanceauxanimaux.org\/actu\/wp-content\/uploads\/2020\/04\/image1-773x1030.jpeg\" alt=\"\" data-id=\"7486\" data-full-url=\"https:\/\/www.fondationassistanceauxanimaux.org\/actu\/wp-content\/uploads\/2020\/04\/image1-rotated.jpeg\" data-link=\"https:\/\/www.fondationassistanceauxanimaux.org\/actu\/?attachment_id=7486\" class=\"wp-image-7486\" srcset=\"https:\/\/www.fondationassistanceauxanimaux.org\/actu\/wp-content\/uploads\/2020\/04\/image1-773x1030.jpeg 773w, https:\/\/www.fondationassistanceauxanimaux.org\/actu\/wp-content\/uploads\/2020\/04\/image1-225x300.jpeg 225w, https:\/\/www.fondationassistanceauxanimaux.org\/actu\/wp-content\/uploads\/2020\/04\/image1-768x1024.jpeg 768w, https:\/\/www.fondationassistanceauxanimaux.org\/actu\/wp-content\/uploads\/2020\/04\/image1-1152x1536.jpeg 1152w, https:\/\/www.fondationassistanceauxanimaux.org\/actu\/wp-content\/uploads\/2020\/04\/image1-1125x1500.jpeg 1125w, https:\/\/www.fondationassistanceauxanimaux.org\/actu\/wp-content\/uploads\/2020\/04\/image1-529x705.jpeg 529w, https:\/\/www.fondationassistanceauxanimaux.org\/actu\/wp-content\/uploads\/2020\/04\/image1-rotated.jpeg 1512w\" sizes=\"auto, (max-width: 773px) 100vw, 773px\" \/><\/figure><\/li><li class=\"blocks-gallery-item\"><figure><img loading=\"lazy\" decoding=\"async\" width=\"1030\" height=\"773\" src=\"https:\/\/www.fondationassistanceauxanimaux.org\/actu\/wp-content\/uploads\/2020\/04\/image6-1030x773.jpeg\" alt=\"\" data-id=\"7489\" data-full-url=\"https:\/\/www.fondationassistanceauxanimaux.org\/actu\/wp-content\/uploads\/2020\/04\/image6.jpeg\" data-link=\"https:\/\/www.fondationassistanceauxanimaux.org\/actu\/?attachment_id=7489\" class=\"wp-image-7489\" srcset=\"https:\/\/www.fondationassistanceauxanimaux.org\/actu\/wp-content\/uploads\/2020\/04\/image6-1030x773.jpeg 1030w, https:\/\/www.fondationassistanceauxanimaux.org\/actu\/wp-content\/uploads\/2020\/04\/image6-300x225.jpeg 300w, https:\/\/www.fondationassistanceauxanimaux.org\/actu\/wp-content\/uploads\/2020\/04\/image6-768x576.jpeg 768w, https:\/\/www.fondationassistanceauxanimaux.org\/actu\/wp-content\/uploads\/2020\/04\/image6-1536x1152.jpeg 1536w, https:\/\/www.fondationassistanceauxanimaux.org\/actu\/wp-content\/uploads\/2020\/04\/image6-1500x1125.jpeg 1500w, https:\/\/www.fondationassistanceauxanimaux.org\/actu\/wp-content\/uploads\/2020\/04\/image6-705x529.jpeg 705w, https:\/\/www.fondationassistanceauxanimaux.org\/actu\/wp-content\/uploads\/2020\/04\/image6.jpeg 2016w\" sizes=\"auto, (max-width: 1030px) 100vw, 1030px\" \/><\/figure><\/li><li class=\"blocks-gallery-item\"><figure><img loading=\"lazy\" decoding=\"async\" width=\"1030\" height=\"773\" src=\"https:\/\/www.fondationassistanceauxanimaux.org\/actu\/wp-content\/uploads\/2020\/04\/image3-1030x773.jpeg\" alt=\"\" data-id=\"7488\" data-full-url=\"https:\/\/www.fondationassistanceauxanimaux.org\/actu\/wp-content\/uploads\/2020\/04\/image3.jpeg\" data-link=\"https:\/\/www.fondationassistanceauxanimaux.org\/actu\/?attachment_id=7488\" class=\"wp-image-7488\" srcset=\"https:\/\/www.fondationassistanceauxanimaux.org\/actu\/wp-content\/uploads\/2020\/04\/image3-1030x773.jpeg 1030w, https:\/\/www.fondationassistanceauxanimaux.org\/actu\/wp-content\/uploads\/2020\/04\/image3-300x225.jpeg 300w, https:\/\/www.fondationassistanceauxanimaux.org\/actu\/wp-content\/uploads\/2020\/04\/image3-768x576.jpeg 768w, https:\/\/www.fondationassistanceauxanimaux.org\/actu\/wp-content\/uploads\/2020\/04\/image3-1536x1152.jpeg 1536w, https:\/\/www.fondationassistanceauxanimaux.org\/actu\/wp-content\/uploads\/2020\/04\/image3-1500x1125.jpeg 1500w, https:\/\/www.fondationassistanceauxanimaux.org\/actu\/wp-content\/uploads\/2020\/04\/image3-705x529.jpeg 705w, https:\/\/www.fondationassistanceauxanimaux.org\/actu\/wp-content\/uploads\/2020\/04\/image3.jpeg 2016w\" sizes=\"auto, (max-width: 1030px) 100vw, 1030px\" \/><\/figure><\/li><\/ul><\/figure>\n","protected":false},"excerpt":{"rendered":"<p>\u00c2g\u00e9e de 4 ans, cette adorable chienne avait \u00e9t\u00e9 prise en charge par notre refuge de Carros apr\u00e8s avoir \u00e9t\u00e9 maltrait\u00e9e. Ces photos envoy\u00e9es par sa famille r\u00e9sument bien sa nouvelle vie d&rsquo;adopt\u00e9e. \u00ab\u00a0Capucine\u00a0\u00bb rebaptis\u00e9e \u00ab\u00a0Peaky\u00a0\u00bb est tr\u00e8s heureuse. Nous vous partageons les nouvelles de nos adoptants, merci \u00e0 eux ! C\u2019est une fifille tellement [&hellip;]<\/p>\n","protected":false},"author":3,"featured_media":7488,"comment_status":"closed","ping_status":"closed","sticky":false,"template":"","format":"standard","meta":{"footnotes":""},"categories":[17],"tags":[],"class_list":["post-7485","post","type-post","status-publish","format-standard","has-post-thumbnail","hentry","category-refuge-de-carros"],"yoast_head":"<!-- This site is optimized with the Yoast SEO plugin v24.5 - https:\/\/yoast.com\/wordpress\/plugins\/seo\/ -->\n<title>La nouvelle vie de &quot;Capucine&quot;, adopt\u00e9e au refuge de Carros - Fondation Assistance aux Animaux - Actualit\u00e9s<\/title>\n<meta name=\"robots\" content=\"index, follow, max-snippet:-1, max-image-preview:large, max-video-preview:-1\" \/>\n<link rel=\"canonical\" href=\"https:\/\/www.fondationassistanceauxanimaux.org\/actu\/adoption-refuge-carros-7485\/\" \/>\n<meta property=\"og:locale\" content=\"fr_FR\" \/>\n<meta property=\"og:type\" content=\"article\" \/>\n<meta property=\"og:title\" content=\"La nouvelle vie de &quot;Capucine&quot;, adopt\u00e9e au refuge de Carros - Fondation Assistance aux Animaux - Actualit\u00e9s\" \/>\n<meta property=\"og:description\" content=\"\u00c2g\u00e9e de 4 ans, cette adorable chienne avait \u00e9t\u00e9 prise en charge par notre refuge de Carros apr\u00e8s avoir \u00e9t\u00e9 maltrait\u00e9e. Ces photos envoy\u00e9es par sa famille r\u00e9sument bien sa nouvelle vie d&rsquo;adopt\u00e9e. \u00ab\u00a0Capucine\u00a0\u00bb rebaptis\u00e9e \u00ab\u00a0Peaky\u00a0\u00bb est tr\u00e8s heureuse. Nous vous partageons les nouvelles de nos adoptants, merci \u00e0 eux ! C\u2019est une fifille tellement [&hellip;]\" \/>\n<meta property=\"og:url\" content=\"https:\/\/www.fondationassistanceauxanimaux.org\/actu\/adoption-refuge-carros-7485\/\" \/>\n<meta property=\"og:site_name\" content=\"Fondation Assistance aux Animaux - Actualit\u00e9s\" \/>\n<meta property=\"article:published_time\" content=\"2020-04-14T13:09:20+00:00\" \/>\n<meta property=\"article:modified_time\" content=\"2020-04-14T13:14:53+00:00\" \/>\n<meta property=\"og:image\" content=\"https:\/\/www.fondationassistanceauxanimaux.org\/actu\/wp-content\/uploads\/2020\/04\/image3.jpeg\" \/>\n\t<meta property=\"og:image:width\" content=\"2016\" \/>\n\t<meta property=\"og:image:height\" content=\"1512\" \/>\n\t<meta property=\"og:image:type\" content=\"image\/jpeg\" \/>\n<meta name=\"author\" content=\"No\u00e9\" \/>\n<meta name=\"twitter:card\" content=\"summary_large_image\" \/>\n<meta name=\"twitter:label1\" content=\"\u00c9crit par\" \/>\n\t<meta name=\"twitter:data1\" content=\"No\u00e9\" \/>\n\t<meta name=\"twitter:label2\" content=\"Dur\u00e9e de lecture estim\u00e9e\" \/>\n\t<meta name=\"twitter:data2\" content=\"2 minutes\" \/>\n<script type=\"application\/ld+json\" class=\"yoast-schema-graph\">{\"@context\":\"https:\/\/schema.org\",\"@graph\":[{\"@type\":\"WebPage\",\"@id\":\"https:\/\/www.fondationassistanceauxanimaux.org\/actu\/adoption-refuge-carros-7485\/\",\"url\":\"https:\/\/www.fondationassistanceauxanimaux.org\/actu\/adoption-refuge-carros-7485\/\",\"name\":\"La nouvelle vie de \\\"Capucine\\\", adopt\u00e9e au refuge de Carros - Fondation Assistance aux Animaux - Actualit\u00e9s\",\"isPartOf\":{\"@id\":\"https:\/\/www.fondationassistanceauxanimaux.org\/actu\/#website\"},\"primaryImageOfPage\":{\"@id\":\"https:\/\/www.fondationassistanceauxanimaux.org\/actu\/adoption-refuge-carros-7485\/#primaryimage\"},\"image\":{\"@id\":\"https:\/\/www.fondationassistanceauxanimaux.org\/actu\/adoption-refuge-carros-7485\/#primaryimage\"},\"thumbnailUrl\":\"https:\/\/www.fondationassistanceauxanimaux.org\/actu\/wp-content\/uploads\/2020\/04\/image3.jpeg\",\"datePublished\":\"2020-04-14T13:09:20+00:00\",\"dateModified\":\"2020-04-14T13:14:53+00:00\",\"author\":{\"@id\":\"https:\/\/www.fondationassistanceauxanimaux.org\/actu\/#\/schema\/person\/71a8476d98daaea0d71a965c5603e10b\"},\"breadcrumb\":{\"@id\":\"https:\/\/www.fondationassistanceauxanimaux.org\/actu\/adoption-refuge-carros-7485\/#breadcrumb\"},\"inLanguage\":\"fr-FR\",\"potentialAction\":[{\"@type\":\"ReadAction\",\"target\":[\"https:\/\/www.fondationassistanceauxanimaux.org\/actu\/adoption-refuge-carros-7485\/\"]}]},{\"@type\":\"ImageObject\",\"inLanguage\":\"fr-FR\",\"@id\":\"https:\/\/www.fondationassistanceauxanimaux.org\/actu\/adoption-refuge-carros-7485\/#primaryimage\",\"url\":\"https:\/\/www.fondationassistanceauxanimaux.org\/actu\/wp-content\/uploads\/2020\/04\/image3.jpeg\",\"contentUrl\":\"https:\/\/www.fondationassistanceauxanimaux.org\/actu\/wp-content\/uploads\/2020\/04\/image3.jpeg\",\"width\":2016,\"height\":1512},{\"@type\":\"BreadcrumbList\",\"@id\":\"https:\/\/www.fondationassistanceauxanimaux.org\/actu\/adoption-refuge-carros-7485\/#breadcrumb\",\"itemListElement\":[{\"@type\":\"ListItem\",\"position\":1,\"name\":\"Accueil\",\"item\":\"https:\/\/www.fondationassistanceauxanimaux.org\/actu\/\"},{\"@type\":\"ListItem\",\"position\":2,\"name\":\"La nouvelle vie de \u00ab\u00a0Capucine\u00a0\u00bb, adopt\u00e9e au refuge de Carros\"}]},{\"@type\":\"WebSite\",\"@id\":\"https:\/\/www.fondationassistanceauxanimaux.org\/actu\/#website\",\"url\":\"https:\/\/www.fondationassistanceauxanimaux.org\/actu\/\",\"name\":\"Fondation Assistance aux Animaux - Actualit\u00e9s\",\"description\":\"Depuis 1930 la Fondation Assistance aux Animaux pour la d\u00e9fense et la protection des animaux maltrait\u00e9s et abandonn\u00e9s\",\"potentialAction\":[{\"@type\":\"SearchAction\",\"target\":{\"@type\":\"EntryPoint\",\"urlTemplate\":\"https:\/\/www.fondationassistanceauxanimaux.org\/actu\/?s={search_term_string}\"},\"query-input\":{\"@type\":\"PropertyValueSpecification\",\"valueRequired\":true,\"valueName\":\"search_term_string\"}}],\"inLanguage\":\"fr-FR\"},{\"@type\":\"Person\",\"@id\":\"https:\/\/www.fondationassistanceauxanimaux.org\/actu\/#\/schema\/person\/71a8476d98daaea0d71a965c5603e10b\",\"name\":\"No\u00e9\",\"image\":{\"@type\":\"ImageObject\",\"inLanguage\":\"fr-FR\",\"@id\":\"https:\/\/www.fondationassistanceauxanimaux.org\/actu\/#\/schema\/person\/image\/\",\"url\":\"https:\/\/secure.gravatar.com\/avatar\/d34cf6c6bd22b3db9c932bc580c4d1ba93c0cda7588a41b59078888ab1e5f007?s=96&d=mm&r=g\",\"contentUrl\":\"https:\/\/secure.gravatar.com\/avatar\/d34cf6c6bd22b3db9c932bc580c4d1ba93c0cda7588a41b59078888ab1e5f007?s=96&d=mm&r=g\",\"caption\":\"No\u00e9\"},\"url\":\"https:\/\/www.fondationassistanceauxanimaux.org\/actu\/author\/anne\/\"}]}<\/script>\n<!-- \/ Yoast SEO plugin. -->","yoast_head_json":{"title":"La nouvelle vie de \"Capucine\", adopt\u00e9e au refuge de Carros - Fondation Assistance aux Animaux - Actualit\u00e9s","robots":{"index":"index","follow":"follow","max-snippet":"max-snippet:-1","max-image-preview":"max-image-preview:large","max-video-preview":"max-video-preview:-1"},"canonical":"https:\/\/www.fondationassistanceauxanimaux.org\/actu\/adoption-refuge-carros-7485\/","og_locale":"fr_FR","og_type":"article","og_title":"La nouvelle vie de \"Capucine\", adopt\u00e9e au refuge de Carros - Fondation Assistance aux Animaux - Actualit\u00e9s","og_description":"\u00c2g\u00e9e de 4 ans, cette adorable chienne avait \u00e9t\u00e9 prise en charge par notre refuge de Carros apr\u00e8s avoir \u00e9t\u00e9 maltrait\u00e9e. Ces photos envoy\u00e9es par sa famille r\u00e9sument bien sa nouvelle vie d&rsquo;adopt\u00e9e. \u00ab\u00a0Capucine\u00a0\u00bb rebaptis\u00e9e \u00ab\u00a0Peaky\u00a0\u00bb est tr\u00e8s heureuse. Nous vous partageons les nouvelles de nos adoptants, merci \u00e0 eux ! C\u2019est une fifille tellement [&hellip;]","og_url":"https:\/\/www.fondationassistanceauxanimaux.org\/actu\/adoption-refuge-carros-7485\/","og_site_name":"Fondation Assistance aux Animaux - Actualit\u00e9s","article_published_time":"2020-04-14T13:09:20+00:00","article_modified_time":"2020-04-14T13:14:53+00:00","og_image":[{"width":2016,"height":1512,"url":"https:\/\/www.fondationassistanceauxanimaux.org\/actu\/wp-content\/uploads\/2020\/04\/image3.jpeg","type":"image\/jpeg"}],"author":"No\u00e9","twitter_card":"summary_large_image","twitter_misc":{"\u00c9crit par":"No\u00e9","Dur\u00e9e de lecture estim\u00e9e":"2 minutes"},"schema":{"@context":"https:\/\/schema.org","@graph":[{"@type":"WebPage","@id":"https:\/\/www.fondationassistanceauxanimaux.org\/actu\/adoption-refuge-carros-7485\/","url":"https:\/\/www.fondationassistanceauxanimaux.org\/actu\/adoption-refuge-carros-7485\/","name":"La nouvelle vie de \"Capucine\", adopt\u00e9e au refuge de Carros - Fondation Assistance aux Animaux - Actualit\u00e9s","isPartOf":{"@id":"https:\/\/www.fondationassistanceauxanimaux.org\/actu\/#website"},"primaryImageOfPage":{"@id":"https:\/\/www.fondationassistanceauxanimaux.org\/actu\/adoption-refuge-carros-7485\/#primaryimage"},"image":{"@id":"https:\/\/www.fondationassistanceauxanimaux.org\/actu\/adoption-refuge-carros-7485\/#primaryimage"},"thumbnailUrl":"https:\/\/www.fondationassistanceauxanimaux.org\/actu\/wp-content\/uploads\/2020\/04\/image3.jpeg","datePublished":"2020-04-14T13:09:20+00:00","dateModified":"2020-04-14T13:14:53+00:00","author":{"@id":"https:\/\/www.fondationassistanceauxanimaux.org\/actu\/#\/schema\/person\/71a8476d98daaea0d71a965c5603e10b"},"breadcrumb":{"@id":"https:\/\/www.fondationassistanceauxanimaux.org\/actu\/adoption-refuge-carros-7485\/#breadcrumb"},"inLanguage":"fr-FR","potentialAction":[{"@type":"ReadAction","target":["https:\/\/www.fondationassistanceauxanimaux.org\/actu\/adoption-refuge-carros-7485\/"]}]},{"@type":"ImageObject","inLanguage":"fr-FR","@id":"https:\/\/www.fondationassistanceauxanimaux.org\/actu\/adoption-refuge-carros-7485\/#primaryimage","url":"https:\/\/www.fondationassistanceauxanimaux.org\/actu\/wp-content\/uploads\/2020\/04\/image3.jpeg","contentUrl":"https:\/\/www.fondationassistanceauxanimaux.org\/actu\/wp-content\/uploads\/2020\/04\/image3.jpeg","width":2016,"height":1512},{"@type":"BreadcrumbList","@id":"https:\/\/www.fondationassistanceauxanimaux.org\/actu\/adoption-refuge-carros-7485\/#breadcrumb","itemListElement":[{"@type":"ListItem","position":1,"name":"Accueil","item":"https:\/\/www.fondationassistanceauxanimaux.org\/actu\/"},{"@type":"ListItem","position":2,"name":"La nouvelle vie de \u00ab\u00a0Capucine\u00a0\u00bb, adopt\u00e9e au refuge de Carros"}]},{"@type":"WebSite","@id":"https:\/\/www.fondationassistanceauxanimaux.org\/actu\/#website","url":"https:\/\/www.fondationassistanceauxanimaux.org\/actu\/","name":"Fondation Assistance aux Animaux - Actualit\u00e9s","description":"Depuis 1930 la Fondation Assistance aux Animaux pour la d\u00e9fense et la protection des animaux maltrait\u00e9s et abandonn\u00e9s","potentialAction":[{"@type":"SearchAction","target":{"@type":"EntryPoint","urlTemplate":"https:\/\/www.fondationassistanceauxanimaux.org\/actu\/?s={search_term_string}"},"query-input":{"@type":"PropertyValueSpecification","valueRequired":true,"valueName":"search_term_string"}}],"inLanguage":"fr-FR"},{"@type":"Person","@id":"https:\/\/www.fondationassistanceauxanimaux.org\/actu\/#\/schema\/person\/71a8476d98daaea0d71a965c5603e10b","name":"No\u00e9","image":{"@type":"ImageObject","inLanguage":"fr-FR","@id":"https:\/\/www.fondationassistanceauxanimaux.org\/actu\/#\/schema\/person\/image\/","url":"https:\/\/secure.gravatar.com\/avatar\/d34cf6c6bd22b3db9c932bc580c4d1ba93c0cda7588a41b59078888ab1e5f007?s=96&d=mm&r=g","contentUrl":"https:\/\/secure.gravatar.com\/avatar\/d34cf6c6bd22b3db9c932bc580c4d1ba93c0cda7588a41b59078888ab1e5f007?s=96&d=mm&r=g","caption":"No\u00e9"},"url":"https:\/\/www.fondationassistanceauxanimaux.org\/actu\/author\/anne\/"}]}},"_links":{"self":[{"href":"https:\/\/www.fondationassistanceauxanimaux.org\/actu\/wp-json\/wp\/v2\/posts\/7485","targetHints":{"allow":["GET"]}}],"collection":[{"href":"https:\/\/www.fondationassistanceauxanimaux.org\/actu\/wp-json\/wp\/v2\/posts"}],"about":[{"href":"https:\/\/www.fondationassistanceauxanimaux.org\/actu\/wp-json\/wp\/v2\/types\/post"}],"author":[{"embeddable":true,"href":"https:\/\/www.fondationassistanceauxanimaux.org\/actu\/wp-json\/wp\/v2\/users\/3"}],"replies":[{"embeddable":true,"href":"https:\/\/www.fondationassistanceauxanimaux.org\/actu\/wp-json\/wp\/v2\/comments?post=7485"}],"version-history":[{"count":4,"href":"https:\/\/www.fondationassistanceauxanimaux.org\/actu\/wp-json\/wp\/v2\/posts\/7485\/revisions"}],"predecessor-version":[{"id":7494,"href":"https:\/\/www.fondationassistanceauxanimaux.org\/actu\/wp-json\/wp\/v2\/posts\/7485\/revisions\/7494"}],"wp:featuredmedia":[{"embeddable":true,"href":"https:\/\/www.fondationassistanceauxanimaux.org\/actu\/wp-json\/wp\/v2\/media\/7488"}],"wp:attachment":[{"href":"https:\/\/www.fondationassistanceauxanimaux.org\/actu\/wp-json\/wp\/v2\/media?parent=7485"}],"wp:term":[{"taxonomy":"category","embeddable":true,"href":"https:\/\/www.fondationassistanceauxanimaux.org\/actu\/wp-json\/wp\/v2\/categories?post=7485"},{"taxonomy":"post_tag","embeddable":true,"href":"https:\/\/www.fondationassistanceauxanimaux.org\/actu\/wp-json\/wp\/v2\/tags?post=7485"}],"curies":[{"name":"wp","href":"https:\/\/api.w.org\/{rel}","templated":true}]}}