{"id":7468,"date":"2020-04-08T17:18:45","date_gmt":"2020-04-08T15:18:45","guid":{"rendered":"http:\/\/www.fondationassistanceauxanimaux.org\/actu\/?p=7468"},"modified":"2020-04-08T17:19:13","modified_gmt":"2020-04-08T15:19:13","slug":"confinement-refuge-carros","status":"publish","type":"post","link":"https:\/\/www.fondationassistanceauxanimaux.org\/actu\/confinement-refuge-carros-7468\/","title":{"rendered":"En plein confinement, \u00ab\u00a0Polo\u00a0\u00bb profite de son animali\u00e8re pr\u00e9f\u00e9r\u00e9e au refuge de Carros"},"content":{"rendered":"\n<p><strong>\u00ab\u00a0Polo\u00a0\u00bb a \u00e9t\u00e9 abandonn\u00e9 au refuge Fondation Assistance aux Animaux de Carros \u00e0 l&rsquo;\u00e2ge de 5 ans.<\/strong><\/p>\n\n\n\n<p><strong>Il est bien content d&rsquo;\u00eatre confin\u00e9 au refuge ; il profite de son animali\u00e8re pr\u00e9f\u00e9r\u00e9e en attendant patiemment la r\u00e9ouverture.<\/strong><\/p>\n\n\n\n<p><strong>Le refuge de Carros dispose d\u2019une grande chatterie, et d\u2019autres plus petites pour les chats en cours de sociabilisation, les chats FELV et les chats FIV. Tout est mis en \u0153uvre pour que les f\u00e9lins s\u2019y sentent le mieux possible : paniers confortables, jouets divers, cabanes\u2026 Les soigneurs et b\u00e9n\u00e9voles du refuge travaillent quotidiennement \u00e0 la sociabilisation des chats afin que ces derniers aient toutes les chances de trouver une famille.<\/strong><\/p>\n\n\n\n<p><strong>La Fondation Assistance aux Animaux ne pratique pas l\u2019euthanasie de convenance. En venant adopter dans une de nos structures, vous faites donc deux bonnes actions : Le bonheur d\u2019un animal qui va pouvoir lib\u00e9rer une place pour un autre dans le besoin.<\/strong><\/p>\n\n\n\n<div class=\"wp-block-image\"><figure class=\"aligncenter size-large\"><img loading=\"lazy\" decoding=\"async\" width=\"768\" height=\"1024\" src=\"https:\/\/www.fondationassistanceauxanimaux.org\/actu\/wp-content\/uploads\/2020\/04\/e2ee79d7-439d-4564-95ca-64e53d39a336.jpg\" alt=\"\" class=\"wp-image-7469\" srcset=\"https:\/\/www.fondationassistanceauxanimaux.org\/actu\/wp-content\/uploads\/2020\/04\/e2ee79d7-439d-4564-95ca-64e53d39a336.jpg 768w, https:\/\/www.fondationassistanceauxanimaux.org\/actu\/wp-content\/uploads\/2020\/04\/e2ee79d7-439d-4564-95ca-64e53d39a336-225x300.jpg 225w, https:\/\/www.fondationassistanceauxanimaux.org\/actu\/wp-content\/uploads\/2020\/04\/e2ee79d7-439d-4564-95ca-64e53d39a336-529x705.jpg 529w\" sizes=\"auto, (max-width: 768px) 100vw, 768px\" \/><\/figure><\/div>\n","protected":false},"excerpt":{"rendered":"<p>\u00ab\u00a0Polo\u00a0\u00bb a \u00e9t\u00e9 abandonn\u00e9 au refuge Fondation Assistance aux Animaux de Carros \u00e0 l&rsquo;\u00e2ge de 5 ans. Il est bien content d&rsquo;\u00eatre confin\u00e9 au refuge ; il profite de son animali\u00e8re pr\u00e9f\u00e9r\u00e9e en attendant patiemment la r\u00e9ouverture. Le refuge de Carros dispose d\u2019une grande chatterie, et d\u2019autres plus petites pour les chats en cours de [&hellip;]<\/p>\n","protected":false},"author":3,"featured_media":7470,"comment_status":"closed","ping_status":"closed","sticky":false,"template":"","format":"standard","meta":{"footnotes":""},"categories":[21,17],"tags":[],"class_list":["post-7468","post","type-post","status-publish","format-standard","has-post-thumbnail","hentry","category-fondation-assistance-aux-animaux","category-refuge-de-carros"],"yoast_head":"<!-- This site is optimized with the Yoast SEO plugin v24.5 - https:\/\/yoast.com\/wordpress\/plugins\/seo\/ -->\n<title>En plein confinement, &quot;Polo&quot; profite de son animali\u00e8re pr\u00e9f\u00e9r\u00e9e au refuge de Carros - Fondation Assistance aux Animaux - Actualit\u00e9s<\/title>\n<meta name=\"robots\" content=\"index, follow, max-snippet:-1, max-image-preview:large, max-video-preview:-1\" \/>\n<link rel=\"canonical\" href=\"https:\/\/www.fondationassistanceauxanimaux.org\/actu\/confinement-refuge-carros-7468\/\" \/>\n<meta property=\"og:locale\" content=\"fr_FR\" \/>\n<meta property=\"og:type\" content=\"article\" \/>\n<meta property=\"og:title\" content=\"En plein confinement, &quot;Polo&quot; profite de son animali\u00e8re pr\u00e9f\u00e9r\u00e9e au refuge de Carros - Fondation Assistance aux Animaux - Actualit\u00e9s\" \/>\n<meta property=\"og:description\" content=\"\u00ab\u00a0Polo\u00a0\u00bb a \u00e9t\u00e9 abandonn\u00e9 au refuge Fondation Assistance aux Animaux de Carros \u00e0 l&rsquo;\u00e2ge de 5 ans. Il est bien content d&rsquo;\u00eatre confin\u00e9 au refuge ; il profite de son animali\u00e8re pr\u00e9f\u00e9r\u00e9e en attendant patiemment la r\u00e9ouverture. Le refuge de Carros dispose d\u2019une grande chatterie, et d\u2019autres plus petites pour les chats en cours de [&hellip;]\" \/>\n<meta property=\"og:url\" content=\"https:\/\/www.fondationassistanceauxanimaux.org\/actu\/confinement-refuge-carros-7468\/\" \/>\n<meta property=\"og:site_name\" content=\"Fondation Assistance aux Animaux - Actualit\u00e9s\" \/>\n<meta property=\"article:published_time\" content=\"2020-04-08T15:18:45+00:00\" \/>\n<meta property=\"article:modified_time\" content=\"2020-04-08T15:19:13+00:00\" \/>\n<meta property=\"og:image\" content=\"https:\/\/www.fondationassistanceauxanimaux.org\/actu\/wp-content\/uploads\/2020\/04\/61631e43-4c2c-4efd-b01b-d67f4a49411f.jpg\" \/>\n\t<meta property=\"og:image:width\" content=\"1200\" \/>\n\t<meta property=\"og:image:height\" content=\"1600\" \/>\n\t<meta property=\"og:image:type\" content=\"image\/jpeg\" \/>\n<meta name=\"author\" content=\"No\u00e9\" \/>\n<meta name=\"twitter:card\" content=\"summary_large_image\" \/>\n<meta name=\"twitter:label1\" content=\"\u00c9crit par\" \/>\n\t<meta name=\"twitter:data1\" content=\"No\u00e9\" \/>\n\t<meta name=\"twitter:label2\" content=\"Dur\u00e9e de lecture estim\u00e9e\" \/>\n\t<meta name=\"twitter:data2\" content=\"1 minute\" \/>\n<script type=\"application\/ld+json\" class=\"yoast-schema-graph\">{\"@context\":\"https:\/\/schema.org\",\"@graph\":[{\"@type\":\"WebPage\",\"@id\":\"https:\/\/www.fondationassistanceauxanimaux.org\/actu\/confinement-refuge-carros-7468\/\",\"url\":\"https:\/\/www.fondationassistanceauxanimaux.org\/actu\/confinement-refuge-carros-7468\/\",\"name\":\"En plein confinement, \\\"Polo\\\" profite de son animali\u00e8re pr\u00e9f\u00e9r\u00e9e au refuge de Carros - Fondation Assistance aux Animaux - Actualit\u00e9s\",\"isPartOf\":{\"@id\":\"https:\/\/www.fondationassistanceauxanimaux.org\/actu\/#website\"},\"primaryImageOfPage\":{\"@id\":\"https:\/\/www.fondationassistanceauxanimaux.org\/actu\/confinement-refuge-carros-7468\/#primaryimage\"},\"image\":{\"@id\":\"https:\/\/www.fondationassistanceauxanimaux.org\/actu\/confinement-refuge-carros-7468\/#primaryimage\"},\"thumbnailUrl\":\"https:\/\/www.fondationassistanceauxanimaux.org\/actu\/wp-content\/uploads\/2020\/04\/61631e43-4c2c-4efd-b01b-d67f4a49411f.jpg\",\"datePublished\":\"2020-04-08T15:18:45+00:00\",\"dateModified\":\"2020-04-08T15:19:13+00:00\",\"author\":{\"@id\":\"https:\/\/www.fondationassistanceauxanimaux.org\/actu\/#\/schema\/person\/71a8476d98daaea0d71a965c5603e10b\"},\"breadcrumb\":{\"@id\":\"https:\/\/www.fondationassistanceauxanimaux.org\/actu\/confinement-refuge-carros-7468\/#breadcrumb\"},\"inLanguage\":\"fr-FR\",\"potentialAction\":[{\"@type\":\"ReadAction\",\"target\":[\"https:\/\/www.fondationassistanceauxanimaux.org\/actu\/confinement-refuge-carros-7468\/\"]}]},{\"@type\":\"ImageObject\",\"inLanguage\":\"fr-FR\",\"@id\":\"https:\/\/www.fondationassistanceauxanimaux.org\/actu\/confinement-refuge-carros-7468\/#primaryimage\",\"url\":\"https:\/\/www.fondationassistanceauxanimaux.org\/actu\/wp-content\/uploads\/2020\/04\/61631e43-4c2c-4efd-b01b-d67f4a49411f.jpg\",\"contentUrl\":\"https:\/\/www.fondationassistanceauxanimaux.org\/actu\/wp-content\/uploads\/2020\/04\/61631e43-4c2c-4efd-b01b-d67f4a49411f.jpg\",\"width\":1200,\"height\":1600},{\"@type\":\"BreadcrumbList\",\"@id\":\"https:\/\/www.fondationassistanceauxanimaux.org\/actu\/confinement-refuge-carros-7468\/#breadcrumb\",\"itemListElement\":[{\"@type\":\"ListItem\",\"position\":1,\"name\":\"Accueil\",\"item\":\"https:\/\/www.fondationassistanceauxanimaux.org\/actu\/\"},{\"@type\":\"ListItem\",\"position\":2,\"name\":\"En plein confinement, \u00ab\u00a0Polo\u00a0\u00bb profite de son animali\u00e8re pr\u00e9f\u00e9r\u00e9e au refuge de Carros\"}]},{\"@type\":\"WebSite\",\"@id\":\"https:\/\/www.fondationassistanceauxanimaux.org\/actu\/#website\",\"url\":\"https:\/\/www.fondationassistanceauxanimaux.org\/actu\/\",\"name\":\"Fondation Assistance aux Animaux - Actualit\u00e9s\",\"description\":\"Depuis 1930 la Fondation Assistance aux Animaux pour la d\u00e9fense et la protection des animaux maltrait\u00e9s et abandonn\u00e9s\",\"potentialAction\":[{\"@type\":\"SearchAction\",\"target\":{\"@type\":\"EntryPoint\",\"urlTemplate\":\"https:\/\/www.fondationassistanceauxanimaux.org\/actu\/?s={search_term_string}\"},\"query-input\":{\"@type\":\"PropertyValueSpecification\",\"valueRequired\":true,\"valueName\":\"search_term_string\"}}],\"inLanguage\":\"fr-FR\"},{\"@type\":\"Person\",\"@id\":\"https:\/\/www.fondationassistanceauxanimaux.org\/actu\/#\/schema\/person\/71a8476d98daaea0d71a965c5603e10b\",\"name\":\"No\u00e9\",\"image\":{\"@type\":\"ImageObject\",\"inLanguage\":\"fr-FR\",\"@id\":\"https:\/\/www.fondationassistanceauxanimaux.org\/actu\/#\/schema\/person\/image\/\",\"url\":\"https:\/\/secure.gravatar.com\/avatar\/d34cf6c6bd22b3db9c932bc580c4d1ba93c0cda7588a41b59078888ab1e5f007?s=96&d=mm&r=g\",\"contentUrl\":\"https:\/\/secure.gravatar.com\/avatar\/d34cf6c6bd22b3db9c932bc580c4d1ba93c0cda7588a41b59078888ab1e5f007?s=96&d=mm&r=g\",\"caption\":\"No\u00e9\"},\"url\":\"https:\/\/www.fondationassistanceauxanimaux.org\/actu\/author\/anne\/\"}]}<\/script>\n<!-- \/ Yoast SEO plugin. -->","yoast_head_json":{"title":"En plein confinement, \"Polo\" profite de son animali\u00e8re pr\u00e9f\u00e9r\u00e9e au refuge de Carros - Fondation Assistance aux Animaux - Actualit\u00e9s","robots":{"index":"index","follow":"follow","max-snippet":"max-snippet:-1","max-image-preview":"max-image-preview:large","max-video-preview":"max-video-preview:-1"},"canonical":"https:\/\/www.fondationassistanceauxanimaux.org\/actu\/confinement-refuge-carros-7468\/","og_locale":"fr_FR","og_type":"article","og_title":"En plein confinement, \"Polo\" profite de son animali\u00e8re pr\u00e9f\u00e9r\u00e9e au refuge de Carros - Fondation Assistance aux Animaux - Actualit\u00e9s","og_description":"\u00ab\u00a0Polo\u00a0\u00bb a \u00e9t\u00e9 abandonn\u00e9 au refuge Fondation Assistance aux Animaux de Carros \u00e0 l&rsquo;\u00e2ge de 5 ans. Il est bien content d&rsquo;\u00eatre confin\u00e9 au refuge ; il profite de son animali\u00e8re pr\u00e9f\u00e9r\u00e9e en attendant patiemment la r\u00e9ouverture. Le refuge de Carros dispose d\u2019une grande chatterie, et d\u2019autres plus petites pour les chats en cours de [&hellip;]","og_url":"https:\/\/www.fondationassistanceauxanimaux.org\/actu\/confinement-refuge-carros-7468\/","og_site_name":"Fondation Assistance aux Animaux - Actualit\u00e9s","article_published_time":"2020-04-08T15:18:45+00:00","article_modified_time":"2020-04-08T15:19:13+00:00","og_image":[{"width":1200,"height":1600,"url":"https:\/\/www.fondationassistanceauxanimaux.org\/actu\/wp-content\/uploads\/2020\/04\/61631e43-4c2c-4efd-b01b-d67f4a49411f.jpg","type":"image\/jpeg"}],"author":"No\u00e9","twitter_card":"summary_large_image","twitter_misc":{"\u00c9crit par":"No\u00e9","Dur\u00e9e de lecture estim\u00e9e":"1 minute"},"schema":{"@context":"https:\/\/schema.org","@graph":[{"@type":"WebPage","@id":"https:\/\/www.fondationassistanceauxanimaux.org\/actu\/confinement-refuge-carros-7468\/","url":"https:\/\/www.fondationassistanceauxanimaux.org\/actu\/confinement-refuge-carros-7468\/","name":"En plein confinement, \"Polo\" profite de son animali\u00e8re pr\u00e9f\u00e9r\u00e9e au refuge de Carros - Fondation Assistance aux Animaux - Actualit\u00e9s","isPartOf":{"@id":"https:\/\/www.fondationassistanceauxanimaux.org\/actu\/#website"},"primaryImageOfPage":{"@id":"https:\/\/www.fondationassistanceauxanimaux.org\/actu\/confinement-refuge-carros-7468\/#primaryimage"},"image":{"@id":"https:\/\/www.fondationassistanceauxanimaux.org\/actu\/confinement-refuge-carros-7468\/#primaryimage"},"thumbnailUrl":"https:\/\/www.fondationassistanceauxanimaux.org\/actu\/wp-content\/uploads\/2020\/04\/61631e43-4c2c-4efd-b01b-d67f4a49411f.jpg","datePublished":"2020-04-08T15:18:45+00:00","dateModified":"2020-04-08T15:19:13+00:00","author":{"@id":"https:\/\/www.fondationassistanceauxanimaux.org\/actu\/#\/schema\/person\/71a8476d98daaea0d71a965c5603e10b"},"breadcrumb":{"@id":"https:\/\/www.fondationassistanceauxanimaux.org\/actu\/confinement-refuge-carros-7468\/#breadcrumb"},"inLanguage":"fr-FR","potentialAction":[{"@type":"ReadAction","target":["https:\/\/www.fondationassistanceauxanimaux.org\/actu\/confinement-refuge-carros-7468\/"]}]},{"@type":"ImageObject","inLanguage":"fr-FR","@id":"https:\/\/www.fondationassistanceauxanimaux.org\/actu\/confinement-refuge-carros-7468\/#primaryimage","url":"https:\/\/www.fondationassistanceauxanimaux.org\/actu\/wp-content\/uploads\/2020\/04\/61631e43-4c2c-4efd-b01b-d67f4a49411f.jpg","contentUrl":"https:\/\/www.fondationassistanceauxanimaux.org\/actu\/wp-content\/uploads\/2020\/04\/61631e43-4c2c-4efd-b01b-d67f4a49411f.jpg","width":1200,"height":1600},{"@type":"BreadcrumbList","@id":"https:\/\/www.fondationassistanceauxanimaux.org\/actu\/confinement-refuge-carros-7468\/#breadcrumb","itemListElement":[{"@type":"ListItem","position":1,"name":"Accueil","item":"https:\/\/www.fondationassistanceauxanimaux.org\/actu\/"},{"@type":"ListItem","position":2,"name":"En plein confinement, \u00ab\u00a0Polo\u00a0\u00bb profite de son animali\u00e8re pr\u00e9f\u00e9r\u00e9e au refuge de Carros"}]},{"@type":"WebSite","@id":"https:\/\/www.fondationassistanceauxanimaux.org\/actu\/#website","url":"https:\/\/www.fondationassistanceauxanimaux.org\/actu\/","name":"Fondation Assistance aux Animaux - Actualit\u00e9s","description":"Depuis 1930 la Fondation Assistance aux Animaux pour la d\u00e9fense et la protection des animaux maltrait\u00e9s et abandonn\u00e9s","potentialAction":[{"@type":"SearchAction","target":{"@type":"EntryPoint","urlTemplate":"https:\/\/www.fondationassistanceauxanimaux.org\/actu\/?s={search_term_string}"},"query-input":{"@type":"PropertyValueSpecification","valueRequired":true,"valueName":"search_term_string"}}],"inLanguage":"fr-FR"},{"@type":"Person","@id":"https:\/\/www.fondationassistanceauxanimaux.org\/actu\/#\/schema\/person\/71a8476d98daaea0d71a965c5603e10b","name":"No\u00e9","image":{"@type":"ImageObject","inLanguage":"fr-FR","@id":"https:\/\/www.fondationassistanceauxanimaux.org\/actu\/#\/schema\/person\/image\/","url":"https:\/\/secure.gravatar.com\/avatar\/d34cf6c6bd22b3db9c932bc580c4d1ba93c0cda7588a41b59078888ab1e5f007?s=96&d=mm&r=g","contentUrl":"https:\/\/secure.gravatar.com\/avatar\/d34cf6c6bd22b3db9c932bc580c4d1ba93c0cda7588a41b59078888ab1e5f007?s=96&d=mm&r=g","caption":"No\u00e9"},"url":"https:\/\/www.fondationassistanceauxanimaux.org\/actu\/author\/anne\/"}]}},"_links":{"self":[{"href":"https:\/\/www.fondationassistanceauxanimaux.org\/actu\/wp-json\/wp\/v2\/posts\/7468","targetHints":{"allow":["GET"]}}],"collection":[{"href":"https:\/\/www.fondationassistanceauxanimaux.org\/actu\/wp-json\/wp\/v2\/posts"}],"about":[{"href":"https:\/\/www.fondationassistanceauxanimaux.org\/actu\/wp-json\/wp\/v2\/types\/post"}],"author":[{"embeddable":true,"href":"https:\/\/www.fondationassistanceauxanimaux.org\/actu\/wp-json\/wp\/v2\/users\/3"}],"replies":[{"embeddable":true,"href":"https:\/\/www.fondationassistanceauxanimaux.org\/actu\/wp-json\/wp\/v2\/comments?post=7468"}],"version-history":[{"count":1,"href":"https:\/\/www.fondationassistanceauxanimaux.org\/actu\/wp-json\/wp\/v2\/posts\/7468\/revisions"}],"predecessor-version":[{"id":7471,"href":"https:\/\/www.fondationassistanceauxanimaux.org\/actu\/wp-json\/wp\/v2\/posts\/7468\/revisions\/7471"}],"wp:featuredmedia":[{"embeddable":true,"href":"https:\/\/www.fondationassistanceauxanimaux.org\/actu\/wp-json\/wp\/v2\/media\/7470"}],"wp:attachment":[{"href":"https:\/\/www.fondationassistanceauxanimaux.org\/actu\/wp-json\/wp\/v2\/media?parent=7468"}],"wp:term":[{"taxonomy":"category","embeddable":true,"href":"https:\/\/www.fondationassistanceauxanimaux.org\/actu\/wp-json\/wp\/v2\/categories?post=7468"},{"taxonomy":"post_tag","embeddable":true,"href":"https:\/\/www.fondationassistanceauxanimaux.org\/actu\/wp-json\/wp\/v2\/tags?post=7468"}],"curies":[{"name":"wp","href":"https:\/\/api.w.org\/{rel}","templated":true}]}}