{"id":7461,"date":"2020-04-08T16:05:35","date_gmt":"2020-04-08T14:05:35","guid":{"rendered":"http:\/\/www.fondationassistanceauxanimaux.org\/actu\/?p=7461"},"modified":"2020-04-08T16:05:53","modified_gmt":"2020-04-08T14:05:53","slug":"nouvelles-adoption-refuge-villevaude","status":"publish","type":"post","link":"https:\/\/www.fondationassistanceauxanimaux.org\/actu\/nouvelles-adoption-refuge-villevaude-7461\/","title":{"rendered":"Des nouvelles de \u00ab\u00a0Princesse\u00a0\u00bb, heureuse adopt\u00e9e du refuge de Villevaud\u00e9"},"content":{"rendered":"\n<p><strong>Abandonn\u00e9e par ses propri\u00e9taires qui rencontraient des difficult\u00e9s financi\u00e8res,\u00a0\u00ab\u00a0Princesse\u00a0\u00bb avait \u00e9t\u00e9 prise en charge par le refuge Fondation Assistance aux Animaux de Villevaud\u00e9 en Avril 2019.<\/strong> <strong>Ce labrador de 3 ans souffrait d\u2019un important probl\u00e8me de peau. Elle ne pouvait pas passer une minute sans se gratter. <\/strong><\/p>\n\n\n\n<p><strong>Plac\u00e9e en urgence \u00e0 l\u2019infirmerie du refuge, elle a eu le droit \u00e0 plusieurs soins quotidiens, un traitement efficace pour sa peau, et de nombreux c\u00e2lins de r\u00e9confort.<\/strong><\/p>\n\n\n\n<figure class=\"wp-block-embed-wordpress wp-block-embed is-type-wp-embed is-provider-fondation-assistance-aux-animaux-actualites\"><div class=\"wp-block-embed__wrapper\">\n<div class='avia-iframe-wrap'><blockquote class=\"wp-embedded-content\" data-secret=\"XdlYaRNwCr\"><a href=\"https:\/\/www.fondationassistanceauxanimaux.org\/actu\/princesse-abandon-5026\/\">La douleur de Princesse, labrador de 3 ans abandonn\u00e9 dans l&rsquo;un de nos refuges.<\/a><\/blockquote><iframe loading=\"lazy\" class=\"wp-embedded-content\" sandbox=\"allow-scripts\" security=\"restricted\" style=\"position: absolute; clip: rect(1px, 1px, 1px, 1px);\" title=\"\u00ab\u00a0La douleur de Princesse, labrador de 3 ans abandonn\u00e9 dans l&rsquo;un de nos refuges.\u00a0\u00bb &#8212; Fondation Assistance aux Animaux - Actualit\u00e9s\" src=\"https:\/\/www.fondationassistanceauxanimaux.org\/actu\/princesse-abandon-5026\/embed\/#?secret=XdlYaRNwCr\" data-secret=\"XdlYaRNwCr\" width=\"600\" height=\"338\" frameborder=\"0\" marginwidth=\"0\" marginheight=\"0\" scrolling=\"no\"><\/iframe><\/div>\n<\/div><figcaption>Article Fondation Assistance aux Animaux &#8211; Avril 2019<\/figcaption><\/figure>\n\n\n\n<figure class=\"wp-block-gallery columns-3 is-cropped wp-block-gallery-1 is-layout-flex wp-block-gallery-is-layout-flex\"><ul class=\"blocks-gallery-grid\"><li class=\"blocks-gallery-item\"><figure><img loading=\"lazy\" decoding=\"async\" width=\"529\" height=\"705\" src=\"https:\/\/www.fondationassistanceauxanimaux.org\/actu\/wp-content\/uploads\/2020\/04\/IMG_1874-529x705-1.jpg\" alt=\"\" data-id=\"7462\" data-full-url=\"https:\/\/www.fondationassistanceauxanimaux.org\/actu\/wp-content\/uploads\/2020\/04\/IMG_1874-529x705-1.jpg\" data-link=\"https:\/\/www.fondationassistanceauxanimaux.org\/actu\/?attachment_id=7462\" class=\"wp-image-7462\" srcset=\"https:\/\/www.fondationassistanceauxanimaux.org\/actu\/wp-content\/uploads\/2020\/04\/IMG_1874-529x705-1.jpg 529w, https:\/\/www.fondationassistanceauxanimaux.org\/actu\/wp-content\/uploads\/2020\/04\/IMG_1874-529x705-1-225x300.jpg 225w\" sizes=\"auto, (max-width: 529px) 100vw, 529px\" \/><\/figure><\/li><li class=\"blocks-gallery-item\"><figure><img loading=\"lazy\" decoding=\"async\" width=\"529\" height=\"705\" src=\"https:\/\/www.fondationassistanceauxanimaux.org\/actu\/wp-content\/uploads\/2020\/04\/IMG_3180-529x705-1.jpg\" alt=\"\" data-id=\"7463\" data-full-url=\"https:\/\/www.fondationassistanceauxanimaux.org\/actu\/wp-content\/uploads\/2020\/04\/IMG_3180-529x705-1.jpg\" data-link=\"https:\/\/www.fondationassistanceauxanimaux.org\/actu\/?attachment_id=7463\" class=\"wp-image-7463\" srcset=\"https:\/\/www.fondationassistanceauxanimaux.org\/actu\/wp-content\/uploads\/2020\/04\/IMG_3180-529x705-1.jpg 529w, https:\/\/www.fondationassistanceauxanimaux.org\/actu\/wp-content\/uploads\/2020\/04\/IMG_3180-529x705-1-225x300.jpg 225w\" sizes=\"auto, (max-width: 529px) 100vw, 529px\" \/><\/figure><\/li><li class=\"blocks-gallery-item\"><figure><img loading=\"lazy\" decoding=\"async\" width=\"768\" height=\"937\" src=\"https:\/\/www.fondationassistanceauxanimaux.org\/actu\/wp-content\/uploads\/2020\/04\/IMG_5787-1-768x937-1.jpg\" alt=\"\" data-id=\"7464\" data-full-url=\"https:\/\/www.fondationassistanceauxanimaux.org\/actu\/wp-content\/uploads\/2020\/04\/IMG_5787-1-768x937-1.jpg\" data-link=\"https:\/\/www.fondationassistanceauxanimaux.org\/actu\/?attachment_id=7464\" class=\"wp-image-7464\" srcset=\"https:\/\/www.fondationassistanceauxanimaux.org\/actu\/wp-content\/uploads\/2020\/04\/IMG_5787-1-768x937-1.jpg 768w, https:\/\/www.fondationassistanceauxanimaux.org\/actu\/wp-content\/uploads\/2020\/04\/IMG_5787-1-768x937-1-246x300.jpg 246w, https:\/\/www.fondationassistanceauxanimaux.org\/actu\/wp-content\/uploads\/2020\/04\/IMG_5787-1-768x937-1-578x705.jpg 578w\" sizes=\"auto, (max-width: 768px) 100vw, 768px\" \/><\/figure><\/li><\/ul><\/figure>\n\n\n\n<p><strong>Aujourd&rsquo;hui, heureuse adopt\u00e9e, \u00ab\u00a0Princesse\u00a0\u00bb profite du confinement avec sa famille.<\/strong><\/p>\n\n\n\n<div class=\"wp-block-image\"><figure class=\"aligncenter size-large\"><img loading=\"lazy\" decoding=\"async\" width=\"1030\" height=\"986\" src=\"https:\/\/www.fondationassistanceauxanimaux.org\/actu\/wp-content\/uploads\/2020\/04\/Capture-d\u2019\u00e9cran-.-2020-04-06-\u00e0-15.01.12-1030x986.png\" alt=\"\" class=\"wp-image-7465\" srcset=\"https:\/\/www.fondationassistanceauxanimaux.org\/actu\/wp-content\/uploads\/2020\/04\/Capture-d\u2019\u00e9cran-.-2020-04-06-\u00e0-15.01.12-1030x986.png 1030w, https:\/\/www.fondationassistanceauxanimaux.org\/actu\/wp-content\/uploads\/2020\/04\/Capture-d\u2019\u00e9cran-.-2020-04-06-\u00e0-15.01.12-300x287.png 300w, https:\/\/www.fondationassistanceauxanimaux.org\/actu\/wp-content\/uploads\/2020\/04\/Capture-d\u2019\u00e9cran-.-2020-04-06-\u00e0-15.01.12-768x735.png 768w, https:\/\/www.fondationassistanceauxanimaux.org\/actu\/wp-content\/uploads\/2020\/04\/Capture-d\u2019\u00e9cran-.-2020-04-06-\u00e0-15.01.12-705x675.png 705w, https:\/\/www.fondationassistanceauxanimaux.org\/actu\/wp-content\/uploads\/2020\/04\/Capture-d\u2019\u00e9cran-.-2020-04-06-\u00e0-15.01.12.png 1125w\" sizes=\"auto, (max-width: 1030px) 100vw, 1030px\" \/><figcaption>\u00ab\u00a0Princesse\u00a0\u00bb, Avril 2020<\/figcaption><\/figure><\/div>\n","protected":false},"excerpt":{"rendered":"<p>Abandonn\u00e9e par ses propri\u00e9taires qui rencontraient des difficult\u00e9s financi\u00e8res,\u00a0\u00ab\u00a0Princesse\u00a0\u00bb avait \u00e9t\u00e9 prise en charge par le refuge Fondation Assistance aux Animaux de Villevaud\u00e9 en Avril 2019. Ce labrador de 3 ans souffrait d\u2019un important probl\u00e8me de peau. Elle ne pouvait pas passer une minute sans se gratter. Plac\u00e9e en urgence \u00e0 l\u2019infirmerie du refuge, elle [&hellip;]<\/p>\n","protected":false},"author":3,"featured_media":7465,"comment_status":"closed","ping_status":"closed","sticky":false,"template":"","format":"standard","meta":{"footnotes":""},"categories":[20],"tags":[],"class_list":["post-7461","post","type-post","status-publish","format-standard","has-post-thumbnail","hentry","category-refuge-de-villevaude"],"yoast_head":"<!-- This site is optimized with the Yoast SEO plugin v24.5 - https:\/\/yoast.com\/wordpress\/plugins\/seo\/ -->\n<title>Des nouvelles de &quot;Princesse&quot;, heureuse adopt\u00e9e du refuge de Villevaud\u00e9 - Fondation Assistance aux Animaux - Actualit\u00e9s<\/title>\n<meta name=\"robots\" content=\"index, follow, max-snippet:-1, max-image-preview:large, max-video-preview:-1\" \/>\n<link rel=\"canonical\" href=\"https:\/\/www.fondationassistanceauxanimaux.org\/actu\/nouvelles-adoption-refuge-villevaude-7461\/\" \/>\n<meta property=\"og:locale\" content=\"fr_FR\" \/>\n<meta property=\"og:type\" content=\"article\" \/>\n<meta property=\"og:title\" content=\"Des nouvelles de &quot;Princesse&quot;, heureuse adopt\u00e9e du refuge de Villevaud\u00e9 - Fondation Assistance aux Animaux - Actualit\u00e9s\" \/>\n<meta property=\"og:description\" content=\"Abandonn\u00e9e par ses propri\u00e9taires qui rencontraient des difficult\u00e9s financi\u00e8res,\u00a0\u00ab\u00a0Princesse\u00a0\u00bb avait \u00e9t\u00e9 prise en charge par le refuge Fondation Assistance aux Animaux de Villevaud\u00e9 en Avril 2019. Ce labrador de 3 ans souffrait d\u2019un important probl\u00e8me de peau. Elle ne pouvait pas passer une minute sans se gratter. Plac\u00e9e en urgence \u00e0 l\u2019infirmerie du refuge, elle [&hellip;]\" \/>\n<meta property=\"og:url\" content=\"https:\/\/www.fondationassistanceauxanimaux.org\/actu\/nouvelles-adoption-refuge-villevaude-7461\/\" \/>\n<meta property=\"og:site_name\" content=\"Fondation Assistance aux Animaux - Actualit\u00e9s\" \/>\n<meta property=\"article:published_time\" content=\"2020-04-08T14:05:35+00:00\" \/>\n<meta property=\"article:modified_time\" content=\"2020-04-08T14:05:53+00:00\" \/>\n<meta property=\"og:image\" content=\"https:\/\/www.fondationassistanceauxanimaux.org\/actu\/wp-content\/uploads\/2020\/04\/Capture-d\u2019\u00e9cran-.-2020-04-06-\u00e0-15.01.12-1030x986.png\" \/>\n\t<meta property=\"og:image:width\" content=\"1030\" \/>\n\t<meta property=\"og:image:height\" content=\"986\" \/>\n\t<meta property=\"og:image:type\" content=\"image\/png\" \/>\n<meta name=\"author\" content=\"No\u00e9\" \/>\n<meta name=\"twitter:card\" content=\"summary_large_image\" \/>\n<meta name=\"twitter:label1\" content=\"\u00c9crit par\" \/>\n\t<meta name=\"twitter:data1\" content=\"No\u00e9\" \/>\n\t<meta name=\"twitter:label2\" content=\"Dur\u00e9e de lecture estim\u00e9e\" \/>\n\t<meta name=\"twitter:data2\" content=\"1 minute\" \/>\n<script type=\"application\/ld+json\" class=\"yoast-schema-graph\">{\"@context\":\"https:\/\/schema.org\",\"@graph\":[{\"@type\":\"WebPage\",\"@id\":\"https:\/\/www.fondationassistanceauxanimaux.org\/actu\/nouvelles-adoption-refuge-villevaude-7461\/\",\"url\":\"https:\/\/www.fondationassistanceauxanimaux.org\/actu\/nouvelles-adoption-refuge-villevaude-7461\/\",\"name\":\"Des nouvelles de \\\"Princesse\\\", heureuse adopt\u00e9e du refuge de Villevaud\u00e9 - Fondation Assistance aux Animaux - Actualit\u00e9s\",\"isPartOf\":{\"@id\":\"https:\/\/www.fondationassistanceauxanimaux.org\/actu\/#website\"},\"primaryImageOfPage\":{\"@id\":\"https:\/\/www.fondationassistanceauxanimaux.org\/actu\/nouvelles-adoption-refuge-villevaude-7461\/#primaryimage\"},\"image\":{\"@id\":\"https:\/\/www.fondationassistanceauxanimaux.org\/actu\/nouvelles-adoption-refuge-villevaude-7461\/#primaryimage\"},\"thumbnailUrl\":\"https:\/\/www.fondationassistanceauxanimaux.org\/actu\/wp-content\/uploads\/2020\/04\/Capture-d\u2019\u00e9cran-.-2020-04-06-\u00e0-15.01.12.png\",\"datePublished\":\"2020-04-08T14:05:35+00:00\",\"dateModified\":\"2020-04-08T14:05:53+00:00\",\"author\":{\"@id\":\"https:\/\/www.fondationassistanceauxanimaux.org\/actu\/#\/schema\/person\/71a8476d98daaea0d71a965c5603e10b\"},\"breadcrumb\":{\"@id\":\"https:\/\/www.fondationassistanceauxanimaux.org\/actu\/nouvelles-adoption-refuge-villevaude-7461\/#breadcrumb\"},\"inLanguage\":\"fr-FR\",\"potentialAction\":[{\"@type\":\"ReadAction\",\"target\":[\"https:\/\/www.fondationassistanceauxanimaux.org\/actu\/nouvelles-adoption-refuge-villevaude-7461\/\"]}]},{\"@type\":\"ImageObject\",\"inLanguage\":\"fr-FR\",\"@id\":\"https:\/\/www.fondationassistanceauxanimaux.org\/actu\/nouvelles-adoption-refuge-villevaude-7461\/#primaryimage\",\"url\":\"https:\/\/www.fondationassistanceauxanimaux.org\/actu\/wp-content\/uploads\/2020\/04\/Capture-d\u2019\u00e9cran-.-2020-04-06-\u00e0-15.01.12.png\",\"contentUrl\":\"https:\/\/www.fondationassistanceauxanimaux.org\/actu\/wp-content\/uploads\/2020\/04\/Capture-d\u2019\u00e9cran-.-2020-04-06-\u00e0-15.01.12.png\",\"width\":1125,\"height\":1077},{\"@type\":\"BreadcrumbList\",\"@id\":\"https:\/\/www.fondationassistanceauxanimaux.org\/actu\/nouvelles-adoption-refuge-villevaude-7461\/#breadcrumb\",\"itemListElement\":[{\"@type\":\"ListItem\",\"position\":1,\"name\":\"Accueil\",\"item\":\"https:\/\/www.fondationassistanceauxanimaux.org\/actu\/\"},{\"@type\":\"ListItem\",\"position\":2,\"name\":\"Des nouvelles de \u00ab\u00a0Princesse\u00a0\u00bb, heureuse adopt\u00e9e du refuge de Villevaud\u00e9\"}]},{\"@type\":\"WebSite\",\"@id\":\"https:\/\/www.fondationassistanceauxanimaux.org\/actu\/#website\",\"url\":\"https:\/\/www.fondationassistanceauxanimaux.org\/actu\/\",\"name\":\"Fondation Assistance aux Animaux - Actualit\u00e9s\",\"description\":\"Depuis 1930 la Fondation Assistance aux Animaux pour la d\u00e9fense et la protection des animaux maltrait\u00e9s et abandonn\u00e9s\",\"potentialAction\":[{\"@type\":\"SearchAction\",\"target\":{\"@type\":\"EntryPoint\",\"urlTemplate\":\"https:\/\/www.fondationassistanceauxanimaux.org\/actu\/?s={search_term_string}\"},\"query-input\":{\"@type\":\"PropertyValueSpecification\",\"valueRequired\":true,\"valueName\":\"search_term_string\"}}],\"inLanguage\":\"fr-FR\"},{\"@type\":\"Person\",\"@id\":\"https:\/\/www.fondationassistanceauxanimaux.org\/actu\/#\/schema\/person\/71a8476d98daaea0d71a965c5603e10b\",\"name\":\"No\u00e9\",\"image\":{\"@type\":\"ImageObject\",\"inLanguage\":\"fr-FR\",\"@id\":\"https:\/\/www.fondationassistanceauxanimaux.org\/actu\/#\/schema\/person\/image\/\",\"url\":\"https:\/\/secure.gravatar.com\/avatar\/d34cf6c6bd22b3db9c932bc580c4d1ba93c0cda7588a41b59078888ab1e5f007?s=96&d=mm&r=g\",\"contentUrl\":\"https:\/\/secure.gravatar.com\/avatar\/d34cf6c6bd22b3db9c932bc580c4d1ba93c0cda7588a41b59078888ab1e5f007?s=96&d=mm&r=g\",\"caption\":\"No\u00e9\"},\"url\":\"https:\/\/www.fondationassistanceauxanimaux.org\/actu\/author\/anne\/\"}]}<\/script>\n<!-- \/ Yoast SEO plugin. -->","yoast_head_json":{"title":"Des nouvelles de \"Princesse\", heureuse adopt\u00e9e du refuge de Villevaud\u00e9 - Fondation Assistance aux Animaux - Actualit\u00e9s","robots":{"index":"index","follow":"follow","max-snippet":"max-snippet:-1","max-image-preview":"max-image-preview:large","max-video-preview":"max-video-preview:-1"},"canonical":"https:\/\/www.fondationassistanceauxanimaux.org\/actu\/nouvelles-adoption-refuge-villevaude-7461\/","og_locale":"fr_FR","og_type":"article","og_title":"Des nouvelles de \"Princesse\", heureuse adopt\u00e9e du refuge de Villevaud\u00e9 - Fondation Assistance aux Animaux - Actualit\u00e9s","og_description":"Abandonn\u00e9e par ses propri\u00e9taires qui rencontraient des difficult\u00e9s financi\u00e8res,\u00a0\u00ab\u00a0Princesse\u00a0\u00bb avait \u00e9t\u00e9 prise en charge par le refuge Fondation Assistance aux Animaux de Villevaud\u00e9 en Avril 2019. Ce labrador de 3 ans souffrait d\u2019un important probl\u00e8me de peau. Elle ne pouvait pas passer une minute sans se gratter. Plac\u00e9e en urgence \u00e0 l\u2019infirmerie du refuge, elle [&hellip;]","og_url":"https:\/\/www.fondationassistanceauxanimaux.org\/actu\/nouvelles-adoption-refuge-villevaude-7461\/","og_site_name":"Fondation Assistance aux Animaux - Actualit\u00e9s","article_published_time":"2020-04-08T14:05:35+00:00","article_modified_time":"2020-04-08T14:05:53+00:00","og_image":[{"width":1030,"height":986,"url":"https:\/\/www.fondationassistanceauxanimaux.org\/actu\/wp-content\/uploads\/2020\/04\/Capture-d\u2019\u00e9cran-.-2020-04-06-\u00e0-15.01.12-1030x986.png","type":"image\/png"}],"author":"No\u00e9","twitter_card":"summary_large_image","twitter_misc":{"\u00c9crit par":"No\u00e9","Dur\u00e9e de lecture estim\u00e9e":"1 minute"},"schema":{"@context":"https:\/\/schema.org","@graph":[{"@type":"WebPage","@id":"https:\/\/www.fondationassistanceauxanimaux.org\/actu\/nouvelles-adoption-refuge-villevaude-7461\/","url":"https:\/\/www.fondationassistanceauxanimaux.org\/actu\/nouvelles-adoption-refuge-villevaude-7461\/","name":"Des nouvelles de \"Princesse\", heureuse adopt\u00e9e du refuge de Villevaud\u00e9 - Fondation Assistance aux Animaux - Actualit\u00e9s","isPartOf":{"@id":"https:\/\/www.fondationassistanceauxanimaux.org\/actu\/#website"},"primaryImageOfPage":{"@id":"https:\/\/www.fondationassistanceauxanimaux.org\/actu\/nouvelles-adoption-refuge-villevaude-7461\/#primaryimage"},"image":{"@id":"https:\/\/www.fondationassistanceauxanimaux.org\/actu\/nouvelles-adoption-refuge-villevaude-7461\/#primaryimage"},"thumbnailUrl":"https:\/\/www.fondationassistanceauxanimaux.org\/actu\/wp-content\/uploads\/2020\/04\/Capture-d\u2019\u00e9cran-.-2020-04-06-\u00e0-15.01.12.png","datePublished":"2020-04-08T14:05:35+00:00","dateModified":"2020-04-08T14:05:53+00:00","author":{"@id":"https:\/\/www.fondationassistanceauxanimaux.org\/actu\/#\/schema\/person\/71a8476d98daaea0d71a965c5603e10b"},"breadcrumb":{"@id":"https:\/\/www.fondationassistanceauxanimaux.org\/actu\/nouvelles-adoption-refuge-villevaude-7461\/#breadcrumb"},"inLanguage":"fr-FR","potentialAction":[{"@type":"ReadAction","target":["https:\/\/www.fondationassistanceauxanimaux.org\/actu\/nouvelles-adoption-refuge-villevaude-7461\/"]}]},{"@type":"ImageObject","inLanguage":"fr-FR","@id":"https:\/\/www.fondationassistanceauxanimaux.org\/actu\/nouvelles-adoption-refuge-villevaude-7461\/#primaryimage","url":"https:\/\/www.fondationassistanceauxanimaux.org\/actu\/wp-content\/uploads\/2020\/04\/Capture-d\u2019\u00e9cran-.-2020-04-06-\u00e0-15.01.12.png","contentUrl":"https:\/\/www.fondationassistanceauxanimaux.org\/actu\/wp-content\/uploads\/2020\/04\/Capture-d\u2019\u00e9cran-.-2020-04-06-\u00e0-15.01.12.png","width":1125,"height":1077},{"@type":"BreadcrumbList","@id":"https:\/\/www.fondationassistanceauxanimaux.org\/actu\/nouvelles-adoption-refuge-villevaude-7461\/#breadcrumb","itemListElement":[{"@type":"ListItem","position":1,"name":"Accueil","item":"https:\/\/www.fondationassistanceauxanimaux.org\/actu\/"},{"@type":"ListItem","position":2,"name":"Des nouvelles de \u00ab\u00a0Princesse\u00a0\u00bb, heureuse adopt\u00e9e du refuge de Villevaud\u00e9"}]},{"@type":"WebSite","@id":"https:\/\/www.fondationassistanceauxanimaux.org\/actu\/#website","url":"https:\/\/www.fondationassistanceauxanimaux.org\/actu\/","name":"Fondation Assistance aux Animaux - Actualit\u00e9s","description":"Depuis 1930 la Fondation Assistance aux Animaux pour la d\u00e9fense et la protection des animaux maltrait\u00e9s et abandonn\u00e9s","potentialAction":[{"@type":"SearchAction","target":{"@type":"EntryPoint","urlTemplate":"https:\/\/www.fondationassistanceauxanimaux.org\/actu\/?s={search_term_string}"},"query-input":{"@type":"PropertyValueSpecification","valueRequired":true,"valueName":"search_term_string"}}],"inLanguage":"fr-FR"},{"@type":"Person","@id":"https:\/\/www.fondationassistanceauxanimaux.org\/actu\/#\/schema\/person\/71a8476d98daaea0d71a965c5603e10b","name":"No\u00e9","image":{"@type":"ImageObject","inLanguage":"fr-FR","@id":"https:\/\/www.fondationassistanceauxanimaux.org\/actu\/#\/schema\/person\/image\/","url":"https:\/\/secure.gravatar.com\/avatar\/d34cf6c6bd22b3db9c932bc580c4d1ba93c0cda7588a41b59078888ab1e5f007?s=96&d=mm&r=g","contentUrl":"https:\/\/secure.gravatar.com\/avatar\/d34cf6c6bd22b3db9c932bc580c4d1ba93c0cda7588a41b59078888ab1e5f007?s=96&d=mm&r=g","caption":"No\u00e9"},"url":"https:\/\/www.fondationassistanceauxanimaux.org\/actu\/author\/anne\/"}]}},"_links":{"self":[{"href":"https:\/\/www.fondationassistanceauxanimaux.org\/actu\/wp-json\/wp\/v2\/posts\/7461","targetHints":{"allow":["GET"]}}],"collection":[{"href":"https:\/\/www.fondationassistanceauxanimaux.org\/actu\/wp-json\/wp\/v2\/posts"}],"about":[{"href":"https:\/\/www.fondationassistanceauxanimaux.org\/actu\/wp-json\/wp\/v2\/types\/post"}],"author":[{"embeddable":true,"href":"https:\/\/www.fondationassistanceauxanimaux.org\/actu\/wp-json\/wp\/v2\/users\/3"}],"replies":[{"embeddable":true,"href":"https:\/\/www.fondationassistanceauxanimaux.org\/actu\/wp-json\/wp\/v2\/comments?post=7461"}],"version-history":[{"count":1,"href":"https:\/\/www.fondationassistanceauxanimaux.org\/actu\/wp-json\/wp\/v2\/posts\/7461\/revisions"}],"predecessor-version":[{"id":7466,"href":"https:\/\/www.fondationassistanceauxanimaux.org\/actu\/wp-json\/wp\/v2\/posts\/7461\/revisions\/7466"}],"wp:featuredmedia":[{"embeddable":true,"href":"https:\/\/www.fondationassistanceauxanimaux.org\/actu\/wp-json\/wp\/v2\/media\/7465"}],"wp:attachment":[{"href":"https:\/\/www.fondationassistanceauxanimaux.org\/actu\/wp-json\/wp\/v2\/media?parent=7461"}],"wp:term":[{"taxonomy":"category","embeddable":true,"href":"https:\/\/www.fondationassistanceauxanimaux.org\/actu\/wp-json\/wp\/v2\/categories?post=7461"},{"taxonomy":"post_tag","embeddable":true,"href":"https:\/\/www.fondationassistanceauxanimaux.org\/actu\/wp-json\/wp\/v2\/tags?post=7461"}],"curies":[{"name":"wp","href":"https:\/\/api.w.org\/{rel}","templated":true}]}}