{"id":7334,"date":"2020-03-30T12:15:58","date_gmt":"2020-03-30T10:15:58","guid":{"rendered":"http:\/\/www.fondationassistanceauxanimaux.org\/actu\/?p=7334"},"modified":"2020-03-30T12:16:31","modified_gmt":"2020-03-30T10:16:31","slug":"heureux-adopte-refuge","status":"publish","type":"post","link":"https:\/\/www.fondationassistanceauxanimaux.org\/actu\/heureux-adopte-refuge-7334\/","title":{"rendered":"\u00ab\u00a0Nathor\u00a0\u00bb, heureux adopt\u00e9 du refuge Fondation Assistance aux Animaux de Carros bronze chez son adoptant"},"content":{"rendered":"\n<p><strong>\u00c0 l&rsquo;image de \u00ab\u00a0Nathor\u00a0\u00bb adopt\u00e9 il y a peu au refuge de Carros, certains vivent tr\u00e8s bien le confinement<\/strong> : <strong>il alterne ses journ\u00e9es entre parties de jeux, c\u00e2lins, et bronzette.<\/strong><\/p>\n\n\n\n<p><strong>Merci \u00e0 nos adoptants !<\/strong><\/p>\n\n\n\n<figure class=\"wp-block-gallery columns-3 is-cropped wp-block-gallery-1 is-layout-flex wp-block-gallery-is-layout-flex\"><ul class=\"blocks-gallery-grid\"><li class=\"blocks-gallery-item\"><figure><img loading=\"lazy\" decoding=\"async\" width=\"773\" height=\"1030\" src=\"https:\/\/www.fondationassistanceauxanimaux.org\/actu\/wp-content\/uploads\/2020\/03\/796f2d86-6889-40d2-997b-d916fefb9b02-773x1030.jpg\" alt=\"\" data-id=\"7331\" data-full-url=\"https:\/\/www.fondationassistanceauxanimaux.org\/actu\/wp-content\/uploads\/2020\/03\/796f2d86-6889-40d2-997b-d916fefb9b02.jpg\" data-link=\"https:\/\/www.fondationassistanceauxanimaux.org\/actu\/selfie-confinement-refuge-7326\/796f2d86-6889-40d2-997b-d916fefb9b02\/\" class=\"wp-image-7331\" srcset=\"https:\/\/www.fondationassistanceauxanimaux.org\/actu\/wp-content\/uploads\/2020\/03\/796f2d86-6889-40d2-997b-d916fefb9b02-773x1030.jpg 773w, https:\/\/www.fondationassistanceauxanimaux.org\/actu\/wp-content\/uploads\/2020\/03\/796f2d86-6889-40d2-997b-d916fefb9b02-225x300.jpg 225w, https:\/\/www.fondationassistanceauxanimaux.org\/actu\/wp-content\/uploads\/2020\/03\/796f2d86-6889-40d2-997b-d916fefb9b02-768x1024.jpg 768w, https:\/\/www.fondationassistanceauxanimaux.org\/actu\/wp-content\/uploads\/2020\/03\/796f2d86-6889-40d2-997b-d916fefb9b02-1152x1536.jpg 1152w, https:\/\/www.fondationassistanceauxanimaux.org\/actu\/wp-content\/uploads\/2020\/03\/796f2d86-6889-40d2-997b-d916fefb9b02-1125x1500.jpg 1125w, https:\/\/www.fondationassistanceauxanimaux.org\/actu\/wp-content\/uploads\/2020\/03\/796f2d86-6889-40d2-997b-d916fefb9b02-529x705.jpg 529w, https:\/\/www.fondationassistanceauxanimaux.org\/actu\/wp-content\/uploads\/2020\/03\/796f2d86-6889-40d2-997b-d916fefb9b02.jpg 1200w\" sizes=\"auto, (max-width: 773px) 100vw, 773px\" \/><\/figure><\/li><li class=\"blocks-gallery-item\"><figure><img loading=\"lazy\" decoding=\"async\" width=\"773\" height=\"1030\" src=\"https:\/\/www.fondationassistanceauxanimaux.org\/actu\/wp-content\/uploads\/2020\/03\/3ba6982e-8a97-4829-b34c-c09093c2d0fa-773x1030.jpg\" alt=\"\" data-id=\"7332\" data-full-url=\"https:\/\/www.fondationassistanceauxanimaux.org\/actu\/wp-content\/uploads\/2020\/03\/3ba6982e-8a97-4829-b34c-c09093c2d0fa.jpg\" data-link=\"https:\/\/www.fondationassistanceauxanimaux.org\/actu\/selfie-confinement-refuge-7326\/3ba6982e-8a97-4829-b34c-c09093c2d0fa\/\" class=\"wp-image-7332\" srcset=\"https:\/\/www.fondationassistanceauxanimaux.org\/actu\/wp-content\/uploads\/2020\/03\/3ba6982e-8a97-4829-b34c-c09093c2d0fa-773x1030.jpg 773w, https:\/\/www.fondationassistanceauxanimaux.org\/actu\/wp-content\/uploads\/2020\/03\/3ba6982e-8a97-4829-b34c-c09093c2d0fa-225x300.jpg 225w, https:\/\/www.fondationassistanceauxanimaux.org\/actu\/wp-content\/uploads\/2020\/03\/3ba6982e-8a97-4829-b34c-c09093c2d0fa-768x1024.jpg 768w, https:\/\/www.fondationassistanceauxanimaux.org\/actu\/wp-content\/uploads\/2020\/03\/3ba6982e-8a97-4829-b34c-c09093c2d0fa-1152x1536.jpg 1152w, https:\/\/www.fondationassistanceauxanimaux.org\/actu\/wp-content\/uploads\/2020\/03\/3ba6982e-8a97-4829-b34c-c09093c2d0fa-1125x1500.jpg 1125w, https:\/\/www.fondationassistanceauxanimaux.org\/actu\/wp-content\/uploads\/2020\/03\/3ba6982e-8a97-4829-b34c-c09093c2d0fa-529x705.jpg 529w, https:\/\/www.fondationassistanceauxanimaux.org\/actu\/wp-content\/uploads\/2020\/03\/3ba6982e-8a97-4829-b34c-c09093c2d0fa.jpg 1200w\" sizes=\"auto, (max-width: 773px) 100vw, 773px\" \/><\/figure><\/li><li class=\"blocks-gallery-item\"><figure><img loading=\"lazy\" decoding=\"async\" width=\"773\" height=\"1030\" src=\"https:\/\/www.fondationassistanceauxanimaux.org\/actu\/wp-content\/uploads\/2020\/03\/65fff4ac-db46-4bfc-8fde-96ac18c99e3e-773x1030.jpg\" alt=\"\" data-id=\"7330\" data-full-url=\"https:\/\/www.fondationassistanceauxanimaux.org\/actu\/wp-content\/uploads\/2020\/03\/65fff4ac-db46-4bfc-8fde-96ac18c99e3e.jpg\" data-link=\"https:\/\/www.fondationassistanceauxanimaux.org\/actu\/selfie-confinement-refuge-7326\/65fff4ac-db46-4bfc-8fde-96ac18c99e3e\/\" class=\"wp-image-7330\" srcset=\"https:\/\/www.fondationassistanceauxanimaux.org\/actu\/wp-content\/uploads\/2020\/03\/65fff4ac-db46-4bfc-8fde-96ac18c99e3e-773x1030.jpg 773w, https:\/\/www.fondationassistanceauxanimaux.org\/actu\/wp-content\/uploads\/2020\/03\/65fff4ac-db46-4bfc-8fde-96ac18c99e3e-225x300.jpg 225w, https:\/\/www.fondationassistanceauxanimaux.org\/actu\/wp-content\/uploads\/2020\/03\/65fff4ac-db46-4bfc-8fde-96ac18c99e3e-768x1024.jpg 768w, https:\/\/www.fondationassistanceauxanimaux.org\/actu\/wp-content\/uploads\/2020\/03\/65fff4ac-db46-4bfc-8fde-96ac18c99e3e-1152x1536.jpg 1152w, https:\/\/www.fondationassistanceauxanimaux.org\/actu\/wp-content\/uploads\/2020\/03\/65fff4ac-db46-4bfc-8fde-96ac18c99e3e-1125x1500.jpg 1125w, https:\/\/www.fondationassistanceauxanimaux.org\/actu\/wp-content\/uploads\/2020\/03\/65fff4ac-db46-4bfc-8fde-96ac18c99e3e-529x705.jpg 529w, https:\/\/www.fondationassistanceauxanimaux.org\/actu\/wp-content\/uploads\/2020\/03\/65fff4ac-db46-4bfc-8fde-96ac18c99e3e.jpg 1200w\" sizes=\"auto, (max-width: 773px) 100vw, 773px\" \/><\/figure><\/li><\/ul><\/figure>\n","protected":false},"excerpt":{"rendered":"<p>\u00c0 l&rsquo;image de \u00ab\u00a0Nathor\u00a0\u00bb adopt\u00e9 il y a peu au refuge de Carros, certains vivent tr\u00e8s bien le confinement : il alterne ses journ\u00e9es entre parties de jeux, c\u00e2lins, et bronzette. Merci \u00e0 nos adoptants !<\/p>\n","protected":false},"author":3,"featured_media":7331,"comment_status":"closed","ping_status":"closed","sticky":false,"template":"","format":"standard","meta":{"footnotes":""},"categories":[17],"tags":[],"class_list":["post-7334","post","type-post","status-publish","format-standard","has-post-thumbnail","hentry","category-refuge-de-carros"],"yoast_head":"<!-- This site is optimized with the Yoast SEO plugin v24.5 - https:\/\/yoast.com\/wordpress\/plugins\/seo\/ -->\n<title>&quot;Nathor&quot;, heureux adopt\u00e9 du refuge Fondation Assistance aux Animaux de Carros bronze chez son adoptant - Fondation Assistance aux Animaux - Actualit\u00e9s<\/title>\n<meta name=\"robots\" content=\"index, follow, max-snippet:-1, max-image-preview:large, max-video-preview:-1\" \/>\n<link rel=\"canonical\" href=\"https:\/\/www.fondationassistanceauxanimaux.org\/actu\/heureux-adopte-refuge-7334\/\" \/>\n<meta property=\"og:locale\" content=\"fr_FR\" \/>\n<meta property=\"og:type\" content=\"article\" \/>\n<meta property=\"og:title\" content=\"&quot;Nathor&quot;, heureux adopt\u00e9 du refuge Fondation Assistance aux Animaux de Carros bronze chez son adoptant - Fondation Assistance aux Animaux - Actualit\u00e9s\" \/>\n<meta property=\"og:description\" content=\"\u00c0 l&rsquo;image de \u00ab\u00a0Nathor\u00a0\u00bb adopt\u00e9 il y a peu au refuge de Carros, certains vivent tr\u00e8s bien le confinement : il alterne ses journ\u00e9es entre parties de jeux, c\u00e2lins, et bronzette. Merci \u00e0 nos adoptants !\" \/>\n<meta property=\"og:url\" content=\"https:\/\/www.fondationassistanceauxanimaux.org\/actu\/heureux-adopte-refuge-7334\/\" \/>\n<meta property=\"og:site_name\" content=\"Fondation Assistance aux Animaux - Actualit\u00e9s\" \/>\n<meta property=\"article:published_time\" content=\"2020-03-30T10:15:58+00:00\" \/>\n<meta property=\"article:modified_time\" content=\"2020-03-30T10:16:31+00:00\" \/>\n<meta property=\"og:image\" content=\"https:\/\/www.fondationassistanceauxanimaux.org\/actu\/wp-content\/uploads\/2020\/03\/796f2d86-6889-40d2-997b-d916fefb9b02.jpg\" \/>\n\t<meta property=\"og:image:width\" content=\"1200\" \/>\n\t<meta property=\"og:image:height\" content=\"1600\" \/>\n\t<meta property=\"og:image:type\" content=\"image\/jpeg\" \/>\n<meta name=\"author\" content=\"No\u00e9\" \/>\n<meta name=\"twitter:card\" content=\"summary_large_image\" \/>\n<meta name=\"twitter:label1\" content=\"\u00c9crit par\" \/>\n\t<meta name=\"twitter:data1\" content=\"No\u00e9\" \/>\n<script type=\"application\/ld+json\" class=\"yoast-schema-graph\">{\"@context\":\"https:\/\/schema.org\",\"@graph\":[{\"@type\":\"WebPage\",\"@id\":\"https:\/\/www.fondationassistanceauxanimaux.org\/actu\/heureux-adopte-refuge-7334\/\",\"url\":\"https:\/\/www.fondationassistanceauxanimaux.org\/actu\/heureux-adopte-refuge-7334\/\",\"name\":\"\\\"Nathor\\\", heureux adopt\u00e9 du refuge Fondation Assistance aux Animaux de Carros bronze chez son adoptant - Fondation Assistance aux Animaux - Actualit\u00e9s\",\"isPartOf\":{\"@id\":\"https:\/\/www.fondationassistanceauxanimaux.org\/actu\/#website\"},\"primaryImageOfPage\":{\"@id\":\"https:\/\/www.fondationassistanceauxanimaux.org\/actu\/heureux-adopte-refuge-7334\/#primaryimage\"},\"image\":{\"@id\":\"https:\/\/www.fondationassistanceauxanimaux.org\/actu\/heureux-adopte-refuge-7334\/#primaryimage\"},\"thumbnailUrl\":\"https:\/\/www.fondationassistanceauxanimaux.org\/actu\/wp-content\/uploads\/2020\/03\/796f2d86-6889-40d2-997b-d916fefb9b02.jpg\",\"datePublished\":\"2020-03-30T10:15:58+00:00\",\"dateModified\":\"2020-03-30T10:16:31+00:00\",\"author\":{\"@id\":\"https:\/\/www.fondationassistanceauxanimaux.org\/actu\/#\/schema\/person\/71a8476d98daaea0d71a965c5603e10b\"},\"breadcrumb\":{\"@id\":\"https:\/\/www.fondationassistanceauxanimaux.org\/actu\/heureux-adopte-refuge-7334\/#breadcrumb\"},\"inLanguage\":\"fr-FR\",\"potentialAction\":[{\"@type\":\"ReadAction\",\"target\":[\"https:\/\/www.fondationassistanceauxanimaux.org\/actu\/heureux-adopte-refuge-7334\/\"]}]},{\"@type\":\"ImageObject\",\"inLanguage\":\"fr-FR\",\"@id\":\"https:\/\/www.fondationassistanceauxanimaux.org\/actu\/heureux-adopte-refuge-7334\/#primaryimage\",\"url\":\"https:\/\/www.fondationassistanceauxanimaux.org\/actu\/wp-content\/uploads\/2020\/03\/796f2d86-6889-40d2-997b-d916fefb9b02.jpg\",\"contentUrl\":\"https:\/\/www.fondationassistanceauxanimaux.org\/actu\/wp-content\/uploads\/2020\/03\/796f2d86-6889-40d2-997b-d916fefb9b02.jpg\",\"width\":1200,\"height\":1600},{\"@type\":\"BreadcrumbList\",\"@id\":\"https:\/\/www.fondationassistanceauxanimaux.org\/actu\/heureux-adopte-refuge-7334\/#breadcrumb\",\"itemListElement\":[{\"@type\":\"ListItem\",\"position\":1,\"name\":\"Accueil\",\"item\":\"https:\/\/www.fondationassistanceauxanimaux.org\/actu\/\"},{\"@type\":\"ListItem\",\"position\":2,\"name\":\"\u00ab\u00a0Nathor\u00a0\u00bb, heureux adopt\u00e9 du refuge Fondation Assistance aux Animaux de Carros bronze chez son adoptant\"}]},{\"@type\":\"WebSite\",\"@id\":\"https:\/\/www.fondationassistanceauxanimaux.org\/actu\/#website\",\"url\":\"https:\/\/www.fondationassistanceauxanimaux.org\/actu\/\",\"name\":\"Fondation Assistance aux Animaux - Actualit\u00e9s\",\"description\":\"Depuis 1930 la Fondation Assistance aux Animaux pour la d\u00e9fense et la protection des animaux maltrait\u00e9s et abandonn\u00e9s\",\"potentialAction\":[{\"@type\":\"SearchAction\",\"target\":{\"@type\":\"EntryPoint\",\"urlTemplate\":\"https:\/\/www.fondationassistanceauxanimaux.org\/actu\/?s={search_term_string}\"},\"query-input\":{\"@type\":\"PropertyValueSpecification\",\"valueRequired\":true,\"valueName\":\"search_term_string\"}}],\"inLanguage\":\"fr-FR\"},{\"@type\":\"Person\",\"@id\":\"https:\/\/www.fondationassistanceauxanimaux.org\/actu\/#\/schema\/person\/71a8476d98daaea0d71a965c5603e10b\",\"name\":\"No\u00e9\",\"image\":{\"@type\":\"ImageObject\",\"inLanguage\":\"fr-FR\",\"@id\":\"https:\/\/www.fondationassistanceauxanimaux.org\/actu\/#\/schema\/person\/image\/\",\"url\":\"https:\/\/secure.gravatar.com\/avatar\/d34cf6c6bd22b3db9c932bc580c4d1ba93c0cda7588a41b59078888ab1e5f007?s=96&d=mm&r=g\",\"contentUrl\":\"https:\/\/secure.gravatar.com\/avatar\/d34cf6c6bd22b3db9c932bc580c4d1ba93c0cda7588a41b59078888ab1e5f007?s=96&d=mm&r=g\",\"caption\":\"No\u00e9\"},\"url\":\"https:\/\/www.fondationassistanceauxanimaux.org\/actu\/author\/anne\/\"}]}<\/script>\n<!-- \/ Yoast SEO plugin. -->","yoast_head_json":{"title":"\"Nathor\", heureux adopt\u00e9 du refuge Fondation Assistance aux Animaux de Carros bronze chez son adoptant - Fondation Assistance aux Animaux - Actualit\u00e9s","robots":{"index":"index","follow":"follow","max-snippet":"max-snippet:-1","max-image-preview":"max-image-preview:large","max-video-preview":"max-video-preview:-1"},"canonical":"https:\/\/www.fondationassistanceauxanimaux.org\/actu\/heureux-adopte-refuge-7334\/","og_locale":"fr_FR","og_type":"article","og_title":"\"Nathor\", heureux adopt\u00e9 du refuge Fondation Assistance aux Animaux de Carros bronze chez son adoptant - Fondation Assistance aux Animaux - Actualit\u00e9s","og_description":"\u00c0 l&rsquo;image de \u00ab\u00a0Nathor\u00a0\u00bb adopt\u00e9 il y a peu au refuge de Carros, certains vivent tr\u00e8s bien le confinement : il alterne ses journ\u00e9es entre parties de jeux, c\u00e2lins, et bronzette. Merci \u00e0 nos adoptants !","og_url":"https:\/\/www.fondationassistanceauxanimaux.org\/actu\/heureux-adopte-refuge-7334\/","og_site_name":"Fondation Assistance aux Animaux - Actualit\u00e9s","article_published_time":"2020-03-30T10:15:58+00:00","article_modified_time":"2020-03-30T10:16:31+00:00","og_image":[{"width":1200,"height":1600,"url":"https:\/\/www.fondationassistanceauxanimaux.org\/actu\/wp-content\/uploads\/2020\/03\/796f2d86-6889-40d2-997b-d916fefb9b02.jpg","type":"image\/jpeg"}],"author":"No\u00e9","twitter_card":"summary_large_image","twitter_misc":{"\u00c9crit par":"No\u00e9"},"schema":{"@context":"https:\/\/schema.org","@graph":[{"@type":"WebPage","@id":"https:\/\/www.fondationassistanceauxanimaux.org\/actu\/heureux-adopte-refuge-7334\/","url":"https:\/\/www.fondationassistanceauxanimaux.org\/actu\/heureux-adopte-refuge-7334\/","name":"\"Nathor\", heureux adopt\u00e9 du refuge Fondation Assistance aux Animaux de Carros bronze chez son adoptant - Fondation Assistance aux Animaux - Actualit\u00e9s","isPartOf":{"@id":"https:\/\/www.fondationassistanceauxanimaux.org\/actu\/#website"},"primaryImageOfPage":{"@id":"https:\/\/www.fondationassistanceauxanimaux.org\/actu\/heureux-adopte-refuge-7334\/#primaryimage"},"image":{"@id":"https:\/\/www.fondationassistanceauxanimaux.org\/actu\/heureux-adopte-refuge-7334\/#primaryimage"},"thumbnailUrl":"https:\/\/www.fondationassistanceauxanimaux.org\/actu\/wp-content\/uploads\/2020\/03\/796f2d86-6889-40d2-997b-d916fefb9b02.jpg","datePublished":"2020-03-30T10:15:58+00:00","dateModified":"2020-03-30T10:16:31+00:00","author":{"@id":"https:\/\/www.fondationassistanceauxanimaux.org\/actu\/#\/schema\/person\/71a8476d98daaea0d71a965c5603e10b"},"breadcrumb":{"@id":"https:\/\/www.fondationassistanceauxanimaux.org\/actu\/heureux-adopte-refuge-7334\/#breadcrumb"},"inLanguage":"fr-FR","potentialAction":[{"@type":"ReadAction","target":["https:\/\/www.fondationassistanceauxanimaux.org\/actu\/heureux-adopte-refuge-7334\/"]}]},{"@type":"ImageObject","inLanguage":"fr-FR","@id":"https:\/\/www.fondationassistanceauxanimaux.org\/actu\/heureux-adopte-refuge-7334\/#primaryimage","url":"https:\/\/www.fondationassistanceauxanimaux.org\/actu\/wp-content\/uploads\/2020\/03\/796f2d86-6889-40d2-997b-d916fefb9b02.jpg","contentUrl":"https:\/\/www.fondationassistanceauxanimaux.org\/actu\/wp-content\/uploads\/2020\/03\/796f2d86-6889-40d2-997b-d916fefb9b02.jpg","width":1200,"height":1600},{"@type":"BreadcrumbList","@id":"https:\/\/www.fondationassistanceauxanimaux.org\/actu\/heureux-adopte-refuge-7334\/#breadcrumb","itemListElement":[{"@type":"ListItem","position":1,"name":"Accueil","item":"https:\/\/www.fondationassistanceauxanimaux.org\/actu\/"},{"@type":"ListItem","position":2,"name":"\u00ab\u00a0Nathor\u00a0\u00bb, heureux adopt\u00e9 du refuge Fondation Assistance aux Animaux de Carros bronze chez son adoptant"}]},{"@type":"WebSite","@id":"https:\/\/www.fondationassistanceauxanimaux.org\/actu\/#website","url":"https:\/\/www.fondationassistanceauxanimaux.org\/actu\/","name":"Fondation Assistance aux Animaux - Actualit\u00e9s","description":"Depuis 1930 la Fondation Assistance aux Animaux pour la d\u00e9fense et la protection des animaux maltrait\u00e9s et abandonn\u00e9s","potentialAction":[{"@type":"SearchAction","target":{"@type":"EntryPoint","urlTemplate":"https:\/\/www.fondationassistanceauxanimaux.org\/actu\/?s={search_term_string}"},"query-input":{"@type":"PropertyValueSpecification","valueRequired":true,"valueName":"search_term_string"}}],"inLanguage":"fr-FR"},{"@type":"Person","@id":"https:\/\/www.fondationassistanceauxanimaux.org\/actu\/#\/schema\/person\/71a8476d98daaea0d71a965c5603e10b","name":"No\u00e9","image":{"@type":"ImageObject","inLanguage":"fr-FR","@id":"https:\/\/www.fondationassistanceauxanimaux.org\/actu\/#\/schema\/person\/image\/","url":"https:\/\/secure.gravatar.com\/avatar\/d34cf6c6bd22b3db9c932bc580c4d1ba93c0cda7588a41b59078888ab1e5f007?s=96&d=mm&r=g","contentUrl":"https:\/\/secure.gravatar.com\/avatar\/d34cf6c6bd22b3db9c932bc580c4d1ba93c0cda7588a41b59078888ab1e5f007?s=96&d=mm&r=g","caption":"No\u00e9"},"url":"https:\/\/www.fondationassistanceauxanimaux.org\/actu\/author\/anne\/"}]}},"_links":{"self":[{"href":"https:\/\/www.fondationassistanceauxanimaux.org\/actu\/wp-json\/wp\/v2\/posts\/7334","targetHints":{"allow":["GET"]}}],"collection":[{"href":"https:\/\/www.fondationassistanceauxanimaux.org\/actu\/wp-json\/wp\/v2\/posts"}],"about":[{"href":"https:\/\/www.fondationassistanceauxanimaux.org\/actu\/wp-json\/wp\/v2\/types\/post"}],"author":[{"embeddable":true,"href":"https:\/\/www.fondationassistanceauxanimaux.org\/actu\/wp-json\/wp\/v2\/users\/3"}],"replies":[{"embeddable":true,"href":"https:\/\/www.fondationassistanceauxanimaux.org\/actu\/wp-json\/wp\/v2\/comments?post=7334"}],"version-history":[{"count":1,"href":"https:\/\/www.fondationassistanceauxanimaux.org\/actu\/wp-json\/wp\/v2\/posts\/7334\/revisions"}],"predecessor-version":[{"id":7335,"href":"https:\/\/www.fondationassistanceauxanimaux.org\/actu\/wp-json\/wp\/v2\/posts\/7334\/revisions\/7335"}],"wp:featuredmedia":[{"embeddable":true,"href":"https:\/\/www.fondationassistanceauxanimaux.org\/actu\/wp-json\/wp\/v2\/media\/7331"}],"wp:attachment":[{"href":"https:\/\/www.fondationassistanceauxanimaux.org\/actu\/wp-json\/wp\/v2\/media?parent=7334"}],"wp:term":[{"taxonomy":"category","embeddable":true,"href":"https:\/\/www.fondationassistanceauxanimaux.org\/actu\/wp-json\/wp\/v2\/categories?post=7334"},{"taxonomy":"post_tag","embeddable":true,"href":"https:\/\/www.fondationassistanceauxanimaux.org\/actu\/wp-json\/wp\/v2\/tags?post=7334"}],"curies":[{"name":"wp","href":"https:\/\/api.w.org\/{rel}","templated":true}]}}