{"id":7113,"date":"2020-02-28T07:29:18","date_gmt":"2020-02-28T06:29:18","guid":{"rendered":"http:\/\/www.fondationassistanceauxanimaux.org\/actu\/?p=7113"},"modified":"2020-02-28T07:32:43","modified_gmt":"2020-02-28T06:32:43","slug":"a-ladoption-dans-notre-refuge-de-villevaude-fondation-assistance-aux-animaux","status":"publish","type":"post","link":"https:\/\/www.fondationassistanceauxanimaux.org\/actu\/a-ladoption-dans-notre-refuge-de-villevaude-fondation-assistance-aux-animaux-7113\/","title":{"rendered":"A L&rsquo;ADOPTION DANS NOTRE REFUGE DE VILLEVAUD\u00c9 FONDATION ASSISTANCE AUX ANIMAUX."},"content":{"rendered":"<p><strong>Ils sont nombreux \u00e0 attendre une famille dans notre refuge de Villevaud\u00e9 !<br \/>\nParmi eux, voici 8 de nos petits prot\u00e9g\u00e9s tr\u00e8s press\u00e9s de trouver une famille pour la vie.<br \/>\nN&rsquo;achetez pas, Adoptez !<\/strong><\/p>\n<p><b>Le refuge vous accueille tous les jours m\u00eame le dimanche de 13h30 \u00e0 17h00 (ferm\u00e9 les jours f\u00e9ri\u00e9s).<br \/>\nPour plus de renseignements contactez-nous au 01 60 26 20 48.<br \/>\nAdresse : 18 rue des Plantes, 77410 Villevaud\u00e9.<\/b><\/p>\n<p><img loading=\"lazy\" decoding=\"async\" class=\"aligncenter size-full wp-image-7114\" src=\"https:\/\/www.fondationassistanceauxanimaux.org\/actu\/wp-content\/uploads\/2020\/02\/Einstein.jpg\" alt=\"\" width=\"959\" height=\"900\" srcset=\"https:\/\/www.fondationassistanceauxanimaux.org\/actu\/wp-content\/uploads\/2020\/02\/Einstein.jpg 959w, https:\/\/www.fondationassistanceauxanimaux.org\/actu\/wp-content\/uploads\/2020\/02\/Einstein-300x282.jpg 300w, https:\/\/www.fondationassistanceauxanimaux.org\/actu\/wp-content\/uploads\/2020\/02\/Einstein-768x721.jpg 768w, https:\/\/www.fondationassistanceauxanimaux.org\/actu\/wp-content\/uploads\/2020\/02\/Einstein-705x662.jpg 705w, https:\/\/www.fondationassistanceauxanimaux.org\/actu\/wp-content\/uploads\/2020\/02\/Einstein-450x422.jpg 450w\" sizes=\"auto, (max-width: 959px) 100vw, 959px\" \/><\/p>\n<p style=\"text-align: center;\"><em>Einstein : m\u00e2le n\u00e9 le 1er juillet 2017 &#8211; crois\u00e9 griffon<\/em><\/p>\n<p><img loading=\"lazy\" decoding=\"async\" class=\"aligncenter size-full wp-image-7115\" src=\"https:\/\/www.fondationassistanceauxanimaux.org\/actu\/wp-content\/uploads\/2020\/02\/Fidji1.jpg\" alt=\"\" width=\"960\" height=\"824\" srcset=\"https:\/\/www.fondationassistanceauxanimaux.org\/actu\/wp-content\/uploads\/2020\/02\/Fidji1.jpg 960w, https:\/\/www.fondationassistanceauxanimaux.org\/actu\/wp-content\/uploads\/2020\/02\/Fidji1-300x258.jpg 300w, https:\/\/www.fondationassistanceauxanimaux.org\/actu\/wp-content\/uploads\/2020\/02\/Fidji1-768x659.jpg 768w, https:\/\/www.fondationassistanceauxanimaux.org\/actu\/wp-content\/uploads\/2020\/02\/Fidji1-705x605.jpg 705w, https:\/\/www.fondationassistanceauxanimaux.org\/actu\/wp-content\/uploads\/2020\/02\/Fidji1-450x386.jpg 450w\" sizes=\"auto, (max-width: 960px) 100vw, 960px\" \/><\/p>\n<p style=\"text-align: center;\"><em>Fidji : femelle n\u00e9e le 2 octobre 2010 &#8211; berger allemand<\/em><\/p>\n<p><img loading=\"lazy\" decoding=\"async\" class=\"aligncenter size-full wp-image-7116\" src=\"https:\/\/www.fondationassistanceauxanimaux.org\/actu\/wp-content\/uploads\/2020\/02\/Flash.jpg\" alt=\"\" width=\"677\" height=\"715\" srcset=\"https:\/\/www.fondationassistanceauxanimaux.org\/actu\/wp-content\/uploads\/2020\/02\/Flash.jpg 677w, https:\/\/www.fondationassistanceauxanimaux.org\/actu\/wp-content\/uploads\/2020\/02\/Flash-284x300.jpg 284w, https:\/\/www.fondationassistanceauxanimaux.org\/actu\/wp-content\/uploads\/2020\/02\/Flash-668x705.jpg 668w, https:\/\/www.fondationassistanceauxanimaux.org\/actu\/wp-content\/uploads\/2020\/02\/Flash-450x475.jpg 450w\" sizes=\"auto, (max-width: 677px) 100vw, 677px\" \/><\/p>\n<p style=\"text-align: center;\"><em>Flash : m\u00e2le n\u00e9 le 29 novembre 2010 &#8211; dogue argentin<\/em><\/p>\n<p><img loading=\"lazy\" decoding=\"async\" class=\"aligncenter size-full wp-image-7117\" src=\"https:\/\/www.fondationassistanceauxanimaux.org\/actu\/wp-content\/uploads\/2020\/02\/Ice.jpg\" alt=\"\" width=\"756\" height=\"960\" srcset=\"https:\/\/www.fondationassistanceauxanimaux.org\/actu\/wp-content\/uploads\/2020\/02\/Ice.jpg 756w, https:\/\/www.fondationassistanceauxanimaux.org\/actu\/wp-content\/uploads\/2020\/02\/Ice-236x300.jpg 236w, https:\/\/www.fondationassistanceauxanimaux.org\/actu\/wp-content\/uploads\/2020\/02\/Ice-555x705.jpg 555w, https:\/\/www.fondationassistanceauxanimaux.org\/actu\/wp-content\/uploads\/2020\/02\/Ice-450x571.jpg 450w\" sizes=\"auto, (max-width: 756px) 100vw, 756px\" \/><\/p>\n<p style=\"text-align: center;\"><em>Ice : m\u00e2le n\u00e9 le 21 novembre 2013 &#8211; husky<\/em><\/p>\n<p><img loading=\"lazy\" decoding=\"async\" class=\"aligncenter size-full wp-image-7118\" src=\"https:\/\/www.fondationassistanceauxanimaux.org\/actu\/wp-content\/uploads\/2020\/02\/Mali1.jpg\" alt=\"\" width=\"768\" height=\"926\" srcset=\"https:\/\/www.fondationassistanceauxanimaux.org\/actu\/wp-content\/uploads\/2020\/02\/Mali1.jpg 768w, https:\/\/www.fondationassistanceauxanimaux.org\/actu\/wp-content\/uploads\/2020\/02\/Mali1-249x300.jpg 249w, https:\/\/www.fondationassistanceauxanimaux.org\/actu\/wp-content\/uploads\/2020\/02\/Mali1-585x705.jpg 585w, https:\/\/www.fondationassistanceauxanimaux.org\/actu\/wp-content\/uploads\/2020\/02\/Mali1-450x543.jpg 450w\" sizes=\"auto, (max-width: 768px) 100vw, 768px\" \/><\/p>\n<p style=\"text-align: center;\"><em>Mali : femelle n\u00e9e le 1er janvier 2014 &#8211; crois\u00e9e malinois<\/em><\/p>\n<p><img loading=\"lazy\" decoding=\"async\" class=\"aligncenter size-full wp-image-7119\" src=\"https:\/\/www.fondationassistanceauxanimaux.org\/actu\/wp-content\/uploads\/2020\/02\/Olden.jpg\" alt=\"\" width=\"928\" height=\"900\" srcset=\"https:\/\/www.fondationassistanceauxanimaux.org\/actu\/wp-content\/uploads\/2020\/02\/Olden.jpg 928w, https:\/\/www.fondationassistanceauxanimaux.org\/actu\/wp-content\/uploads\/2020\/02\/Olden-300x291.jpg 300w, https:\/\/www.fondationassistanceauxanimaux.org\/actu\/wp-content\/uploads\/2020\/02\/Olden-768x745.jpg 768w, https:\/\/www.fondationassistanceauxanimaux.org\/actu\/wp-content\/uploads\/2020\/02\/Olden-36x36.jpg 36w, https:\/\/www.fondationassistanceauxanimaux.org\/actu\/wp-content\/uploads\/2020\/02\/Olden-705x684.jpg 705w, https:\/\/www.fondationassistanceauxanimaux.org\/actu\/wp-content\/uploads\/2020\/02\/Olden-450x436.jpg 450w\" sizes=\"auto, (max-width: 928px) 100vw, 928px\" \/><\/p>\n<p style=\"text-align: center;\"><em>Olden : m\u00e2le n\u00e9 le 1er f\u00e9vrier 2014 &#8211; labrador<\/em><\/p>\n<p><img loading=\"lazy\" decoding=\"async\" class=\"aligncenter size-full wp-image-7120\" src=\"https:\/\/www.fondationassistanceauxanimaux.org\/actu\/wp-content\/uploads\/2020\/02\/Oscar1.jpg\" alt=\"\" width=\"1080\" height=\"811\" srcset=\"https:\/\/www.fondationassistanceauxanimaux.org\/actu\/wp-content\/uploads\/2020\/02\/Oscar1.jpg 1080w, https:\/\/www.fondationassistanceauxanimaux.org\/actu\/wp-content\/uploads\/2020\/02\/Oscar1-300x225.jpg 300w, https:\/\/www.fondationassistanceauxanimaux.org\/actu\/wp-content\/uploads\/2020\/02\/Oscar1-768x577.jpg 768w, https:\/\/www.fondationassistanceauxanimaux.org\/actu\/wp-content\/uploads\/2020\/02\/Oscar1-1030x773.jpg 1030w, https:\/\/www.fondationassistanceauxanimaux.org\/actu\/wp-content\/uploads\/2020\/02\/Oscar1-705x529.jpg 705w, https:\/\/www.fondationassistanceauxanimaux.org\/actu\/wp-content\/uploads\/2020\/02\/Oscar1-450x338.jpg 450w\" sizes=\"auto, (max-width: 1080px) 100vw, 1080px\" \/><\/p>\n<p style=\"text-align: center;\"><em>Oscar : m\u00e2le n\u00e9 le 23 mars 2015 &#8211; boxer<\/em><\/p>\n<p><img loading=\"lazy\" decoding=\"async\" class=\"aligncenter size-full wp-image-7121\" src=\"https:\/\/www.fondationassistanceauxanimaux.org\/actu\/wp-content\/uploads\/2020\/02\/Ulysse.jpg\" alt=\"\" width=\"960\" height=\"960\" srcset=\"https:\/\/www.fondationassistanceauxanimaux.org\/actu\/wp-content\/uploads\/2020\/02\/Ulysse.jpg 960w, https:\/\/www.fondationassistanceauxanimaux.org\/actu\/wp-content\/uploads\/2020\/02\/Ulysse-80x80.jpg 80w, https:\/\/www.fondationassistanceauxanimaux.org\/actu\/wp-content\/uploads\/2020\/02\/Ulysse-300x300.jpg 300w, https:\/\/www.fondationassistanceauxanimaux.org\/actu\/wp-content\/uploads\/2020\/02\/Ulysse-768x768.jpg 768w, https:\/\/www.fondationassistanceauxanimaux.org\/actu\/wp-content\/uploads\/2020\/02\/Ulysse-36x36.jpg 36w, https:\/\/www.fondationassistanceauxanimaux.org\/actu\/wp-content\/uploads\/2020\/02\/Ulysse-180x180.jpg 180w, https:\/\/www.fondationassistanceauxanimaux.org\/actu\/wp-content\/uploads\/2020\/02\/Ulysse-705x705.jpg 705w, https:\/\/www.fondationassistanceauxanimaux.org\/actu\/wp-content\/uploads\/2020\/02\/Ulysse-120x120.jpg 120w, https:\/\/www.fondationassistanceauxanimaux.org\/actu\/wp-content\/uploads\/2020\/02\/Ulysse-450x450.jpg 450w\" sizes=\"auto, (max-width: 960px) 100vw, 960px\" \/><\/p>\n<p style=\"text-align: center;\"><em>Ulysse : m\u00e2le n\u00e9 le 1er janvier 2012 &#8211; crois\u00e9 dogue x sharpei<\/em><\/p>\n","protected":false},"excerpt":{"rendered":"<p>Ils sont nombreux \u00e0 attendre une famille dans notre refuge de Villevaud\u00e9 ! Parmi eux, voici 8 de nos petits prot\u00e9g\u00e9s tr\u00e8s press\u00e9s de trouver une famille pour la vie. N&rsquo;achetez pas, Adoptez ! Le refuge vous accueille tous les jours m\u00eame le dimanche de 13h30 \u00e0 17h00 (ferm\u00e9 les jours f\u00e9ri\u00e9s). Pour plus de [&hellip;]<\/p>\n","protected":false},"author":3,"featured_media":7114,"comment_status":"closed","ping_status":"closed","sticky":false,"template":"","format":"standard","meta":{"footnotes":""},"categories":[20],"tags":[],"class_list":["post-7113","post","type-post","status-publish","format-standard","has-post-thumbnail","hentry","category-refuge-de-villevaude"],"yoast_head":"<!-- This site is optimized with the Yoast SEO plugin v24.5 - https:\/\/yoast.com\/wordpress\/plugins\/seo\/ -->\n<title>A L&#039;ADOPTION DANS NOTRE REFUGE DE VILLEVAUD\u00c9 FONDATION ASSISTANCE AUX ANIMAUX. - Fondation Assistance aux Animaux - Actualit\u00e9s<\/title>\n<meta name=\"robots\" content=\"index, follow, max-snippet:-1, max-image-preview:large, max-video-preview:-1\" \/>\n<link rel=\"canonical\" href=\"https:\/\/www.fondationassistanceauxanimaux.org\/actu\/a-ladoption-dans-notre-refuge-de-villevaude-fondation-assistance-aux-animaux-7113\/\" \/>\n<meta property=\"og:locale\" content=\"fr_FR\" \/>\n<meta property=\"og:type\" content=\"article\" \/>\n<meta property=\"og:title\" content=\"A L&#039;ADOPTION DANS NOTRE REFUGE DE VILLEVAUD\u00c9 FONDATION ASSISTANCE AUX ANIMAUX. - Fondation Assistance aux Animaux - Actualit\u00e9s\" \/>\n<meta property=\"og:description\" content=\"Ils sont nombreux \u00e0 attendre une famille dans notre refuge de Villevaud\u00e9 ! Parmi eux, voici 8 de nos petits prot\u00e9g\u00e9s tr\u00e8s press\u00e9s de trouver une famille pour la vie. N&rsquo;achetez pas, Adoptez ! Le refuge vous accueille tous les jours m\u00eame le dimanche de 13h30 \u00e0 17h00 (ferm\u00e9 les jours f\u00e9ri\u00e9s). Pour plus de [&hellip;]\" \/>\n<meta property=\"og:url\" content=\"https:\/\/www.fondationassistanceauxanimaux.org\/actu\/a-ladoption-dans-notre-refuge-de-villevaude-fondation-assistance-aux-animaux-7113\/\" \/>\n<meta property=\"og:site_name\" content=\"Fondation Assistance aux Animaux - Actualit\u00e9s\" \/>\n<meta property=\"article:published_time\" content=\"2020-02-28T06:29:18+00:00\" \/>\n<meta property=\"article:modified_time\" content=\"2020-02-28T06:32:43+00:00\" \/>\n<meta property=\"og:image\" content=\"https:\/\/www.fondationassistanceauxanimaux.org\/actu\/wp-content\/uploads\/2020\/02\/Einstein.jpg\" \/>\n\t<meta property=\"og:image:width\" content=\"959\" \/>\n\t<meta property=\"og:image:height\" content=\"900\" \/>\n\t<meta property=\"og:image:type\" content=\"image\/jpeg\" \/>\n<meta name=\"author\" content=\"No\u00e9\" \/>\n<meta name=\"twitter:card\" content=\"summary_large_image\" \/>\n<meta name=\"twitter:label1\" content=\"\u00c9crit par\" \/>\n\t<meta name=\"twitter:data1\" content=\"No\u00e9\" \/>\n\t<meta name=\"twitter:label2\" content=\"Dur\u00e9e de lecture estim\u00e9e\" \/>\n\t<meta name=\"twitter:data2\" content=\"1 minute\" \/>\n<script type=\"application\/ld+json\" class=\"yoast-schema-graph\">{\"@context\":\"https:\/\/schema.org\",\"@graph\":[{\"@type\":\"WebPage\",\"@id\":\"https:\/\/www.fondationassistanceauxanimaux.org\/actu\/a-ladoption-dans-notre-refuge-de-villevaude-fondation-assistance-aux-animaux-7113\/\",\"url\":\"https:\/\/www.fondationassistanceauxanimaux.org\/actu\/a-ladoption-dans-notre-refuge-de-villevaude-fondation-assistance-aux-animaux-7113\/\",\"name\":\"A L'ADOPTION DANS NOTRE REFUGE DE VILLEVAUD\u00c9 FONDATION ASSISTANCE AUX ANIMAUX. - Fondation Assistance aux Animaux - Actualit\u00e9s\",\"isPartOf\":{\"@id\":\"https:\/\/www.fondationassistanceauxanimaux.org\/actu\/#website\"},\"primaryImageOfPage\":{\"@id\":\"https:\/\/www.fondationassistanceauxanimaux.org\/actu\/a-ladoption-dans-notre-refuge-de-villevaude-fondation-assistance-aux-animaux-7113\/#primaryimage\"},\"image\":{\"@id\":\"https:\/\/www.fondationassistanceauxanimaux.org\/actu\/a-ladoption-dans-notre-refuge-de-villevaude-fondation-assistance-aux-animaux-7113\/#primaryimage\"},\"thumbnailUrl\":\"https:\/\/www.fondationassistanceauxanimaux.org\/actu\/wp-content\/uploads\/2020\/02\/Einstein.jpg\",\"datePublished\":\"2020-02-28T06:29:18+00:00\",\"dateModified\":\"2020-02-28T06:32:43+00:00\",\"author\":{\"@id\":\"https:\/\/www.fondationassistanceauxanimaux.org\/actu\/#\/schema\/person\/71a8476d98daaea0d71a965c5603e10b\"},\"breadcrumb\":{\"@id\":\"https:\/\/www.fondationassistanceauxanimaux.org\/actu\/a-ladoption-dans-notre-refuge-de-villevaude-fondation-assistance-aux-animaux-7113\/#breadcrumb\"},\"inLanguage\":\"fr-FR\",\"potentialAction\":[{\"@type\":\"ReadAction\",\"target\":[\"https:\/\/www.fondationassistanceauxanimaux.org\/actu\/a-ladoption-dans-notre-refuge-de-villevaude-fondation-assistance-aux-animaux-7113\/\"]}]},{\"@type\":\"ImageObject\",\"inLanguage\":\"fr-FR\",\"@id\":\"https:\/\/www.fondationassistanceauxanimaux.org\/actu\/a-ladoption-dans-notre-refuge-de-villevaude-fondation-assistance-aux-animaux-7113\/#primaryimage\",\"url\":\"https:\/\/www.fondationassistanceauxanimaux.org\/actu\/wp-content\/uploads\/2020\/02\/Einstein.jpg\",\"contentUrl\":\"https:\/\/www.fondationassistanceauxanimaux.org\/actu\/wp-content\/uploads\/2020\/02\/Einstein.jpg\",\"width\":959,\"height\":900},{\"@type\":\"BreadcrumbList\",\"@id\":\"https:\/\/www.fondationassistanceauxanimaux.org\/actu\/a-ladoption-dans-notre-refuge-de-villevaude-fondation-assistance-aux-animaux-7113\/#breadcrumb\",\"itemListElement\":[{\"@type\":\"ListItem\",\"position\":1,\"name\":\"Accueil\",\"item\":\"https:\/\/www.fondationassistanceauxanimaux.org\/actu\/\"},{\"@type\":\"ListItem\",\"position\":2,\"name\":\"A L&rsquo;ADOPTION DANS NOTRE REFUGE DE VILLEVAUD\u00c9 FONDATION ASSISTANCE AUX ANIMAUX.\"}]},{\"@type\":\"WebSite\",\"@id\":\"https:\/\/www.fondationassistanceauxanimaux.org\/actu\/#website\",\"url\":\"https:\/\/www.fondationassistanceauxanimaux.org\/actu\/\",\"name\":\"Fondation Assistance aux Animaux - Actualit\u00e9s\",\"description\":\"Depuis 1930 la Fondation Assistance aux Animaux pour la d\u00e9fense et la protection des animaux maltrait\u00e9s et abandonn\u00e9s\",\"potentialAction\":[{\"@type\":\"SearchAction\",\"target\":{\"@type\":\"EntryPoint\",\"urlTemplate\":\"https:\/\/www.fondationassistanceauxanimaux.org\/actu\/?s={search_term_string}\"},\"query-input\":{\"@type\":\"PropertyValueSpecification\",\"valueRequired\":true,\"valueName\":\"search_term_string\"}}],\"inLanguage\":\"fr-FR\"},{\"@type\":\"Person\",\"@id\":\"https:\/\/www.fondationassistanceauxanimaux.org\/actu\/#\/schema\/person\/71a8476d98daaea0d71a965c5603e10b\",\"name\":\"No\u00e9\",\"image\":{\"@type\":\"ImageObject\",\"inLanguage\":\"fr-FR\",\"@id\":\"https:\/\/www.fondationassistanceauxanimaux.org\/actu\/#\/schema\/person\/image\/\",\"url\":\"https:\/\/secure.gravatar.com\/avatar\/d34cf6c6bd22b3db9c932bc580c4d1ba93c0cda7588a41b59078888ab1e5f007?s=96&d=mm&r=g\",\"contentUrl\":\"https:\/\/secure.gravatar.com\/avatar\/d34cf6c6bd22b3db9c932bc580c4d1ba93c0cda7588a41b59078888ab1e5f007?s=96&d=mm&r=g\",\"caption\":\"No\u00e9\"},\"url\":\"https:\/\/www.fondationassistanceauxanimaux.org\/actu\/author\/anne\/\"}]}<\/script>\n<!-- \/ Yoast SEO plugin. -->","yoast_head_json":{"title":"A L'ADOPTION DANS NOTRE REFUGE DE VILLEVAUD\u00c9 FONDATION ASSISTANCE AUX ANIMAUX. - Fondation Assistance aux Animaux - Actualit\u00e9s","robots":{"index":"index","follow":"follow","max-snippet":"max-snippet:-1","max-image-preview":"max-image-preview:large","max-video-preview":"max-video-preview:-1"},"canonical":"https:\/\/www.fondationassistanceauxanimaux.org\/actu\/a-ladoption-dans-notre-refuge-de-villevaude-fondation-assistance-aux-animaux-7113\/","og_locale":"fr_FR","og_type":"article","og_title":"A L'ADOPTION DANS NOTRE REFUGE DE VILLEVAUD\u00c9 FONDATION ASSISTANCE AUX ANIMAUX. - Fondation Assistance aux Animaux - Actualit\u00e9s","og_description":"Ils sont nombreux \u00e0 attendre une famille dans notre refuge de Villevaud\u00e9 ! Parmi eux, voici 8 de nos petits prot\u00e9g\u00e9s tr\u00e8s press\u00e9s de trouver une famille pour la vie. N&rsquo;achetez pas, Adoptez ! Le refuge vous accueille tous les jours m\u00eame le dimanche de 13h30 \u00e0 17h00 (ferm\u00e9 les jours f\u00e9ri\u00e9s). Pour plus de [&hellip;]","og_url":"https:\/\/www.fondationassistanceauxanimaux.org\/actu\/a-ladoption-dans-notre-refuge-de-villevaude-fondation-assistance-aux-animaux-7113\/","og_site_name":"Fondation Assistance aux Animaux - Actualit\u00e9s","article_published_time":"2020-02-28T06:29:18+00:00","article_modified_time":"2020-02-28T06:32:43+00:00","og_image":[{"width":959,"height":900,"url":"https:\/\/www.fondationassistanceauxanimaux.org\/actu\/wp-content\/uploads\/2020\/02\/Einstein.jpg","type":"image\/jpeg"}],"author":"No\u00e9","twitter_card":"summary_large_image","twitter_misc":{"\u00c9crit par":"No\u00e9","Dur\u00e9e de lecture estim\u00e9e":"1 minute"},"schema":{"@context":"https:\/\/schema.org","@graph":[{"@type":"WebPage","@id":"https:\/\/www.fondationassistanceauxanimaux.org\/actu\/a-ladoption-dans-notre-refuge-de-villevaude-fondation-assistance-aux-animaux-7113\/","url":"https:\/\/www.fondationassistanceauxanimaux.org\/actu\/a-ladoption-dans-notre-refuge-de-villevaude-fondation-assistance-aux-animaux-7113\/","name":"A L'ADOPTION DANS NOTRE REFUGE DE VILLEVAUD\u00c9 FONDATION ASSISTANCE AUX ANIMAUX. - Fondation Assistance aux Animaux - Actualit\u00e9s","isPartOf":{"@id":"https:\/\/www.fondationassistanceauxanimaux.org\/actu\/#website"},"primaryImageOfPage":{"@id":"https:\/\/www.fondationassistanceauxanimaux.org\/actu\/a-ladoption-dans-notre-refuge-de-villevaude-fondation-assistance-aux-animaux-7113\/#primaryimage"},"image":{"@id":"https:\/\/www.fondationassistanceauxanimaux.org\/actu\/a-ladoption-dans-notre-refuge-de-villevaude-fondation-assistance-aux-animaux-7113\/#primaryimage"},"thumbnailUrl":"https:\/\/www.fondationassistanceauxanimaux.org\/actu\/wp-content\/uploads\/2020\/02\/Einstein.jpg","datePublished":"2020-02-28T06:29:18+00:00","dateModified":"2020-02-28T06:32:43+00:00","author":{"@id":"https:\/\/www.fondationassistanceauxanimaux.org\/actu\/#\/schema\/person\/71a8476d98daaea0d71a965c5603e10b"},"breadcrumb":{"@id":"https:\/\/www.fondationassistanceauxanimaux.org\/actu\/a-ladoption-dans-notre-refuge-de-villevaude-fondation-assistance-aux-animaux-7113\/#breadcrumb"},"inLanguage":"fr-FR","potentialAction":[{"@type":"ReadAction","target":["https:\/\/www.fondationassistanceauxanimaux.org\/actu\/a-ladoption-dans-notre-refuge-de-villevaude-fondation-assistance-aux-animaux-7113\/"]}]},{"@type":"ImageObject","inLanguage":"fr-FR","@id":"https:\/\/www.fondationassistanceauxanimaux.org\/actu\/a-ladoption-dans-notre-refuge-de-villevaude-fondation-assistance-aux-animaux-7113\/#primaryimage","url":"https:\/\/www.fondationassistanceauxanimaux.org\/actu\/wp-content\/uploads\/2020\/02\/Einstein.jpg","contentUrl":"https:\/\/www.fondationassistanceauxanimaux.org\/actu\/wp-content\/uploads\/2020\/02\/Einstein.jpg","width":959,"height":900},{"@type":"BreadcrumbList","@id":"https:\/\/www.fondationassistanceauxanimaux.org\/actu\/a-ladoption-dans-notre-refuge-de-villevaude-fondation-assistance-aux-animaux-7113\/#breadcrumb","itemListElement":[{"@type":"ListItem","position":1,"name":"Accueil","item":"https:\/\/www.fondationassistanceauxanimaux.org\/actu\/"},{"@type":"ListItem","position":2,"name":"A L&rsquo;ADOPTION DANS NOTRE REFUGE DE VILLEVAUD\u00c9 FONDATION ASSISTANCE AUX ANIMAUX."}]},{"@type":"WebSite","@id":"https:\/\/www.fondationassistanceauxanimaux.org\/actu\/#website","url":"https:\/\/www.fondationassistanceauxanimaux.org\/actu\/","name":"Fondation Assistance aux Animaux - Actualit\u00e9s","description":"Depuis 1930 la Fondation Assistance aux Animaux pour la d\u00e9fense et la protection des animaux maltrait\u00e9s et abandonn\u00e9s","potentialAction":[{"@type":"SearchAction","target":{"@type":"EntryPoint","urlTemplate":"https:\/\/www.fondationassistanceauxanimaux.org\/actu\/?s={search_term_string}"},"query-input":{"@type":"PropertyValueSpecification","valueRequired":true,"valueName":"search_term_string"}}],"inLanguage":"fr-FR"},{"@type":"Person","@id":"https:\/\/www.fondationassistanceauxanimaux.org\/actu\/#\/schema\/person\/71a8476d98daaea0d71a965c5603e10b","name":"No\u00e9","image":{"@type":"ImageObject","inLanguage":"fr-FR","@id":"https:\/\/www.fondationassistanceauxanimaux.org\/actu\/#\/schema\/person\/image\/","url":"https:\/\/secure.gravatar.com\/avatar\/d34cf6c6bd22b3db9c932bc580c4d1ba93c0cda7588a41b59078888ab1e5f007?s=96&d=mm&r=g","contentUrl":"https:\/\/secure.gravatar.com\/avatar\/d34cf6c6bd22b3db9c932bc580c4d1ba93c0cda7588a41b59078888ab1e5f007?s=96&d=mm&r=g","caption":"No\u00e9"},"url":"https:\/\/www.fondationassistanceauxanimaux.org\/actu\/author\/anne\/"}]}},"_links":{"self":[{"href":"https:\/\/www.fondationassistanceauxanimaux.org\/actu\/wp-json\/wp\/v2\/posts\/7113","targetHints":{"allow":["GET"]}}],"collection":[{"href":"https:\/\/www.fondationassistanceauxanimaux.org\/actu\/wp-json\/wp\/v2\/posts"}],"about":[{"href":"https:\/\/www.fondationassistanceauxanimaux.org\/actu\/wp-json\/wp\/v2\/types\/post"}],"author":[{"embeddable":true,"href":"https:\/\/www.fondationassistanceauxanimaux.org\/actu\/wp-json\/wp\/v2\/users\/3"}],"replies":[{"embeddable":true,"href":"https:\/\/www.fondationassistanceauxanimaux.org\/actu\/wp-json\/wp\/v2\/comments?post=7113"}],"version-history":[{"count":3,"href":"https:\/\/www.fondationassistanceauxanimaux.org\/actu\/wp-json\/wp\/v2\/posts\/7113\/revisions"}],"predecessor-version":[{"id":7124,"href":"https:\/\/www.fondationassistanceauxanimaux.org\/actu\/wp-json\/wp\/v2\/posts\/7113\/revisions\/7124"}],"wp:featuredmedia":[{"embeddable":true,"href":"https:\/\/www.fondationassistanceauxanimaux.org\/actu\/wp-json\/wp\/v2\/media\/7114"}],"wp:attachment":[{"href":"https:\/\/www.fondationassistanceauxanimaux.org\/actu\/wp-json\/wp\/v2\/media?parent=7113"}],"wp:term":[{"taxonomy":"category","embeddable":true,"href":"https:\/\/www.fondationassistanceauxanimaux.org\/actu\/wp-json\/wp\/v2\/categories?post=7113"},{"taxonomy":"post_tag","embeddable":true,"href":"https:\/\/www.fondationassistanceauxanimaux.org\/actu\/wp-json\/wp\/v2\/tags?post=7113"}],"curies":[{"name":"wp","href":"https:\/\/api.w.org\/{rel}","templated":true}]}}