{"id":7099,"date":"2020-02-20T12:56:08","date_gmt":"2020-02-20T11:56:08","guid":{"rendered":"http:\/\/www.fondationassistanceauxanimaux.org\/actu\/?p=7099"},"modified":"2020-02-20T12:56:08","modified_gmt":"2020-02-20T11:56:08","slug":"noisy-le-grand-31-chats-et-2-chiens-saisis-dans-un-appartement-de-30-m%c2%b2","status":"publish","type":"post","link":"https:\/\/www.fondationassistanceauxanimaux.org\/actu\/noisy-le-grand-31-chats-et-2-chiens-saisis-dans-un-appartement-de-30-m%c2%b2-7099\/","title":{"rendered":"Noisy-le-Grand : 31 chats et 2 chiens saisis dans un appartement de 30 m\u00b2"},"content":{"rendered":"<p><strong>Alert\u00e9s par des odeurs naus\u00e9abondes \u00e9manant du palier d&rsquo;une habitante de l&rsquo;immeuble, les voisins ont pris contact avec la police municipale de Noisy-le-Grand (Seine-Saint-Denis).<\/strong><\/p>\n<p><b>Une unit\u00e9 cynophile a \u00e9t\u00e9 d\u00e9p\u00each\u00e9e pour intervenir dans cet appartement de 30 m\u00b2.<br \/>\nIls ont d\u00e9couvert 31 chats et 2 chiens dans des conditions d\u00e9plorables : la plupart des chats ont le poil coll\u00e9 par les urines et souffrent du coryza. L&rsquo;un d&rsquo;entre eux \u00e9tait attach\u00e9 en permanence \u00e0 un radiateur, trois autres \u00e9taient confin\u00e9s dans une m\u00eame cage, priv\u00e9s d&rsquo;eau et de nourriture.<\/b><\/p>\n<p><b>Quant aux deux chiens, ils n&rsquo;ont probablement jamais \u00e9t\u00e9 auscult\u00e9s par un v\u00e9t\u00e9rinaire. Le bichon pr\u00e9sente un \u00e9norme abc\u00e8s sur le dos, du tartre sur les dents et des ongles tr\u00e8s longs.<\/b><\/p>\n<p><b>La femelle a d\u00fb \u00eatre op\u00e9r\u00e9e en urgence \u00e0 cause d&rsquo;un probl\u00e8me de vessie. Sans l&rsquo;intervention de la police et la prise en charge de la Fondation Assistance aux Animaux, cette malheureuse n&rsquo;aurait pas surv\u00e9cu bien longtemps..<\/b><\/p>\n<p><b>La r\u00e9sidente est atteinte du syndrome de No\u00e9 (accumulation d&rsquo;animaux) et du syndrome de Diog\u00e8ne (trouble du comportement conduisant \u00e0 des conditions de vie n\u00e9glig\u00e9es, voire insalubres). Elle a \u00e9t\u00e9 prise en charge par les pompiers et emmen\u00e9e dans une unit\u00e9 psychiatrique.<\/b><\/p>\n<p><b>Tous les animaux sont maintenant entre de bonnes mains dans notre refuge de Villevaud\u00e9 (77), cela ne va pas \u00eatre de tout repos pour nos animaliers et v\u00e9t\u00e9rinaires : ils ont besoin de nombreux soins avant d&rsquo;\u00eatre propos\u00e9s \u00e0 l&rsquo;adoption.<\/b><\/p>\n<p><img loading=\"lazy\" decoding=\"async\" class=\"aligncenter size-full wp-image-7101\" src=\"https:\/\/www.fondationassistanceauxanimaux.org\/actu\/wp-content\/uploads\/2020\/02\/Noisy2.jpg\" alt=\"\" width=\"706\" height=\"941\" srcset=\"https:\/\/www.fondationassistanceauxanimaux.org\/actu\/wp-content\/uploads\/2020\/02\/Noisy2.jpg 706w, https:\/\/www.fondationassistanceauxanimaux.org\/actu\/wp-content\/uploads\/2020\/02\/Noisy2-225x300.jpg 225w, https:\/\/www.fondationassistanceauxanimaux.org\/actu\/wp-content\/uploads\/2020\/02\/Noisy2-529x705.jpg 529w, https:\/\/www.fondationassistanceauxanimaux.org\/actu\/wp-content\/uploads\/2020\/02\/Noisy2-450x600.jpg 450w\" sizes=\"auto, (max-width: 706px) 100vw, 706px\" \/><\/p>\n<p><img loading=\"lazy\" decoding=\"async\" class=\"aligncenter size-full wp-image-7102\" src=\"https:\/\/www.fondationassistanceauxanimaux.org\/actu\/wp-content\/uploads\/2020\/02\/Noisy3.jpg\" alt=\"\" width=\"2048\" height=\"1296\" srcset=\"https:\/\/www.fondationassistanceauxanimaux.org\/actu\/wp-content\/uploads\/2020\/02\/Noisy3.jpg 2048w, https:\/\/www.fondationassistanceauxanimaux.org\/actu\/wp-content\/uploads\/2020\/02\/Noisy3-300x190.jpg 300w, https:\/\/www.fondationassistanceauxanimaux.org\/actu\/wp-content\/uploads\/2020\/02\/Noisy3-768x486.jpg 768w, https:\/\/www.fondationassistanceauxanimaux.org\/actu\/wp-content\/uploads\/2020\/02\/Noisy3-1030x652.jpg 1030w, https:\/\/www.fondationassistanceauxanimaux.org\/actu\/wp-content\/uploads\/2020\/02\/Noisy3-1500x949.jpg 1500w, https:\/\/www.fondationassistanceauxanimaux.org\/actu\/wp-content\/uploads\/2020\/02\/Noisy3-705x446.jpg 705w, https:\/\/www.fondationassistanceauxanimaux.org\/actu\/wp-content\/uploads\/2020\/02\/Noisy3-450x285.jpg 450w\" sizes=\"auto, (max-width: 2048px) 100vw, 2048px\" \/><\/p>\n<p><img loading=\"lazy\" decoding=\"async\" class=\"aligncenter size-full wp-image-7103\" src=\"https:\/\/www.fondationassistanceauxanimaux.org\/actu\/wp-content\/uploads\/2020\/02\/Noisy4.jpg\" alt=\"\" width=\"941\" height=\"706\" srcset=\"https:\/\/www.fondationassistanceauxanimaux.org\/actu\/wp-content\/uploads\/2020\/02\/Noisy4.jpg 941w, https:\/\/www.fondationassistanceauxanimaux.org\/actu\/wp-content\/uploads\/2020\/02\/Noisy4-300x225.jpg 300w, https:\/\/www.fondationassistanceauxanimaux.org\/actu\/wp-content\/uploads\/2020\/02\/Noisy4-768x576.jpg 768w, https:\/\/www.fondationassistanceauxanimaux.org\/actu\/wp-content\/uploads\/2020\/02\/Noisy4-705x529.jpg 705w, https:\/\/www.fondationassistanceauxanimaux.org\/actu\/wp-content\/uploads\/2020\/02\/Noisy4-450x338.jpg 450w\" sizes=\"auto, (max-width: 941px) 100vw, 941px\" \/><\/p>\n<p><img loading=\"lazy\" decoding=\"async\" class=\"aligncenter size-full wp-image-7104\" src=\"https:\/\/www.fondationassistanceauxanimaux.org\/actu\/wp-content\/uploads\/2020\/02\/Noisy5.jpg\" alt=\"\" width=\"2056\" height=\"2742\" srcset=\"https:\/\/www.fondationassistanceauxanimaux.org\/actu\/wp-content\/uploads\/2020\/02\/Noisy5.jpg 2056w, https:\/\/www.fondationassistanceauxanimaux.org\/actu\/wp-content\/uploads\/2020\/02\/Noisy5-225x300.jpg 225w, https:\/\/www.fondationassistanceauxanimaux.org\/actu\/wp-content\/uploads\/2020\/02\/Noisy5-768x1024.jpg 768w, https:\/\/www.fondationassistanceauxanimaux.org\/actu\/wp-content\/uploads\/2020\/02\/Noisy5-772x1030.jpg 772w, https:\/\/www.fondationassistanceauxanimaux.org\/actu\/wp-content\/uploads\/2020\/02\/Noisy5-1125x1500.jpg 1125w, https:\/\/www.fondationassistanceauxanimaux.org\/actu\/wp-content\/uploads\/2020\/02\/Noisy5-529x705.jpg 529w, https:\/\/www.fondationassistanceauxanimaux.org\/actu\/wp-content\/uploads\/2020\/02\/Noisy5-450x600.jpg 450w\" sizes=\"auto, (max-width: 2056px) 100vw, 2056px\" \/><\/p>\n","protected":false},"excerpt":{"rendered":"<p>Alert\u00e9s par des odeurs naus\u00e9abondes \u00e9manant du palier d&rsquo;une habitante de l&rsquo;immeuble, les voisins ont pris contact avec la police municipale de Noisy-le-Grand (Seine-Saint-Denis). Une unit\u00e9 cynophile a \u00e9t\u00e9 d\u00e9p\u00each\u00e9e pour intervenir dans cet appartement de 30 m\u00b2. Ils ont d\u00e9couvert 31 chats et 2 chiens dans des conditions d\u00e9plorables : la plupart des chats [&hellip;]<\/p>\n","protected":false},"author":3,"featured_media":7100,"comment_status":"closed","ping_status":"closed","sticky":false,"template":"","format":"standard","meta":{"footnotes":""},"categories":[20],"tags":[],"class_list":["post-7099","post","type-post","status-publish","format-standard","has-post-thumbnail","hentry","category-refuge-de-villevaude"],"yoast_head":"<!-- This site is optimized with the Yoast SEO plugin v24.5 - https:\/\/yoast.com\/wordpress\/plugins\/seo\/ -->\n<title>Noisy-le-Grand : 31 chats et 2 chiens saisis dans un appartement de 30 m\u00b2 - Fondation Assistance aux Animaux - Actualit\u00e9s<\/title>\n<meta name=\"robots\" content=\"index, follow, max-snippet:-1, max-image-preview:large, max-video-preview:-1\" \/>\n<link rel=\"canonical\" href=\"https:\/\/www.fondationassistanceauxanimaux.org\/actu\/noisy-le-grand-31-chats-et-2-chiens-saisis-dans-un-appartement-de-30-m\u00b2-7099\/\" \/>\n<meta property=\"og:locale\" content=\"fr_FR\" \/>\n<meta property=\"og:type\" content=\"article\" \/>\n<meta property=\"og:title\" content=\"Noisy-le-Grand : 31 chats et 2 chiens saisis dans un appartement de 30 m\u00b2 - Fondation Assistance aux Animaux - Actualit\u00e9s\" \/>\n<meta property=\"og:description\" content=\"Alert\u00e9s par des odeurs naus\u00e9abondes \u00e9manant du palier d&rsquo;une habitante de l&rsquo;immeuble, les voisins ont pris contact avec la police municipale de Noisy-le-Grand (Seine-Saint-Denis). Une unit\u00e9 cynophile a \u00e9t\u00e9 d\u00e9p\u00each\u00e9e pour intervenir dans cet appartement de 30 m\u00b2. Ils ont d\u00e9couvert 31 chats et 2 chiens dans des conditions d\u00e9plorables : la plupart des chats [&hellip;]\" \/>\n<meta property=\"og:url\" content=\"https:\/\/www.fondationassistanceauxanimaux.org\/actu\/noisy-le-grand-31-chats-et-2-chiens-saisis-dans-un-appartement-de-30-m\u00b2-7099\/\" \/>\n<meta property=\"og:site_name\" content=\"Fondation Assistance aux Animaux - Actualit\u00e9s\" \/>\n<meta property=\"article:published_time\" content=\"2020-02-20T11:56:08+00:00\" \/>\n<meta property=\"og:image\" content=\"https:\/\/www.fondationassistanceauxanimaux.org\/actu\/wp-content\/uploads\/2020\/02\/Noisy.jpg\" \/>\n\t<meta property=\"og:image:width\" content=\"960\" \/>\n\t<meta property=\"og:image:height\" content=\"840\" \/>\n\t<meta property=\"og:image:type\" content=\"image\/jpeg\" \/>\n<meta name=\"author\" content=\"No\u00e9\" \/>\n<meta name=\"twitter:card\" content=\"summary_large_image\" \/>\n<meta name=\"twitter:label1\" content=\"\u00c9crit par\" \/>\n\t<meta name=\"twitter:data1\" content=\"No\u00e9\" \/>\n\t<meta name=\"twitter:label2\" content=\"Dur\u00e9e de lecture estim\u00e9e\" \/>\n\t<meta name=\"twitter:data2\" content=\"1 minute\" \/>\n<script type=\"application\/ld+json\" class=\"yoast-schema-graph\">{\"@context\":\"https:\/\/schema.org\",\"@graph\":[{\"@type\":\"WebPage\",\"@id\":\"https:\/\/www.fondationassistanceauxanimaux.org\/actu\/noisy-le-grand-31-chats-et-2-chiens-saisis-dans-un-appartement-de-30-m%c2%b2-7099\/\",\"url\":\"https:\/\/www.fondationassistanceauxanimaux.org\/actu\/noisy-le-grand-31-chats-et-2-chiens-saisis-dans-un-appartement-de-30-m%c2%b2-7099\/\",\"name\":\"Noisy-le-Grand : 31 chats et 2 chiens saisis dans un appartement de 30 m\u00b2 - Fondation Assistance aux Animaux - Actualit\u00e9s\",\"isPartOf\":{\"@id\":\"https:\/\/www.fondationassistanceauxanimaux.org\/actu\/#website\"},\"primaryImageOfPage\":{\"@id\":\"https:\/\/www.fondationassistanceauxanimaux.org\/actu\/noisy-le-grand-31-chats-et-2-chiens-saisis-dans-un-appartement-de-30-m%c2%b2-7099\/#primaryimage\"},\"image\":{\"@id\":\"https:\/\/www.fondationassistanceauxanimaux.org\/actu\/noisy-le-grand-31-chats-et-2-chiens-saisis-dans-un-appartement-de-30-m%c2%b2-7099\/#primaryimage\"},\"thumbnailUrl\":\"https:\/\/www.fondationassistanceauxanimaux.org\/actu\/wp-content\/uploads\/2020\/02\/Noisy.jpg\",\"datePublished\":\"2020-02-20T11:56:08+00:00\",\"author\":{\"@id\":\"https:\/\/www.fondationassistanceauxanimaux.org\/actu\/#\/schema\/person\/71a8476d98daaea0d71a965c5603e10b\"},\"breadcrumb\":{\"@id\":\"https:\/\/www.fondationassistanceauxanimaux.org\/actu\/noisy-le-grand-31-chats-et-2-chiens-saisis-dans-un-appartement-de-30-m%c2%b2-7099\/#breadcrumb\"},\"inLanguage\":\"fr-FR\",\"potentialAction\":[{\"@type\":\"ReadAction\",\"target\":[\"https:\/\/www.fondationassistanceauxanimaux.org\/actu\/noisy-le-grand-31-chats-et-2-chiens-saisis-dans-un-appartement-de-30-m%c2%b2-7099\/\"]}]},{\"@type\":\"ImageObject\",\"inLanguage\":\"fr-FR\",\"@id\":\"https:\/\/www.fondationassistanceauxanimaux.org\/actu\/noisy-le-grand-31-chats-et-2-chiens-saisis-dans-un-appartement-de-30-m%c2%b2-7099\/#primaryimage\",\"url\":\"https:\/\/www.fondationassistanceauxanimaux.org\/actu\/wp-content\/uploads\/2020\/02\/Noisy.jpg\",\"contentUrl\":\"https:\/\/www.fondationassistanceauxanimaux.org\/actu\/wp-content\/uploads\/2020\/02\/Noisy.jpg\",\"width\":960,\"height\":840},{\"@type\":\"BreadcrumbList\",\"@id\":\"https:\/\/www.fondationassistanceauxanimaux.org\/actu\/noisy-le-grand-31-chats-et-2-chiens-saisis-dans-un-appartement-de-30-m%c2%b2-7099\/#breadcrumb\",\"itemListElement\":[{\"@type\":\"ListItem\",\"position\":1,\"name\":\"Accueil\",\"item\":\"https:\/\/www.fondationassistanceauxanimaux.org\/actu\/\"},{\"@type\":\"ListItem\",\"position\":2,\"name\":\"Noisy-le-Grand : 31 chats et 2 chiens saisis dans un appartement de 30 m\u00b2\"}]},{\"@type\":\"WebSite\",\"@id\":\"https:\/\/www.fondationassistanceauxanimaux.org\/actu\/#website\",\"url\":\"https:\/\/www.fondationassistanceauxanimaux.org\/actu\/\",\"name\":\"Fondation Assistance aux Animaux - Actualit\u00e9s\",\"description\":\"Depuis 1930 la Fondation Assistance aux Animaux pour la d\u00e9fense et la protection des animaux maltrait\u00e9s et abandonn\u00e9s\",\"potentialAction\":[{\"@type\":\"SearchAction\",\"target\":{\"@type\":\"EntryPoint\",\"urlTemplate\":\"https:\/\/www.fondationassistanceauxanimaux.org\/actu\/?s={search_term_string}\"},\"query-input\":{\"@type\":\"PropertyValueSpecification\",\"valueRequired\":true,\"valueName\":\"search_term_string\"}}],\"inLanguage\":\"fr-FR\"},{\"@type\":\"Person\",\"@id\":\"https:\/\/www.fondationassistanceauxanimaux.org\/actu\/#\/schema\/person\/71a8476d98daaea0d71a965c5603e10b\",\"name\":\"No\u00e9\",\"image\":{\"@type\":\"ImageObject\",\"inLanguage\":\"fr-FR\",\"@id\":\"https:\/\/www.fondationassistanceauxanimaux.org\/actu\/#\/schema\/person\/image\/\",\"url\":\"https:\/\/secure.gravatar.com\/avatar\/d34cf6c6bd22b3db9c932bc580c4d1ba93c0cda7588a41b59078888ab1e5f007?s=96&d=mm&r=g\",\"contentUrl\":\"https:\/\/secure.gravatar.com\/avatar\/d34cf6c6bd22b3db9c932bc580c4d1ba93c0cda7588a41b59078888ab1e5f007?s=96&d=mm&r=g\",\"caption\":\"No\u00e9\"},\"url\":\"https:\/\/www.fondationassistanceauxanimaux.org\/actu\/author\/anne\/\"}]}<\/script>\n<!-- \/ Yoast SEO plugin. -->","yoast_head_json":{"title":"Noisy-le-Grand : 31 chats et 2 chiens saisis dans un appartement de 30 m\u00b2 - Fondation Assistance aux Animaux - Actualit\u00e9s","robots":{"index":"index","follow":"follow","max-snippet":"max-snippet:-1","max-image-preview":"max-image-preview:large","max-video-preview":"max-video-preview:-1"},"canonical":"https:\/\/www.fondationassistanceauxanimaux.org\/actu\/noisy-le-grand-31-chats-et-2-chiens-saisis-dans-un-appartement-de-30-m\u00b2-7099\/","og_locale":"fr_FR","og_type":"article","og_title":"Noisy-le-Grand : 31 chats et 2 chiens saisis dans un appartement de 30 m\u00b2 - Fondation Assistance aux Animaux - Actualit\u00e9s","og_description":"Alert\u00e9s par des odeurs naus\u00e9abondes \u00e9manant du palier d&rsquo;une habitante de l&rsquo;immeuble, les voisins ont pris contact avec la police municipale de Noisy-le-Grand (Seine-Saint-Denis). Une unit\u00e9 cynophile a \u00e9t\u00e9 d\u00e9p\u00each\u00e9e pour intervenir dans cet appartement de 30 m\u00b2. Ils ont d\u00e9couvert 31 chats et 2 chiens dans des conditions d\u00e9plorables : la plupart des chats [&hellip;]","og_url":"https:\/\/www.fondationassistanceauxanimaux.org\/actu\/noisy-le-grand-31-chats-et-2-chiens-saisis-dans-un-appartement-de-30-m\u00b2-7099\/","og_site_name":"Fondation Assistance aux Animaux - Actualit\u00e9s","article_published_time":"2020-02-20T11:56:08+00:00","og_image":[{"width":960,"height":840,"url":"https:\/\/www.fondationassistanceauxanimaux.org\/actu\/wp-content\/uploads\/2020\/02\/Noisy.jpg","type":"image\/jpeg"}],"author":"No\u00e9","twitter_card":"summary_large_image","twitter_misc":{"\u00c9crit par":"No\u00e9","Dur\u00e9e de lecture estim\u00e9e":"1 minute"},"schema":{"@context":"https:\/\/schema.org","@graph":[{"@type":"WebPage","@id":"https:\/\/www.fondationassistanceauxanimaux.org\/actu\/noisy-le-grand-31-chats-et-2-chiens-saisis-dans-un-appartement-de-30-m%c2%b2-7099\/","url":"https:\/\/www.fondationassistanceauxanimaux.org\/actu\/noisy-le-grand-31-chats-et-2-chiens-saisis-dans-un-appartement-de-30-m%c2%b2-7099\/","name":"Noisy-le-Grand : 31 chats et 2 chiens saisis dans un appartement de 30 m\u00b2 - Fondation Assistance aux Animaux - Actualit\u00e9s","isPartOf":{"@id":"https:\/\/www.fondationassistanceauxanimaux.org\/actu\/#website"},"primaryImageOfPage":{"@id":"https:\/\/www.fondationassistanceauxanimaux.org\/actu\/noisy-le-grand-31-chats-et-2-chiens-saisis-dans-un-appartement-de-30-m%c2%b2-7099\/#primaryimage"},"image":{"@id":"https:\/\/www.fondationassistanceauxanimaux.org\/actu\/noisy-le-grand-31-chats-et-2-chiens-saisis-dans-un-appartement-de-30-m%c2%b2-7099\/#primaryimage"},"thumbnailUrl":"https:\/\/www.fondationassistanceauxanimaux.org\/actu\/wp-content\/uploads\/2020\/02\/Noisy.jpg","datePublished":"2020-02-20T11:56:08+00:00","author":{"@id":"https:\/\/www.fondationassistanceauxanimaux.org\/actu\/#\/schema\/person\/71a8476d98daaea0d71a965c5603e10b"},"breadcrumb":{"@id":"https:\/\/www.fondationassistanceauxanimaux.org\/actu\/noisy-le-grand-31-chats-et-2-chiens-saisis-dans-un-appartement-de-30-m%c2%b2-7099\/#breadcrumb"},"inLanguage":"fr-FR","potentialAction":[{"@type":"ReadAction","target":["https:\/\/www.fondationassistanceauxanimaux.org\/actu\/noisy-le-grand-31-chats-et-2-chiens-saisis-dans-un-appartement-de-30-m%c2%b2-7099\/"]}]},{"@type":"ImageObject","inLanguage":"fr-FR","@id":"https:\/\/www.fondationassistanceauxanimaux.org\/actu\/noisy-le-grand-31-chats-et-2-chiens-saisis-dans-un-appartement-de-30-m%c2%b2-7099\/#primaryimage","url":"https:\/\/www.fondationassistanceauxanimaux.org\/actu\/wp-content\/uploads\/2020\/02\/Noisy.jpg","contentUrl":"https:\/\/www.fondationassistanceauxanimaux.org\/actu\/wp-content\/uploads\/2020\/02\/Noisy.jpg","width":960,"height":840},{"@type":"BreadcrumbList","@id":"https:\/\/www.fondationassistanceauxanimaux.org\/actu\/noisy-le-grand-31-chats-et-2-chiens-saisis-dans-un-appartement-de-30-m%c2%b2-7099\/#breadcrumb","itemListElement":[{"@type":"ListItem","position":1,"name":"Accueil","item":"https:\/\/www.fondationassistanceauxanimaux.org\/actu\/"},{"@type":"ListItem","position":2,"name":"Noisy-le-Grand : 31 chats et 2 chiens saisis dans un appartement de 30 m\u00b2"}]},{"@type":"WebSite","@id":"https:\/\/www.fondationassistanceauxanimaux.org\/actu\/#website","url":"https:\/\/www.fondationassistanceauxanimaux.org\/actu\/","name":"Fondation Assistance aux Animaux - Actualit\u00e9s","description":"Depuis 1930 la Fondation Assistance aux Animaux pour la d\u00e9fense et la protection des animaux maltrait\u00e9s et abandonn\u00e9s","potentialAction":[{"@type":"SearchAction","target":{"@type":"EntryPoint","urlTemplate":"https:\/\/www.fondationassistanceauxanimaux.org\/actu\/?s={search_term_string}"},"query-input":{"@type":"PropertyValueSpecification","valueRequired":true,"valueName":"search_term_string"}}],"inLanguage":"fr-FR"},{"@type":"Person","@id":"https:\/\/www.fondationassistanceauxanimaux.org\/actu\/#\/schema\/person\/71a8476d98daaea0d71a965c5603e10b","name":"No\u00e9","image":{"@type":"ImageObject","inLanguage":"fr-FR","@id":"https:\/\/www.fondationassistanceauxanimaux.org\/actu\/#\/schema\/person\/image\/","url":"https:\/\/secure.gravatar.com\/avatar\/d34cf6c6bd22b3db9c932bc580c4d1ba93c0cda7588a41b59078888ab1e5f007?s=96&d=mm&r=g","contentUrl":"https:\/\/secure.gravatar.com\/avatar\/d34cf6c6bd22b3db9c932bc580c4d1ba93c0cda7588a41b59078888ab1e5f007?s=96&d=mm&r=g","caption":"No\u00e9"},"url":"https:\/\/www.fondationassistanceauxanimaux.org\/actu\/author\/anne\/"}]}},"_links":{"self":[{"href":"https:\/\/www.fondationassistanceauxanimaux.org\/actu\/wp-json\/wp\/v2\/posts\/7099","targetHints":{"allow":["GET"]}}],"collection":[{"href":"https:\/\/www.fondationassistanceauxanimaux.org\/actu\/wp-json\/wp\/v2\/posts"}],"about":[{"href":"https:\/\/www.fondationassistanceauxanimaux.org\/actu\/wp-json\/wp\/v2\/types\/post"}],"author":[{"embeddable":true,"href":"https:\/\/www.fondationassistanceauxanimaux.org\/actu\/wp-json\/wp\/v2\/users\/3"}],"replies":[{"embeddable":true,"href":"https:\/\/www.fondationassistanceauxanimaux.org\/actu\/wp-json\/wp\/v2\/comments?post=7099"}],"version-history":[{"count":3,"href":"https:\/\/www.fondationassistanceauxanimaux.org\/actu\/wp-json\/wp\/v2\/posts\/7099\/revisions"}],"predecessor-version":[{"id":7107,"href":"https:\/\/www.fondationassistanceauxanimaux.org\/actu\/wp-json\/wp\/v2\/posts\/7099\/revisions\/7107"}],"wp:featuredmedia":[{"embeddable":true,"href":"https:\/\/www.fondationassistanceauxanimaux.org\/actu\/wp-json\/wp\/v2\/media\/7100"}],"wp:attachment":[{"href":"https:\/\/www.fondationassistanceauxanimaux.org\/actu\/wp-json\/wp\/v2\/media?parent=7099"}],"wp:term":[{"taxonomy":"category","embeddable":true,"href":"https:\/\/www.fondationassistanceauxanimaux.org\/actu\/wp-json\/wp\/v2\/categories?post=7099"},{"taxonomy":"post_tag","embeddable":true,"href":"https:\/\/www.fondationassistanceauxanimaux.org\/actu\/wp-json\/wp\/v2\/tags?post=7099"}],"curies":[{"name":"wp","href":"https:\/\/api.w.org\/{rel}","templated":true}]}}