{"id":7042,"date":"2019-12-28T12:34:11","date_gmt":"2019-12-28T11:34:11","guid":{"rendered":"http:\/\/www.fondationassistanceauxanimaux.org\/actu\/?p=7042"},"modified":"2019-12-28T12:37:46","modified_gmt":"2019-12-28T11:37:46","slug":"recherche-fa-refuge","status":"publish","type":"post","link":"https:\/\/www.fondationassistanceauxanimaux.org\/actu\/recherche-fa-refuge-7042\/","title":{"rendered":"Laiss\u00e9e \u00e0 l&rsquo;abandon dans une cour, maigre, aveugle, et diab\u00e9tique, \u00ab\u00a0Roxy\u00a0\u00bb a \u00e9t\u00e9 saisie par la Fondation Assistance aux Animaux."},"content":{"rendered":"<p><strong><span title=\"Modifi\u00e9\">\u00ab\u00a0Roxy\u00a0\u00bb, 9 ans, \u00e9tait laiss\u00e9e \u00e0 l\u2019abandon dans une cour. <\/span><\/strong><\/p>\n<p><strong><span title=\"Modifi\u00e9\">Son propri\u00e9taire ne jugeait pas important de s\u2019en occuper, pas important de la nourrir. Elle \u00e9tait seule, dans le froid, \u00e0 attendre une attention.<\/span><\/strong><\/p>\n<p><strong>Imm\u00e9diatement saisie, elle a \u00e9t\u00e9 prise en charge par notre refuge de Villevaud\u00e9.<\/strong><\/p>\n<p><span title=\"Modifi\u00e9\"><b>La Fondation Assistance aux Animaux a bien \u00e9videmment\u00a0d\u00e9pos\u00e9 plainte contre le propri\u00e9taire.<\/b><\/span><\/p>\n<p><b>Au del\u00e0 de sa maigreur extr\u00eame, la pauvre est aveugle et diab\u00e9tique. Elle est actuellement en observation avec nos v\u00e9t\u00e9rinaires.<\/b><\/p>\n<p><b>Elle ne comprend pas ce qui se passe et est compl\u00e8tement perdue. Elle ne connaissait que la cour dans laquelle elle \u00e9tait recluse depuis tellement d\u2019ann\u00e9es.<\/b><\/p>\n<p><b>Nous recherchons une famille d&rsquo;accueil en \u00cele-de-France pour qu&rsquo;elle puisse \u00eatre rassur\u00e9e et reprendre des forces. Il faut une famille disponible, cette chienne a un traitement quotidien et a besoin de beaucoup d&rsquo;attention.<\/b><\/p>\n<p><span title=\"Modifi\u00e9\"><b>N\u2019h\u00e9sitez pas \u00e0 contacter notre refuge, c\u2019est ouvert de 13h30 \u00e0 17h.<\/b><\/span><\/p>\n<p><img loading=\"lazy\" decoding=\"async\" class=\"aligncenter size-full wp-image-7045\" src=\"https:\/\/www.fondationassistanceauxanimaux.org\/actu\/wp-content\/uploads\/2019\/12\/IMG_5879.jpg\" alt=\"\" width=\"1632\" height=\"1224\" srcset=\"https:\/\/www.fondationassistanceauxanimaux.org\/actu\/wp-content\/uploads\/2019\/12\/IMG_5879.jpg 1632w, https:\/\/www.fondationassistanceauxanimaux.org\/actu\/wp-content\/uploads\/2019\/12\/IMG_5879-300x225.jpg 300w, https:\/\/www.fondationassistanceauxanimaux.org\/actu\/wp-content\/uploads\/2019\/12\/IMG_5879-768x576.jpg 768w, https:\/\/www.fondationassistanceauxanimaux.org\/actu\/wp-content\/uploads\/2019\/12\/IMG_5879-1030x773.jpg 1030w, https:\/\/www.fondationassistanceauxanimaux.org\/actu\/wp-content\/uploads\/2019\/12\/IMG_5879-1500x1125.jpg 1500w, https:\/\/www.fondationassistanceauxanimaux.org\/actu\/wp-content\/uploads\/2019\/12\/IMG_5879-705x529.jpg 705w, https:\/\/www.fondationassistanceauxanimaux.org\/actu\/wp-content\/uploads\/2019\/12\/IMG_5879-450x338.jpg 450w\" sizes=\"auto, (max-width: 1632px) 100vw, 1632px\" \/><\/p>\n<p><img loading=\"lazy\" decoding=\"async\" class=\"aligncenter size-full wp-image-7046\" src=\"https:\/\/www.fondationassistanceauxanimaux.org\/actu\/wp-content\/uploads\/2019\/12\/IMG_5880-e1577532527313.jpg\" alt=\"\" width=\"1224\" height=\"1632\" srcset=\"https:\/\/www.fondationassistanceauxanimaux.org\/actu\/wp-content\/uploads\/2019\/12\/IMG_5880-e1577532527313.jpg 1224w, https:\/\/www.fondationassistanceauxanimaux.org\/actu\/wp-content\/uploads\/2019\/12\/IMG_5880-e1577532527313-225x300.jpg 225w, https:\/\/www.fondationassistanceauxanimaux.org\/actu\/wp-content\/uploads\/2019\/12\/IMG_5880-e1577532527313-768x1024.jpg 768w, https:\/\/www.fondationassistanceauxanimaux.org\/actu\/wp-content\/uploads\/2019\/12\/IMG_5880-e1577532527313-773x1030.jpg 773w, https:\/\/www.fondationassistanceauxanimaux.org\/actu\/wp-content\/uploads\/2019\/12\/IMG_5880-e1577532527313-1125x1500.jpg 1125w, https:\/\/www.fondationassistanceauxanimaux.org\/actu\/wp-content\/uploads\/2019\/12\/IMG_5880-e1577532527313-529x705.jpg 529w, https:\/\/www.fondationassistanceauxanimaux.org\/actu\/wp-content\/uploads\/2019\/12\/IMG_5880-e1577532527313-450x600.jpg 450w\" sizes=\"auto, (max-width: 1224px) 100vw, 1224px\" \/><\/p>\n<p><img loading=\"lazy\" decoding=\"async\" class=\"aligncenter size-full wp-image-7047\" src=\"https:\/\/www.fondationassistanceauxanimaux.org\/actu\/wp-content\/uploads\/2019\/12\/IMG_5881-e1577532507674.jpg\" alt=\"\" width=\"1224\" height=\"1632\" srcset=\"https:\/\/www.fondationassistanceauxanimaux.org\/actu\/wp-content\/uploads\/2019\/12\/IMG_5881-e1577532507674.jpg 1224w, https:\/\/www.fondationassistanceauxanimaux.org\/actu\/wp-content\/uploads\/2019\/12\/IMG_5881-e1577532507674-225x300.jpg 225w, https:\/\/www.fondationassistanceauxanimaux.org\/actu\/wp-content\/uploads\/2019\/12\/IMG_5881-e1577532507674-768x1024.jpg 768w, https:\/\/www.fondationassistanceauxanimaux.org\/actu\/wp-content\/uploads\/2019\/12\/IMG_5881-e1577532507674-773x1030.jpg 773w, https:\/\/www.fondationassistanceauxanimaux.org\/actu\/wp-content\/uploads\/2019\/12\/IMG_5881-e1577532507674-1125x1500.jpg 1125w, https:\/\/www.fondationassistanceauxanimaux.org\/actu\/wp-content\/uploads\/2019\/12\/IMG_5881-e1577532507674-529x705.jpg 529w, https:\/\/www.fondationassistanceauxanimaux.org\/actu\/wp-content\/uploads\/2019\/12\/IMG_5881-e1577532507674-450x600.jpg 450w\" sizes=\"auto, (max-width: 1224px) 100vw, 1224px\" \/><\/p>\n","protected":false},"excerpt":{"rendered":"<p>\u00ab\u00a0Roxy\u00a0\u00bb, 9 ans, \u00e9tait laiss\u00e9e \u00e0 l\u2019abandon dans une cour. Son propri\u00e9taire ne jugeait pas important de s\u2019en occuper, pas important de la nourrir. Elle \u00e9tait seule, dans le froid, \u00e0 attendre une attention. Imm\u00e9diatement saisie, elle a \u00e9t\u00e9 prise en charge par notre refuge de Villevaud\u00e9. La Fondation Assistance aux Animaux a bien \u00e9videmment\u00a0d\u00e9pos\u00e9 [&hellip;]<\/p>\n","protected":false},"author":3,"featured_media":7053,"comment_status":"closed","ping_status":"closed","sticky":false,"template":"","format":"standard","meta":{"footnotes":""},"categories":[21,20],"tags":[],"class_list":["post-7042","post","type-post","status-publish","format-standard","has-post-thumbnail","hentry","category-fondation-assistance-aux-animaux","category-refuge-de-villevaude"],"yoast_head":"<!-- This site is optimized with the Yoast SEO plugin v24.5 - https:\/\/yoast.com\/wordpress\/plugins\/seo\/ -->\n<title>Laiss\u00e9e \u00e0 l&#039;abandon dans une cour, maigre, aveugle, et diab\u00e9tique, &quot;Roxy&quot; a \u00e9t\u00e9 saisie par la Fondation Assistance aux Animaux. - Fondation Assistance aux Animaux - Actualit\u00e9s<\/title>\n<meta name=\"robots\" content=\"index, follow, max-snippet:-1, max-image-preview:large, max-video-preview:-1\" \/>\n<link rel=\"canonical\" href=\"https:\/\/www.fondationassistanceauxanimaux.org\/actu\/recherche-fa-refuge-7042\/\" \/>\n<meta property=\"og:locale\" content=\"fr_FR\" \/>\n<meta property=\"og:type\" content=\"article\" \/>\n<meta property=\"og:title\" content=\"Laiss\u00e9e \u00e0 l&#039;abandon dans une cour, maigre, aveugle, et diab\u00e9tique, &quot;Roxy&quot; a \u00e9t\u00e9 saisie par la Fondation Assistance aux Animaux. - Fondation Assistance aux Animaux - Actualit\u00e9s\" \/>\n<meta property=\"og:description\" content=\"\u00ab\u00a0Roxy\u00a0\u00bb, 9 ans, \u00e9tait laiss\u00e9e \u00e0 l\u2019abandon dans une cour. Son propri\u00e9taire ne jugeait pas important de s\u2019en occuper, pas important de la nourrir. Elle \u00e9tait seule, dans le froid, \u00e0 attendre une attention. Imm\u00e9diatement saisie, elle a \u00e9t\u00e9 prise en charge par notre refuge de Villevaud\u00e9. La Fondation Assistance aux Animaux a bien \u00e9videmment\u00a0d\u00e9pos\u00e9 [&hellip;]\" \/>\n<meta property=\"og:url\" content=\"https:\/\/www.fondationassistanceauxanimaux.org\/actu\/recherche-fa-refuge-7042\/\" \/>\n<meta property=\"og:site_name\" content=\"Fondation Assistance aux Animaux - Actualit\u00e9s\" \/>\n<meta property=\"article:published_time\" content=\"2019-12-28T11:34:11+00:00\" \/>\n<meta property=\"article:modified_time\" content=\"2019-12-28T11:37:46+00:00\" \/>\n<meta property=\"og:image\" content=\"https:\/\/www.fondationassistanceauxanimaux.org\/actu\/wp-content\/uploads\/2019\/12\/3DE88AD6-1CBF-4B0C-B42B-ABBB166E947B-2.jpg\" \/>\n\t<meta property=\"og:image:width\" content=\"1330\" \/>\n\t<meta property=\"og:image:height\" content=\"954\" \/>\n\t<meta property=\"og:image:type\" content=\"image\/jpeg\" \/>\n<meta name=\"author\" content=\"No\u00e9\" \/>\n<meta name=\"twitter:card\" content=\"summary_large_image\" \/>\n<meta name=\"twitter:label1\" content=\"\u00c9crit par\" \/>\n\t<meta name=\"twitter:data1\" content=\"No\u00e9\" \/>\n\t<meta name=\"twitter:label2\" content=\"Dur\u00e9e de lecture estim\u00e9e\" \/>\n\t<meta name=\"twitter:data2\" content=\"1 minute\" \/>\n<script type=\"application\/ld+json\" class=\"yoast-schema-graph\">{\"@context\":\"https:\/\/schema.org\",\"@graph\":[{\"@type\":\"WebPage\",\"@id\":\"https:\/\/www.fondationassistanceauxanimaux.org\/actu\/recherche-fa-refuge-7042\/\",\"url\":\"https:\/\/www.fondationassistanceauxanimaux.org\/actu\/recherche-fa-refuge-7042\/\",\"name\":\"Laiss\u00e9e \u00e0 l'abandon dans une cour, maigre, aveugle, et diab\u00e9tique, \\\"Roxy\\\" a \u00e9t\u00e9 saisie par la Fondation Assistance aux Animaux. - Fondation Assistance aux Animaux - Actualit\u00e9s\",\"isPartOf\":{\"@id\":\"https:\/\/www.fondationassistanceauxanimaux.org\/actu\/#website\"},\"primaryImageOfPage\":{\"@id\":\"https:\/\/www.fondationassistanceauxanimaux.org\/actu\/recherche-fa-refuge-7042\/#primaryimage\"},\"image\":{\"@id\":\"https:\/\/www.fondationassistanceauxanimaux.org\/actu\/recherche-fa-refuge-7042\/#primaryimage\"},\"thumbnailUrl\":\"https:\/\/www.fondationassistanceauxanimaux.org\/actu\/wp-content\/uploads\/2019\/12\/3DE88AD6-1CBF-4B0C-B42B-ABBB166E947B-2.jpg\",\"datePublished\":\"2019-12-28T11:34:11+00:00\",\"dateModified\":\"2019-12-28T11:37:46+00:00\",\"author\":{\"@id\":\"https:\/\/www.fondationassistanceauxanimaux.org\/actu\/#\/schema\/person\/71a8476d98daaea0d71a965c5603e10b\"},\"breadcrumb\":{\"@id\":\"https:\/\/www.fondationassistanceauxanimaux.org\/actu\/recherche-fa-refuge-7042\/#breadcrumb\"},\"inLanguage\":\"fr-FR\",\"potentialAction\":[{\"@type\":\"ReadAction\",\"target\":[\"https:\/\/www.fondationassistanceauxanimaux.org\/actu\/recherche-fa-refuge-7042\/\"]}]},{\"@type\":\"ImageObject\",\"inLanguage\":\"fr-FR\",\"@id\":\"https:\/\/www.fondationassistanceauxanimaux.org\/actu\/recherche-fa-refuge-7042\/#primaryimage\",\"url\":\"https:\/\/www.fondationassistanceauxanimaux.org\/actu\/wp-content\/uploads\/2019\/12\/3DE88AD6-1CBF-4B0C-B42B-ABBB166E947B-2.jpg\",\"contentUrl\":\"https:\/\/www.fondationassistanceauxanimaux.org\/actu\/wp-content\/uploads\/2019\/12\/3DE88AD6-1CBF-4B0C-B42B-ABBB166E947B-2.jpg\",\"width\":1330,\"height\":954},{\"@type\":\"BreadcrumbList\",\"@id\":\"https:\/\/www.fondationassistanceauxanimaux.org\/actu\/recherche-fa-refuge-7042\/#breadcrumb\",\"itemListElement\":[{\"@type\":\"ListItem\",\"position\":1,\"name\":\"Accueil\",\"item\":\"https:\/\/www.fondationassistanceauxanimaux.org\/actu\/\"},{\"@type\":\"ListItem\",\"position\":2,\"name\":\"Laiss\u00e9e \u00e0 l&rsquo;abandon dans une cour, maigre, aveugle, et diab\u00e9tique, \u00ab\u00a0Roxy\u00a0\u00bb a \u00e9t\u00e9 saisie par la Fondation Assistance aux Animaux.\"}]},{\"@type\":\"WebSite\",\"@id\":\"https:\/\/www.fondationassistanceauxanimaux.org\/actu\/#website\",\"url\":\"https:\/\/www.fondationassistanceauxanimaux.org\/actu\/\",\"name\":\"Fondation Assistance aux Animaux - Actualit\u00e9s\",\"description\":\"Depuis 1930 la Fondation Assistance aux Animaux pour la d\u00e9fense et la protection des animaux maltrait\u00e9s et abandonn\u00e9s\",\"potentialAction\":[{\"@type\":\"SearchAction\",\"target\":{\"@type\":\"EntryPoint\",\"urlTemplate\":\"https:\/\/www.fondationassistanceauxanimaux.org\/actu\/?s={search_term_string}\"},\"query-input\":{\"@type\":\"PropertyValueSpecification\",\"valueRequired\":true,\"valueName\":\"search_term_string\"}}],\"inLanguage\":\"fr-FR\"},{\"@type\":\"Person\",\"@id\":\"https:\/\/www.fondationassistanceauxanimaux.org\/actu\/#\/schema\/person\/71a8476d98daaea0d71a965c5603e10b\",\"name\":\"No\u00e9\",\"image\":{\"@type\":\"ImageObject\",\"inLanguage\":\"fr-FR\",\"@id\":\"https:\/\/www.fondationassistanceauxanimaux.org\/actu\/#\/schema\/person\/image\/\",\"url\":\"https:\/\/secure.gravatar.com\/avatar\/d34cf6c6bd22b3db9c932bc580c4d1ba93c0cda7588a41b59078888ab1e5f007?s=96&d=mm&r=g\",\"contentUrl\":\"https:\/\/secure.gravatar.com\/avatar\/d34cf6c6bd22b3db9c932bc580c4d1ba93c0cda7588a41b59078888ab1e5f007?s=96&d=mm&r=g\",\"caption\":\"No\u00e9\"},\"url\":\"https:\/\/www.fondationassistanceauxanimaux.org\/actu\/author\/anne\/\"}]}<\/script>\n<!-- \/ Yoast SEO plugin. -->","yoast_head_json":{"title":"Laiss\u00e9e \u00e0 l'abandon dans une cour, maigre, aveugle, et diab\u00e9tique, \"Roxy\" a \u00e9t\u00e9 saisie par la Fondation Assistance aux Animaux. - Fondation Assistance aux Animaux - Actualit\u00e9s","robots":{"index":"index","follow":"follow","max-snippet":"max-snippet:-1","max-image-preview":"max-image-preview:large","max-video-preview":"max-video-preview:-1"},"canonical":"https:\/\/www.fondationassistanceauxanimaux.org\/actu\/recherche-fa-refuge-7042\/","og_locale":"fr_FR","og_type":"article","og_title":"Laiss\u00e9e \u00e0 l'abandon dans une cour, maigre, aveugle, et diab\u00e9tique, \"Roxy\" a \u00e9t\u00e9 saisie par la Fondation Assistance aux Animaux. - Fondation Assistance aux Animaux - Actualit\u00e9s","og_description":"\u00ab\u00a0Roxy\u00a0\u00bb, 9 ans, \u00e9tait laiss\u00e9e \u00e0 l\u2019abandon dans une cour. Son propri\u00e9taire ne jugeait pas important de s\u2019en occuper, pas important de la nourrir. Elle \u00e9tait seule, dans le froid, \u00e0 attendre une attention. Imm\u00e9diatement saisie, elle a \u00e9t\u00e9 prise en charge par notre refuge de Villevaud\u00e9. La Fondation Assistance aux Animaux a bien \u00e9videmment\u00a0d\u00e9pos\u00e9 [&hellip;]","og_url":"https:\/\/www.fondationassistanceauxanimaux.org\/actu\/recherche-fa-refuge-7042\/","og_site_name":"Fondation Assistance aux Animaux - Actualit\u00e9s","article_published_time":"2019-12-28T11:34:11+00:00","article_modified_time":"2019-12-28T11:37:46+00:00","og_image":[{"width":1330,"height":954,"url":"https:\/\/www.fondationassistanceauxanimaux.org\/actu\/wp-content\/uploads\/2019\/12\/3DE88AD6-1CBF-4B0C-B42B-ABBB166E947B-2.jpg","type":"image\/jpeg"}],"author":"No\u00e9","twitter_card":"summary_large_image","twitter_misc":{"\u00c9crit par":"No\u00e9","Dur\u00e9e de lecture estim\u00e9e":"1 minute"},"schema":{"@context":"https:\/\/schema.org","@graph":[{"@type":"WebPage","@id":"https:\/\/www.fondationassistanceauxanimaux.org\/actu\/recherche-fa-refuge-7042\/","url":"https:\/\/www.fondationassistanceauxanimaux.org\/actu\/recherche-fa-refuge-7042\/","name":"Laiss\u00e9e \u00e0 l'abandon dans une cour, maigre, aveugle, et diab\u00e9tique, \"Roxy\" a \u00e9t\u00e9 saisie par la Fondation Assistance aux Animaux. - Fondation Assistance aux Animaux - Actualit\u00e9s","isPartOf":{"@id":"https:\/\/www.fondationassistanceauxanimaux.org\/actu\/#website"},"primaryImageOfPage":{"@id":"https:\/\/www.fondationassistanceauxanimaux.org\/actu\/recherche-fa-refuge-7042\/#primaryimage"},"image":{"@id":"https:\/\/www.fondationassistanceauxanimaux.org\/actu\/recherche-fa-refuge-7042\/#primaryimage"},"thumbnailUrl":"https:\/\/www.fondationassistanceauxanimaux.org\/actu\/wp-content\/uploads\/2019\/12\/3DE88AD6-1CBF-4B0C-B42B-ABBB166E947B-2.jpg","datePublished":"2019-12-28T11:34:11+00:00","dateModified":"2019-12-28T11:37:46+00:00","author":{"@id":"https:\/\/www.fondationassistanceauxanimaux.org\/actu\/#\/schema\/person\/71a8476d98daaea0d71a965c5603e10b"},"breadcrumb":{"@id":"https:\/\/www.fondationassistanceauxanimaux.org\/actu\/recherche-fa-refuge-7042\/#breadcrumb"},"inLanguage":"fr-FR","potentialAction":[{"@type":"ReadAction","target":["https:\/\/www.fondationassistanceauxanimaux.org\/actu\/recherche-fa-refuge-7042\/"]}]},{"@type":"ImageObject","inLanguage":"fr-FR","@id":"https:\/\/www.fondationassistanceauxanimaux.org\/actu\/recherche-fa-refuge-7042\/#primaryimage","url":"https:\/\/www.fondationassistanceauxanimaux.org\/actu\/wp-content\/uploads\/2019\/12\/3DE88AD6-1CBF-4B0C-B42B-ABBB166E947B-2.jpg","contentUrl":"https:\/\/www.fondationassistanceauxanimaux.org\/actu\/wp-content\/uploads\/2019\/12\/3DE88AD6-1CBF-4B0C-B42B-ABBB166E947B-2.jpg","width":1330,"height":954},{"@type":"BreadcrumbList","@id":"https:\/\/www.fondationassistanceauxanimaux.org\/actu\/recherche-fa-refuge-7042\/#breadcrumb","itemListElement":[{"@type":"ListItem","position":1,"name":"Accueil","item":"https:\/\/www.fondationassistanceauxanimaux.org\/actu\/"},{"@type":"ListItem","position":2,"name":"Laiss\u00e9e \u00e0 l&rsquo;abandon dans une cour, maigre, aveugle, et diab\u00e9tique, \u00ab\u00a0Roxy\u00a0\u00bb a \u00e9t\u00e9 saisie par la Fondation Assistance aux Animaux."}]},{"@type":"WebSite","@id":"https:\/\/www.fondationassistanceauxanimaux.org\/actu\/#website","url":"https:\/\/www.fondationassistanceauxanimaux.org\/actu\/","name":"Fondation Assistance aux Animaux - Actualit\u00e9s","description":"Depuis 1930 la Fondation Assistance aux Animaux pour la d\u00e9fense et la protection des animaux maltrait\u00e9s et abandonn\u00e9s","potentialAction":[{"@type":"SearchAction","target":{"@type":"EntryPoint","urlTemplate":"https:\/\/www.fondationassistanceauxanimaux.org\/actu\/?s={search_term_string}"},"query-input":{"@type":"PropertyValueSpecification","valueRequired":true,"valueName":"search_term_string"}}],"inLanguage":"fr-FR"},{"@type":"Person","@id":"https:\/\/www.fondationassistanceauxanimaux.org\/actu\/#\/schema\/person\/71a8476d98daaea0d71a965c5603e10b","name":"No\u00e9","image":{"@type":"ImageObject","inLanguage":"fr-FR","@id":"https:\/\/www.fondationassistanceauxanimaux.org\/actu\/#\/schema\/person\/image\/","url":"https:\/\/secure.gravatar.com\/avatar\/d34cf6c6bd22b3db9c932bc580c4d1ba93c0cda7588a41b59078888ab1e5f007?s=96&d=mm&r=g","contentUrl":"https:\/\/secure.gravatar.com\/avatar\/d34cf6c6bd22b3db9c932bc580c4d1ba93c0cda7588a41b59078888ab1e5f007?s=96&d=mm&r=g","caption":"No\u00e9"},"url":"https:\/\/www.fondationassistanceauxanimaux.org\/actu\/author\/anne\/"}]}},"_links":{"self":[{"href":"https:\/\/www.fondationassistanceauxanimaux.org\/actu\/wp-json\/wp\/v2\/posts\/7042","targetHints":{"allow":["GET"]}}],"collection":[{"href":"https:\/\/www.fondationassistanceauxanimaux.org\/actu\/wp-json\/wp\/v2\/posts"}],"about":[{"href":"https:\/\/www.fondationassistanceauxanimaux.org\/actu\/wp-json\/wp\/v2\/types\/post"}],"author":[{"embeddable":true,"href":"https:\/\/www.fondationassistanceauxanimaux.org\/actu\/wp-json\/wp\/v2\/users\/3"}],"replies":[{"embeddable":true,"href":"https:\/\/www.fondationassistanceauxanimaux.org\/actu\/wp-json\/wp\/v2\/comments?post=7042"}],"version-history":[{"count":3,"href":"https:\/\/www.fondationassistanceauxanimaux.org\/actu\/wp-json\/wp\/v2\/posts\/7042\/revisions"}],"predecessor-version":[{"id":7050,"href":"https:\/\/www.fondationassistanceauxanimaux.org\/actu\/wp-json\/wp\/v2\/posts\/7042\/revisions\/7050"}],"wp:featuredmedia":[{"embeddable":true,"href":"https:\/\/www.fondationassistanceauxanimaux.org\/actu\/wp-json\/wp\/v2\/media\/7053"}],"wp:attachment":[{"href":"https:\/\/www.fondationassistanceauxanimaux.org\/actu\/wp-json\/wp\/v2\/media?parent=7042"}],"wp:term":[{"taxonomy":"category","embeddable":true,"href":"https:\/\/www.fondationassistanceauxanimaux.org\/actu\/wp-json\/wp\/v2\/categories?post=7042"},{"taxonomy":"post_tag","embeddable":true,"href":"https:\/\/www.fondationassistanceauxanimaux.org\/actu\/wp-json\/wp\/v2\/tags?post=7042"}],"curies":[{"name":"wp","href":"https:\/\/api.w.org\/{rel}","templated":true}]}}