{"id":6914,"date":"2019-12-10T15:08:55","date_gmt":"2019-12-10T14:08:55","guid":{"rendered":"http:\/\/www.fondationassistanceauxanimaux.org\/actu\/?p=6914"},"modified":"2019-12-10T15:08:55","modified_gmt":"2019-12-10T14:08:55","slug":"ferme-pedagogique-versailles","status":"publish","type":"post","link":"https:\/\/www.fondationassistanceauxanimaux.org\/actu\/ferme-pedagogique-versailles-6914\/","title":{"rendered":"Une apr\u00e8s-midi dans la ferme p\u00e9dagogique de la Fondation Assistance aux Animaux."},"content":{"rendered":"<h2>Un refuge pour animaux de ferme<\/h2>\n<p>Tous les pensionnaires de la ferme sont issus de sauvetages, et sont doux et apprivois\u00e9s. Ils sont ici les rois et les soigneurs s\u2019efforcent de satisfaire tous leurs besoins.<\/p>\n<p><strong>Toujours dans l\u2019\u00e9thique de la Fondation, pas de reproduction et pas d\u2019euthanasie dans ce refuge d\u2019un genre particulier.<\/strong><\/p>\n<footer class=\"content-footer mt3 pt2\">\n<section class=\"inbl w400p small-wauto\">\n<h2 class=\"icon-pin\">Informations pratiques<\/h2>\n<p class=\"mt0-5\">La ferme p\u00e9dagogique du Hameau de Versailles accueille les classes d\u2019enfants du CP au CM2.<\/p>\n<p class=\"mt0-5\">Les visites durent une demi-journ\u00e9e ou la journ\u00e9e compl\u00e8te et la Fondation organise \u00e9galement, hors p\u00e9riode scolaire, des ateliers enfants.<\/p>\n<p>Elles s\u2019inscrivent dans le cadre d\u2019un programme \u00e9ducatif \u00e0 destination des enseignants, dont un exemplaire peut \u00eatre t\u00e9l\u00e9charg\u00e9 en cliquant\u00a0<a href=\"https:\/\/www.fondationassistanceauxanimaux.org\/pdf\/programmeeducatif.pdf\" target=\"_new\">ici<\/a><\/p>\n<p class=\"mt0-5\">Pour r\u00e9server<br \/>\n<strong>06.46.48.79.13<\/strong>\u00a0de 9h30 \u00e0 17h<\/p>\n<\/section>\n<section class=\"inbl w155p txtright small-wauto small-txtleft small-mt2\">\n<h2 class=\"icon-home\">Adresse<\/h2>\n<address><strong class=\"h3-like\">Ferme du Hameau de la Reine<br \/>\nParc du Ch\u00e2teau<br \/>\n78000 Versailles<\/strong><\/address>\n<\/section>\n<\/footer>\n<address>\u00a0<\/address>\n<address><img loading=\"lazy\" decoding=\"async\" class=\"aligncenter size-full wp-image-6915\" src=\"https:\/\/www.fondationassistanceauxanimaux.org\/actu\/wp-content\/uploads\/2019\/12\/bravo.jpg\" alt=\"\" width=\"720\" height=\"674\" srcset=\"https:\/\/www.fondationassistanceauxanimaux.org\/actu\/wp-content\/uploads\/2019\/12\/bravo.jpg 720w, https:\/\/www.fondationassistanceauxanimaux.org\/actu\/wp-content\/uploads\/2019\/12\/bravo-300x281.jpg 300w, https:\/\/www.fondationassistanceauxanimaux.org\/actu\/wp-content\/uploads\/2019\/12\/bravo-705x660.jpg 705w, https:\/\/www.fondationassistanceauxanimaux.org\/actu\/wp-content\/uploads\/2019\/12\/bravo-450x421.jpg 450w\" sizes=\"auto, (max-width: 720px) 100vw, 720px\" \/><\/address>\n<address>\u00a0<\/address>\n<address><img loading=\"lazy\" decoding=\"async\" class=\"aligncenter size-full wp-image-6916\" src=\"https:\/\/www.fondationassistanceauxanimaux.org\/actu\/wp-content\/uploads\/2019\/12\/IMG_3012.jpg\" alt=\"\" width=\"2016\" height=\"1512\" srcset=\"https:\/\/www.fondationassistanceauxanimaux.org\/actu\/wp-content\/uploads\/2019\/12\/IMG_3012.jpg 2016w, https:\/\/www.fondationassistanceauxanimaux.org\/actu\/wp-content\/uploads\/2019\/12\/IMG_3012-300x225.jpg 300w, https:\/\/www.fondationassistanceauxanimaux.org\/actu\/wp-content\/uploads\/2019\/12\/IMG_3012-768x576.jpg 768w, https:\/\/www.fondationassistanceauxanimaux.org\/actu\/wp-content\/uploads\/2019\/12\/IMG_3012-1030x773.jpg 1030w, https:\/\/www.fondationassistanceauxanimaux.org\/actu\/wp-content\/uploads\/2019\/12\/IMG_3012-1500x1125.jpg 1500w, https:\/\/www.fondationassistanceauxanimaux.org\/actu\/wp-content\/uploads\/2019\/12\/IMG_3012-705x529.jpg 705w, https:\/\/www.fondationassistanceauxanimaux.org\/actu\/wp-content\/uploads\/2019\/12\/IMG_3012-450x338.jpg 450w\" sizes=\"auto, (max-width: 2016px) 100vw, 2016px\" \/><\/address>\n<address>\u00a0<\/address>\n<address><img loading=\"lazy\" decoding=\"async\" class=\"aligncenter size-full wp-image-6918\" src=\"https:\/\/www.fondationassistanceauxanimaux.org\/actu\/wp-content\/uploads\/2019\/12\/59CB1A66-7C0A-4CEC-ACAD-A2ACF1F8563A.jpg\" alt=\"\" width=\"1474\" height=\"1474\" srcset=\"https:\/\/www.fondationassistanceauxanimaux.org\/actu\/wp-content\/uploads\/2019\/12\/59CB1A66-7C0A-4CEC-ACAD-A2ACF1F8563A.jpg 1474w, https:\/\/www.fondationassistanceauxanimaux.org\/actu\/wp-content\/uploads\/2019\/12\/59CB1A66-7C0A-4CEC-ACAD-A2ACF1F8563A-80x80.jpg 80w, https:\/\/www.fondationassistanceauxanimaux.org\/actu\/wp-content\/uploads\/2019\/12\/59CB1A66-7C0A-4CEC-ACAD-A2ACF1F8563A-300x300.jpg 300w, https:\/\/www.fondationassistanceauxanimaux.org\/actu\/wp-content\/uploads\/2019\/12\/59CB1A66-7C0A-4CEC-ACAD-A2ACF1F8563A-768x768.jpg 768w, https:\/\/www.fondationassistanceauxanimaux.org\/actu\/wp-content\/uploads\/2019\/12\/59CB1A66-7C0A-4CEC-ACAD-A2ACF1F8563A-1030x1030.jpg 1030w, https:\/\/www.fondationassistanceauxanimaux.org\/actu\/wp-content\/uploads\/2019\/12\/59CB1A66-7C0A-4CEC-ACAD-A2ACF1F8563A-36x36.jpg 36w, https:\/\/www.fondationassistanceauxanimaux.org\/actu\/wp-content\/uploads\/2019\/12\/59CB1A66-7C0A-4CEC-ACAD-A2ACF1F8563A-180x180.jpg 180w, https:\/\/www.fondationassistanceauxanimaux.org\/actu\/wp-content\/uploads\/2019\/12\/59CB1A66-7C0A-4CEC-ACAD-A2ACF1F8563A-705x705.jpg 705w, https:\/\/www.fondationassistanceauxanimaux.org\/actu\/wp-content\/uploads\/2019\/12\/59CB1A66-7C0A-4CEC-ACAD-A2ACF1F8563A-120x120.jpg 120w, https:\/\/www.fondationassistanceauxanimaux.org\/actu\/wp-content\/uploads\/2019\/12\/59CB1A66-7C0A-4CEC-ACAD-A2ACF1F8563A-450x450.jpg 450w\" sizes=\"auto, (max-width: 1474px) 100vw, 1474px\" \/><\/address>\n<address>\u00a0<\/address>\n<address>\u00a0<\/address>\n<address><img loading=\"lazy\" decoding=\"async\" class=\"aligncenter size-full wp-image-6920\" src=\"https:\/\/www.fondationassistanceauxanimaux.org\/actu\/wp-content\/uploads\/2019\/12\/IMG_4759-e1575986860547.jpg\" alt=\"\" width=\"960\" height=\"1280\" srcset=\"https:\/\/www.fondationassistanceauxanimaux.org\/actu\/wp-content\/uploads\/2019\/12\/IMG_4759-e1575986860547.jpg 960w, https:\/\/www.fondationassistanceauxanimaux.org\/actu\/wp-content\/uploads\/2019\/12\/IMG_4759-e1575986860547-225x300.jpg 225w, https:\/\/www.fondationassistanceauxanimaux.org\/actu\/wp-content\/uploads\/2019\/12\/IMG_4759-e1575986860547-768x1024.jpg 768w, https:\/\/www.fondationassistanceauxanimaux.org\/actu\/wp-content\/uploads\/2019\/12\/IMG_4759-e1575986860547-773x1030.jpg 773w, https:\/\/www.fondationassistanceauxanimaux.org\/actu\/wp-content\/uploads\/2019\/12\/IMG_4759-e1575986860547-529x705.jpg 529w, https:\/\/www.fondationassistanceauxanimaux.org\/actu\/wp-content\/uploads\/2019\/12\/IMG_4759-e1575986860547-450x600.jpg 450w\" sizes=\"auto, (max-width: 960px) 100vw, 960px\" \/><\/address>\n<address>\u00a0<\/address>\n<address><img loading=\"lazy\" decoding=\"async\" class=\"aligncenter size-full wp-image-6921\" src=\"https:\/\/www.fondationassistanceauxanimaux.org\/actu\/wp-content\/uploads\/2019\/12\/IMG_3977.jpg\" alt=\"\" width=\"960\" height=\"1280\" srcset=\"https:\/\/www.fondationassistanceauxanimaux.org\/actu\/wp-content\/uploads\/2019\/12\/IMG_3977.jpg 960w, https:\/\/www.fondationassistanceauxanimaux.org\/actu\/wp-content\/uploads\/2019\/12\/IMG_3977-225x300.jpg 225w, https:\/\/www.fondationassistanceauxanimaux.org\/actu\/wp-content\/uploads\/2019\/12\/IMG_3977-768x1024.jpg 768w, https:\/\/www.fondationassistanceauxanimaux.org\/actu\/wp-content\/uploads\/2019\/12\/IMG_3977-773x1030.jpg 773w, https:\/\/www.fondationassistanceauxanimaux.org\/actu\/wp-content\/uploads\/2019\/12\/IMG_3977-529x705.jpg 529w, https:\/\/www.fondationassistanceauxanimaux.org\/actu\/wp-content\/uploads\/2019\/12\/IMG_3977-450x600.jpg 450w\" sizes=\"auto, (max-width: 960px) 100vw, 960px\" \/><\/address>\n<address>\u00a0<\/address>\n<address><img loading=\"lazy\" decoding=\"async\" class=\"aligncenter size-full wp-image-6919\" src=\"https:\/\/www.fondationassistanceauxanimaux.org\/actu\/wp-content\/uploads\/2019\/12\/IMG_5016.jpg\" alt=\"\" width=\"1280\" height=\"960\" srcset=\"https:\/\/www.fondationassistanceauxanimaux.org\/actu\/wp-content\/uploads\/2019\/12\/IMG_5016.jpg 1280w, https:\/\/www.fondationassistanceauxanimaux.org\/actu\/wp-content\/uploads\/2019\/12\/IMG_5016-300x225.jpg 300w, https:\/\/www.fondationassistanceauxanimaux.org\/actu\/wp-content\/uploads\/2019\/12\/IMG_5016-768x576.jpg 768w, https:\/\/www.fondationassistanceauxanimaux.org\/actu\/wp-content\/uploads\/2019\/12\/IMG_5016-1030x773.jpg 1030w, https:\/\/www.fondationassistanceauxanimaux.org\/actu\/wp-content\/uploads\/2019\/12\/IMG_5016-705x529.jpg 705w, https:\/\/www.fondationassistanceauxanimaux.org\/actu\/wp-content\/uploads\/2019\/12\/IMG_5016-450x338.jpg 450w\" sizes=\"auto, (max-width: 1280px) 100vw, 1280px\" \/><\/address>\n","protected":false},"excerpt":{"rendered":"<p>Un refuge pour animaux de ferme Tous les pensionnaires de la ferme sont issus de sauvetages, et sont doux et apprivois\u00e9s. Ils sont ici les rois et les soigneurs s\u2019efforcent de satisfaire tous leurs besoins. Toujours dans l\u2019\u00e9thique de la Fondation, pas de reproduction et pas d\u2019euthanasie dans ce refuge d\u2019un genre particulier. Informations pratiques [&hellip;]<\/p>\n","protected":false},"author":3,"featured_media":6918,"comment_status":"closed","ping_status":"closed","sticky":false,"template":"","format":"standard","meta":{"footnotes":""},"categories":[99],"tags":[],"class_list":["post-6914","post","type-post","status-publish","format-standard","has-post-thumbnail","hentry","category-ferme-pedagogique"],"yoast_head":"<!-- This site is optimized with the Yoast SEO plugin v24.5 - https:\/\/yoast.com\/wordpress\/plugins\/seo\/ -->\n<title>Une apr\u00e8s-midi dans la ferme p\u00e9dagogique de la Fondation Assistance aux Animaux. - Fondation Assistance aux Animaux - Actualit\u00e9s<\/title>\n<meta name=\"robots\" content=\"index, follow, max-snippet:-1, max-image-preview:large, max-video-preview:-1\" \/>\n<link rel=\"canonical\" href=\"https:\/\/www.fondationassistanceauxanimaux.org\/actu\/ferme-pedagogique-versailles-6914\/\" \/>\n<meta property=\"og:locale\" content=\"fr_FR\" \/>\n<meta property=\"og:type\" content=\"article\" \/>\n<meta property=\"og:title\" content=\"Une apr\u00e8s-midi dans la ferme p\u00e9dagogique de la Fondation Assistance aux Animaux. - Fondation Assistance aux Animaux - Actualit\u00e9s\" \/>\n<meta property=\"og:description\" content=\"Un refuge pour animaux de ferme Tous les pensionnaires de la ferme sont issus de sauvetages, et sont doux et apprivois\u00e9s. Ils sont ici les rois et les soigneurs s\u2019efforcent de satisfaire tous leurs besoins. Toujours dans l\u2019\u00e9thique de la Fondation, pas de reproduction et pas d\u2019euthanasie dans ce refuge d\u2019un genre particulier. Informations pratiques [&hellip;]\" \/>\n<meta property=\"og:url\" content=\"https:\/\/www.fondationassistanceauxanimaux.org\/actu\/ferme-pedagogique-versailles-6914\/\" \/>\n<meta property=\"og:site_name\" content=\"Fondation Assistance aux Animaux - Actualit\u00e9s\" \/>\n<meta property=\"article:published_time\" content=\"2019-12-10T14:08:55+00:00\" \/>\n<meta property=\"og:image\" content=\"https:\/\/www.fondationassistanceauxanimaux.org\/actu\/wp-content\/uploads\/2019\/12\/59CB1A66-7C0A-4CEC-ACAD-A2ACF1F8563A.jpg\" \/>\n\t<meta property=\"og:image:width\" content=\"1474\" \/>\n\t<meta property=\"og:image:height\" content=\"1474\" \/>\n\t<meta property=\"og:image:type\" content=\"image\/jpeg\" \/>\n<meta name=\"author\" content=\"No\u00e9\" \/>\n<meta name=\"twitter:card\" content=\"summary_large_image\" \/>\n<meta name=\"twitter:label1\" content=\"\u00c9crit par\" \/>\n\t<meta name=\"twitter:data1\" content=\"No\u00e9\" \/>\n\t<meta name=\"twitter:label2\" content=\"Dur\u00e9e de lecture estim\u00e9e\" \/>\n\t<meta name=\"twitter:data2\" content=\"1 minute\" \/>\n<script type=\"application\/ld+json\" class=\"yoast-schema-graph\">{\"@context\":\"https:\/\/schema.org\",\"@graph\":[{\"@type\":\"WebPage\",\"@id\":\"https:\/\/www.fondationassistanceauxanimaux.org\/actu\/ferme-pedagogique-versailles-6914\/\",\"url\":\"https:\/\/www.fondationassistanceauxanimaux.org\/actu\/ferme-pedagogique-versailles-6914\/\",\"name\":\"Une apr\u00e8s-midi dans la ferme p\u00e9dagogique de la Fondation Assistance aux Animaux. - Fondation Assistance aux Animaux - Actualit\u00e9s\",\"isPartOf\":{\"@id\":\"https:\/\/www.fondationassistanceauxanimaux.org\/actu\/#website\"},\"primaryImageOfPage\":{\"@id\":\"https:\/\/www.fondationassistanceauxanimaux.org\/actu\/ferme-pedagogique-versailles-6914\/#primaryimage\"},\"image\":{\"@id\":\"https:\/\/www.fondationassistanceauxanimaux.org\/actu\/ferme-pedagogique-versailles-6914\/#primaryimage\"},\"thumbnailUrl\":\"https:\/\/www.fondationassistanceauxanimaux.org\/actu\/wp-content\/uploads\/2019\/12\/59CB1A66-7C0A-4CEC-ACAD-A2ACF1F8563A.jpg\",\"datePublished\":\"2019-12-10T14:08:55+00:00\",\"author\":{\"@id\":\"https:\/\/www.fondationassistanceauxanimaux.org\/actu\/#\/schema\/person\/71a8476d98daaea0d71a965c5603e10b\"},\"breadcrumb\":{\"@id\":\"https:\/\/www.fondationassistanceauxanimaux.org\/actu\/ferme-pedagogique-versailles-6914\/#breadcrumb\"},\"inLanguage\":\"fr-FR\",\"potentialAction\":[{\"@type\":\"ReadAction\",\"target\":[\"https:\/\/www.fondationassistanceauxanimaux.org\/actu\/ferme-pedagogique-versailles-6914\/\"]}]},{\"@type\":\"ImageObject\",\"inLanguage\":\"fr-FR\",\"@id\":\"https:\/\/www.fondationassistanceauxanimaux.org\/actu\/ferme-pedagogique-versailles-6914\/#primaryimage\",\"url\":\"https:\/\/www.fondationassistanceauxanimaux.org\/actu\/wp-content\/uploads\/2019\/12\/59CB1A66-7C0A-4CEC-ACAD-A2ACF1F8563A.jpg\",\"contentUrl\":\"https:\/\/www.fondationassistanceauxanimaux.org\/actu\/wp-content\/uploads\/2019\/12\/59CB1A66-7C0A-4CEC-ACAD-A2ACF1F8563A.jpg\",\"width\":1474,\"height\":1474},{\"@type\":\"BreadcrumbList\",\"@id\":\"https:\/\/www.fondationassistanceauxanimaux.org\/actu\/ferme-pedagogique-versailles-6914\/#breadcrumb\",\"itemListElement\":[{\"@type\":\"ListItem\",\"position\":1,\"name\":\"Accueil\",\"item\":\"https:\/\/www.fondationassistanceauxanimaux.org\/actu\/\"},{\"@type\":\"ListItem\",\"position\":2,\"name\":\"Une apr\u00e8s-midi dans la ferme p\u00e9dagogique de la Fondation Assistance aux Animaux.\"}]},{\"@type\":\"WebSite\",\"@id\":\"https:\/\/www.fondationassistanceauxanimaux.org\/actu\/#website\",\"url\":\"https:\/\/www.fondationassistanceauxanimaux.org\/actu\/\",\"name\":\"Fondation Assistance aux Animaux - Actualit\u00e9s\",\"description\":\"Depuis 1930 la Fondation Assistance aux Animaux pour la d\u00e9fense et la protection des animaux maltrait\u00e9s et abandonn\u00e9s\",\"potentialAction\":[{\"@type\":\"SearchAction\",\"target\":{\"@type\":\"EntryPoint\",\"urlTemplate\":\"https:\/\/www.fondationassistanceauxanimaux.org\/actu\/?s={search_term_string}\"},\"query-input\":{\"@type\":\"PropertyValueSpecification\",\"valueRequired\":true,\"valueName\":\"search_term_string\"}}],\"inLanguage\":\"fr-FR\"},{\"@type\":\"Person\",\"@id\":\"https:\/\/www.fondationassistanceauxanimaux.org\/actu\/#\/schema\/person\/71a8476d98daaea0d71a965c5603e10b\",\"name\":\"No\u00e9\",\"image\":{\"@type\":\"ImageObject\",\"inLanguage\":\"fr-FR\",\"@id\":\"https:\/\/www.fondationassistanceauxanimaux.org\/actu\/#\/schema\/person\/image\/\",\"url\":\"https:\/\/secure.gravatar.com\/avatar\/d34cf6c6bd22b3db9c932bc580c4d1ba93c0cda7588a41b59078888ab1e5f007?s=96&d=mm&r=g\",\"contentUrl\":\"https:\/\/secure.gravatar.com\/avatar\/d34cf6c6bd22b3db9c932bc580c4d1ba93c0cda7588a41b59078888ab1e5f007?s=96&d=mm&r=g\",\"caption\":\"No\u00e9\"},\"url\":\"https:\/\/www.fondationassistanceauxanimaux.org\/actu\/author\/anne\/\"}]}<\/script>\n<!-- \/ Yoast SEO plugin. -->","yoast_head_json":{"title":"Une apr\u00e8s-midi dans la ferme p\u00e9dagogique de la Fondation Assistance aux Animaux. - Fondation Assistance aux Animaux - Actualit\u00e9s","robots":{"index":"index","follow":"follow","max-snippet":"max-snippet:-1","max-image-preview":"max-image-preview:large","max-video-preview":"max-video-preview:-1"},"canonical":"https:\/\/www.fondationassistanceauxanimaux.org\/actu\/ferme-pedagogique-versailles-6914\/","og_locale":"fr_FR","og_type":"article","og_title":"Une apr\u00e8s-midi dans la ferme p\u00e9dagogique de la Fondation Assistance aux Animaux. - Fondation Assistance aux Animaux - Actualit\u00e9s","og_description":"Un refuge pour animaux de ferme Tous les pensionnaires de la ferme sont issus de sauvetages, et sont doux et apprivois\u00e9s. Ils sont ici les rois et les soigneurs s\u2019efforcent de satisfaire tous leurs besoins. Toujours dans l\u2019\u00e9thique de la Fondation, pas de reproduction et pas d\u2019euthanasie dans ce refuge d\u2019un genre particulier. Informations pratiques [&hellip;]","og_url":"https:\/\/www.fondationassistanceauxanimaux.org\/actu\/ferme-pedagogique-versailles-6914\/","og_site_name":"Fondation Assistance aux Animaux - Actualit\u00e9s","article_published_time":"2019-12-10T14:08:55+00:00","og_image":[{"width":1474,"height":1474,"url":"https:\/\/www.fondationassistanceauxanimaux.org\/actu\/wp-content\/uploads\/2019\/12\/59CB1A66-7C0A-4CEC-ACAD-A2ACF1F8563A.jpg","type":"image\/jpeg"}],"author":"No\u00e9","twitter_card":"summary_large_image","twitter_misc":{"\u00c9crit par":"No\u00e9","Dur\u00e9e de lecture estim\u00e9e":"1 minute"},"schema":{"@context":"https:\/\/schema.org","@graph":[{"@type":"WebPage","@id":"https:\/\/www.fondationassistanceauxanimaux.org\/actu\/ferme-pedagogique-versailles-6914\/","url":"https:\/\/www.fondationassistanceauxanimaux.org\/actu\/ferme-pedagogique-versailles-6914\/","name":"Une apr\u00e8s-midi dans la ferme p\u00e9dagogique de la Fondation Assistance aux Animaux. - Fondation Assistance aux Animaux - Actualit\u00e9s","isPartOf":{"@id":"https:\/\/www.fondationassistanceauxanimaux.org\/actu\/#website"},"primaryImageOfPage":{"@id":"https:\/\/www.fondationassistanceauxanimaux.org\/actu\/ferme-pedagogique-versailles-6914\/#primaryimage"},"image":{"@id":"https:\/\/www.fondationassistanceauxanimaux.org\/actu\/ferme-pedagogique-versailles-6914\/#primaryimage"},"thumbnailUrl":"https:\/\/www.fondationassistanceauxanimaux.org\/actu\/wp-content\/uploads\/2019\/12\/59CB1A66-7C0A-4CEC-ACAD-A2ACF1F8563A.jpg","datePublished":"2019-12-10T14:08:55+00:00","author":{"@id":"https:\/\/www.fondationassistanceauxanimaux.org\/actu\/#\/schema\/person\/71a8476d98daaea0d71a965c5603e10b"},"breadcrumb":{"@id":"https:\/\/www.fondationassistanceauxanimaux.org\/actu\/ferme-pedagogique-versailles-6914\/#breadcrumb"},"inLanguage":"fr-FR","potentialAction":[{"@type":"ReadAction","target":["https:\/\/www.fondationassistanceauxanimaux.org\/actu\/ferme-pedagogique-versailles-6914\/"]}]},{"@type":"ImageObject","inLanguage":"fr-FR","@id":"https:\/\/www.fondationassistanceauxanimaux.org\/actu\/ferme-pedagogique-versailles-6914\/#primaryimage","url":"https:\/\/www.fondationassistanceauxanimaux.org\/actu\/wp-content\/uploads\/2019\/12\/59CB1A66-7C0A-4CEC-ACAD-A2ACF1F8563A.jpg","contentUrl":"https:\/\/www.fondationassistanceauxanimaux.org\/actu\/wp-content\/uploads\/2019\/12\/59CB1A66-7C0A-4CEC-ACAD-A2ACF1F8563A.jpg","width":1474,"height":1474},{"@type":"BreadcrumbList","@id":"https:\/\/www.fondationassistanceauxanimaux.org\/actu\/ferme-pedagogique-versailles-6914\/#breadcrumb","itemListElement":[{"@type":"ListItem","position":1,"name":"Accueil","item":"https:\/\/www.fondationassistanceauxanimaux.org\/actu\/"},{"@type":"ListItem","position":2,"name":"Une apr\u00e8s-midi dans la ferme p\u00e9dagogique de la Fondation Assistance aux Animaux."}]},{"@type":"WebSite","@id":"https:\/\/www.fondationassistanceauxanimaux.org\/actu\/#website","url":"https:\/\/www.fondationassistanceauxanimaux.org\/actu\/","name":"Fondation Assistance aux Animaux - Actualit\u00e9s","description":"Depuis 1930 la Fondation Assistance aux Animaux pour la d\u00e9fense et la protection des animaux maltrait\u00e9s et abandonn\u00e9s","potentialAction":[{"@type":"SearchAction","target":{"@type":"EntryPoint","urlTemplate":"https:\/\/www.fondationassistanceauxanimaux.org\/actu\/?s={search_term_string}"},"query-input":{"@type":"PropertyValueSpecification","valueRequired":true,"valueName":"search_term_string"}}],"inLanguage":"fr-FR"},{"@type":"Person","@id":"https:\/\/www.fondationassistanceauxanimaux.org\/actu\/#\/schema\/person\/71a8476d98daaea0d71a965c5603e10b","name":"No\u00e9","image":{"@type":"ImageObject","inLanguage":"fr-FR","@id":"https:\/\/www.fondationassistanceauxanimaux.org\/actu\/#\/schema\/person\/image\/","url":"https:\/\/secure.gravatar.com\/avatar\/d34cf6c6bd22b3db9c932bc580c4d1ba93c0cda7588a41b59078888ab1e5f007?s=96&d=mm&r=g","contentUrl":"https:\/\/secure.gravatar.com\/avatar\/d34cf6c6bd22b3db9c932bc580c4d1ba93c0cda7588a41b59078888ab1e5f007?s=96&d=mm&r=g","caption":"No\u00e9"},"url":"https:\/\/www.fondationassistanceauxanimaux.org\/actu\/author\/anne\/"}]}},"_links":{"self":[{"href":"https:\/\/www.fondationassistanceauxanimaux.org\/actu\/wp-json\/wp\/v2\/posts\/6914","targetHints":{"allow":["GET"]}}],"collection":[{"href":"https:\/\/www.fondationassistanceauxanimaux.org\/actu\/wp-json\/wp\/v2\/posts"}],"about":[{"href":"https:\/\/www.fondationassistanceauxanimaux.org\/actu\/wp-json\/wp\/v2\/types\/post"}],"author":[{"embeddable":true,"href":"https:\/\/www.fondationassistanceauxanimaux.org\/actu\/wp-json\/wp\/v2\/users\/3"}],"replies":[{"embeddable":true,"href":"https:\/\/www.fondationassistanceauxanimaux.org\/actu\/wp-json\/wp\/v2\/comments?post=6914"}],"version-history":[{"count":2,"href":"https:\/\/www.fondationassistanceauxanimaux.org\/actu\/wp-json\/wp\/v2\/posts\/6914\/revisions"}],"predecessor-version":[{"id":6923,"href":"https:\/\/www.fondationassistanceauxanimaux.org\/actu\/wp-json\/wp\/v2\/posts\/6914\/revisions\/6923"}],"wp:featuredmedia":[{"embeddable":true,"href":"https:\/\/www.fondationassistanceauxanimaux.org\/actu\/wp-json\/wp\/v2\/media\/6918"}],"wp:attachment":[{"href":"https:\/\/www.fondationassistanceauxanimaux.org\/actu\/wp-json\/wp\/v2\/media?parent=6914"}],"wp:term":[{"taxonomy":"category","embeddable":true,"href":"https:\/\/www.fondationassistanceauxanimaux.org\/actu\/wp-json\/wp\/v2\/categories?post=6914"},{"taxonomy":"post_tag","embeddable":true,"href":"https:\/\/www.fondationassistanceauxanimaux.org\/actu\/wp-json\/wp\/v2\/tags?post=6914"}],"curies":[{"name":"wp","href":"https:\/\/api.w.org\/{rel}","templated":true}]}}