{"id":6897,"date":"2019-12-09T17:50:13","date_gmt":"2019-12-09T16:50:13","guid":{"rendered":"http:\/\/www.fondationassistanceauxanimaux.org\/actu\/?p=6897"},"modified":"2019-12-09T17:50:13","modified_gmt":"2019-12-09T16:50:13","slug":"girly-sauvetage","status":"publish","type":"post","link":"https:\/\/www.fondationassistanceauxanimaux.org\/actu\/girly-sauvetage-6897\/","title":{"rendered":"Nouveau d\u00e9part dans la vie pour \u00ab\u00a0Girly\u00a0\u00bb, chienne recemment sauv\u00e9e par la Fondation."},"content":{"rendered":"<p><strong>\u00ab\u00a0Girly \u00bb fait partie des 12 chiens saisis par la Fondation Assistance aux Animaux derni\u00e8rement.<\/strong><\/p>\n<p><strong>Elle survivait dans un cabanon de 5m2 sans gamelles quotidiennes, sans soins, et sans la moindre attention de ses propri\u00e9taires.<\/strong><\/p>\n<p><img loading=\"lazy\" decoding=\"async\" class=\"aligncenter size-full wp-image-6821\" src=\"https:\/\/www.fondationassistanceauxanimaux.org\/actu\/wp-content\/uploads\/2019\/11\/IMG_49571.jpg\" alt=\"\" width=\"640\" height=\"360\" srcset=\"https:\/\/www.fondationassistanceauxanimaux.org\/actu\/wp-content\/uploads\/2019\/11\/IMG_49571.jpg 640w, https:\/\/www.fondationassistanceauxanimaux.org\/actu\/wp-content\/uploads\/2019\/11\/IMG_49571-300x169.jpg 300w, https:\/\/www.fondationassistanceauxanimaux.org\/actu\/wp-content\/uploads\/2019\/11\/IMG_49571-450x253.jpg 450w\" sizes=\"auto, (max-width: 640px) 100vw, 640px\" \/><\/p>\n<p><img loading=\"lazy\" decoding=\"async\" class=\"aligncenter  wp-image-6898\" src=\"https:\/\/www.fondationassistanceauxanimaux.org\/actu\/wp-content\/uploads\/2019\/12\/IMG_1933-e1575910009438.jpg\" alt=\"\" width=\"481\" height=\"640\" srcset=\"https:\/\/www.fondationassistanceauxanimaux.org\/actu\/wp-content\/uploads\/2019\/12\/IMG_1933-e1575910009438.jpg 3024w, https:\/\/www.fondationassistanceauxanimaux.org\/actu\/wp-content\/uploads\/2019\/12\/IMG_1933-e1575910009438-225x300.jpg 225w, https:\/\/www.fondationassistanceauxanimaux.org\/actu\/wp-content\/uploads\/2019\/12\/IMG_1933-e1575910009438-768x1024.jpg 768w, https:\/\/www.fondationassistanceauxanimaux.org\/actu\/wp-content\/uploads\/2019\/12\/IMG_1933-e1575910009438-773x1030.jpg 773w, https:\/\/www.fondationassistanceauxanimaux.org\/actu\/wp-content\/uploads\/2019\/12\/IMG_1933-e1575910009438-1125x1500.jpg 1125w, https:\/\/www.fondationassistanceauxanimaux.org\/actu\/wp-content\/uploads\/2019\/12\/IMG_1933-e1575910009438-529x705.jpg 529w, https:\/\/www.fondationassistanceauxanimaux.org\/actu\/wp-content\/uploads\/2019\/12\/IMG_1933-e1575910009438-450x600.jpg 450w\" sizes=\"auto, (max-width: 481px) 100vw, 481px\" \/><\/p>\n<p><strong>Pris en charge dans le refuge de Villevaud\u00e9, en Seine-et-Marne, elle a \u00e9t\u00e9 soign\u00e9e par nos \u00e9quipes v\u00e9t\u00e9rinaires.<\/strong><\/p>\n<p><strong>Aujourd&rsquo;hui, lundi 9 d\u00e9cembre, elle a quitt\u00e9 le refuge.<\/strong><\/p>\n<p><img loading=\"lazy\" decoding=\"async\" class=\"aligncenter size-full wp-image-6899\" src=\"https:\/\/www.fondationassistanceauxanimaux.org\/actu\/wp-content\/uploads\/2019\/12\/IMG_4366.jpg\" alt=\"\" width=\"810\" height=\"1080\" srcset=\"https:\/\/www.fondationassistanceauxanimaux.org\/actu\/wp-content\/uploads\/2019\/12\/IMG_4366.jpg 810w, https:\/\/www.fondationassistanceauxanimaux.org\/actu\/wp-content\/uploads\/2019\/12\/IMG_4366-225x300.jpg 225w, https:\/\/www.fondationassistanceauxanimaux.org\/actu\/wp-content\/uploads\/2019\/12\/IMG_4366-768x1024.jpg 768w, https:\/\/www.fondationassistanceauxanimaux.org\/actu\/wp-content\/uploads\/2019\/12\/IMG_4366-773x1030.jpg 773w, https:\/\/www.fondationassistanceauxanimaux.org\/actu\/wp-content\/uploads\/2019\/12\/IMG_4366-529x705.jpg 529w, https:\/\/www.fondationassistanceauxanimaux.org\/actu\/wp-content\/uploads\/2019\/12\/IMG_4366-450x600.jpg 450w\" sizes=\"auto, (max-width: 810px) 100vw, 810px\" \/><\/p>\n<p><img loading=\"lazy\" decoding=\"async\" class=\"aligncenter size-full wp-image-6900\" src=\"https:\/\/www.fondationassistanceauxanimaux.org\/actu\/wp-content\/uploads\/2019\/12\/IMG_4367.jpg\" alt=\"\" width=\"810\" height=\"1080\" srcset=\"https:\/\/www.fondationassistanceauxanimaux.org\/actu\/wp-content\/uploads\/2019\/12\/IMG_4367.jpg 810w, https:\/\/www.fondationassistanceauxanimaux.org\/actu\/wp-content\/uploads\/2019\/12\/IMG_4367-225x300.jpg 225w, https:\/\/www.fondationassistanceauxanimaux.org\/actu\/wp-content\/uploads\/2019\/12\/IMG_4367-768x1024.jpg 768w, https:\/\/www.fondationassistanceauxanimaux.org\/actu\/wp-content\/uploads\/2019\/12\/IMG_4367-773x1030.jpg 773w, https:\/\/www.fondationassistanceauxanimaux.org\/actu\/wp-content\/uploads\/2019\/12\/IMG_4367-529x705.jpg 529w, https:\/\/www.fondationassistanceauxanimaux.org\/actu\/wp-content\/uploads\/2019\/12\/IMG_4367-450x600.jpg 450w\" sizes=\"auto, (max-width: 810px) 100vw, 810px\" \/><\/p>\n","protected":false},"excerpt":{"rendered":"<p>\u00ab\u00a0Girly \u00bb fait partie des 12 chiens saisis par la Fondation Assistance aux Animaux derni\u00e8rement. Elle survivait dans un cabanon de 5m2 sans gamelles quotidiennes, sans soins, et sans la moindre attention de ses propri\u00e9taires. Pris en charge dans le refuge de Villevaud\u00e9, en Seine-et-Marne, elle a \u00e9t\u00e9 soign\u00e9e par nos \u00e9quipes v\u00e9t\u00e9rinaires. Aujourd&rsquo;hui, lundi [&hellip;]<\/p>\n","protected":false},"author":3,"featured_media":6901,"comment_status":"closed","ping_status":"closed","sticky":false,"template":"","format":"standard","meta":{"footnotes":""},"categories":[21,20],"tags":[],"class_list":["post-6897","post","type-post","status-publish","format-standard","has-post-thumbnail","hentry","category-fondation-assistance-aux-animaux","category-refuge-de-villevaude"],"yoast_head":"<!-- This site is optimized with the Yoast SEO plugin v24.5 - https:\/\/yoast.com\/wordpress\/plugins\/seo\/ -->\n<title>Nouveau d\u00e9part dans la vie pour &quot;Girly&quot;, chienne recemment sauv\u00e9e par la Fondation. - Fondation Assistance aux Animaux - Actualit\u00e9s<\/title>\n<meta name=\"robots\" content=\"index, follow, max-snippet:-1, max-image-preview:large, max-video-preview:-1\" \/>\n<link rel=\"canonical\" href=\"https:\/\/www.fondationassistanceauxanimaux.org\/actu\/girly-sauvetage-6897\/\" \/>\n<meta property=\"og:locale\" content=\"fr_FR\" \/>\n<meta property=\"og:type\" content=\"article\" \/>\n<meta property=\"og:title\" content=\"Nouveau d\u00e9part dans la vie pour &quot;Girly&quot;, chienne recemment sauv\u00e9e par la Fondation. - Fondation Assistance aux Animaux - Actualit\u00e9s\" \/>\n<meta property=\"og:description\" content=\"\u00ab\u00a0Girly \u00bb fait partie des 12 chiens saisis par la Fondation Assistance aux Animaux derni\u00e8rement. Elle survivait dans un cabanon de 5m2 sans gamelles quotidiennes, sans soins, et sans la moindre attention de ses propri\u00e9taires. Pris en charge dans le refuge de Villevaud\u00e9, en Seine-et-Marne, elle a \u00e9t\u00e9 soign\u00e9e par nos \u00e9quipes v\u00e9t\u00e9rinaires. Aujourd&rsquo;hui, lundi [&hellip;]\" \/>\n<meta property=\"og:url\" content=\"https:\/\/www.fondationassistanceauxanimaux.org\/actu\/girly-sauvetage-6897\/\" \/>\n<meta property=\"og:site_name\" content=\"Fondation Assistance aux Animaux - Actualit\u00e9s\" \/>\n<meta property=\"article:published_time\" content=\"2019-12-09T16:50:13+00:00\" \/>\n<meta property=\"og:image\" content=\"https:\/\/www.fondationassistanceauxanimaux.org\/actu\/wp-content\/uploads\/2019\/12\/IMG_4366-1.jpg\" \/>\n\t<meta property=\"og:image:width\" content=\"810\" \/>\n\t<meta property=\"og:image:height\" content=\"860\" \/>\n\t<meta property=\"og:image:type\" content=\"image\/jpeg\" \/>\n<meta name=\"author\" content=\"No\u00e9\" \/>\n<meta name=\"twitter:card\" content=\"summary_large_image\" \/>\n<meta name=\"twitter:label1\" content=\"\u00c9crit par\" \/>\n\t<meta name=\"twitter:data1\" content=\"No\u00e9\" \/>\n<script type=\"application\/ld+json\" class=\"yoast-schema-graph\">{\"@context\":\"https:\/\/schema.org\",\"@graph\":[{\"@type\":\"WebPage\",\"@id\":\"https:\/\/www.fondationassistanceauxanimaux.org\/actu\/girly-sauvetage-6897\/\",\"url\":\"https:\/\/www.fondationassistanceauxanimaux.org\/actu\/girly-sauvetage-6897\/\",\"name\":\"Nouveau d\u00e9part dans la vie pour \\\"Girly\\\", chienne recemment sauv\u00e9e par la Fondation. - Fondation Assistance aux Animaux - Actualit\u00e9s\",\"isPartOf\":{\"@id\":\"https:\/\/www.fondationassistanceauxanimaux.org\/actu\/#website\"},\"primaryImageOfPage\":{\"@id\":\"https:\/\/www.fondationassistanceauxanimaux.org\/actu\/girly-sauvetage-6897\/#primaryimage\"},\"image\":{\"@id\":\"https:\/\/www.fondationassistanceauxanimaux.org\/actu\/girly-sauvetage-6897\/#primaryimage\"},\"thumbnailUrl\":\"https:\/\/www.fondationassistanceauxanimaux.org\/actu\/wp-content\/uploads\/2019\/12\/IMG_4366-1.jpg\",\"datePublished\":\"2019-12-09T16:50:13+00:00\",\"author\":{\"@id\":\"https:\/\/www.fondationassistanceauxanimaux.org\/actu\/#\/schema\/person\/71a8476d98daaea0d71a965c5603e10b\"},\"breadcrumb\":{\"@id\":\"https:\/\/www.fondationassistanceauxanimaux.org\/actu\/girly-sauvetage-6897\/#breadcrumb\"},\"inLanguage\":\"fr-FR\",\"potentialAction\":[{\"@type\":\"ReadAction\",\"target\":[\"https:\/\/www.fondationassistanceauxanimaux.org\/actu\/girly-sauvetage-6897\/\"]}]},{\"@type\":\"ImageObject\",\"inLanguage\":\"fr-FR\",\"@id\":\"https:\/\/www.fondationassistanceauxanimaux.org\/actu\/girly-sauvetage-6897\/#primaryimage\",\"url\":\"https:\/\/www.fondationassistanceauxanimaux.org\/actu\/wp-content\/uploads\/2019\/12\/IMG_4366-1.jpg\",\"contentUrl\":\"https:\/\/www.fondationassistanceauxanimaux.org\/actu\/wp-content\/uploads\/2019\/12\/IMG_4366-1.jpg\",\"width\":810,\"height\":860},{\"@type\":\"BreadcrumbList\",\"@id\":\"https:\/\/www.fondationassistanceauxanimaux.org\/actu\/girly-sauvetage-6897\/#breadcrumb\",\"itemListElement\":[{\"@type\":\"ListItem\",\"position\":1,\"name\":\"Accueil\",\"item\":\"https:\/\/www.fondationassistanceauxanimaux.org\/actu\/\"},{\"@type\":\"ListItem\",\"position\":2,\"name\":\"Nouveau d\u00e9part dans la vie pour \u00ab\u00a0Girly\u00a0\u00bb, chienne recemment sauv\u00e9e par la Fondation.\"}]},{\"@type\":\"WebSite\",\"@id\":\"https:\/\/www.fondationassistanceauxanimaux.org\/actu\/#website\",\"url\":\"https:\/\/www.fondationassistanceauxanimaux.org\/actu\/\",\"name\":\"Fondation Assistance aux Animaux - Actualit\u00e9s\",\"description\":\"Depuis 1930 la Fondation Assistance aux Animaux pour la d\u00e9fense et la protection des animaux maltrait\u00e9s et abandonn\u00e9s\",\"potentialAction\":[{\"@type\":\"SearchAction\",\"target\":{\"@type\":\"EntryPoint\",\"urlTemplate\":\"https:\/\/www.fondationassistanceauxanimaux.org\/actu\/?s={search_term_string}\"},\"query-input\":{\"@type\":\"PropertyValueSpecification\",\"valueRequired\":true,\"valueName\":\"search_term_string\"}}],\"inLanguage\":\"fr-FR\"},{\"@type\":\"Person\",\"@id\":\"https:\/\/www.fondationassistanceauxanimaux.org\/actu\/#\/schema\/person\/71a8476d98daaea0d71a965c5603e10b\",\"name\":\"No\u00e9\",\"image\":{\"@type\":\"ImageObject\",\"inLanguage\":\"fr-FR\",\"@id\":\"https:\/\/www.fondationassistanceauxanimaux.org\/actu\/#\/schema\/person\/image\/\",\"url\":\"https:\/\/secure.gravatar.com\/avatar\/d34cf6c6bd22b3db9c932bc580c4d1ba93c0cda7588a41b59078888ab1e5f007?s=96&d=mm&r=g\",\"contentUrl\":\"https:\/\/secure.gravatar.com\/avatar\/d34cf6c6bd22b3db9c932bc580c4d1ba93c0cda7588a41b59078888ab1e5f007?s=96&d=mm&r=g\",\"caption\":\"No\u00e9\"},\"url\":\"https:\/\/www.fondationassistanceauxanimaux.org\/actu\/author\/anne\/\"}]}<\/script>\n<!-- \/ Yoast SEO plugin. -->","yoast_head_json":{"title":"Nouveau d\u00e9part dans la vie pour \"Girly\", chienne recemment sauv\u00e9e par la Fondation. - Fondation Assistance aux Animaux - Actualit\u00e9s","robots":{"index":"index","follow":"follow","max-snippet":"max-snippet:-1","max-image-preview":"max-image-preview:large","max-video-preview":"max-video-preview:-1"},"canonical":"https:\/\/www.fondationassistanceauxanimaux.org\/actu\/girly-sauvetage-6897\/","og_locale":"fr_FR","og_type":"article","og_title":"Nouveau d\u00e9part dans la vie pour \"Girly\", chienne recemment sauv\u00e9e par la Fondation. - Fondation Assistance aux Animaux - Actualit\u00e9s","og_description":"\u00ab\u00a0Girly \u00bb fait partie des 12 chiens saisis par la Fondation Assistance aux Animaux derni\u00e8rement. Elle survivait dans un cabanon de 5m2 sans gamelles quotidiennes, sans soins, et sans la moindre attention de ses propri\u00e9taires. Pris en charge dans le refuge de Villevaud\u00e9, en Seine-et-Marne, elle a \u00e9t\u00e9 soign\u00e9e par nos \u00e9quipes v\u00e9t\u00e9rinaires. Aujourd&rsquo;hui, lundi [&hellip;]","og_url":"https:\/\/www.fondationassistanceauxanimaux.org\/actu\/girly-sauvetage-6897\/","og_site_name":"Fondation Assistance aux Animaux - Actualit\u00e9s","article_published_time":"2019-12-09T16:50:13+00:00","og_image":[{"width":810,"height":860,"url":"https:\/\/www.fondationassistanceauxanimaux.org\/actu\/wp-content\/uploads\/2019\/12\/IMG_4366-1.jpg","type":"image\/jpeg"}],"author":"No\u00e9","twitter_card":"summary_large_image","twitter_misc":{"\u00c9crit par":"No\u00e9"},"schema":{"@context":"https:\/\/schema.org","@graph":[{"@type":"WebPage","@id":"https:\/\/www.fondationassistanceauxanimaux.org\/actu\/girly-sauvetage-6897\/","url":"https:\/\/www.fondationassistanceauxanimaux.org\/actu\/girly-sauvetage-6897\/","name":"Nouveau d\u00e9part dans la vie pour \"Girly\", chienne recemment sauv\u00e9e par la Fondation. - Fondation Assistance aux Animaux - Actualit\u00e9s","isPartOf":{"@id":"https:\/\/www.fondationassistanceauxanimaux.org\/actu\/#website"},"primaryImageOfPage":{"@id":"https:\/\/www.fondationassistanceauxanimaux.org\/actu\/girly-sauvetage-6897\/#primaryimage"},"image":{"@id":"https:\/\/www.fondationassistanceauxanimaux.org\/actu\/girly-sauvetage-6897\/#primaryimage"},"thumbnailUrl":"https:\/\/www.fondationassistanceauxanimaux.org\/actu\/wp-content\/uploads\/2019\/12\/IMG_4366-1.jpg","datePublished":"2019-12-09T16:50:13+00:00","author":{"@id":"https:\/\/www.fondationassistanceauxanimaux.org\/actu\/#\/schema\/person\/71a8476d98daaea0d71a965c5603e10b"},"breadcrumb":{"@id":"https:\/\/www.fondationassistanceauxanimaux.org\/actu\/girly-sauvetage-6897\/#breadcrumb"},"inLanguage":"fr-FR","potentialAction":[{"@type":"ReadAction","target":["https:\/\/www.fondationassistanceauxanimaux.org\/actu\/girly-sauvetage-6897\/"]}]},{"@type":"ImageObject","inLanguage":"fr-FR","@id":"https:\/\/www.fondationassistanceauxanimaux.org\/actu\/girly-sauvetage-6897\/#primaryimage","url":"https:\/\/www.fondationassistanceauxanimaux.org\/actu\/wp-content\/uploads\/2019\/12\/IMG_4366-1.jpg","contentUrl":"https:\/\/www.fondationassistanceauxanimaux.org\/actu\/wp-content\/uploads\/2019\/12\/IMG_4366-1.jpg","width":810,"height":860},{"@type":"BreadcrumbList","@id":"https:\/\/www.fondationassistanceauxanimaux.org\/actu\/girly-sauvetage-6897\/#breadcrumb","itemListElement":[{"@type":"ListItem","position":1,"name":"Accueil","item":"https:\/\/www.fondationassistanceauxanimaux.org\/actu\/"},{"@type":"ListItem","position":2,"name":"Nouveau d\u00e9part dans la vie pour \u00ab\u00a0Girly\u00a0\u00bb, chienne recemment sauv\u00e9e par la Fondation."}]},{"@type":"WebSite","@id":"https:\/\/www.fondationassistanceauxanimaux.org\/actu\/#website","url":"https:\/\/www.fondationassistanceauxanimaux.org\/actu\/","name":"Fondation Assistance aux Animaux - Actualit\u00e9s","description":"Depuis 1930 la Fondation Assistance aux Animaux pour la d\u00e9fense et la protection des animaux maltrait\u00e9s et abandonn\u00e9s","potentialAction":[{"@type":"SearchAction","target":{"@type":"EntryPoint","urlTemplate":"https:\/\/www.fondationassistanceauxanimaux.org\/actu\/?s={search_term_string}"},"query-input":{"@type":"PropertyValueSpecification","valueRequired":true,"valueName":"search_term_string"}}],"inLanguage":"fr-FR"},{"@type":"Person","@id":"https:\/\/www.fondationassistanceauxanimaux.org\/actu\/#\/schema\/person\/71a8476d98daaea0d71a965c5603e10b","name":"No\u00e9","image":{"@type":"ImageObject","inLanguage":"fr-FR","@id":"https:\/\/www.fondationassistanceauxanimaux.org\/actu\/#\/schema\/person\/image\/","url":"https:\/\/secure.gravatar.com\/avatar\/d34cf6c6bd22b3db9c932bc580c4d1ba93c0cda7588a41b59078888ab1e5f007?s=96&d=mm&r=g","contentUrl":"https:\/\/secure.gravatar.com\/avatar\/d34cf6c6bd22b3db9c932bc580c4d1ba93c0cda7588a41b59078888ab1e5f007?s=96&d=mm&r=g","caption":"No\u00e9"},"url":"https:\/\/www.fondationassistanceauxanimaux.org\/actu\/author\/anne\/"}]}},"_links":{"self":[{"href":"https:\/\/www.fondationassistanceauxanimaux.org\/actu\/wp-json\/wp\/v2\/posts\/6897","targetHints":{"allow":["GET"]}}],"collection":[{"href":"https:\/\/www.fondationassistanceauxanimaux.org\/actu\/wp-json\/wp\/v2\/posts"}],"about":[{"href":"https:\/\/www.fondationassistanceauxanimaux.org\/actu\/wp-json\/wp\/v2\/types\/post"}],"author":[{"embeddable":true,"href":"https:\/\/www.fondationassistanceauxanimaux.org\/actu\/wp-json\/wp\/v2\/users\/3"}],"replies":[{"embeddable":true,"href":"https:\/\/www.fondationassistanceauxanimaux.org\/actu\/wp-json\/wp\/v2\/comments?post=6897"}],"version-history":[{"count":2,"href":"https:\/\/www.fondationassistanceauxanimaux.org\/actu\/wp-json\/wp\/v2\/posts\/6897\/revisions"}],"predecessor-version":[{"id":6903,"href":"https:\/\/www.fondationassistanceauxanimaux.org\/actu\/wp-json\/wp\/v2\/posts\/6897\/revisions\/6903"}],"wp:featuredmedia":[{"embeddable":true,"href":"https:\/\/www.fondationassistanceauxanimaux.org\/actu\/wp-json\/wp\/v2\/media\/6901"}],"wp:attachment":[{"href":"https:\/\/www.fondationassistanceauxanimaux.org\/actu\/wp-json\/wp\/v2\/media?parent=6897"}],"wp:term":[{"taxonomy":"category","embeddable":true,"href":"https:\/\/www.fondationassistanceauxanimaux.org\/actu\/wp-json\/wp\/v2\/categories?post=6897"},{"taxonomy":"post_tag","embeddable":true,"href":"https:\/\/www.fondationassistanceauxanimaux.org\/actu\/wp-json\/wp\/v2\/tags?post=6897"}],"curies":[{"name":"wp","href":"https:\/\/api.w.org\/{rel}","templated":true}]}}