{"id":6161,"date":"2019-09-13T16:51:18","date_gmt":"2019-09-13T14:51:18","guid":{"rendered":"http:\/\/www.fondationassistanceauxanimaux.org\/actu\/?p=6161"},"modified":"2019-09-13T16:51:18","modified_gmt":"2019-09-13T14:51:18","slug":"ferme-pedagogique-fondationassistanceauxanimaux","status":"publish","type":"post","link":"https:\/\/www.fondationassistanceauxanimaux.org\/actu\/ferme-pedagogique-fondationassistanceauxanimaux-6161\/","title":{"rendered":"La ferme du Hameau de la Reine \u00e0 Versailles est un v\u00e9ritable lieu de rencontre avec la vie.\u00a0"},"content":{"rendered":"<p><b>\u00ab\u00a0Mieux les conna\u00eetre pour mieux les comprendre. Mieux les comprendre pour mieux les aimer. Mieux les aimer pour mieux les prot\u00e9ger.\u00a0\u00bb<\/p>\n<p>La ferme du Hameau de la Reine \u00e0 Versailles, est un v\u00e9ritable lieu de rencontre avec la vie.\u00a0<\/b><\/p>\n<div><b>Ouverte aux classes et centre a\u00e9r\u00e9s depuis 1993, cette ferme permet aux petits citadins de prendre contact avec un milieu rural qui, pour la plupart d\u2019entre eux est une v\u00e9ritable d\u00e9couverte. <\/b><\/div>\n<div><\/div>\n<div><b>N&rsquo;h\u00e9sitez pas \u00e0 nous contacter pour plus d&rsquo;informations !<\/b><\/div>\n","protected":false},"excerpt":{"rendered":"<p>\u00ab\u00a0Mieux les conna\u00eetre pour mieux les comprendre. Mieux les comprendre pour mieux les aimer. Mieux les aimer pour mieux les prot\u00e9ger.\u00a0\u00bb La ferme du Hameau de la Reine \u00e0 Versailles, est un v\u00e9ritable lieu de rencontre avec la vie.\u00a0 Ouverte aux classes et centre a\u00e9r\u00e9s depuis 1993, cette ferme permet aux petits citadins de prendre [&hellip;]<\/p>\n","protected":false},"author":3,"featured_media":6162,"comment_status":"closed","ping_status":"closed","sticky":false,"template":"","format":"standard","meta":{"footnotes":""},"categories":[99],"tags":[],"class_list":["post-6161","post","type-post","status-publish","format-standard","has-post-thumbnail","hentry","category-ferme-pedagogique"],"yoast_head":"<!-- This site is optimized with the Yoast SEO plugin v24.5 - https:\/\/yoast.com\/wordpress\/plugins\/seo\/ -->\n<title>La ferme du Hameau de la Reine \u00e0 Versailles est un v\u00e9ritable lieu de rencontre avec la vie.\u00a0 - Fondation Assistance aux Animaux - Actualit\u00e9s<\/title>\n<meta name=\"robots\" content=\"index, follow, max-snippet:-1, max-image-preview:large, max-video-preview:-1\" \/>\n<link rel=\"canonical\" href=\"https:\/\/www.fondationassistanceauxanimaux.org\/actu\/ferme-pedagogique-fondationassistanceauxanimaux-6161\/\" \/>\n<meta property=\"og:locale\" content=\"fr_FR\" \/>\n<meta property=\"og:type\" content=\"article\" \/>\n<meta property=\"og:title\" content=\"La ferme du Hameau de la Reine \u00e0 Versailles est un v\u00e9ritable lieu de rencontre avec la vie.\u00a0 - Fondation Assistance aux Animaux - Actualit\u00e9s\" \/>\n<meta property=\"og:description\" content=\"\u00ab\u00a0Mieux les conna\u00eetre pour mieux les comprendre. Mieux les comprendre pour mieux les aimer. Mieux les aimer pour mieux les prot\u00e9ger.\u00a0\u00bb La ferme du Hameau de la Reine \u00e0 Versailles, est un v\u00e9ritable lieu de rencontre avec la vie.\u00a0 Ouverte aux classes et centre a\u00e9r\u00e9s depuis 1993, cette ferme permet aux petits citadins de prendre [&hellip;]\" \/>\n<meta property=\"og:url\" content=\"https:\/\/www.fondationassistanceauxanimaux.org\/actu\/ferme-pedagogique-fondationassistanceauxanimaux-6161\/\" \/>\n<meta property=\"og:site_name\" content=\"Fondation Assistance aux Animaux - Actualit\u00e9s\" \/>\n<meta property=\"article:published_time\" content=\"2019-09-13T14:51:18+00:00\" \/>\n<meta property=\"og:image\" content=\"https:\/\/www.fondationassistanceauxanimaux.org\/actu\/wp-content\/uploads\/2019\/09\/69572646_2402892759791063_7752351991447158784_o.jpg\" \/>\n\t<meta property=\"og:image:width\" content=\"1824\" \/>\n\t<meta property=\"og:image:height\" content=\"1368\" \/>\n\t<meta property=\"og:image:type\" content=\"image\/jpeg\" \/>\n<meta name=\"author\" content=\"No\u00e9\" \/>\n<meta name=\"twitter:card\" content=\"summary_large_image\" \/>\n<meta name=\"twitter:label1\" content=\"\u00c9crit par\" \/>\n\t<meta name=\"twitter:data1\" content=\"No\u00e9\" \/>\n<script type=\"application\/ld+json\" class=\"yoast-schema-graph\">{\"@context\":\"https:\/\/schema.org\",\"@graph\":[{\"@type\":\"WebPage\",\"@id\":\"https:\/\/www.fondationassistanceauxanimaux.org\/actu\/ferme-pedagogique-fondationassistanceauxanimaux-6161\/\",\"url\":\"https:\/\/www.fondationassistanceauxanimaux.org\/actu\/ferme-pedagogique-fondationassistanceauxanimaux-6161\/\",\"name\":\"La ferme du Hameau de la Reine \u00e0 Versailles est un v\u00e9ritable lieu de rencontre avec la vie.\u00a0 - Fondation Assistance aux Animaux - Actualit\u00e9s\",\"isPartOf\":{\"@id\":\"https:\/\/www.fondationassistanceauxanimaux.org\/actu\/#website\"},\"primaryImageOfPage\":{\"@id\":\"https:\/\/www.fondationassistanceauxanimaux.org\/actu\/ferme-pedagogique-fondationassistanceauxanimaux-6161\/#primaryimage\"},\"image\":{\"@id\":\"https:\/\/www.fondationassistanceauxanimaux.org\/actu\/ferme-pedagogique-fondationassistanceauxanimaux-6161\/#primaryimage\"},\"thumbnailUrl\":\"https:\/\/www.fondationassistanceauxanimaux.org\/actu\/wp-content\/uploads\/2019\/09\/69572646_2402892759791063_7752351991447158784_o.jpg\",\"datePublished\":\"2019-09-13T14:51:18+00:00\",\"author\":{\"@id\":\"https:\/\/www.fondationassistanceauxanimaux.org\/actu\/#\/schema\/person\/71a8476d98daaea0d71a965c5603e10b\"},\"breadcrumb\":{\"@id\":\"https:\/\/www.fondationassistanceauxanimaux.org\/actu\/ferme-pedagogique-fondationassistanceauxanimaux-6161\/#breadcrumb\"},\"inLanguage\":\"fr-FR\",\"potentialAction\":[{\"@type\":\"ReadAction\",\"target\":[\"https:\/\/www.fondationassistanceauxanimaux.org\/actu\/ferme-pedagogique-fondationassistanceauxanimaux-6161\/\"]}]},{\"@type\":\"ImageObject\",\"inLanguage\":\"fr-FR\",\"@id\":\"https:\/\/www.fondationassistanceauxanimaux.org\/actu\/ferme-pedagogique-fondationassistanceauxanimaux-6161\/#primaryimage\",\"url\":\"https:\/\/www.fondationassistanceauxanimaux.org\/actu\/wp-content\/uploads\/2019\/09\/69572646_2402892759791063_7752351991447158784_o.jpg\",\"contentUrl\":\"https:\/\/www.fondationassistanceauxanimaux.org\/actu\/wp-content\/uploads\/2019\/09\/69572646_2402892759791063_7752351991447158784_o.jpg\",\"width\":1824,\"height\":1368},{\"@type\":\"BreadcrumbList\",\"@id\":\"https:\/\/www.fondationassistanceauxanimaux.org\/actu\/ferme-pedagogique-fondationassistanceauxanimaux-6161\/#breadcrumb\",\"itemListElement\":[{\"@type\":\"ListItem\",\"position\":1,\"name\":\"Accueil\",\"item\":\"https:\/\/www.fondationassistanceauxanimaux.org\/actu\/\"},{\"@type\":\"ListItem\",\"position\":2,\"name\":\"La ferme du Hameau de la Reine \u00e0 Versailles est un v\u00e9ritable lieu de rencontre avec la vie.\u00a0\"}]},{\"@type\":\"WebSite\",\"@id\":\"https:\/\/www.fondationassistanceauxanimaux.org\/actu\/#website\",\"url\":\"https:\/\/www.fondationassistanceauxanimaux.org\/actu\/\",\"name\":\"Fondation Assistance aux Animaux - Actualit\u00e9s\",\"description\":\"Depuis 1930 la Fondation Assistance aux Animaux pour la d\u00e9fense et la protection des animaux maltrait\u00e9s et abandonn\u00e9s\",\"potentialAction\":[{\"@type\":\"SearchAction\",\"target\":{\"@type\":\"EntryPoint\",\"urlTemplate\":\"https:\/\/www.fondationassistanceauxanimaux.org\/actu\/?s={search_term_string}\"},\"query-input\":{\"@type\":\"PropertyValueSpecification\",\"valueRequired\":true,\"valueName\":\"search_term_string\"}}],\"inLanguage\":\"fr-FR\"},{\"@type\":\"Person\",\"@id\":\"https:\/\/www.fondationassistanceauxanimaux.org\/actu\/#\/schema\/person\/71a8476d98daaea0d71a965c5603e10b\",\"name\":\"No\u00e9\",\"image\":{\"@type\":\"ImageObject\",\"inLanguage\":\"fr-FR\",\"@id\":\"https:\/\/www.fondationassistanceauxanimaux.org\/actu\/#\/schema\/person\/image\/\",\"url\":\"https:\/\/secure.gravatar.com\/avatar\/d34cf6c6bd22b3db9c932bc580c4d1ba93c0cda7588a41b59078888ab1e5f007?s=96&d=mm&r=g\",\"contentUrl\":\"https:\/\/secure.gravatar.com\/avatar\/d34cf6c6bd22b3db9c932bc580c4d1ba93c0cda7588a41b59078888ab1e5f007?s=96&d=mm&r=g\",\"caption\":\"No\u00e9\"},\"url\":\"https:\/\/www.fondationassistanceauxanimaux.org\/actu\/author\/anne\/\"}]}<\/script>\n<!-- \/ Yoast SEO plugin. -->","yoast_head_json":{"title":"La ferme du Hameau de la Reine \u00e0 Versailles est un v\u00e9ritable lieu de rencontre avec la vie.\u00a0 - Fondation Assistance aux Animaux - Actualit\u00e9s","robots":{"index":"index","follow":"follow","max-snippet":"max-snippet:-1","max-image-preview":"max-image-preview:large","max-video-preview":"max-video-preview:-1"},"canonical":"https:\/\/www.fondationassistanceauxanimaux.org\/actu\/ferme-pedagogique-fondationassistanceauxanimaux-6161\/","og_locale":"fr_FR","og_type":"article","og_title":"La ferme du Hameau de la Reine \u00e0 Versailles est un v\u00e9ritable lieu de rencontre avec la vie.\u00a0 - Fondation Assistance aux Animaux - Actualit\u00e9s","og_description":"\u00ab\u00a0Mieux les conna\u00eetre pour mieux les comprendre. Mieux les comprendre pour mieux les aimer. Mieux les aimer pour mieux les prot\u00e9ger.\u00a0\u00bb La ferme du Hameau de la Reine \u00e0 Versailles, est un v\u00e9ritable lieu de rencontre avec la vie.\u00a0 Ouverte aux classes et centre a\u00e9r\u00e9s depuis 1993, cette ferme permet aux petits citadins de prendre [&hellip;]","og_url":"https:\/\/www.fondationassistanceauxanimaux.org\/actu\/ferme-pedagogique-fondationassistanceauxanimaux-6161\/","og_site_name":"Fondation Assistance aux Animaux - Actualit\u00e9s","article_published_time":"2019-09-13T14:51:18+00:00","og_image":[{"width":1824,"height":1368,"url":"https:\/\/www.fondationassistanceauxanimaux.org\/actu\/wp-content\/uploads\/2019\/09\/69572646_2402892759791063_7752351991447158784_o.jpg","type":"image\/jpeg"}],"author":"No\u00e9","twitter_card":"summary_large_image","twitter_misc":{"\u00c9crit par":"No\u00e9"},"schema":{"@context":"https:\/\/schema.org","@graph":[{"@type":"WebPage","@id":"https:\/\/www.fondationassistanceauxanimaux.org\/actu\/ferme-pedagogique-fondationassistanceauxanimaux-6161\/","url":"https:\/\/www.fondationassistanceauxanimaux.org\/actu\/ferme-pedagogique-fondationassistanceauxanimaux-6161\/","name":"La ferme du Hameau de la Reine \u00e0 Versailles est un v\u00e9ritable lieu de rencontre avec la vie.\u00a0 - Fondation Assistance aux Animaux - Actualit\u00e9s","isPartOf":{"@id":"https:\/\/www.fondationassistanceauxanimaux.org\/actu\/#website"},"primaryImageOfPage":{"@id":"https:\/\/www.fondationassistanceauxanimaux.org\/actu\/ferme-pedagogique-fondationassistanceauxanimaux-6161\/#primaryimage"},"image":{"@id":"https:\/\/www.fondationassistanceauxanimaux.org\/actu\/ferme-pedagogique-fondationassistanceauxanimaux-6161\/#primaryimage"},"thumbnailUrl":"https:\/\/www.fondationassistanceauxanimaux.org\/actu\/wp-content\/uploads\/2019\/09\/69572646_2402892759791063_7752351991447158784_o.jpg","datePublished":"2019-09-13T14:51:18+00:00","author":{"@id":"https:\/\/www.fondationassistanceauxanimaux.org\/actu\/#\/schema\/person\/71a8476d98daaea0d71a965c5603e10b"},"breadcrumb":{"@id":"https:\/\/www.fondationassistanceauxanimaux.org\/actu\/ferme-pedagogique-fondationassistanceauxanimaux-6161\/#breadcrumb"},"inLanguage":"fr-FR","potentialAction":[{"@type":"ReadAction","target":["https:\/\/www.fondationassistanceauxanimaux.org\/actu\/ferme-pedagogique-fondationassistanceauxanimaux-6161\/"]}]},{"@type":"ImageObject","inLanguage":"fr-FR","@id":"https:\/\/www.fondationassistanceauxanimaux.org\/actu\/ferme-pedagogique-fondationassistanceauxanimaux-6161\/#primaryimage","url":"https:\/\/www.fondationassistanceauxanimaux.org\/actu\/wp-content\/uploads\/2019\/09\/69572646_2402892759791063_7752351991447158784_o.jpg","contentUrl":"https:\/\/www.fondationassistanceauxanimaux.org\/actu\/wp-content\/uploads\/2019\/09\/69572646_2402892759791063_7752351991447158784_o.jpg","width":1824,"height":1368},{"@type":"BreadcrumbList","@id":"https:\/\/www.fondationassistanceauxanimaux.org\/actu\/ferme-pedagogique-fondationassistanceauxanimaux-6161\/#breadcrumb","itemListElement":[{"@type":"ListItem","position":1,"name":"Accueil","item":"https:\/\/www.fondationassistanceauxanimaux.org\/actu\/"},{"@type":"ListItem","position":2,"name":"La ferme du Hameau de la Reine \u00e0 Versailles est un v\u00e9ritable lieu de rencontre avec la vie.\u00a0"}]},{"@type":"WebSite","@id":"https:\/\/www.fondationassistanceauxanimaux.org\/actu\/#website","url":"https:\/\/www.fondationassistanceauxanimaux.org\/actu\/","name":"Fondation Assistance aux Animaux - Actualit\u00e9s","description":"Depuis 1930 la Fondation Assistance aux Animaux pour la d\u00e9fense et la protection des animaux maltrait\u00e9s et abandonn\u00e9s","potentialAction":[{"@type":"SearchAction","target":{"@type":"EntryPoint","urlTemplate":"https:\/\/www.fondationassistanceauxanimaux.org\/actu\/?s={search_term_string}"},"query-input":{"@type":"PropertyValueSpecification","valueRequired":true,"valueName":"search_term_string"}}],"inLanguage":"fr-FR"},{"@type":"Person","@id":"https:\/\/www.fondationassistanceauxanimaux.org\/actu\/#\/schema\/person\/71a8476d98daaea0d71a965c5603e10b","name":"No\u00e9","image":{"@type":"ImageObject","inLanguage":"fr-FR","@id":"https:\/\/www.fondationassistanceauxanimaux.org\/actu\/#\/schema\/person\/image\/","url":"https:\/\/secure.gravatar.com\/avatar\/d34cf6c6bd22b3db9c932bc580c4d1ba93c0cda7588a41b59078888ab1e5f007?s=96&d=mm&r=g","contentUrl":"https:\/\/secure.gravatar.com\/avatar\/d34cf6c6bd22b3db9c932bc580c4d1ba93c0cda7588a41b59078888ab1e5f007?s=96&d=mm&r=g","caption":"No\u00e9"},"url":"https:\/\/www.fondationassistanceauxanimaux.org\/actu\/author\/anne\/"}]}},"_links":{"self":[{"href":"https:\/\/www.fondationassistanceauxanimaux.org\/actu\/wp-json\/wp\/v2\/posts\/6161","targetHints":{"allow":["GET"]}}],"collection":[{"href":"https:\/\/www.fondationassistanceauxanimaux.org\/actu\/wp-json\/wp\/v2\/posts"}],"about":[{"href":"https:\/\/www.fondationassistanceauxanimaux.org\/actu\/wp-json\/wp\/v2\/types\/post"}],"author":[{"embeddable":true,"href":"https:\/\/www.fondationassistanceauxanimaux.org\/actu\/wp-json\/wp\/v2\/users\/3"}],"replies":[{"embeddable":true,"href":"https:\/\/www.fondationassistanceauxanimaux.org\/actu\/wp-json\/wp\/v2\/comments?post=6161"}],"version-history":[{"count":2,"href":"https:\/\/www.fondationassistanceauxanimaux.org\/actu\/wp-json\/wp\/v2\/posts\/6161\/revisions"}],"predecessor-version":[{"id":6164,"href":"https:\/\/www.fondationassistanceauxanimaux.org\/actu\/wp-json\/wp\/v2\/posts\/6161\/revisions\/6164"}],"wp:featuredmedia":[{"embeddable":true,"href":"https:\/\/www.fondationassistanceauxanimaux.org\/actu\/wp-json\/wp\/v2\/media\/6162"}],"wp:attachment":[{"href":"https:\/\/www.fondationassistanceauxanimaux.org\/actu\/wp-json\/wp\/v2\/media?parent=6161"}],"wp:term":[{"taxonomy":"category","embeddable":true,"href":"https:\/\/www.fondationassistanceauxanimaux.org\/actu\/wp-json\/wp\/v2\/categories?post=6161"},{"taxonomy":"post_tag","embeddable":true,"href":"https:\/\/www.fondationassistanceauxanimaux.org\/actu\/wp-json\/wp\/v2\/tags?post=6161"}],"curies":[{"name":"wp","href":"https:\/\/api.w.org\/{rel}","templated":true}]}}