{"id":6000,"date":"2019-08-23T18:54:19","date_gmt":"2019-08-23T16:54:19","guid":{"rendered":"http:\/\/www.fondationassistanceauxanimaux.org\/actu\/?p=6000"},"modified":"2019-08-23T18:57:23","modified_gmt":"2019-08-23T16:57:23","slug":"hommage-tay-chien-carros","status":"publish","type":"post","link":"https:\/\/www.fondationassistanceauxanimaux.org\/actu\/hommage-tay-chien-carros-6000\/","title":{"rendered":"Hommage \u00e0 \u00ab\u00a0Tay\u00a0\u00bb, petit prot\u00e9g\u00e9 du refuge de Carros de la Fondation."},"content":{"rendered":"<div><b>Il vivait dans une caisse de transport au fond d&rsquo;un jardin d&rsquo;une maison en \u00cele-de-France. Ne sortant jamais, enferm\u00e9 22h sur 24h dans sa caisse, \u00ab\u00a0Tay\u00a0\u00bb ne connaissait rien de la vraie vie.<br \/>\n<\/b><\/div>\n<div><b>Nous l&rsquo;avions imm\u00e9diatement saisi \u00e0 son propri\u00e9taire.<br \/>\n<\/b><\/div>\n<div><b>\u00a0<\/b><\/div>\n<div><b>Ne trouvant pas d&rsquo;adoptants, nous avons pris la d\u00e9cision de le transf\u00e9rer dans notre refuge de Carros dans les Alpes Maritimes.\u00a0<\/b><\/div>\n<div><b>C&rsquo;est dans cet \u00e9tablissement qu&rsquo;il s&rsquo;est r\u00e9ellement transform\u00e9 : avec son pass\u00e9 difficile, sans attention ni amour, vivant enferm\u00e9, \u00ab\u00a0Tay\u00a0\u00bb avait d\u00e9velopp\u00e9 une peur de l&rsquo;humain et \u00e9tait craintif.<\/b><\/div>\n<div><b>\u00a0<\/b><\/div>\n<div><b>Entour\u00e9 des animaliers de notre \u00e9quipe, de b\u00e9n\u00e9voles d\u00e9vou\u00e9s, \u00ab\u00a0Tay\u00a0\u00bb \u00e9tait v\u00e9ritablement heureux. Il sortait quotidiennement et allait r\u00e9guli\u00e8rement \u00e0 la rivi\u00e8re avec sa marraine.<\/b><\/div>\n<div><b>\u00a0<\/b><\/div>\n<div><b>\u00ab\u00a0Tay\u00a0\u00bb aimait le sud, \u00ab\u00a0Tay\u00a0\u00bb avait pris sa revanche sur ce pass\u00e9 douloureux. Il ne lui manquait qu&rsquo;une adoption, une famille.<\/b><\/div>\n<div><b>\u00a0<\/b><\/div>\n<div><b>Le sort s&rsquo;est acharn\u00e9 sur lui : \u00ab\u00a0Tay\u00a0\u00bb a \u00e9t\u00e9 touch\u00e9 par un cancer de la rate fulgurant.<\/b><\/div>\n<div><b>Ne mangeant plus, tr\u00e8s faible, il a \u00e9t\u00e9 emmen\u00e9 en urgence chez notre v\u00e9t\u00e9rinaire il y a deux semaines.<\/b><\/div>\n<div><b>\u00a0<\/b><\/div>\n<div><b>Sous cortisone, avec un traitement adapt\u00e9, nous avons essay\u00e9 de le sauver.<\/b><\/div>\n<div><b>15 jours de bonheur avant qu&rsquo;il nous quitte&#8230;<br \/>\n<\/b><\/div>\n<div><b>\u00a0<\/b><\/div>\n<div><b>Gr\u00e2ce \u00e0 la cortisone, \u00ab\u00a0Tay\u00a0\u00bb a retrouv\u00e9 sa forme, son moral.<\/b><\/div>\n<div><b>Notre responsable de refuge l&rsquo;avait chang\u00e9 de box en le pla\u00e7ant en face d&rsquo;elle pour le surveiller de tr\u00e8s pr\u00e8s : \u00ab\u00a0Tay\u00a0\u00bb montrait sa joie de vivre, \u00ab\u00a0Tay\u00a0\u00bb \u00e9tait un battant.<\/b><\/div>\n<div><b>\u00a0<\/b><\/div>\n<div><b>Avec un ballon tout neuf achet\u00e9 sp\u00e9cifiquement pour lui \u00e0 la sortie du v\u00e9t\u00e9rinaire, des petits plats maisons faits avec amour, nous y avons cru jusqu&rsquo;au bout.<\/b><\/div>\n<div><b>\u00a0<\/b><\/div>\n<div><b>C&rsquo;est ce matin, \u00e0 7h, que notre responsable du refuge de Carros a compris.<\/b><\/div>\n<div><b>La cortisone booste un temps mais c&rsquo;est \u00e9ph\u00e9m\u00e8re.<\/b><\/div>\n<div><b>\u00a0<\/b><\/div>\n<div><b>\u00ab\u00a0Tay\u00a0\u00bb ne bougeait plus, ne mangeait plus, ne jouait plus&#8230; il souffrait.<\/b><\/div>\n<div><b>\u00a0<\/b><\/div>\n<div><b>Lui qui r\u00e9veillait les gardiens du refuge \u00e0 5h du matin car il jouait avec son ballon ; lui qui jappait de bonheur lorsque son plat arrivait&#8230; ce matin aucun bruit, il \u00e9tait couch\u00e9 dans son box.<\/b><\/div>\n<div><b>Il n&rsquo;a m\u00eame pas pu avaler son m\u00e9dicament ; entour\u00e9 d&rsquo;habitude par sa friandise pr\u00e9f\u00e9r\u00e9e.<\/b><\/div>\n<div><b>\u00a0<\/b><\/div>\n<div><b>\u00ab\u00a0Tay\u00a0\u00bb est parti. \u00ab\u00a0Tay\u00a0\u00bb nous a quitt\u00e9.<\/b><\/div>\n<div><b>\u00a0<\/b><\/div>\n<div><b>Toutes nos pens\u00e9es vont \u00e0 notre \u00e9quipe du refuge de Carros, \u00e0 sa b\u00e9n\u00e9vole pr\u00e9f\u00e9r\u00e9e B\u00e9a, et sa marraine Nathalie.<\/b><\/div>\n<div><\/div>\n<div><img loading=\"lazy\" decoding=\"async\" class=\"aligncenter size-full wp-image-6001\" src=\"https:\/\/www.fondationassistanceauxanimaux.org\/actu\/wp-content\/uploads\/2019\/08\/69405605_483812275512934_3124336503065411584_n.jpg\" alt=\"\" width=\"1286\" height=\"1234\" srcset=\"https:\/\/www.fondationassistanceauxanimaux.org\/actu\/wp-content\/uploads\/2019\/08\/69405605_483812275512934_3124336503065411584_n.jpg 1286w, https:\/\/www.fondationassistanceauxanimaux.org\/actu\/wp-content\/uploads\/2019\/08\/69405605_483812275512934_3124336503065411584_n-300x288.jpg 300w, https:\/\/www.fondationassistanceauxanimaux.org\/actu\/wp-content\/uploads\/2019\/08\/69405605_483812275512934_3124336503065411584_n-768x737.jpg 768w, https:\/\/www.fondationassistanceauxanimaux.org\/actu\/wp-content\/uploads\/2019\/08\/69405605_483812275512934_3124336503065411584_n-1030x988.jpg 1030w, https:\/\/www.fondationassistanceauxanimaux.org\/actu\/wp-content\/uploads\/2019\/08\/69405605_483812275512934_3124336503065411584_n-36x36.jpg 36w, https:\/\/www.fondationassistanceauxanimaux.org\/actu\/wp-content\/uploads\/2019\/08\/69405605_483812275512934_3124336503065411584_n-705x676.jpg 705w, https:\/\/www.fondationassistanceauxanimaux.org\/actu\/wp-content\/uploads\/2019\/08\/69405605_483812275512934_3124336503065411584_n-450x432.jpg 450w\" sizes=\"auto, (max-width: 1286px) 100vw, 1286px\" \/><\/div>\n<div><\/div>\n<div><img loading=\"lazy\" decoding=\"async\" class=\"aligncenter size-full wp-image-6002\" src=\"https:\/\/www.fondationassistanceauxanimaux.org\/actu\/wp-content\/uploads\/2019\/08\/68789221_399632490575072_8148434154657153024_n.jpg\" alt=\"\" width=\"1296\" height=\"1728\" srcset=\"https:\/\/www.fondationassistanceauxanimaux.org\/actu\/wp-content\/uploads\/2019\/08\/68789221_399632490575072_8148434154657153024_n.jpg 1296w, https:\/\/www.fondationassistanceauxanimaux.org\/actu\/wp-content\/uploads\/2019\/08\/68789221_399632490575072_8148434154657153024_n-225x300.jpg 225w, https:\/\/www.fondationassistanceauxanimaux.org\/actu\/wp-content\/uploads\/2019\/08\/68789221_399632490575072_8148434154657153024_n-768x1024.jpg 768w, https:\/\/www.fondationassistanceauxanimaux.org\/actu\/wp-content\/uploads\/2019\/08\/68789221_399632490575072_8148434154657153024_n-773x1030.jpg 773w, https:\/\/www.fondationassistanceauxanimaux.org\/actu\/wp-content\/uploads\/2019\/08\/68789221_399632490575072_8148434154657153024_n-1125x1500.jpg 1125w, https:\/\/www.fondationassistanceauxanimaux.org\/actu\/wp-content\/uploads\/2019\/08\/68789221_399632490575072_8148434154657153024_n-529x705.jpg 529w, https:\/\/www.fondationassistanceauxanimaux.org\/actu\/wp-content\/uploads\/2019\/08\/68789221_399632490575072_8148434154657153024_n-450x600.jpg 450w\" sizes=\"auto, (max-width: 1296px) 100vw, 1296px\" \/><\/div>\n<div><\/div>\n<div><img loading=\"lazy\" decoding=\"async\" class=\"aligncenter size-full wp-image-6003\" src=\"https:\/\/www.fondationassistanceauxanimaux.org\/actu\/wp-content\/uploads\/2019\/08\/68895950_373189733362916_5740080820232650752_n.jpg\" alt=\"\" width=\"958\" height=\"1216\" srcset=\"https:\/\/www.fondationassistanceauxanimaux.org\/actu\/wp-content\/uploads\/2019\/08\/68895950_373189733362916_5740080820232650752_n.jpg 958w, https:\/\/www.fondationassistanceauxanimaux.org\/actu\/wp-content\/uploads\/2019\/08\/68895950_373189733362916_5740080820232650752_n-236x300.jpg 236w, https:\/\/www.fondationassistanceauxanimaux.org\/actu\/wp-content\/uploads\/2019\/08\/68895950_373189733362916_5740080820232650752_n-768x975.jpg 768w, https:\/\/www.fondationassistanceauxanimaux.org\/actu\/wp-content\/uploads\/2019\/08\/68895950_373189733362916_5740080820232650752_n-811x1030.jpg 811w, https:\/\/www.fondationassistanceauxanimaux.org\/actu\/wp-content\/uploads\/2019\/08\/68895950_373189733362916_5740080820232650752_n-555x705.jpg 555w, https:\/\/www.fondationassistanceauxanimaux.org\/actu\/wp-content\/uploads\/2019\/08\/68895950_373189733362916_5740080820232650752_n-450x571.jpg 450w\" sizes=\"auto, (max-width: 958px) 100vw, 958px\" \/><\/div>\n","protected":false},"excerpt":{"rendered":"<p>Il vivait dans une caisse de transport au fond d&rsquo;un jardin d&rsquo;une maison en \u00cele-de-France. Ne sortant jamais, enferm\u00e9 22h sur 24h dans sa caisse, \u00ab\u00a0Tay\u00a0\u00bb ne connaissait rien de la vraie vie. Nous l&rsquo;avions imm\u00e9diatement saisi \u00e0 son propri\u00e9taire. \u00a0 Ne trouvant pas d&rsquo;adoptants, nous avons pris la d\u00e9cision de le transf\u00e9rer dans notre [&hellip;]<\/p>\n","protected":false},"author":3,"featured_media":6003,"comment_status":"closed","ping_status":"closed","sticky":false,"template":"","format":"standard","meta":{"footnotes":""},"categories":[17],"tags":[],"class_list":["post-6000","post","type-post","status-publish","format-standard","has-post-thumbnail","hentry","category-refuge-de-carros"],"yoast_head":"<!-- This site is optimized with the Yoast SEO plugin v24.5 - https:\/\/yoast.com\/wordpress\/plugins\/seo\/ -->\n<title>Hommage \u00e0 &quot;Tay&quot;, petit prot\u00e9g\u00e9 du refuge de Carros de la Fondation. - Fondation Assistance aux Animaux - Actualit\u00e9s<\/title>\n<meta name=\"robots\" content=\"index, follow, max-snippet:-1, max-image-preview:large, max-video-preview:-1\" \/>\n<link rel=\"canonical\" href=\"https:\/\/www.fondationassistanceauxanimaux.org\/actu\/hommage-tay-chien-carros-6000\/\" \/>\n<meta property=\"og:locale\" content=\"fr_FR\" \/>\n<meta property=\"og:type\" content=\"article\" \/>\n<meta property=\"og:title\" content=\"Hommage \u00e0 &quot;Tay&quot;, petit prot\u00e9g\u00e9 du refuge de Carros de la Fondation. - Fondation Assistance aux Animaux - Actualit\u00e9s\" \/>\n<meta property=\"og:description\" content=\"Il vivait dans une caisse de transport au fond d&rsquo;un jardin d&rsquo;une maison en \u00cele-de-France. Ne sortant jamais, enferm\u00e9 22h sur 24h dans sa caisse, \u00ab\u00a0Tay\u00a0\u00bb ne connaissait rien de la vraie vie. Nous l&rsquo;avions imm\u00e9diatement saisi \u00e0 son propri\u00e9taire. \u00a0 Ne trouvant pas d&rsquo;adoptants, nous avons pris la d\u00e9cision de le transf\u00e9rer dans notre [&hellip;]\" \/>\n<meta property=\"og:url\" content=\"https:\/\/www.fondationassistanceauxanimaux.org\/actu\/hommage-tay-chien-carros-6000\/\" \/>\n<meta property=\"og:site_name\" content=\"Fondation Assistance aux Animaux - Actualit\u00e9s\" \/>\n<meta property=\"article:published_time\" content=\"2019-08-23T16:54:19+00:00\" \/>\n<meta property=\"article:modified_time\" content=\"2019-08-23T16:57:23+00:00\" \/>\n<meta property=\"og:image\" content=\"https:\/\/www.fondationassistanceauxanimaux.org\/actu\/wp-content\/uploads\/2019\/08\/68895950_373189733362916_5740080820232650752_n.jpg\" \/>\n\t<meta property=\"og:image:width\" content=\"958\" \/>\n\t<meta property=\"og:image:height\" content=\"1216\" \/>\n\t<meta property=\"og:image:type\" content=\"image\/jpeg\" \/>\n<meta name=\"author\" content=\"No\u00e9\" \/>\n<meta name=\"twitter:card\" content=\"summary_large_image\" \/>\n<meta name=\"twitter:label1\" content=\"\u00c9crit par\" \/>\n\t<meta name=\"twitter:data1\" content=\"No\u00e9\" \/>\n\t<meta name=\"twitter:label2\" content=\"Dur\u00e9e de lecture estim\u00e9e\" \/>\n\t<meta name=\"twitter:data2\" content=\"2 minutes\" \/>\n<script type=\"application\/ld+json\" class=\"yoast-schema-graph\">{\"@context\":\"https:\/\/schema.org\",\"@graph\":[{\"@type\":\"WebPage\",\"@id\":\"https:\/\/www.fondationassistanceauxanimaux.org\/actu\/hommage-tay-chien-carros-6000\/\",\"url\":\"https:\/\/www.fondationassistanceauxanimaux.org\/actu\/hommage-tay-chien-carros-6000\/\",\"name\":\"Hommage \u00e0 \\\"Tay\\\", petit prot\u00e9g\u00e9 du refuge de Carros de la Fondation. - Fondation Assistance aux Animaux - Actualit\u00e9s\",\"isPartOf\":{\"@id\":\"https:\/\/www.fondationassistanceauxanimaux.org\/actu\/#website\"},\"primaryImageOfPage\":{\"@id\":\"https:\/\/www.fondationassistanceauxanimaux.org\/actu\/hommage-tay-chien-carros-6000\/#primaryimage\"},\"image\":{\"@id\":\"https:\/\/www.fondationassistanceauxanimaux.org\/actu\/hommage-tay-chien-carros-6000\/#primaryimage\"},\"thumbnailUrl\":\"https:\/\/www.fondationassistanceauxanimaux.org\/actu\/wp-content\/uploads\/2019\/08\/68895950_373189733362916_5740080820232650752_n.jpg\",\"datePublished\":\"2019-08-23T16:54:19+00:00\",\"dateModified\":\"2019-08-23T16:57:23+00:00\",\"author\":{\"@id\":\"https:\/\/www.fondationassistanceauxanimaux.org\/actu\/#\/schema\/person\/71a8476d98daaea0d71a965c5603e10b\"},\"breadcrumb\":{\"@id\":\"https:\/\/www.fondationassistanceauxanimaux.org\/actu\/hommage-tay-chien-carros-6000\/#breadcrumb\"},\"inLanguage\":\"fr-FR\",\"potentialAction\":[{\"@type\":\"ReadAction\",\"target\":[\"https:\/\/www.fondationassistanceauxanimaux.org\/actu\/hommage-tay-chien-carros-6000\/\"]}]},{\"@type\":\"ImageObject\",\"inLanguage\":\"fr-FR\",\"@id\":\"https:\/\/www.fondationassistanceauxanimaux.org\/actu\/hommage-tay-chien-carros-6000\/#primaryimage\",\"url\":\"https:\/\/www.fondationassistanceauxanimaux.org\/actu\/wp-content\/uploads\/2019\/08\/68895950_373189733362916_5740080820232650752_n.jpg\",\"contentUrl\":\"https:\/\/www.fondationassistanceauxanimaux.org\/actu\/wp-content\/uploads\/2019\/08\/68895950_373189733362916_5740080820232650752_n.jpg\",\"width\":958,\"height\":1216},{\"@type\":\"BreadcrumbList\",\"@id\":\"https:\/\/www.fondationassistanceauxanimaux.org\/actu\/hommage-tay-chien-carros-6000\/#breadcrumb\",\"itemListElement\":[{\"@type\":\"ListItem\",\"position\":1,\"name\":\"Accueil\",\"item\":\"https:\/\/www.fondationassistanceauxanimaux.org\/actu\/\"},{\"@type\":\"ListItem\",\"position\":2,\"name\":\"Hommage \u00e0 \u00ab\u00a0Tay\u00a0\u00bb, petit prot\u00e9g\u00e9 du refuge de Carros de la Fondation.\"}]},{\"@type\":\"WebSite\",\"@id\":\"https:\/\/www.fondationassistanceauxanimaux.org\/actu\/#website\",\"url\":\"https:\/\/www.fondationassistanceauxanimaux.org\/actu\/\",\"name\":\"Fondation Assistance aux Animaux - Actualit\u00e9s\",\"description\":\"Depuis 1930 la Fondation Assistance aux Animaux pour la d\u00e9fense et la protection des animaux maltrait\u00e9s et abandonn\u00e9s\",\"potentialAction\":[{\"@type\":\"SearchAction\",\"target\":{\"@type\":\"EntryPoint\",\"urlTemplate\":\"https:\/\/www.fondationassistanceauxanimaux.org\/actu\/?s={search_term_string}\"},\"query-input\":{\"@type\":\"PropertyValueSpecification\",\"valueRequired\":true,\"valueName\":\"search_term_string\"}}],\"inLanguage\":\"fr-FR\"},{\"@type\":\"Person\",\"@id\":\"https:\/\/www.fondationassistanceauxanimaux.org\/actu\/#\/schema\/person\/71a8476d98daaea0d71a965c5603e10b\",\"name\":\"No\u00e9\",\"image\":{\"@type\":\"ImageObject\",\"inLanguage\":\"fr-FR\",\"@id\":\"https:\/\/www.fondationassistanceauxanimaux.org\/actu\/#\/schema\/person\/image\/\",\"url\":\"https:\/\/secure.gravatar.com\/avatar\/d34cf6c6bd22b3db9c932bc580c4d1ba93c0cda7588a41b59078888ab1e5f007?s=96&d=mm&r=g\",\"contentUrl\":\"https:\/\/secure.gravatar.com\/avatar\/d34cf6c6bd22b3db9c932bc580c4d1ba93c0cda7588a41b59078888ab1e5f007?s=96&d=mm&r=g\",\"caption\":\"No\u00e9\"},\"url\":\"https:\/\/www.fondationassistanceauxanimaux.org\/actu\/author\/anne\/\"}]}<\/script>\n<!-- \/ Yoast SEO plugin. -->","yoast_head_json":{"title":"Hommage \u00e0 \"Tay\", petit prot\u00e9g\u00e9 du refuge de Carros de la Fondation. - Fondation Assistance aux Animaux - Actualit\u00e9s","robots":{"index":"index","follow":"follow","max-snippet":"max-snippet:-1","max-image-preview":"max-image-preview:large","max-video-preview":"max-video-preview:-1"},"canonical":"https:\/\/www.fondationassistanceauxanimaux.org\/actu\/hommage-tay-chien-carros-6000\/","og_locale":"fr_FR","og_type":"article","og_title":"Hommage \u00e0 \"Tay\", petit prot\u00e9g\u00e9 du refuge de Carros de la Fondation. - Fondation Assistance aux Animaux - Actualit\u00e9s","og_description":"Il vivait dans une caisse de transport au fond d&rsquo;un jardin d&rsquo;une maison en \u00cele-de-France. Ne sortant jamais, enferm\u00e9 22h sur 24h dans sa caisse, \u00ab\u00a0Tay\u00a0\u00bb ne connaissait rien de la vraie vie. Nous l&rsquo;avions imm\u00e9diatement saisi \u00e0 son propri\u00e9taire. \u00a0 Ne trouvant pas d&rsquo;adoptants, nous avons pris la d\u00e9cision de le transf\u00e9rer dans notre [&hellip;]","og_url":"https:\/\/www.fondationassistanceauxanimaux.org\/actu\/hommage-tay-chien-carros-6000\/","og_site_name":"Fondation Assistance aux Animaux - Actualit\u00e9s","article_published_time":"2019-08-23T16:54:19+00:00","article_modified_time":"2019-08-23T16:57:23+00:00","og_image":[{"width":958,"height":1216,"url":"https:\/\/www.fondationassistanceauxanimaux.org\/actu\/wp-content\/uploads\/2019\/08\/68895950_373189733362916_5740080820232650752_n.jpg","type":"image\/jpeg"}],"author":"No\u00e9","twitter_card":"summary_large_image","twitter_misc":{"\u00c9crit par":"No\u00e9","Dur\u00e9e de lecture estim\u00e9e":"2 minutes"},"schema":{"@context":"https:\/\/schema.org","@graph":[{"@type":"WebPage","@id":"https:\/\/www.fondationassistanceauxanimaux.org\/actu\/hommage-tay-chien-carros-6000\/","url":"https:\/\/www.fondationassistanceauxanimaux.org\/actu\/hommage-tay-chien-carros-6000\/","name":"Hommage \u00e0 \"Tay\", petit prot\u00e9g\u00e9 du refuge de Carros de la Fondation. - Fondation Assistance aux Animaux - Actualit\u00e9s","isPartOf":{"@id":"https:\/\/www.fondationassistanceauxanimaux.org\/actu\/#website"},"primaryImageOfPage":{"@id":"https:\/\/www.fondationassistanceauxanimaux.org\/actu\/hommage-tay-chien-carros-6000\/#primaryimage"},"image":{"@id":"https:\/\/www.fondationassistanceauxanimaux.org\/actu\/hommage-tay-chien-carros-6000\/#primaryimage"},"thumbnailUrl":"https:\/\/www.fondationassistanceauxanimaux.org\/actu\/wp-content\/uploads\/2019\/08\/68895950_373189733362916_5740080820232650752_n.jpg","datePublished":"2019-08-23T16:54:19+00:00","dateModified":"2019-08-23T16:57:23+00:00","author":{"@id":"https:\/\/www.fondationassistanceauxanimaux.org\/actu\/#\/schema\/person\/71a8476d98daaea0d71a965c5603e10b"},"breadcrumb":{"@id":"https:\/\/www.fondationassistanceauxanimaux.org\/actu\/hommage-tay-chien-carros-6000\/#breadcrumb"},"inLanguage":"fr-FR","potentialAction":[{"@type":"ReadAction","target":["https:\/\/www.fondationassistanceauxanimaux.org\/actu\/hommage-tay-chien-carros-6000\/"]}]},{"@type":"ImageObject","inLanguage":"fr-FR","@id":"https:\/\/www.fondationassistanceauxanimaux.org\/actu\/hommage-tay-chien-carros-6000\/#primaryimage","url":"https:\/\/www.fondationassistanceauxanimaux.org\/actu\/wp-content\/uploads\/2019\/08\/68895950_373189733362916_5740080820232650752_n.jpg","contentUrl":"https:\/\/www.fondationassistanceauxanimaux.org\/actu\/wp-content\/uploads\/2019\/08\/68895950_373189733362916_5740080820232650752_n.jpg","width":958,"height":1216},{"@type":"BreadcrumbList","@id":"https:\/\/www.fondationassistanceauxanimaux.org\/actu\/hommage-tay-chien-carros-6000\/#breadcrumb","itemListElement":[{"@type":"ListItem","position":1,"name":"Accueil","item":"https:\/\/www.fondationassistanceauxanimaux.org\/actu\/"},{"@type":"ListItem","position":2,"name":"Hommage \u00e0 \u00ab\u00a0Tay\u00a0\u00bb, petit prot\u00e9g\u00e9 du refuge de Carros de la Fondation."}]},{"@type":"WebSite","@id":"https:\/\/www.fondationassistanceauxanimaux.org\/actu\/#website","url":"https:\/\/www.fondationassistanceauxanimaux.org\/actu\/","name":"Fondation Assistance aux Animaux - Actualit\u00e9s","description":"Depuis 1930 la Fondation Assistance aux Animaux pour la d\u00e9fense et la protection des animaux maltrait\u00e9s et abandonn\u00e9s","potentialAction":[{"@type":"SearchAction","target":{"@type":"EntryPoint","urlTemplate":"https:\/\/www.fondationassistanceauxanimaux.org\/actu\/?s={search_term_string}"},"query-input":{"@type":"PropertyValueSpecification","valueRequired":true,"valueName":"search_term_string"}}],"inLanguage":"fr-FR"},{"@type":"Person","@id":"https:\/\/www.fondationassistanceauxanimaux.org\/actu\/#\/schema\/person\/71a8476d98daaea0d71a965c5603e10b","name":"No\u00e9","image":{"@type":"ImageObject","inLanguage":"fr-FR","@id":"https:\/\/www.fondationassistanceauxanimaux.org\/actu\/#\/schema\/person\/image\/","url":"https:\/\/secure.gravatar.com\/avatar\/d34cf6c6bd22b3db9c932bc580c4d1ba93c0cda7588a41b59078888ab1e5f007?s=96&d=mm&r=g","contentUrl":"https:\/\/secure.gravatar.com\/avatar\/d34cf6c6bd22b3db9c932bc580c4d1ba93c0cda7588a41b59078888ab1e5f007?s=96&d=mm&r=g","caption":"No\u00e9"},"url":"https:\/\/www.fondationassistanceauxanimaux.org\/actu\/author\/anne\/"}]}},"_links":{"self":[{"href":"https:\/\/www.fondationassistanceauxanimaux.org\/actu\/wp-json\/wp\/v2\/posts\/6000","targetHints":{"allow":["GET"]}}],"collection":[{"href":"https:\/\/www.fondationassistanceauxanimaux.org\/actu\/wp-json\/wp\/v2\/posts"}],"about":[{"href":"https:\/\/www.fondationassistanceauxanimaux.org\/actu\/wp-json\/wp\/v2\/types\/post"}],"author":[{"embeddable":true,"href":"https:\/\/www.fondationassistanceauxanimaux.org\/actu\/wp-json\/wp\/v2\/users\/3"}],"replies":[{"embeddable":true,"href":"https:\/\/www.fondationassistanceauxanimaux.org\/actu\/wp-json\/wp\/v2\/comments?post=6000"}],"version-history":[{"count":4,"href":"https:\/\/www.fondationassistanceauxanimaux.org\/actu\/wp-json\/wp\/v2\/posts\/6000\/revisions"}],"predecessor-version":[{"id":6005,"href":"https:\/\/www.fondationassistanceauxanimaux.org\/actu\/wp-json\/wp\/v2\/posts\/6000\/revisions\/6005"}],"wp:featuredmedia":[{"embeddable":true,"href":"https:\/\/www.fondationassistanceauxanimaux.org\/actu\/wp-json\/wp\/v2\/media\/6003"}],"wp:attachment":[{"href":"https:\/\/www.fondationassistanceauxanimaux.org\/actu\/wp-json\/wp\/v2\/media?parent=6000"}],"wp:term":[{"taxonomy":"category","embeddable":true,"href":"https:\/\/www.fondationassistanceauxanimaux.org\/actu\/wp-json\/wp\/v2\/categories?post=6000"},{"taxonomy":"post_tag","embeddable":true,"href":"https:\/\/www.fondationassistanceauxanimaux.org\/actu\/wp-json\/wp\/v2\/tags?post=6000"}],"curies":[{"name":"wp","href":"https:\/\/api.w.org\/{rel}","templated":true}]}}