{"id":5919,"date":"2019-08-05T19:56:29","date_gmt":"2019-08-05T17:56:29","guid":{"rendered":"http:\/\/www.fondationassistanceauxanimaux.org\/actu\/?p=5919"},"modified":"2019-08-05T19:56:29","modified_gmt":"2019-08-05T17:56:29","slug":"prematuree-ferme","status":"publish","type":"post","link":"https:\/\/www.fondationassistanceauxanimaux.org\/actu\/prematuree-ferme-5919\/","title":{"rendered":"Prise en charge d&rsquo;une petite pr\u00e9matur\u00e9e d&rsquo;un \u00e9levage laitier."},"content":{"rendered":"<p><b>Une petite pr\u00e9matur\u00e9e d&rsquo;un \u00e9levage laitier a \u00e9t\u00e9 prise en charge par l\u2019\u00e9quipe de notre ferme p\u00e9dagogique. Son \u00e9leveur ne voulait pas la garder et essayait de la sauver.\u00a0<\/b><b><\/b><\/p>\n<div><b>Tr\u00e8s fragile \u00e0 son arriv\u00e9e avant hier, elle a \u00e9t\u00e9 couverte de c\u00e2lins et c\u2019est aujourd\u2019hui qu\u2019elle a fait ses premiers pas.<\/b><\/div>\n<div><\/div>\n<div><img loading=\"lazy\" decoding=\"async\" class=\"aligncenter  wp-image-5922\" src=\"https:\/\/www.fondationassistanceauxanimaux.org\/actu\/wp-content\/uploads\/2019\/08\/unnamed-3.jpg\" alt=\"\" width=\"911\" height=\"683\" srcset=\"https:\/\/www.fondationassistanceauxanimaux.org\/actu\/wp-content\/uploads\/2019\/08\/unnamed-3.jpg 1600w, https:\/\/www.fondationassistanceauxanimaux.org\/actu\/wp-content\/uploads\/2019\/08\/unnamed-3-300x225.jpg 300w, https:\/\/www.fondationassistanceauxanimaux.org\/actu\/wp-content\/uploads\/2019\/08\/unnamed-3-768x576.jpg 768w, https:\/\/www.fondationassistanceauxanimaux.org\/actu\/wp-content\/uploads\/2019\/08\/unnamed-3-1030x773.jpg 1030w, https:\/\/www.fondationassistanceauxanimaux.org\/actu\/wp-content\/uploads\/2019\/08\/unnamed-3-1500x1125.jpg 1500w, https:\/\/www.fondationassistanceauxanimaux.org\/actu\/wp-content\/uploads\/2019\/08\/unnamed-3-705x529.jpg 705w, https:\/\/www.fondationassistanceauxanimaux.org\/actu\/wp-content\/uploads\/2019\/08\/unnamed-3-450x338.jpg 450w\" sizes=\"auto, (max-width: 911px) 100vw, 911px\" \/><\/div>\n<div><\/div>\n<div><img loading=\"lazy\" decoding=\"async\" class=\"aligncenter  wp-image-5924\" src=\"https:\/\/www.fondationassistanceauxanimaux.org\/actu\/wp-content\/uploads\/2019\/08\/unnamed.jpg\" alt=\"\" width=\"932\" height=\"699\" srcset=\"https:\/\/www.fondationassistanceauxanimaux.org\/actu\/wp-content\/uploads\/2019\/08\/unnamed.jpg 1600w, https:\/\/www.fondationassistanceauxanimaux.org\/actu\/wp-content\/uploads\/2019\/08\/unnamed-300x225.jpg 300w, https:\/\/www.fondationassistanceauxanimaux.org\/actu\/wp-content\/uploads\/2019\/08\/unnamed-768x576.jpg 768w, https:\/\/www.fondationassistanceauxanimaux.org\/actu\/wp-content\/uploads\/2019\/08\/unnamed-1030x773.jpg 1030w, https:\/\/www.fondationassistanceauxanimaux.org\/actu\/wp-content\/uploads\/2019\/08\/unnamed-1500x1125.jpg 1500w, https:\/\/www.fondationassistanceauxanimaux.org\/actu\/wp-content\/uploads\/2019\/08\/unnamed-705x529.jpg 705w, https:\/\/www.fondationassistanceauxanimaux.org\/actu\/wp-content\/uploads\/2019\/08\/unnamed-450x338.jpg 450w\" sizes=\"auto, (max-width: 932px) 100vw, 932px\" \/><\/div>\n<div><\/div>\n<div><img loading=\"lazy\" decoding=\"async\" class=\"aligncenter  wp-image-5923\" src=\"https:\/\/www.fondationassistanceauxanimaux.org\/actu\/wp-content\/uploads\/2019\/08\/unnamed-4.jpg\" alt=\"\" width=\"943\" height=\"707\" srcset=\"https:\/\/www.fondationassistanceauxanimaux.org\/actu\/wp-content\/uploads\/2019\/08\/unnamed-4.jpg 1600w, https:\/\/www.fondationassistanceauxanimaux.org\/actu\/wp-content\/uploads\/2019\/08\/unnamed-4-300x225.jpg 300w, https:\/\/www.fondationassistanceauxanimaux.org\/actu\/wp-content\/uploads\/2019\/08\/unnamed-4-768x576.jpg 768w, https:\/\/www.fondationassistanceauxanimaux.org\/actu\/wp-content\/uploads\/2019\/08\/unnamed-4-1030x773.jpg 1030w, https:\/\/www.fondationassistanceauxanimaux.org\/actu\/wp-content\/uploads\/2019\/08\/unnamed-4-1500x1125.jpg 1500w, https:\/\/www.fondationassistanceauxanimaux.org\/actu\/wp-content\/uploads\/2019\/08\/unnamed-4-705x529.jpg 705w, https:\/\/www.fondationassistanceauxanimaux.org\/actu\/wp-content\/uploads\/2019\/08\/unnamed-4-450x338.jpg 450w\" sizes=\"auto, (max-width: 943px) 100vw, 943px\" \/><\/div>\n<div><\/div>\n<div><img loading=\"lazy\" decoding=\"async\" class=\"aligncenter  wp-image-5920\" src=\"https:\/\/www.fondationassistanceauxanimaux.org\/actu\/wp-content\/uploads\/2019\/08\/unnamed-1.jpg\" alt=\"\" width=\"941\" height=\"1255\" srcset=\"https:\/\/www.fondationassistanceauxanimaux.org\/actu\/wp-content\/uploads\/2019\/08\/unnamed-1.jpg 1200w, https:\/\/www.fondationassistanceauxanimaux.org\/actu\/wp-content\/uploads\/2019\/08\/unnamed-1-225x300.jpg 225w, https:\/\/www.fondationassistanceauxanimaux.org\/actu\/wp-content\/uploads\/2019\/08\/unnamed-1-768x1024.jpg 768w, https:\/\/www.fondationassistanceauxanimaux.org\/actu\/wp-content\/uploads\/2019\/08\/unnamed-1-773x1030.jpg 773w, https:\/\/www.fondationassistanceauxanimaux.org\/actu\/wp-content\/uploads\/2019\/08\/unnamed-1-1125x1500.jpg 1125w, https:\/\/www.fondationassistanceauxanimaux.org\/actu\/wp-content\/uploads\/2019\/08\/unnamed-1-529x705.jpg 529w, https:\/\/www.fondationassistanceauxanimaux.org\/actu\/wp-content\/uploads\/2019\/08\/unnamed-1-450x600.jpg 450w\" sizes=\"auto, (max-width: 941px) 100vw, 941px\" \/><\/div>\n","protected":false},"excerpt":{"rendered":"<p>Une petite pr\u00e9matur\u00e9e d&rsquo;un \u00e9levage laitier a \u00e9t\u00e9 prise en charge par l\u2019\u00e9quipe de notre ferme p\u00e9dagogique. Son \u00e9leveur ne voulait pas la garder et essayait de la sauver.\u00a0 Tr\u00e8s fragile \u00e0 son arriv\u00e9e avant hier, elle a \u00e9t\u00e9 couverte de c\u00e2lins et c\u2019est aujourd\u2019hui qu\u2019elle a fait ses premiers pas.<\/p>\n","protected":false},"author":3,"featured_media":5921,"comment_status":"closed","ping_status":"closed","sticky":false,"template":"","format":"standard","meta":{"footnotes":""},"categories":[99],"tags":[],"class_list":["post-5919","post","type-post","status-publish","format-standard","has-post-thumbnail","hentry","category-ferme-pedagogique"],"yoast_head":"<!-- This site is optimized with the Yoast SEO plugin v24.5 - https:\/\/yoast.com\/wordpress\/plugins\/seo\/ -->\n<title>Prise en charge d&#039;une petite pr\u00e9matur\u00e9e d&#039;un \u00e9levage laitier. - Fondation Assistance aux Animaux - Actualit\u00e9s<\/title>\n<meta name=\"robots\" content=\"index, follow, max-snippet:-1, max-image-preview:large, max-video-preview:-1\" \/>\n<link rel=\"canonical\" href=\"https:\/\/www.fondationassistanceauxanimaux.org\/actu\/prematuree-ferme-5919\/\" \/>\n<meta property=\"og:locale\" content=\"fr_FR\" \/>\n<meta property=\"og:type\" content=\"article\" \/>\n<meta property=\"og:title\" content=\"Prise en charge d&#039;une petite pr\u00e9matur\u00e9e d&#039;un \u00e9levage laitier. - Fondation Assistance aux Animaux - Actualit\u00e9s\" \/>\n<meta property=\"og:description\" content=\"Une petite pr\u00e9matur\u00e9e d&rsquo;un \u00e9levage laitier a \u00e9t\u00e9 prise en charge par l\u2019\u00e9quipe de notre ferme p\u00e9dagogique. Son \u00e9leveur ne voulait pas la garder et essayait de la sauver.\u00a0 Tr\u00e8s fragile \u00e0 son arriv\u00e9e avant hier, elle a \u00e9t\u00e9 couverte de c\u00e2lins et c\u2019est aujourd\u2019hui qu\u2019elle a fait ses premiers pas.\" \/>\n<meta property=\"og:url\" content=\"https:\/\/www.fondationassistanceauxanimaux.org\/actu\/prematuree-ferme-5919\/\" \/>\n<meta property=\"og:site_name\" content=\"Fondation Assistance aux Animaux - Actualit\u00e9s\" \/>\n<meta property=\"article:published_time\" content=\"2019-08-05T17:56:29+00:00\" \/>\n<meta property=\"og:image\" content=\"https:\/\/www.fondationassistanceauxanimaux.org\/actu\/wp-content\/uploads\/2019\/08\/unnamed-2.jpg\" \/>\n\t<meta property=\"og:image:width\" content=\"1200\" \/>\n\t<meta property=\"og:image:height\" content=\"900\" \/>\n\t<meta property=\"og:image:type\" content=\"image\/jpeg\" \/>\n<meta name=\"author\" content=\"No\u00e9\" \/>\n<meta name=\"twitter:card\" content=\"summary_large_image\" \/>\n<meta name=\"twitter:label1\" content=\"\u00c9crit par\" \/>\n\t<meta name=\"twitter:data1\" content=\"No\u00e9\" \/>\n<script type=\"application\/ld+json\" class=\"yoast-schema-graph\">{\"@context\":\"https:\/\/schema.org\",\"@graph\":[{\"@type\":\"WebPage\",\"@id\":\"https:\/\/www.fondationassistanceauxanimaux.org\/actu\/prematuree-ferme-5919\/\",\"url\":\"https:\/\/www.fondationassistanceauxanimaux.org\/actu\/prematuree-ferme-5919\/\",\"name\":\"Prise en charge d'une petite pr\u00e9matur\u00e9e d'un \u00e9levage laitier. - Fondation Assistance aux Animaux - Actualit\u00e9s\",\"isPartOf\":{\"@id\":\"https:\/\/www.fondationassistanceauxanimaux.org\/actu\/#website\"},\"primaryImageOfPage\":{\"@id\":\"https:\/\/www.fondationassistanceauxanimaux.org\/actu\/prematuree-ferme-5919\/#primaryimage\"},\"image\":{\"@id\":\"https:\/\/www.fondationassistanceauxanimaux.org\/actu\/prematuree-ferme-5919\/#primaryimage\"},\"thumbnailUrl\":\"https:\/\/www.fondationassistanceauxanimaux.org\/actu\/wp-content\/uploads\/2019\/08\/unnamed-2.jpg\",\"datePublished\":\"2019-08-05T17:56:29+00:00\",\"author\":{\"@id\":\"https:\/\/www.fondationassistanceauxanimaux.org\/actu\/#\/schema\/person\/71a8476d98daaea0d71a965c5603e10b\"},\"breadcrumb\":{\"@id\":\"https:\/\/www.fondationassistanceauxanimaux.org\/actu\/prematuree-ferme-5919\/#breadcrumb\"},\"inLanguage\":\"fr-FR\",\"potentialAction\":[{\"@type\":\"ReadAction\",\"target\":[\"https:\/\/www.fondationassistanceauxanimaux.org\/actu\/prematuree-ferme-5919\/\"]}]},{\"@type\":\"ImageObject\",\"inLanguage\":\"fr-FR\",\"@id\":\"https:\/\/www.fondationassistanceauxanimaux.org\/actu\/prematuree-ferme-5919\/#primaryimage\",\"url\":\"https:\/\/www.fondationassistanceauxanimaux.org\/actu\/wp-content\/uploads\/2019\/08\/unnamed-2.jpg\",\"contentUrl\":\"https:\/\/www.fondationassistanceauxanimaux.org\/actu\/wp-content\/uploads\/2019\/08\/unnamed-2.jpg\",\"width\":1200,\"height\":900},{\"@type\":\"BreadcrumbList\",\"@id\":\"https:\/\/www.fondationassistanceauxanimaux.org\/actu\/prematuree-ferme-5919\/#breadcrumb\",\"itemListElement\":[{\"@type\":\"ListItem\",\"position\":1,\"name\":\"Accueil\",\"item\":\"https:\/\/www.fondationassistanceauxanimaux.org\/actu\/\"},{\"@type\":\"ListItem\",\"position\":2,\"name\":\"Prise en charge d&rsquo;une petite pr\u00e9matur\u00e9e d&rsquo;un \u00e9levage laitier.\"}]},{\"@type\":\"WebSite\",\"@id\":\"https:\/\/www.fondationassistanceauxanimaux.org\/actu\/#website\",\"url\":\"https:\/\/www.fondationassistanceauxanimaux.org\/actu\/\",\"name\":\"Fondation Assistance aux Animaux - Actualit\u00e9s\",\"description\":\"Depuis 1930 la Fondation Assistance aux Animaux pour la d\u00e9fense et la protection des animaux maltrait\u00e9s et abandonn\u00e9s\",\"potentialAction\":[{\"@type\":\"SearchAction\",\"target\":{\"@type\":\"EntryPoint\",\"urlTemplate\":\"https:\/\/www.fondationassistanceauxanimaux.org\/actu\/?s={search_term_string}\"},\"query-input\":{\"@type\":\"PropertyValueSpecification\",\"valueRequired\":true,\"valueName\":\"search_term_string\"}}],\"inLanguage\":\"fr-FR\"},{\"@type\":\"Person\",\"@id\":\"https:\/\/www.fondationassistanceauxanimaux.org\/actu\/#\/schema\/person\/71a8476d98daaea0d71a965c5603e10b\",\"name\":\"No\u00e9\",\"image\":{\"@type\":\"ImageObject\",\"inLanguage\":\"fr-FR\",\"@id\":\"https:\/\/www.fondationassistanceauxanimaux.org\/actu\/#\/schema\/person\/image\/\",\"url\":\"https:\/\/secure.gravatar.com\/avatar\/d34cf6c6bd22b3db9c932bc580c4d1ba93c0cda7588a41b59078888ab1e5f007?s=96&d=mm&r=g\",\"contentUrl\":\"https:\/\/secure.gravatar.com\/avatar\/d34cf6c6bd22b3db9c932bc580c4d1ba93c0cda7588a41b59078888ab1e5f007?s=96&d=mm&r=g\",\"caption\":\"No\u00e9\"},\"url\":\"https:\/\/www.fondationassistanceauxanimaux.org\/actu\/author\/anne\/\"}]}<\/script>\n<!-- \/ Yoast SEO plugin. -->","yoast_head_json":{"title":"Prise en charge d'une petite pr\u00e9matur\u00e9e d'un \u00e9levage laitier. - Fondation Assistance aux Animaux - Actualit\u00e9s","robots":{"index":"index","follow":"follow","max-snippet":"max-snippet:-1","max-image-preview":"max-image-preview:large","max-video-preview":"max-video-preview:-1"},"canonical":"https:\/\/www.fondationassistanceauxanimaux.org\/actu\/prematuree-ferme-5919\/","og_locale":"fr_FR","og_type":"article","og_title":"Prise en charge d'une petite pr\u00e9matur\u00e9e d'un \u00e9levage laitier. - Fondation Assistance aux Animaux - Actualit\u00e9s","og_description":"Une petite pr\u00e9matur\u00e9e d&rsquo;un \u00e9levage laitier a \u00e9t\u00e9 prise en charge par l\u2019\u00e9quipe de notre ferme p\u00e9dagogique. Son \u00e9leveur ne voulait pas la garder et essayait de la sauver.\u00a0 Tr\u00e8s fragile \u00e0 son arriv\u00e9e avant hier, elle a \u00e9t\u00e9 couverte de c\u00e2lins et c\u2019est aujourd\u2019hui qu\u2019elle a fait ses premiers pas.","og_url":"https:\/\/www.fondationassistanceauxanimaux.org\/actu\/prematuree-ferme-5919\/","og_site_name":"Fondation Assistance aux Animaux - Actualit\u00e9s","article_published_time":"2019-08-05T17:56:29+00:00","og_image":[{"width":1200,"height":900,"url":"https:\/\/www.fondationassistanceauxanimaux.org\/actu\/wp-content\/uploads\/2019\/08\/unnamed-2.jpg","type":"image\/jpeg"}],"author":"No\u00e9","twitter_card":"summary_large_image","twitter_misc":{"\u00c9crit par":"No\u00e9"},"schema":{"@context":"https:\/\/schema.org","@graph":[{"@type":"WebPage","@id":"https:\/\/www.fondationassistanceauxanimaux.org\/actu\/prematuree-ferme-5919\/","url":"https:\/\/www.fondationassistanceauxanimaux.org\/actu\/prematuree-ferme-5919\/","name":"Prise en charge d'une petite pr\u00e9matur\u00e9e d'un \u00e9levage laitier. - Fondation Assistance aux Animaux - Actualit\u00e9s","isPartOf":{"@id":"https:\/\/www.fondationassistanceauxanimaux.org\/actu\/#website"},"primaryImageOfPage":{"@id":"https:\/\/www.fondationassistanceauxanimaux.org\/actu\/prematuree-ferme-5919\/#primaryimage"},"image":{"@id":"https:\/\/www.fondationassistanceauxanimaux.org\/actu\/prematuree-ferme-5919\/#primaryimage"},"thumbnailUrl":"https:\/\/www.fondationassistanceauxanimaux.org\/actu\/wp-content\/uploads\/2019\/08\/unnamed-2.jpg","datePublished":"2019-08-05T17:56:29+00:00","author":{"@id":"https:\/\/www.fondationassistanceauxanimaux.org\/actu\/#\/schema\/person\/71a8476d98daaea0d71a965c5603e10b"},"breadcrumb":{"@id":"https:\/\/www.fondationassistanceauxanimaux.org\/actu\/prematuree-ferme-5919\/#breadcrumb"},"inLanguage":"fr-FR","potentialAction":[{"@type":"ReadAction","target":["https:\/\/www.fondationassistanceauxanimaux.org\/actu\/prematuree-ferme-5919\/"]}]},{"@type":"ImageObject","inLanguage":"fr-FR","@id":"https:\/\/www.fondationassistanceauxanimaux.org\/actu\/prematuree-ferme-5919\/#primaryimage","url":"https:\/\/www.fondationassistanceauxanimaux.org\/actu\/wp-content\/uploads\/2019\/08\/unnamed-2.jpg","contentUrl":"https:\/\/www.fondationassistanceauxanimaux.org\/actu\/wp-content\/uploads\/2019\/08\/unnamed-2.jpg","width":1200,"height":900},{"@type":"BreadcrumbList","@id":"https:\/\/www.fondationassistanceauxanimaux.org\/actu\/prematuree-ferme-5919\/#breadcrumb","itemListElement":[{"@type":"ListItem","position":1,"name":"Accueil","item":"https:\/\/www.fondationassistanceauxanimaux.org\/actu\/"},{"@type":"ListItem","position":2,"name":"Prise en charge d&rsquo;une petite pr\u00e9matur\u00e9e d&rsquo;un \u00e9levage laitier."}]},{"@type":"WebSite","@id":"https:\/\/www.fondationassistanceauxanimaux.org\/actu\/#website","url":"https:\/\/www.fondationassistanceauxanimaux.org\/actu\/","name":"Fondation Assistance aux Animaux - Actualit\u00e9s","description":"Depuis 1930 la Fondation Assistance aux Animaux pour la d\u00e9fense et la protection des animaux maltrait\u00e9s et abandonn\u00e9s","potentialAction":[{"@type":"SearchAction","target":{"@type":"EntryPoint","urlTemplate":"https:\/\/www.fondationassistanceauxanimaux.org\/actu\/?s={search_term_string}"},"query-input":{"@type":"PropertyValueSpecification","valueRequired":true,"valueName":"search_term_string"}}],"inLanguage":"fr-FR"},{"@type":"Person","@id":"https:\/\/www.fondationassistanceauxanimaux.org\/actu\/#\/schema\/person\/71a8476d98daaea0d71a965c5603e10b","name":"No\u00e9","image":{"@type":"ImageObject","inLanguage":"fr-FR","@id":"https:\/\/www.fondationassistanceauxanimaux.org\/actu\/#\/schema\/person\/image\/","url":"https:\/\/secure.gravatar.com\/avatar\/d34cf6c6bd22b3db9c932bc580c4d1ba93c0cda7588a41b59078888ab1e5f007?s=96&d=mm&r=g","contentUrl":"https:\/\/secure.gravatar.com\/avatar\/d34cf6c6bd22b3db9c932bc580c4d1ba93c0cda7588a41b59078888ab1e5f007?s=96&d=mm&r=g","caption":"No\u00e9"},"url":"https:\/\/www.fondationassistanceauxanimaux.org\/actu\/author\/anne\/"}]}},"_links":{"self":[{"href":"https:\/\/www.fondationassistanceauxanimaux.org\/actu\/wp-json\/wp\/v2\/posts\/5919","targetHints":{"allow":["GET"]}}],"collection":[{"href":"https:\/\/www.fondationassistanceauxanimaux.org\/actu\/wp-json\/wp\/v2\/posts"}],"about":[{"href":"https:\/\/www.fondationassistanceauxanimaux.org\/actu\/wp-json\/wp\/v2\/types\/post"}],"author":[{"embeddable":true,"href":"https:\/\/www.fondationassistanceauxanimaux.org\/actu\/wp-json\/wp\/v2\/users\/3"}],"replies":[{"embeddable":true,"href":"https:\/\/www.fondationassistanceauxanimaux.org\/actu\/wp-json\/wp\/v2\/comments?post=5919"}],"version-history":[{"count":2,"href":"https:\/\/www.fondationassistanceauxanimaux.org\/actu\/wp-json\/wp\/v2\/posts\/5919\/revisions"}],"predecessor-version":[{"id":5926,"href":"https:\/\/www.fondationassistanceauxanimaux.org\/actu\/wp-json\/wp\/v2\/posts\/5919\/revisions\/5926"}],"wp:featuredmedia":[{"embeddable":true,"href":"https:\/\/www.fondationassistanceauxanimaux.org\/actu\/wp-json\/wp\/v2\/media\/5921"}],"wp:attachment":[{"href":"https:\/\/www.fondationassistanceauxanimaux.org\/actu\/wp-json\/wp\/v2\/media?parent=5919"}],"wp:term":[{"taxonomy":"category","embeddable":true,"href":"https:\/\/www.fondationassistanceauxanimaux.org\/actu\/wp-json\/wp\/v2\/categories?post=5919"},{"taxonomy":"post_tag","embeddable":true,"href":"https:\/\/www.fondationassistanceauxanimaux.org\/actu\/wp-json\/wp\/v2\/tags?post=5919"}],"curies":[{"name":"wp","href":"https:\/\/api.w.org\/{rel}","templated":true}]}}