{"id":5913,"date":"2019-07-31T19:04:14","date_gmt":"2019-07-31T17:04:14","guid":{"rendered":"http:\/\/www.fondationassistanceauxanimaux.org\/actu\/?p=5913"},"modified":"2019-07-31T19:07:41","modified_gmt":"2019-07-31T17:07:41","slug":"vulka","status":"publish","type":"post","link":"https:\/\/www.fondationassistanceauxanimaux.org\/actu\/vulka-5913\/","title":{"rendered":"Hommage \u00e0 \u00ab\u00a0Vulka\u00a0\u00bb, chienne du refuge de Villevaud\u00e9."},"content":{"rendered":"<div><b>Utilis\u00e9e comme un outil de travail pour la s\u00e9curit\u00e9, la jeunesse de \u00ab\u00a0Vulka\u00a0\u00bb a \u00e9t\u00e9 compliqu\u00e9e.<\/b><\/div>\n<div><b>Cette chienne vivait dans des conditions d\u00e9plorables, sans la moindre marque d&rsquo;affection de son propri\u00e9taire.<\/b><\/div>\n<div><\/div>\n<div><b>Saisie par la Fondation Assistance aux Animaux, elle avait \u00e9t\u00e9 prise en charge par notre refuge de Villevaud\u00e9.<\/b><\/div>\n<div><b>\u00a0<\/b><\/div>\n<div>\n<div><b>Martine, la responsable de l&rsquo;\u00e9tablissement, a rapidement li\u00e9 de forts liens avec cette chienne au pass\u00e9 compliqu\u00e9.<\/b><\/div>\n<\/div>\n<div><b>En 2010, apr\u00e8s 3 ans de vie en box \u00e0 attendre une famille, elle a d\u00e9cid\u00e9 de l&rsquo;adopter.\u00a0<\/b><\/div>\n<div><b>\u00a0<\/b><\/div>\n<div><b>9 ans de partage, de tendresse et de complicit\u00e9.<\/b><\/div>\n<div><b>&lsquo;Vulka\u00a0\u00bb, en fid\u00e8le amie, l&rsquo;accompagnait tous les jours au bureau et dans tous ses d\u00e9placements.<\/b><\/div>\n<div><b>\u00a0<\/b><\/div>\n<div><b>Nombreux sont les salari\u00e9s et b\u00e9n\u00e9voles de la Fondation qui ont \u00e9t\u00e9 attrist\u00e9s par cette nouvelle : \u00ab\u00a0Vulka\u00a0\u00bb<\/b><b>\u00a0s&rsquo;est \u00e9teinte avant hier \u00e0 l&rsquo;\u00e2ge de 15 ans. <\/b><\/div>\n<div><b>Tout le monde connaissait \u00ab\u00a0Vulka\u00a0\u00bb comme en t\u00e9moigne la vid\u00e9o publi\u00e9e sur la page Facebook du refuge que nous vous partageons.<\/b><\/div>\n<div><b>\u00a0<\/b><\/div>\n<div><b>Toutes nos pens\u00e9es vont \u00e0 notre \u00e9quipe de Seine-et-Marne et plus particuli\u00e8rement \u00e0 Martine.<\/b><\/div>\n<div><b>\u00ab\u00a0Vulka\u00a0\u00bb sera toujours avec nous !<\/b><\/div>\n<div><\/div>\n<div>\n<div id=\"fb-root\"><\/div>\n<p><script async=\"1\" defer=\"1\" crossorigin=\"anonymous\" src=\"https:\/\/connect.facebook.net\/fr_FR\/sdk.js#xfbml=1&amp;version=v4.0\"><\/script><\/p>\n<div class=\"fb-video\" data-href=\"https:\/\/www.facebook.com\/RefugeDeVillevaudeFAAofficiel\/videos\/924213311291970\/\" data-width=\"1500\">\n<blockquote cite=\"https:\/\/www.facebook.com\/RefugeDeVillevaudeFAAofficiel\/videos\/924213311291970\/\" class=\"fb-xfbml-parse-ignore\"><p><a href=\"https:\/\/www.facebook.com\/RefugeDeVillevaudeFAAofficiel\/videos\/924213311291970\/\"><\/a><\/p>\n<p>\ud83d\udd6f\ufe0fHommage\ud83d\udd6f\ufe0fVulka a rejoint les \u00e9toiles \u2728 aujourd&#039;hui \ud83d\ude22.\ud83d\udc3eToi, Vuvu, si pleine de vie, amoureuse des balles et championne du tir \u00e0 la corde \u00e0 15 ans.\u2764\ufe0f\ud83d\udc3eToi, Vuvu qui nous accueillait chaque jour pour recevoir le maximum de c\u00e2lins, jamais rassasi\u00e9e \ud83d\udc9e\ud83d\udc3eToi, Vuvu qui pouvait confondre nos doigts avec un morceau de saucisse mais toujours pardonn\u00e9e \ud83d\ude18\u2728Nos pens\u00e9es se tournent vers Martine&#8230; 9 ans de complicit\u00e9 et d&#039;amour partag\u00e9s avec Jedi, ta s\u0153ur de c\u0153ur \ud83d\udc99Tu n&#039;es pas seule, Lady est s\u00fbrement avec toi.Nous pleurons ton absence mais chaque recoin et piece sont remplis de ton \u00e2me \ud83d\udc36 et tu continues de vivre \ud83d\ude4f toujours pr\u00e9sente en nous \ud83d\udc96\u2728Bon dernier voyage Vuvu\ud83d\ude18 au revoir \ud83d\udc94<\/p>\n<p>Publi\u00e9e par <a href=\"https:\/\/www.facebook.com\/RefugeDeVillevaudeFAAofficiel\/\">Refuge de Villevaud\u00e9 &#8211; Fondation Assistance aux Animaux<\/a> sur Mardi 30 juillet 2019<\/p><\/blockquote>\n<\/div>\n<\/div>\n<div><\/div>\n","protected":false},"excerpt":{"rendered":"<p>Utilis\u00e9e comme un outil de travail pour la s\u00e9curit\u00e9, la jeunesse de \u00ab\u00a0Vulka\u00a0\u00bb a \u00e9t\u00e9 compliqu\u00e9e. Cette chienne vivait dans des conditions d\u00e9plorables, sans la moindre marque d&rsquo;affection de son propri\u00e9taire. Saisie par la Fondation Assistance aux Animaux, elle avait \u00e9t\u00e9 prise en charge par notre refuge de Villevaud\u00e9. \u00a0 Martine, la responsable de l&rsquo;\u00e9tablissement, [&hellip;]<\/p>\n","protected":false},"author":3,"featured_media":5918,"comment_status":"closed","ping_status":"closed","sticky":false,"template":"","format":"standard","meta":{"footnotes":""},"categories":[20],"tags":[],"class_list":["post-5913","post","type-post","status-publish","format-standard","has-post-thumbnail","hentry","category-refuge-de-villevaude"],"yoast_head":"<!-- This site is optimized with the Yoast SEO plugin v24.5 - https:\/\/yoast.com\/wordpress\/plugins\/seo\/ -->\n<title>Hommage \u00e0 &quot;Vulka&quot;, chienne du refuge de Villevaud\u00e9. - Fondation Assistance aux Animaux - Actualit\u00e9s<\/title>\n<meta name=\"robots\" content=\"index, follow, max-snippet:-1, max-image-preview:large, max-video-preview:-1\" \/>\n<link rel=\"canonical\" href=\"https:\/\/www.fondationassistanceauxanimaux.org\/actu\/vulka-5913\/\" \/>\n<meta property=\"og:locale\" content=\"fr_FR\" \/>\n<meta property=\"og:type\" content=\"article\" \/>\n<meta property=\"og:title\" content=\"Hommage \u00e0 &quot;Vulka&quot;, chienne du refuge de Villevaud\u00e9. - Fondation Assistance aux Animaux - Actualit\u00e9s\" \/>\n<meta property=\"og:description\" content=\"Utilis\u00e9e comme un outil de travail pour la s\u00e9curit\u00e9, la jeunesse de \u00ab\u00a0Vulka\u00a0\u00bb a \u00e9t\u00e9 compliqu\u00e9e. Cette chienne vivait dans des conditions d\u00e9plorables, sans la moindre marque d&rsquo;affection de son propri\u00e9taire. Saisie par la Fondation Assistance aux Animaux, elle avait \u00e9t\u00e9 prise en charge par notre refuge de Villevaud\u00e9. \u00a0 Martine, la responsable de l&rsquo;\u00e9tablissement, [&hellip;]\" \/>\n<meta property=\"og:url\" content=\"https:\/\/www.fondationassistanceauxanimaux.org\/actu\/vulka-5913\/\" \/>\n<meta property=\"og:site_name\" content=\"Fondation Assistance aux Animaux - Actualit\u00e9s\" \/>\n<meta property=\"article:published_time\" content=\"2019-07-31T17:04:14+00:00\" \/>\n<meta property=\"article:modified_time\" content=\"2019-07-31T17:07:41+00:00\" \/>\n<meta property=\"og:image\" content=\"https:\/\/www.fondationassistanceauxanimaux.org\/actu\/wp-content\/uploads\/2019\/07\/IMG_0432-1.jpg\" \/>\n\t<meta property=\"og:image:width\" content=\"754\" \/>\n\t<meta property=\"og:image:height\" content=\"753\" \/>\n\t<meta property=\"og:image:type\" content=\"image\/jpeg\" \/>\n<meta name=\"author\" content=\"No\u00e9\" \/>\n<meta name=\"twitter:card\" content=\"summary_large_image\" \/>\n<meta name=\"twitter:label1\" content=\"\u00c9crit par\" \/>\n\t<meta name=\"twitter:data1\" content=\"No\u00e9\" \/>\n\t<meta name=\"twitter:label2\" content=\"Dur\u00e9e de lecture estim\u00e9e\" \/>\n\t<meta name=\"twitter:data2\" content=\"1 minute\" \/>\n<script type=\"application\/ld+json\" class=\"yoast-schema-graph\">{\"@context\":\"https:\/\/schema.org\",\"@graph\":[{\"@type\":\"WebPage\",\"@id\":\"https:\/\/www.fondationassistanceauxanimaux.org\/actu\/vulka-5913\/\",\"url\":\"https:\/\/www.fondationassistanceauxanimaux.org\/actu\/vulka-5913\/\",\"name\":\"Hommage \u00e0 \\\"Vulka\\\", chienne du refuge de Villevaud\u00e9. - Fondation Assistance aux Animaux - Actualit\u00e9s\",\"isPartOf\":{\"@id\":\"https:\/\/www.fondationassistanceauxanimaux.org\/actu\/#website\"},\"primaryImageOfPage\":{\"@id\":\"https:\/\/www.fondationassistanceauxanimaux.org\/actu\/vulka-5913\/#primaryimage\"},\"image\":{\"@id\":\"https:\/\/www.fondationassistanceauxanimaux.org\/actu\/vulka-5913\/#primaryimage\"},\"thumbnailUrl\":\"https:\/\/www.fondationassistanceauxanimaux.org\/actu\/wp-content\/uploads\/2019\/07\/IMG_0432-1.jpg\",\"datePublished\":\"2019-07-31T17:04:14+00:00\",\"dateModified\":\"2019-07-31T17:07:41+00:00\",\"author\":{\"@id\":\"https:\/\/www.fondationassistanceauxanimaux.org\/actu\/#\/schema\/person\/71a8476d98daaea0d71a965c5603e10b\"},\"breadcrumb\":{\"@id\":\"https:\/\/www.fondationassistanceauxanimaux.org\/actu\/vulka-5913\/#breadcrumb\"},\"inLanguage\":\"fr-FR\",\"potentialAction\":[{\"@type\":\"ReadAction\",\"target\":[\"https:\/\/www.fondationassistanceauxanimaux.org\/actu\/vulka-5913\/\"]}]},{\"@type\":\"ImageObject\",\"inLanguage\":\"fr-FR\",\"@id\":\"https:\/\/www.fondationassistanceauxanimaux.org\/actu\/vulka-5913\/#primaryimage\",\"url\":\"https:\/\/www.fondationassistanceauxanimaux.org\/actu\/wp-content\/uploads\/2019\/07\/IMG_0432-1.jpg\",\"contentUrl\":\"https:\/\/www.fondationassistanceauxanimaux.org\/actu\/wp-content\/uploads\/2019\/07\/IMG_0432-1.jpg\",\"width\":754,\"height\":753},{\"@type\":\"BreadcrumbList\",\"@id\":\"https:\/\/www.fondationassistanceauxanimaux.org\/actu\/vulka-5913\/#breadcrumb\",\"itemListElement\":[{\"@type\":\"ListItem\",\"position\":1,\"name\":\"Accueil\",\"item\":\"https:\/\/www.fondationassistanceauxanimaux.org\/actu\/\"},{\"@type\":\"ListItem\",\"position\":2,\"name\":\"Hommage \u00e0 \u00ab\u00a0Vulka\u00a0\u00bb, chienne du refuge de Villevaud\u00e9.\"}]},{\"@type\":\"WebSite\",\"@id\":\"https:\/\/www.fondationassistanceauxanimaux.org\/actu\/#website\",\"url\":\"https:\/\/www.fondationassistanceauxanimaux.org\/actu\/\",\"name\":\"Fondation Assistance aux Animaux - Actualit\u00e9s\",\"description\":\"Depuis 1930 la Fondation Assistance aux Animaux pour la d\u00e9fense et la protection des animaux maltrait\u00e9s et abandonn\u00e9s\",\"potentialAction\":[{\"@type\":\"SearchAction\",\"target\":{\"@type\":\"EntryPoint\",\"urlTemplate\":\"https:\/\/www.fondationassistanceauxanimaux.org\/actu\/?s={search_term_string}\"},\"query-input\":{\"@type\":\"PropertyValueSpecification\",\"valueRequired\":true,\"valueName\":\"search_term_string\"}}],\"inLanguage\":\"fr-FR\"},{\"@type\":\"Person\",\"@id\":\"https:\/\/www.fondationassistanceauxanimaux.org\/actu\/#\/schema\/person\/71a8476d98daaea0d71a965c5603e10b\",\"name\":\"No\u00e9\",\"image\":{\"@type\":\"ImageObject\",\"inLanguage\":\"fr-FR\",\"@id\":\"https:\/\/www.fondationassistanceauxanimaux.org\/actu\/#\/schema\/person\/image\/\",\"url\":\"https:\/\/secure.gravatar.com\/avatar\/d34cf6c6bd22b3db9c932bc580c4d1ba93c0cda7588a41b59078888ab1e5f007?s=96&d=mm&r=g\",\"contentUrl\":\"https:\/\/secure.gravatar.com\/avatar\/d34cf6c6bd22b3db9c932bc580c4d1ba93c0cda7588a41b59078888ab1e5f007?s=96&d=mm&r=g\",\"caption\":\"No\u00e9\"},\"url\":\"https:\/\/www.fondationassistanceauxanimaux.org\/actu\/author\/anne\/\"}]}<\/script>\n<!-- \/ Yoast SEO plugin. -->","yoast_head_json":{"title":"Hommage \u00e0 \"Vulka\", chienne du refuge de Villevaud\u00e9. - Fondation Assistance aux Animaux - Actualit\u00e9s","robots":{"index":"index","follow":"follow","max-snippet":"max-snippet:-1","max-image-preview":"max-image-preview:large","max-video-preview":"max-video-preview:-1"},"canonical":"https:\/\/www.fondationassistanceauxanimaux.org\/actu\/vulka-5913\/","og_locale":"fr_FR","og_type":"article","og_title":"Hommage \u00e0 \"Vulka\", chienne du refuge de Villevaud\u00e9. - Fondation Assistance aux Animaux - Actualit\u00e9s","og_description":"Utilis\u00e9e comme un outil de travail pour la s\u00e9curit\u00e9, la jeunesse de \u00ab\u00a0Vulka\u00a0\u00bb a \u00e9t\u00e9 compliqu\u00e9e. Cette chienne vivait dans des conditions d\u00e9plorables, sans la moindre marque d&rsquo;affection de son propri\u00e9taire. Saisie par la Fondation Assistance aux Animaux, elle avait \u00e9t\u00e9 prise en charge par notre refuge de Villevaud\u00e9. \u00a0 Martine, la responsable de l&rsquo;\u00e9tablissement, [&hellip;]","og_url":"https:\/\/www.fondationassistanceauxanimaux.org\/actu\/vulka-5913\/","og_site_name":"Fondation Assistance aux Animaux - Actualit\u00e9s","article_published_time":"2019-07-31T17:04:14+00:00","article_modified_time":"2019-07-31T17:07:41+00:00","og_image":[{"width":754,"height":753,"url":"https:\/\/www.fondationassistanceauxanimaux.org\/actu\/wp-content\/uploads\/2019\/07\/IMG_0432-1.jpg","type":"image\/jpeg"}],"author":"No\u00e9","twitter_card":"summary_large_image","twitter_misc":{"\u00c9crit par":"No\u00e9","Dur\u00e9e de lecture estim\u00e9e":"1 minute"},"schema":{"@context":"https:\/\/schema.org","@graph":[{"@type":"WebPage","@id":"https:\/\/www.fondationassistanceauxanimaux.org\/actu\/vulka-5913\/","url":"https:\/\/www.fondationassistanceauxanimaux.org\/actu\/vulka-5913\/","name":"Hommage \u00e0 \"Vulka\", chienne du refuge de Villevaud\u00e9. - Fondation Assistance aux Animaux - Actualit\u00e9s","isPartOf":{"@id":"https:\/\/www.fondationassistanceauxanimaux.org\/actu\/#website"},"primaryImageOfPage":{"@id":"https:\/\/www.fondationassistanceauxanimaux.org\/actu\/vulka-5913\/#primaryimage"},"image":{"@id":"https:\/\/www.fondationassistanceauxanimaux.org\/actu\/vulka-5913\/#primaryimage"},"thumbnailUrl":"https:\/\/www.fondationassistanceauxanimaux.org\/actu\/wp-content\/uploads\/2019\/07\/IMG_0432-1.jpg","datePublished":"2019-07-31T17:04:14+00:00","dateModified":"2019-07-31T17:07:41+00:00","author":{"@id":"https:\/\/www.fondationassistanceauxanimaux.org\/actu\/#\/schema\/person\/71a8476d98daaea0d71a965c5603e10b"},"breadcrumb":{"@id":"https:\/\/www.fondationassistanceauxanimaux.org\/actu\/vulka-5913\/#breadcrumb"},"inLanguage":"fr-FR","potentialAction":[{"@type":"ReadAction","target":["https:\/\/www.fondationassistanceauxanimaux.org\/actu\/vulka-5913\/"]}]},{"@type":"ImageObject","inLanguage":"fr-FR","@id":"https:\/\/www.fondationassistanceauxanimaux.org\/actu\/vulka-5913\/#primaryimage","url":"https:\/\/www.fondationassistanceauxanimaux.org\/actu\/wp-content\/uploads\/2019\/07\/IMG_0432-1.jpg","contentUrl":"https:\/\/www.fondationassistanceauxanimaux.org\/actu\/wp-content\/uploads\/2019\/07\/IMG_0432-1.jpg","width":754,"height":753},{"@type":"BreadcrumbList","@id":"https:\/\/www.fondationassistanceauxanimaux.org\/actu\/vulka-5913\/#breadcrumb","itemListElement":[{"@type":"ListItem","position":1,"name":"Accueil","item":"https:\/\/www.fondationassistanceauxanimaux.org\/actu\/"},{"@type":"ListItem","position":2,"name":"Hommage \u00e0 \u00ab\u00a0Vulka\u00a0\u00bb, chienne du refuge de Villevaud\u00e9."}]},{"@type":"WebSite","@id":"https:\/\/www.fondationassistanceauxanimaux.org\/actu\/#website","url":"https:\/\/www.fondationassistanceauxanimaux.org\/actu\/","name":"Fondation Assistance aux Animaux - Actualit\u00e9s","description":"Depuis 1930 la Fondation Assistance aux Animaux pour la d\u00e9fense et la protection des animaux maltrait\u00e9s et abandonn\u00e9s","potentialAction":[{"@type":"SearchAction","target":{"@type":"EntryPoint","urlTemplate":"https:\/\/www.fondationassistanceauxanimaux.org\/actu\/?s={search_term_string}"},"query-input":{"@type":"PropertyValueSpecification","valueRequired":true,"valueName":"search_term_string"}}],"inLanguage":"fr-FR"},{"@type":"Person","@id":"https:\/\/www.fondationassistanceauxanimaux.org\/actu\/#\/schema\/person\/71a8476d98daaea0d71a965c5603e10b","name":"No\u00e9","image":{"@type":"ImageObject","inLanguage":"fr-FR","@id":"https:\/\/www.fondationassistanceauxanimaux.org\/actu\/#\/schema\/person\/image\/","url":"https:\/\/secure.gravatar.com\/avatar\/d34cf6c6bd22b3db9c932bc580c4d1ba93c0cda7588a41b59078888ab1e5f007?s=96&d=mm&r=g","contentUrl":"https:\/\/secure.gravatar.com\/avatar\/d34cf6c6bd22b3db9c932bc580c4d1ba93c0cda7588a41b59078888ab1e5f007?s=96&d=mm&r=g","caption":"No\u00e9"},"url":"https:\/\/www.fondationassistanceauxanimaux.org\/actu\/author\/anne\/"}]}},"_links":{"self":[{"href":"https:\/\/www.fondationassistanceauxanimaux.org\/actu\/wp-json\/wp\/v2\/posts\/5913","targetHints":{"allow":["GET"]}}],"collection":[{"href":"https:\/\/www.fondationassistanceauxanimaux.org\/actu\/wp-json\/wp\/v2\/posts"}],"about":[{"href":"https:\/\/www.fondationassistanceauxanimaux.org\/actu\/wp-json\/wp\/v2\/types\/post"}],"author":[{"embeddable":true,"href":"https:\/\/www.fondationassistanceauxanimaux.org\/actu\/wp-json\/wp\/v2\/users\/3"}],"replies":[{"embeddable":true,"href":"https:\/\/www.fondationassistanceauxanimaux.org\/actu\/wp-json\/wp\/v2\/comments?post=5913"}],"version-history":[{"count":2,"href":"https:\/\/www.fondationassistanceauxanimaux.org\/actu\/wp-json\/wp\/v2\/posts\/5913\/revisions"}],"predecessor-version":[{"id":5917,"href":"https:\/\/www.fondationassistanceauxanimaux.org\/actu\/wp-json\/wp\/v2\/posts\/5913\/revisions\/5917"}],"wp:featuredmedia":[{"embeddable":true,"href":"https:\/\/www.fondationassistanceauxanimaux.org\/actu\/wp-json\/wp\/v2\/media\/5918"}],"wp:attachment":[{"href":"https:\/\/www.fondationassistanceauxanimaux.org\/actu\/wp-json\/wp\/v2\/media?parent=5913"}],"wp:term":[{"taxonomy":"category","embeddable":true,"href":"https:\/\/www.fondationassistanceauxanimaux.org\/actu\/wp-json\/wp\/v2\/categories?post=5913"},{"taxonomy":"post_tag","embeddable":true,"href":"https:\/\/www.fondationassistanceauxanimaux.org\/actu\/wp-json\/wp\/v2\/tags?post=5913"}],"curies":[{"name":"wp","href":"https:\/\/api.w.org\/{rel}","templated":true}]}}