{"id":5649,"date":"2019-07-08T11:34:13","date_gmt":"2019-07-08T09:34:13","guid":{"rendered":"http:\/\/www.fondationassistanceauxanimaux.org\/actu\/?p=5649"},"modified":"2019-07-08T11:36:24","modified_gmt":"2019-07-08T09:36:24","slug":"bienetre-faunesauvagecaptive","status":"publish","type":"post","link":"https:\/\/www.fondationassistanceauxanimaux.org\/actu\/bienetre-faunesauvagecaptive-5649\/","title":{"rendered":"Communiqu\u00e9 : groupes de travail sur le bien-\u00eatre de la faune sauvage captive."},"content":{"rendered":"<div><b>Face a\u0300 l\u2019impossibilite\u0301 absolue de satisfaire les besoins physiologiques et comportementaux des animaux sauvages en captivite\u0301, nous r\u00e9clamons une interdiction de de\u0301tention des animaux sauvages dans les cirques et les delphinariums, ainsi que l\u2019interdiction des e\u0301levages de visons destine\u0301s a\u0300 la fourrure !<\/b><\/div>\n<div><\/div>\n<div><img loading=\"lazy\" decoding=\"async\" class=\"aligncenter size-full wp-image-5650\" src=\"https:\/\/www.fondationassistanceauxanimaux.org\/actu\/wp-content\/uploads\/2019\/07\/Capture-d\u2019e\u0301cran-2019-07-08-a\u0300-10.55.52.png\" alt=\"\" width=\"1320\" height=\"1830\" srcset=\"https:\/\/www.fondationassistanceauxanimaux.org\/actu\/wp-content\/uploads\/2019\/07\/Capture-d\u2019e\u0301cran-2019-07-08-a\u0300-10.55.52.png 1320w, https:\/\/www.fondationassistanceauxanimaux.org\/actu\/wp-content\/uploads\/2019\/07\/Capture-d\u2019e\u0301cran-2019-07-08-a\u0300-10.55.52-216x300.png 216w, https:\/\/www.fondationassistanceauxanimaux.org\/actu\/wp-content\/uploads\/2019\/07\/Capture-d\u2019e\u0301cran-2019-07-08-a\u0300-10.55.52-768x1065.png 768w, https:\/\/www.fondationassistanceauxanimaux.org\/actu\/wp-content\/uploads\/2019\/07\/Capture-d\u2019e\u0301cran-2019-07-08-a\u0300-10.55.52-743x1030.png 743w, https:\/\/www.fondationassistanceauxanimaux.org\/actu\/wp-content\/uploads\/2019\/07\/Capture-d\u2019e\u0301cran-2019-07-08-a\u0300-10.55.52-1082x1500.png 1082w, https:\/\/www.fondationassistanceauxanimaux.org\/actu\/wp-content\/uploads\/2019\/07\/Capture-d\u2019e\u0301cran-2019-07-08-a\u0300-10.55.52-509x705.png 509w, https:\/\/www.fondationassistanceauxanimaux.org\/actu\/wp-content\/uploads\/2019\/07\/Capture-d\u2019e\u0301cran-2019-07-08-a\u0300-10.55.52-450x624.png 450w\" sizes=\"auto, (max-width: 1320px) 100vw, 1320px\" \/><\/div>\n<div><\/div>\n<div><img loading=\"lazy\" decoding=\"async\" class=\"aligncenter size-full wp-image-5651\" src=\"https:\/\/www.fondationassistanceauxanimaux.org\/actu\/wp-content\/uploads\/2019\/07\/Capture-d\u2019e\u0301cran-2019-07-08-a\u0300-10.56.06.png\" alt=\"\" width=\"1308\" height=\"1848\" srcset=\"https:\/\/www.fondationassistanceauxanimaux.org\/actu\/wp-content\/uploads\/2019\/07\/Capture-d\u2019e\u0301cran-2019-07-08-a\u0300-10.56.06.png 1308w, https:\/\/www.fondationassistanceauxanimaux.org\/actu\/wp-content\/uploads\/2019\/07\/Capture-d\u2019e\u0301cran-2019-07-08-a\u0300-10.56.06-212x300.png 212w, https:\/\/www.fondationassistanceauxanimaux.org\/actu\/wp-content\/uploads\/2019\/07\/Capture-d\u2019e\u0301cran-2019-07-08-a\u0300-10.56.06-768x1085.png 768w, https:\/\/www.fondationassistanceauxanimaux.org\/actu\/wp-content\/uploads\/2019\/07\/Capture-d\u2019e\u0301cran-2019-07-08-a\u0300-10.56.06-729x1030.png 729w, https:\/\/www.fondationassistanceauxanimaux.org\/actu\/wp-content\/uploads\/2019\/07\/Capture-d\u2019e\u0301cran-2019-07-08-a\u0300-10.56.06-1062x1500.png 1062w, https:\/\/www.fondationassistanceauxanimaux.org\/actu\/wp-content\/uploads\/2019\/07\/Capture-d\u2019e\u0301cran-2019-07-08-a\u0300-10.56.06-499x705.png 499w, https:\/\/www.fondationassistanceauxanimaux.org\/actu\/wp-content\/uploads\/2019\/07\/Capture-d\u2019e\u0301cran-2019-07-08-a\u0300-10.56.06-450x636.png 450w\" sizes=\"auto, (max-width: 1308px) 100vw, 1308px\" \/><\/div>\n","protected":false},"excerpt":{"rendered":"<p>Face a\u0300 l\u2019impossibilite\u0301 absolue de satisfaire les besoins physiologiques et comportementaux des animaux sauvages en captivite\u0301, nous r\u00e9clamons une interdiction de de\u0301tention des animaux sauvages dans les cirques et les delphinariums, ainsi que l\u2019interdiction des e\u0301levages de visons destine\u0301s a\u0300 la fourrure !<\/p>\n","protected":false},"author":3,"featured_media":5653,"comment_status":"closed","ping_status":"closed","sticky":false,"template":"","format":"standard","meta":{"footnotes":""},"categories":[21],"tags":[],"class_list":["post-5649","post","type-post","status-publish","format-standard","has-post-thumbnail","hentry","category-fondation-assistance-aux-animaux"],"yoast_head":"<!-- This site is optimized with the Yoast SEO plugin v24.5 - https:\/\/yoast.com\/wordpress\/plugins\/seo\/ -->\n<title>Communiqu\u00e9 : groupes de travail sur le bien-\u00eatre de la faune sauvage captive. - Fondation Assistance aux Animaux - Actualit\u00e9s<\/title>\n<meta name=\"robots\" content=\"index, follow, max-snippet:-1, max-image-preview:large, max-video-preview:-1\" \/>\n<link rel=\"canonical\" href=\"https:\/\/www.fondationassistanceauxanimaux.org\/actu\/bienetre-faunesauvagecaptive-5649\/\" \/>\n<meta property=\"og:locale\" content=\"fr_FR\" \/>\n<meta property=\"og:type\" content=\"article\" \/>\n<meta property=\"og:title\" content=\"Communiqu\u00e9 : groupes de travail sur le bien-\u00eatre de la faune sauvage captive. - Fondation Assistance aux Animaux - Actualit\u00e9s\" \/>\n<meta property=\"og:description\" content=\"Face a\u0300 l\u2019impossibilite\u0301 absolue de satisfaire les besoins physiologiques et comportementaux des animaux sauvages en captivite\u0301, nous r\u00e9clamons une interdiction de de\u0301tention des animaux sauvages dans les cirques et les delphinariums, ainsi que l\u2019interdiction des e\u0301levages de visons destine\u0301s a\u0300 la fourrure !\" \/>\n<meta property=\"og:url\" content=\"https:\/\/www.fondationassistanceauxanimaux.org\/actu\/bienetre-faunesauvagecaptive-5649\/\" \/>\n<meta property=\"og:site_name\" content=\"Fondation Assistance aux Animaux - Actualit\u00e9s\" \/>\n<meta property=\"article:published_time\" content=\"2019-07-08T09:34:13+00:00\" \/>\n<meta property=\"article:modified_time\" content=\"2019-07-08T09:36:24+00:00\" \/>\n<meta property=\"og:image\" content=\"https:\/\/www.fondationassistanceauxanimaux.org\/actu\/wp-content\/uploads\/2019\/07\/Capture-d\u2019e\u0301cran-2019-07-08-a\u0300-10.55.52-1.png\" \/>\n\t<meta property=\"og:image:width\" content=\"1278\" \/>\n\t<meta property=\"og:image:height\" content=\"638\" \/>\n\t<meta property=\"og:image:type\" content=\"image\/png\" \/>\n<meta name=\"author\" content=\"No\u00e9\" \/>\n<meta name=\"twitter:card\" content=\"summary_large_image\" \/>\n<meta name=\"twitter:label1\" content=\"\u00c9crit par\" \/>\n\t<meta name=\"twitter:data1\" content=\"No\u00e9\" \/>\n<script type=\"application\/ld+json\" class=\"yoast-schema-graph\">{\"@context\":\"https:\/\/schema.org\",\"@graph\":[{\"@type\":\"WebPage\",\"@id\":\"https:\/\/www.fondationassistanceauxanimaux.org\/actu\/bienetre-faunesauvagecaptive-5649\/\",\"url\":\"https:\/\/www.fondationassistanceauxanimaux.org\/actu\/bienetre-faunesauvagecaptive-5649\/\",\"name\":\"Communiqu\u00e9 : groupes de travail sur le bien-\u00eatre de la faune sauvage captive. - Fondation Assistance aux Animaux - Actualit\u00e9s\",\"isPartOf\":{\"@id\":\"https:\/\/www.fondationassistanceauxanimaux.org\/actu\/#website\"},\"primaryImageOfPage\":{\"@id\":\"https:\/\/www.fondationassistanceauxanimaux.org\/actu\/bienetre-faunesauvagecaptive-5649\/#primaryimage\"},\"image\":{\"@id\":\"https:\/\/www.fondationassistanceauxanimaux.org\/actu\/bienetre-faunesauvagecaptive-5649\/#primaryimage\"},\"thumbnailUrl\":\"https:\/\/www.fondationassistanceauxanimaux.org\/actu\/wp-content\/uploads\/2019\/07\/Capture-d\u2019e\u0301cran-2019-07-08-a\u0300-10.55.52-1.png\",\"datePublished\":\"2019-07-08T09:34:13+00:00\",\"dateModified\":\"2019-07-08T09:36:24+00:00\",\"author\":{\"@id\":\"https:\/\/www.fondationassistanceauxanimaux.org\/actu\/#\/schema\/person\/71a8476d98daaea0d71a965c5603e10b\"},\"breadcrumb\":{\"@id\":\"https:\/\/www.fondationassistanceauxanimaux.org\/actu\/bienetre-faunesauvagecaptive-5649\/#breadcrumb\"},\"inLanguage\":\"fr-FR\",\"potentialAction\":[{\"@type\":\"ReadAction\",\"target\":[\"https:\/\/www.fondationassistanceauxanimaux.org\/actu\/bienetre-faunesauvagecaptive-5649\/\"]}]},{\"@type\":\"ImageObject\",\"inLanguage\":\"fr-FR\",\"@id\":\"https:\/\/www.fondationassistanceauxanimaux.org\/actu\/bienetre-faunesauvagecaptive-5649\/#primaryimage\",\"url\":\"https:\/\/www.fondationassistanceauxanimaux.org\/actu\/wp-content\/uploads\/2019\/07\/Capture-d\u2019e\u0301cran-2019-07-08-a\u0300-10.55.52-1.png\",\"contentUrl\":\"https:\/\/www.fondationassistanceauxanimaux.org\/actu\/wp-content\/uploads\/2019\/07\/Capture-d\u2019e\u0301cran-2019-07-08-a\u0300-10.55.52-1.png\",\"width\":1278,\"height\":638},{\"@type\":\"BreadcrumbList\",\"@id\":\"https:\/\/www.fondationassistanceauxanimaux.org\/actu\/bienetre-faunesauvagecaptive-5649\/#breadcrumb\",\"itemListElement\":[{\"@type\":\"ListItem\",\"position\":1,\"name\":\"Accueil\",\"item\":\"https:\/\/www.fondationassistanceauxanimaux.org\/actu\/\"},{\"@type\":\"ListItem\",\"position\":2,\"name\":\"Communiqu\u00e9 : groupes de travail sur le bien-\u00eatre de la faune sauvage captive.\"}]},{\"@type\":\"WebSite\",\"@id\":\"https:\/\/www.fondationassistanceauxanimaux.org\/actu\/#website\",\"url\":\"https:\/\/www.fondationassistanceauxanimaux.org\/actu\/\",\"name\":\"Fondation Assistance aux Animaux - Actualit\u00e9s\",\"description\":\"Depuis 1930 la Fondation Assistance aux Animaux pour la d\u00e9fense et la protection des animaux maltrait\u00e9s et abandonn\u00e9s\",\"potentialAction\":[{\"@type\":\"SearchAction\",\"target\":{\"@type\":\"EntryPoint\",\"urlTemplate\":\"https:\/\/www.fondationassistanceauxanimaux.org\/actu\/?s={search_term_string}\"},\"query-input\":{\"@type\":\"PropertyValueSpecification\",\"valueRequired\":true,\"valueName\":\"search_term_string\"}}],\"inLanguage\":\"fr-FR\"},{\"@type\":\"Person\",\"@id\":\"https:\/\/www.fondationassistanceauxanimaux.org\/actu\/#\/schema\/person\/71a8476d98daaea0d71a965c5603e10b\",\"name\":\"No\u00e9\",\"image\":{\"@type\":\"ImageObject\",\"inLanguage\":\"fr-FR\",\"@id\":\"https:\/\/www.fondationassistanceauxanimaux.org\/actu\/#\/schema\/person\/image\/\",\"url\":\"https:\/\/secure.gravatar.com\/avatar\/d34cf6c6bd22b3db9c932bc580c4d1ba93c0cda7588a41b59078888ab1e5f007?s=96&d=mm&r=g\",\"contentUrl\":\"https:\/\/secure.gravatar.com\/avatar\/d34cf6c6bd22b3db9c932bc580c4d1ba93c0cda7588a41b59078888ab1e5f007?s=96&d=mm&r=g\",\"caption\":\"No\u00e9\"},\"url\":\"https:\/\/www.fondationassistanceauxanimaux.org\/actu\/author\/anne\/\"}]}<\/script>\n<!-- \/ Yoast SEO plugin. -->","yoast_head_json":{"title":"Communiqu\u00e9 : groupes de travail sur le bien-\u00eatre de la faune sauvage captive. - Fondation Assistance aux Animaux - Actualit\u00e9s","robots":{"index":"index","follow":"follow","max-snippet":"max-snippet:-1","max-image-preview":"max-image-preview:large","max-video-preview":"max-video-preview:-1"},"canonical":"https:\/\/www.fondationassistanceauxanimaux.org\/actu\/bienetre-faunesauvagecaptive-5649\/","og_locale":"fr_FR","og_type":"article","og_title":"Communiqu\u00e9 : groupes de travail sur le bien-\u00eatre de la faune sauvage captive. - Fondation Assistance aux Animaux - Actualit\u00e9s","og_description":"Face a\u0300 l\u2019impossibilite\u0301 absolue de satisfaire les besoins physiologiques et comportementaux des animaux sauvages en captivite\u0301, nous r\u00e9clamons une interdiction de de\u0301tention des animaux sauvages dans les cirques et les delphinariums, ainsi que l\u2019interdiction des e\u0301levages de visons destine\u0301s a\u0300 la fourrure !","og_url":"https:\/\/www.fondationassistanceauxanimaux.org\/actu\/bienetre-faunesauvagecaptive-5649\/","og_site_name":"Fondation Assistance aux Animaux - Actualit\u00e9s","article_published_time":"2019-07-08T09:34:13+00:00","article_modified_time":"2019-07-08T09:36:24+00:00","og_image":[{"width":1278,"height":638,"url":"https:\/\/www.fondationassistanceauxanimaux.org\/actu\/wp-content\/uploads\/2019\/07\/Capture-d\u2019e\u0301cran-2019-07-08-a\u0300-10.55.52-1.png","type":"image\/png"}],"author":"No\u00e9","twitter_card":"summary_large_image","twitter_misc":{"\u00c9crit par":"No\u00e9"},"schema":{"@context":"https:\/\/schema.org","@graph":[{"@type":"WebPage","@id":"https:\/\/www.fondationassistanceauxanimaux.org\/actu\/bienetre-faunesauvagecaptive-5649\/","url":"https:\/\/www.fondationassistanceauxanimaux.org\/actu\/bienetre-faunesauvagecaptive-5649\/","name":"Communiqu\u00e9 : groupes de travail sur le bien-\u00eatre de la faune sauvage captive. - Fondation Assistance aux Animaux - Actualit\u00e9s","isPartOf":{"@id":"https:\/\/www.fondationassistanceauxanimaux.org\/actu\/#website"},"primaryImageOfPage":{"@id":"https:\/\/www.fondationassistanceauxanimaux.org\/actu\/bienetre-faunesauvagecaptive-5649\/#primaryimage"},"image":{"@id":"https:\/\/www.fondationassistanceauxanimaux.org\/actu\/bienetre-faunesauvagecaptive-5649\/#primaryimage"},"thumbnailUrl":"https:\/\/www.fondationassistanceauxanimaux.org\/actu\/wp-content\/uploads\/2019\/07\/Capture-d\u2019e\u0301cran-2019-07-08-a\u0300-10.55.52-1.png","datePublished":"2019-07-08T09:34:13+00:00","dateModified":"2019-07-08T09:36:24+00:00","author":{"@id":"https:\/\/www.fondationassistanceauxanimaux.org\/actu\/#\/schema\/person\/71a8476d98daaea0d71a965c5603e10b"},"breadcrumb":{"@id":"https:\/\/www.fondationassistanceauxanimaux.org\/actu\/bienetre-faunesauvagecaptive-5649\/#breadcrumb"},"inLanguage":"fr-FR","potentialAction":[{"@type":"ReadAction","target":["https:\/\/www.fondationassistanceauxanimaux.org\/actu\/bienetre-faunesauvagecaptive-5649\/"]}]},{"@type":"ImageObject","inLanguage":"fr-FR","@id":"https:\/\/www.fondationassistanceauxanimaux.org\/actu\/bienetre-faunesauvagecaptive-5649\/#primaryimage","url":"https:\/\/www.fondationassistanceauxanimaux.org\/actu\/wp-content\/uploads\/2019\/07\/Capture-d\u2019e\u0301cran-2019-07-08-a\u0300-10.55.52-1.png","contentUrl":"https:\/\/www.fondationassistanceauxanimaux.org\/actu\/wp-content\/uploads\/2019\/07\/Capture-d\u2019e\u0301cran-2019-07-08-a\u0300-10.55.52-1.png","width":1278,"height":638},{"@type":"BreadcrumbList","@id":"https:\/\/www.fondationassistanceauxanimaux.org\/actu\/bienetre-faunesauvagecaptive-5649\/#breadcrumb","itemListElement":[{"@type":"ListItem","position":1,"name":"Accueil","item":"https:\/\/www.fondationassistanceauxanimaux.org\/actu\/"},{"@type":"ListItem","position":2,"name":"Communiqu\u00e9 : groupes de travail sur le bien-\u00eatre de la faune sauvage captive."}]},{"@type":"WebSite","@id":"https:\/\/www.fondationassistanceauxanimaux.org\/actu\/#website","url":"https:\/\/www.fondationassistanceauxanimaux.org\/actu\/","name":"Fondation Assistance aux Animaux - Actualit\u00e9s","description":"Depuis 1930 la Fondation Assistance aux Animaux pour la d\u00e9fense et la protection des animaux maltrait\u00e9s et abandonn\u00e9s","potentialAction":[{"@type":"SearchAction","target":{"@type":"EntryPoint","urlTemplate":"https:\/\/www.fondationassistanceauxanimaux.org\/actu\/?s={search_term_string}"},"query-input":{"@type":"PropertyValueSpecification","valueRequired":true,"valueName":"search_term_string"}}],"inLanguage":"fr-FR"},{"@type":"Person","@id":"https:\/\/www.fondationassistanceauxanimaux.org\/actu\/#\/schema\/person\/71a8476d98daaea0d71a965c5603e10b","name":"No\u00e9","image":{"@type":"ImageObject","inLanguage":"fr-FR","@id":"https:\/\/www.fondationassistanceauxanimaux.org\/actu\/#\/schema\/person\/image\/","url":"https:\/\/secure.gravatar.com\/avatar\/d34cf6c6bd22b3db9c932bc580c4d1ba93c0cda7588a41b59078888ab1e5f007?s=96&d=mm&r=g","contentUrl":"https:\/\/secure.gravatar.com\/avatar\/d34cf6c6bd22b3db9c932bc580c4d1ba93c0cda7588a41b59078888ab1e5f007?s=96&d=mm&r=g","caption":"No\u00e9"},"url":"https:\/\/www.fondationassistanceauxanimaux.org\/actu\/author\/anne\/"}]}},"_links":{"self":[{"href":"https:\/\/www.fondationassistanceauxanimaux.org\/actu\/wp-json\/wp\/v2\/posts\/5649","targetHints":{"allow":["GET"]}}],"collection":[{"href":"https:\/\/www.fondationassistanceauxanimaux.org\/actu\/wp-json\/wp\/v2\/posts"}],"about":[{"href":"https:\/\/www.fondationassistanceauxanimaux.org\/actu\/wp-json\/wp\/v2\/types\/post"}],"author":[{"embeddable":true,"href":"https:\/\/www.fondationassistanceauxanimaux.org\/actu\/wp-json\/wp\/v2\/users\/3"}],"replies":[{"embeddable":true,"href":"https:\/\/www.fondationassistanceauxanimaux.org\/actu\/wp-json\/wp\/v2\/comments?post=5649"}],"version-history":[{"count":5,"href":"https:\/\/www.fondationassistanceauxanimaux.org\/actu\/wp-json\/wp\/v2\/posts\/5649\/revisions"}],"predecessor-version":[{"id":5659,"href":"https:\/\/www.fondationassistanceauxanimaux.org\/actu\/wp-json\/wp\/v2\/posts\/5649\/revisions\/5659"}],"wp:featuredmedia":[{"embeddable":true,"href":"https:\/\/www.fondationassistanceauxanimaux.org\/actu\/wp-json\/wp\/v2\/media\/5653"}],"wp:attachment":[{"href":"https:\/\/www.fondationassistanceauxanimaux.org\/actu\/wp-json\/wp\/v2\/media?parent=5649"}],"wp:term":[{"taxonomy":"category","embeddable":true,"href":"https:\/\/www.fondationassistanceauxanimaux.org\/actu\/wp-json\/wp\/v2\/categories?post=5649"},{"taxonomy":"post_tag","embeddable":true,"href":"https:\/\/www.fondationassistanceauxanimaux.org\/actu\/wp-json\/wp\/v2\/tags?post=5649"}],"curies":[{"name":"wp","href":"https:\/\/api.w.org\/{rel}","templated":true}]}}