{"id":5632,"date":"2019-07-03T18:20:19","date_gmt":"2019-07-03T16:20:19","guid":{"rendered":"http:\/\/www.fondationassistanceauxanimaux.org\/actu\/?p=5632"},"modified":"2019-07-03T18:29:36","modified_gmt":"2019-07-03T16:29:36","slug":"chiot-saisi","status":"publish","type":"post","link":"https:\/\/www.fondationassistanceauxanimaux.org\/actu\/chiot-saisi-5632\/","title":{"rendered":"\u00c2g\u00e9 de 4 mois, il ne connait que la violence d&rsquo;un indigne propri\u00e9taire."},"content":{"rendered":"<p><b>\u00ab\u00a0Norman\u00a0\u00bb, \u00e2g\u00e9 de 4 mois, ne connait que la violence.<\/b><\/p>\n<div><b>C&rsquo;est devant de nombreux riverains que son propri\u00e9taire lui a donn\u00e9 des coups de pieds.<\/b><\/div>\n<div><b>\u00a0<\/b><\/div>\n<div><b>La Police Nationale a \u00e9t\u00e9 contact\u00e9e apr\u00e8s la sc\u00e8ne de trop : le chiot a \u00e9t\u00e9 soulev\u00e9 du sol par son collier et violemment jet\u00e9 au sol. <\/b><\/div>\n<div><b>Interrog\u00e9, l&rsquo;homme s&rsquo;est justifi\u00e9 en expliquant qu&rsquo;il voulait \u00ab\u00a0lui apprendre la marche au pied\u00a0\u00bb.<\/b><\/div>\n<div>\n<div><b>\u00a0<\/b><\/div>\n<div><b>Imm\u00e9diatement saisi au profit de la Fondation Assistance aux Animaux, il est aujourd&rsquo;hui dans l&rsquo;un de nos refuges o\u00f9 il d\u00e9couvre la douceur et l&rsquo;attention.<\/b><\/div>\n<div><b>\u00a0<\/b><\/div>\n<div><b>Nous avons bien entendu d\u00e9pos\u00e9 plainte contre cet indigne propri\u00e9taire !<\/b><\/div>\n<\/div>\n<p><img loading=\"lazy\" decoding=\"async\" class=\"aligncenter size-full wp-image-5633\" src=\"https:\/\/www.fondationassistanceauxanimaux.org\/actu\/wp-content\/uploads\/2019\/07\/IMG_46681.jpg\" alt=\"\" width=\"640\" height=\"360\" srcset=\"https:\/\/www.fondationassistanceauxanimaux.org\/actu\/wp-content\/uploads\/2019\/07\/IMG_46681.jpg 640w, https:\/\/www.fondationassistanceauxanimaux.org\/actu\/wp-content\/uploads\/2019\/07\/IMG_46681-300x169.jpg 300w, https:\/\/www.fondationassistanceauxanimaux.org\/actu\/wp-content\/uploads\/2019\/07\/IMG_46681-450x253.jpg 450w\" sizes=\"auto, (max-width: 640px) 100vw, 640px\" \/><\/p>\n<p><img loading=\"lazy\" decoding=\"async\" class=\"aligncenter size-full wp-image-5634\" src=\"https:\/\/www.fondationassistanceauxanimaux.org\/actu\/wp-content\/uploads\/2019\/07\/IMG_46691.jpg\" alt=\"\" width=\"640\" height=\"360\" srcset=\"https:\/\/www.fondationassistanceauxanimaux.org\/actu\/wp-content\/uploads\/2019\/07\/IMG_46691.jpg 640w, https:\/\/www.fondationassistanceauxanimaux.org\/actu\/wp-content\/uploads\/2019\/07\/IMG_46691-300x169.jpg 300w, https:\/\/www.fondationassistanceauxanimaux.org\/actu\/wp-content\/uploads\/2019\/07\/IMG_46691-450x253.jpg 450w\" sizes=\"auto, (max-width: 640px) 100vw, 640px\" \/><\/p>\n<p><img loading=\"lazy\" decoding=\"async\" class=\"aligncenter size-full wp-image-5635\" src=\"https:\/\/www.fondationassistanceauxanimaux.org\/actu\/wp-content\/uploads\/2019\/07\/IMG_46721.jpg\" alt=\"\" width=\"640\" height=\"360\" srcset=\"https:\/\/www.fondationassistanceauxanimaux.org\/actu\/wp-content\/uploads\/2019\/07\/IMG_46721.jpg 640w, https:\/\/www.fondationassistanceauxanimaux.org\/actu\/wp-content\/uploads\/2019\/07\/IMG_46721-300x169.jpg 300w, https:\/\/www.fondationassistanceauxanimaux.org\/actu\/wp-content\/uploads\/2019\/07\/IMG_46721-450x253.jpg 450w\" sizes=\"auto, (max-width: 640px) 100vw, 640px\" \/><\/p>\n","protected":false},"excerpt":{"rendered":"<p>\u00ab\u00a0Norman\u00a0\u00bb, \u00e2g\u00e9 de 4 mois, ne connait que la violence. C&rsquo;est devant de nombreux riverains que son propri\u00e9taire lui a donn\u00e9 des coups de pieds. \u00a0 La Police Nationale a \u00e9t\u00e9 contact\u00e9e apr\u00e8s la sc\u00e8ne de trop : le chiot a \u00e9t\u00e9 soulev\u00e9 du sol par son collier et violemment jet\u00e9 au sol. Interrog\u00e9, l&rsquo;homme [&hellip;]<\/p>\n","protected":false},"author":3,"featured_media":5639,"comment_status":"closed","ping_status":"closed","sticky":false,"template":"","format":"standard","meta":{"footnotes":""},"categories":[21],"tags":[],"class_list":["post-5632","post","type-post","status-publish","format-standard","has-post-thumbnail","hentry","category-fondation-assistance-aux-animaux"],"yoast_head":"<!-- This site is optimized with the Yoast SEO plugin v24.5 - https:\/\/yoast.com\/wordpress\/plugins\/seo\/ -->\n<title>\u00c2g\u00e9 de 4 mois, il ne connait que la violence d&#039;un indigne propri\u00e9taire. - Fondation Assistance aux Animaux - Actualit\u00e9s<\/title>\n<meta name=\"robots\" content=\"index, follow, max-snippet:-1, max-image-preview:large, max-video-preview:-1\" \/>\n<link rel=\"canonical\" href=\"https:\/\/www.fondationassistanceauxanimaux.org\/actu\/chiot-saisi-5632\/\" \/>\n<meta property=\"og:locale\" content=\"fr_FR\" \/>\n<meta property=\"og:type\" content=\"article\" \/>\n<meta property=\"og:title\" content=\"\u00c2g\u00e9 de 4 mois, il ne connait que la violence d&#039;un indigne propri\u00e9taire. - Fondation Assistance aux Animaux - Actualit\u00e9s\" \/>\n<meta property=\"og:description\" content=\"\u00ab\u00a0Norman\u00a0\u00bb, \u00e2g\u00e9 de 4 mois, ne connait que la violence. C&rsquo;est devant de nombreux riverains que son propri\u00e9taire lui a donn\u00e9 des coups de pieds. \u00a0 La Police Nationale a \u00e9t\u00e9 contact\u00e9e apr\u00e8s la sc\u00e8ne de trop : le chiot a \u00e9t\u00e9 soulev\u00e9 du sol par son collier et violemment jet\u00e9 au sol. Interrog\u00e9, l&rsquo;homme [&hellip;]\" \/>\n<meta property=\"og:url\" content=\"https:\/\/www.fondationassistanceauxanimaux.org\/actu\/chiot-saisi-5632\/\" \/>\n<meta property=\"og:site_name\" content=\"Fondation Assistance aux Animaux - Actualit\u00e9s\" \/>\n<meta property=\"article:published_time\" content=\"2019-07-03T16:20:19+00:00\" \/>\n<meta property=\"article:modified_time\" content=\"2019-07-03T16:29:36+00:00\" \/>\n<meta property=\"og:image\" content=\"https:\/\/www.fondationassistanceauxanimaux.org\/actu\/wp-content\/uploads\/2019\/07\/IMG_46731-1.jpg\" \/>\n\t<meta property=\"og:image:width\" content=\"463\" \/>\n\t<meta property=\"og:image:height\" content=\"358\" \/>\n\t<meta property=\"og:image:type\" content=\"image\/jpeg\" \/>\n<meta name=\"author\" content=\"No\u00e9\" \/>\n<meta name=\"twitter:card\" content=\"summary_large_image\" \/>\n<meta name=\"twitter:label1\" content=\"\u00c9crit par\" \/>\n\t<meta name=\"twitter:data1\" content=\"No\u00e9\" \/>\n\t<meta name=\"twitter:label2\" content=\"Dur\u00e9e de lecture estim\u00e9e\" \/>\n\t<meta name=\"twitter:data2\" content=\"1 minute\" \/>\n<script type=\"application\/ld+json\" class=\"yoast-schema-graph\">{\"@context\":\"https:\/\/schema.org\",\"@graph\":[{\"@type\":\"WebPage\",\"@id\":\"https:\/\/www.fondationassistanceauxanimaux.org\/actu\/chiot-saisi-5632\/\",\"url\":\"https:\/\/www.fondationassistanceauxanimaux.org\/actu\/chiot-saisi-5632\/\",\"name\":\"\u00c2g\u00e9 de 4 mois, il ne connait que la violence d'un indigne propri\u00e9taire. - Fondation Assistance aux Animaux - Actualit\u00e9s\",\"isPartOf\":{\"@id\":\"https:\/\/www.fondationassistanceauxanimaux.org\/actu\/#website\"},\"primaryImageOfPage\":{\"@id\":\"https:\/\/www.fondationassistanceauxanimaux.org\/actu\/chiot-saisi-5632\/#primaryimage\"},\"image\":{\"@id\":\"https:\/\/www.fondationassistanceauxanimaux.org\/actu\/chiot-saisi-5632\/#primaryimage\"},\"thumbnailUrl\":\"https:\/\/www.fondationassistanceauxanimaux.org\/actu\/wp-content\/uploads\/2019\/07\/IMG_46731-1.jpg\",\"datePublished\":\"2019-07-03T16:20:19+00:00\",\"dateModified\":\"2019-07-03T16:29:36+00:00\",\"author\":{\"@id\":\"https:\/\/www.fondationassistanceauxanimaux.org\/actu\/#\/schema\/person\/71a8476d98daaea0d71a965c5603e10b\"},\"breadcrumb\":{\"@id\":\"https:\/\/www.fondationassistanceauxanimaux.org\/actu\/chiot-saisi-5632\/#breadcrumb\"},\"inLanguage\":\"fr-FR\",\"potentialAction\":[{\"@type\":\"ReadAction\",\"target\":[\"https:\/\/www.fondationassistanceauxanimaux.org\/actu\/chiot-saisi-5632\/\"]}]},{\"@type\":\"ImageObject\",\"inLanguage\":\"fr-FR\",\"@id\":\"https:\/\/www.fondationassistanceauxanimaux.org\/actu\/chiot-saisi-5632\/#primaryimage\",\"url\":\"https:\/\/www.fondationassistanceauxanimaux.org\/actu\/wp-content\/uploads\/2019\/07\/IMG_46731-1.jpg\",\"contentUrl\":\"https:\/\/www.fondationassistanceauxanimaux.org\/actu\/wp-content\/uploads\/2019\/07\/IMG_46731-1.jpg\",\"width\":463,\"height\":358},{\"@type\":\"BreadcrumbList\",\"@id\":\"https:\/\/www.fondationassistanceauxanimaux.org\/actu\/chiot-saisi-5632\/#breadcrumb\",\"itemListElement\":[{\"@type\":\"ListItem\",\"position\":1,\"name\":\"Accueil\",\"item\":\"https:\/\/www.fondationassistanceauxanimaux.org\/actu\/\"},{\"@type\":\"ListItem\",\"position\":2,\"name\":\"\u00c2g\u00e9 de 4 mois, il ne connait que la violence d&rsquo;un indigne propri\u00e9taire.\"}]},{\"@type\":\"WebSite\",\"@id\":\"https:\/\/www.fondationassistanceauxanimaux.org\/actu\/#website\",\"url\":\"https:\/\/www.fondationassistanceauxanimaux.org\/actu\/\",\"name\":\"Fondation Assistance aux Animaux - Actualit\u00e9s\",\"description\":\"Depuis 1930 la Fondation Assistance aux Animaux pour la d\u00e9fense et la protection des animaux maltrait\u00e9s et abandonn\u00e9s\",\"potentialAction\":[{\"@type\":\"SearchAction\",\"target\":{\"@type\":\"EntryPoint\",\"urlTemplate\":\"https:\/\/www.fondationassistanceauxanimaux.org\/actu\/?s={search_term_string}\"},\"query-input\":{\"@type\":\"PropertyValueSpecification\",\"valueRequired\":true,\"valueName\":\"search_term_string\"}}],\"inLanguage\":\"fr-FR\"},{\"@type\":\"Person\",\"@id\":\"https:\/\/www.fondationassistanceauxanimaux.org\/actu\/#\/schema\/person\/71a8476d98daaea0d71a965c5603e10b\",\"name\":\"No\u00e9\",\"image\":{\"@type\":\"ImageObject\",\"inLanguage\":\"fr-FR\",\"@id\":\"https:\/\/www.fondationassistanceauxanimaux.org\/actu\/#\/schema\/person\/image\/\",\"url\":\"https:\/\/secure.gravatar.com\/avatar\/d34cf6c6bd22b3db9c932bc580c4d1ba93c0cda7588a41b59078888ab1e5f007?s=96&d=mm&r=g\",\"contentUrl\":\"https:\/\/secure.gravatar.com\/avatar\/d34cf6c6bd22b3db9c932bc580c4d1ba93c0cda7588a41b59078888ab1e5f007?s=96&d=mm&r=g\",\"caption\":\"No\u00e9\"},\"url\":\"https:\/\/www.fondationassistanceauxanimaux.org\/actu\/author\/anne\/\"}]}<\/script>\n<!-- \/ Yoast SEO plugin. -->","yoast_head_json":{"title":"\u00c2g\u00e9 de 4 mois, il ne connait que la violence d'un indigne propri\u00e9taire. - Fondation Assistance aux Animaux - Actualit\u00e9s","robots":{"index":"index","follow":"follow","max-snippet":"max-snippet:-1","max-image-preview":"max-image-preview:large","max-video-preview":"max-video-preview:-1"},"canonical":"https:\/\/www.fondationassistanceauxanimaux.org\/actu\/chiot-saisi-5632\/","og_locale":"fr_FR","og_type":"article","og_title":"\u00c2g\u00e9 de 4 mois, il ne connait que la violence d'un indigne propri\u00e9taire. - Fondation Assistance aux Animaux - Actualit\u00e9s","og_description":"\u00ab\u00a0Norman\u00a0\u00bb, \u00e2g\u00e9 de 4 mois, ne connait que la violence. C&rsquo;est devant de nombreux riverains que son propri\u00e9taire lui a donn\u00e9 des coups de pieds. \u00a0 La Police Nationale a \u00e9t\u00e9 contact\u00e9e apr\u00e8s la sc\u00e8ne de trop : le chiot a \u00e9t\u00e9 soulev\u00e9 du sol par son collier et violemment jet\u00e9 au sol. Interrog\u00e9, l&rsquo;homme [&hellip;]","og_url":"https:\/\/www.fondationassistanceauxanimaux.org\/actu\/chiot-saisi-5632\/","og_site_name":"Fondation Assistance aux Animaux - Actualit\u00e9s","article_published_time":"2019-07-03T16:20:19+00:00","article_modified_time":"2019-07-03T16:29:36+00:00","og_image":[{"width":463,"height":358,"url":"https:\/\/www.fondationassistanceauxanimaux.org\/actu\/wp-content\/uploads\/2019\/07\/IMG_46731-1.jpg","type":"image\/jpeg"}],"author":"No\u00e9","twitter_card":"summary_large_image","twitter_misc":{"\u00c9crit par":"No\u00e9","Dur\u00e9e de lecture estim\u00e9e":"1 minute"},"schema":{"@context":"https:\/\/schema.org","@graph":[{"@type":"WebPage","@id":"https:\/\/www.fondationassistanceauxanimaux.org\/actu\/chiot-saisi-5632\/","url":"https:\/\/www.fondationassistanceauxanimaux.org\/actu\/chiot-saisi-5632\/","name":"\u00c2g\u00e9 de 4 mois, il ne connait que la violence d'un indigne propri\u00e9taire. - Fondation Assistance aux Animaux - Actualit\u00e9s","isPartOf":{"@id":"https:\/\/www.fondationassistanceauxanimaux.org\/actu\/#website"},"primaryImageOfPage":{"@id":"https:\/\/www.fondationassistanceauxanimaux.org\/actu\/chiot-saisi-5632\/#primaryimage"},"image":{"@id":"https:\/\/www.fondationassistanceauxanimaux.org\/actu\/chiot-saisi-5632\/#primaryimage"},"thumbnailUrl":"https:\/\/www.fondationassistanceauxanimaux.org\/actu\/wp-content\/uploads\/2019\/07\/IMG_46731-1.jpg","datePublished":"2019-07-03T16:20:19+00:00","dateModified":"2019-07-03T16:29:36+00:00","author":{"@id":"https:\/\/www.fondationassistanceauxanimaux.org\/actu\/#\/schema\/person\/71a8476d98daaea0d71a965c5603e10b"},"breadcrumb":{"@id":"https:\/\/www.fondationassistanceauxanimaux.org\/actu\/chiot-saisi-5632\/#breadcrumb"},"inLanguage":"fr-FR","potentialAction":[{"@type":"ReadAction","target":["https:\/\/www.fondationassistanceauxanimaux.org\/actu\/chiot-saisi-5632\/"]}]},{"@type":"ImageObject","inLanguage":"fr-FR","@id":"https:\/\/www.fondationassistanceauxanimaux.org\/actu\/chiot-saisi-5632\/#primaryimage","url":"https:\/\/www.fondationassistanceauxanimaux.org\/actu\/wp-content\/uploads\/2019\/07\/IMG_46731-1.jpg","contentUrl":"https:\/\/www.fondationassistanceauxanimaux.org\/actu\/wp-content\/uploads\/2019\/07\/IMG_46731-1.jpg","width":463,"height":358},{"@type":"BreadcrumbList","@id":"https:\/\/www.fondationassistanceauxanimaux.org\/actu\/chiot-saisi-5632\/#breadcrumb","itemListElement":[{"@type":"ListItem","position":1,"name":"Accueil","item":"https:\/\/www.fondationassistanceauxanimaux.org\/actu\/"},{"@type":"ListItem","position":2,"name":"\u00c2g\u00e9 de 4 mois, il ne connait que la violence d&rsquo;un indigne propri\u00e9taire."}]},{"@type":"WebSite","@id":"https:\/\/www.fondationassistanceauxanimaux.org\/actu\/#website","url":"https:\/\/www.fondationassistanceauxanimaux.org\/actu\/","name":"Fondation Assistance aux Animaux - Actualit\u00e9s","description":"Depuis 1930 la Fondation Assistance aux Animaux pour la d\u00e9fense et la protection des animaux maltrait\u00e9s et abandonn\u00e9s","potentialAction":[{"@type":"SearchAction","target":{"@type":"EntryPoint","urlTemplate":"https:\/\/www.fondationassistanceauxanimaux.org\/actu\/?s={search_term_string}"},"query-input":{"@type":"PropertyValueSpecification","valueRequired":true,"valueName":"search_term_string"}}],"inLanguage":"fr-FR"},{"@type":"Person","@id":"https:\/\/www.fondationassistanceauxanimaux.org\/actu\/#\/schema\/person\/71a8476d98daaea0d71a965c5603e10b","name":"No\u00e9","image":{"@type":"ImageObject","inLanguage":"fr-FR","@id":"https:\/\/www.fondationassistanceauxanimaux.org\/actu\/#\/schema\/person\/image\/","url":"https:\/\/secure.gravatar.com\/avatar\/d34cf6c6bd22b3db9c932bc580c4d1ba93c0cda7588a41b59078888ab1e5f007?s=96&d=mm&r=g","contentUrl":"https:\/\/secure.gravatar.com\/avatar\/d34cf6c6bd22b3db9c932bc580c4d1ba93c0cda7588a41b59078888ab1e5f007?s=96&d=mm&r=g","caption":"No\u00e9"},"url":"https:\/\/www.fondationassistanceauxanimaux.org\/actu\/author\/anne\/"}]}},"_links":{"self":[{"href":"https:\/\/www.fondationassistanceauxanimaux.org\/actu\/wp-json\/wp\/v2\/posts\/5632","targetHints":{"allow":["GET"]}}],"collection":[{"href":"https:\/\/www.fondationassistanceauxanimaux.org\/actu\/wp-json\/wp\/v2\/posts"}],"about":[{"href":"https:\/\/www.fondationassistanceauxanimaux.org\/actu\/wp-json\/wp\/v2\/types\/post"}],"author":[{"embeddable":true,"href":"https:\/\/www.fondationassistanceauxanimaux.org\/actu\/wp-json\/wp\/v2\/users\/3"}],"replies":[{"embeddable":true,"href":"https:\/\/www.fondationassistanceauxanimaux.org\/actu\/wp-json\/wp\/v2\/comments?post=5632"}],"version-history":[{"count":2,"href":"https:\/\/www.fondationassistanceauxanimaux.org\/actu\/wp-json\/wp\/v2\/posts\/5632\/revisions"}],"predecessor-version":[{"id":5638,"href":"https:\/\/www.fondationassistanceauxanimaux.org\/actu\/wp-json\/wp\/v2\/posts\/5632\/revisions\/5638"}],"wp:featuredmedia":[{"embeddable":true,"href":"https:\/\/www.fondationassistanceauxanimaux.org\/actu\/wp-json\/wp\/v2\/media\/5639"}],"wp:attachment":[{"href":"https:\/\/www.fondationassistanceauxanimaux.org\/actu\/wp-json\/wp\/v2\/media?parent=5632"}],"wp:term":[{"taxonomy":"category","embeddable":true,"href":"https:\/\/www.fondationassistanceauxanimaux.org\/actu\/wp-json\/wp\/v2\/categories?post=5632"},{"taxonomy":"post_tag","embeddable":true,"href":"https:\/\/www.fondationassistanceauxanimaux.org\/actu\/wp-json\/wp\/v2\/tags?post=5632"}],"curies":[{"name":"wp","href":"https:\/\/api.w.org\/{rel}","templated":true}]}}