{"id":5623,"date":"2019-07-02T11:20:38","date_gmt":"2019-07-02T09:20:38","guid":{"rendered":"http:\/\/www.fondationassistanceauxanimaux.org\/actu\/?p=5623"},"modified":"2019-07-02T11:20:38","modified_gmt":"2019-07-02T09:20:38","slug":"ferme-bebes","status":"publish","type":"post","link":"https:\/\/www.fondationassistanceauxanimaux.org\/actu\/ferme-bebes-5623\/","title":{"rendered":"128 animaux avaient \u00e9t\u00e9 sauv\u00e9s par l&rsquo;\u00e9quipe Protection Animale de la Fondation : des nouvelles des b\u00e9b\u00e9s."},"content":{"rendered":"<p><b>Un biberon pour deux, ils partagent tout.<\/b><\/p>\n<div><b>\u00ab Elvis \u00bb l\u2019agneau &amp; \u00ab Joy \u00bb le chevreau sont les deux meilleurs amis de notre Ferme p\u00e9dagogique situ\u00e9e \u00e0 Versailles dans le parc du Ch\u00e2teau.<\/b><b><\/b><\/div>\n<div><b>Tous deux sauv\u00e9s, ils vont conna\u00eetre la vie qu\u2019ils m\u00e9ritent tous.<\/b><\/div>\n<div><\/div>\n<div><img loading=\"lazy\" decoding=\"async\" class=\"aligncenter  wp-image-5628\" src=\"https:\/\/www.fondationassistanceauxanimaux.org\/actu\/wp-content\/uploads\/2019\/07\/edcbffda-09dc-482e-963c-125a13a323ff.jpg\" alt=\"\" width=\"633\" height=\"1125\" srcset=\"https:\/\/www.fondationassistanceauxanimaux.org\/actu\/wp-content\/uploads\/2019\/07\/edcbffda-09dc-482e-963c-125a13a323ff.jpg 900w, https:\/\/www.fondationassistanceauxanimaux.org\/actu\/wp-content\/uploads\/2019\/07\/edcbffda-09dc-482e-963c-125a13a323ff-169x300.jpg 169w, https:\/\/www.fondationassistanceauxanimaux.org\/actu\/wp-content\/uploads\/2019\/07\/edcbffda-09dc-482e-963c-125a13a323ff-768x1365.jpg 768w, https:\/\/www.fondationassistanceauxanimaux.org\/actu\/wp-content\/uploads\/2019\/07\/edcbffda-09dc-482e-963c-125a13a323ff-579x1030.jpg 579w, https:\/\/www.fondationassistanceauxanimaux.org\/actu\/wp-content\/uploads\/2019\/07\/edcbffda-09dc-482e-963c-125a13a323ff-844x1500.jpg 844w, https:\/\/www.fondationassistanceauxanimaux.org\/actu\/wp-content\/uploads\/2019\/07\/edcbffda-09dc-482e-963c-125a13a323ff-397x705.jpg 397w, https:\/\/www.fondationassistanceauxanimaux.org\/actu\/wp-content\/uploads\/2019\/07\/edcbffda-09dc-482e-963c-125a13a323ff-450x800.jpg 450w\" sizes=\"auto, (max-width: 633px) 100vw, 633px\" \/><\/div>\n<div><\/div>\n<div><img loading=\"lazy\" decoding=\"async\" class=\"aligncenter  wp-image-5627\" src=\"https:\/\/www.fondationassistanceauxanimaux.org\/actu\/wp-content\/uploads\/2019\/07\/b0160484-a4c6-4304-81ca-96e02bdbd4c1.jpg\" alt=\"\" width=\"721\" height=\"962\" srcset=\"https:\/\/www.fondationassistanceauxanimaux.org\/actu\/wp-content\/uploads\/2019\/07\/b0160484-a4c6-4304-81ca-96e02bdbd4c1.jpg 1200w, https:\/\/www.fondationassistanceauxanimaux.org\/actu\/wp-content\/uploads\/2019\/07\/b0160484-a4c6-4304-81ca-96e02bdbd4c1-225x300.jpg 225w, https:\/\/www.fondationassistanceauxanimaux.org\/actu\/wp-content\/uploads\/2019\/07\/b0160484-a4c6-4304-81ca-96e02bdbd4c1-768x1024.jpg 768w, https:\/\/www.fondationassistanceauxanimaux.org\/actu\/wp-content\/uploads\/2019\/07\/b0160484-a4c6-4304-81ca-96e02bdbd4c1-773x1030.jpg 773w, https:\/\/www.fondationassistanceauxanimaux.org\/actu\/wp-content\/uploads\/2019\/07\/b0160484-a4c6-4304-81ca-96e02bdbd4c1-1125x1500.jpg 1125w, https:\/\/www.fondationassistanceauxanimaux.org\/actu\/wp-content\/uploads\/2019\/07\/b0160484-a4c6-4304-81ca-96e02bdbd4c1-529x705.jpg 529w, https:\/\/www.fondationassistanceauxanimaux.org\/actu\/wp-content\/uploads\/2019\/07\/b0160484-a4c6-4304-81ca-96e02bdbd4c1-450x600.jpg 450w\" sizes=\"auto, (max-width: 721px) 100vw, 721px\" \/><\/div>\n<div><\/div>\n<div><img loading=\"lazy\" decoding=\"async\" class=\"aligncenter  wp-image-5625\" src=\"https:\/\/www.fondationassistanceauxanimaux.org\/actu\/wp-content\/uploads\/2019\/07\/ac2bb171-060d-4428-bdbc-7d580e21908d.jpg\" alt=\"\" width=\"720\" height=\"960\" srcset=\"https:\/\/www.fondationassistanceauxanimaux.org\/actu\/wp-content\/uploads\/2019\/07\/ac2bb171-060d-4428-bdbc-7d580e21908d.jpg 1200w, https:\/\/www.fondationassistanceauxanimaux.org\/actu\/wp-content\/uploads\/2019\/07\/ac2bb171-060d-4428-bdbc-7d580e21908d-225x300.jpg 225w, https:\/\/www.fondationassistanceauxanimaux.org\/actu\/wp-content\/uploads\/2019\/07\/ac2bb171-060d-4428-bdbc-7d580e21908d-768x1024.jpg 768w, https:\/\/www.fondationassistanceauxanimaux.org\/actu\/wp-content\/uploads\/2019\/07\/ac2bb171-060d-4428-bdbc-7d580e21908d-773x1030.jpg 773w, https:\/\/www.fondationassistanceauxanimaux.org\/actu\/wp-content\/uploads\/2019\/07\/ac2bb171-060d-4428-bdbc-7d580e21908d-1125x1500.jpg 1125w, https:\/\/www.fondationassistanceauxanimaux.org\/actu\/wp-content\/uploads\/2019\/07\/ac2bb171-060d-4428-bdbc-7d580e21908d-529x705.jpg 529w, https:\/\/www.fondationassistanceauxanimaux.org\/actu\/wp-content\/uploads\/2019\/07\/ac2bb171-060d-4428-bdbc-7d580e21908d-450x600.jpg 450w\" sizes=\"auto, (max-width: 720px) 100vw, 720px\" \/><\/div>\n<div><\/div>\n<div><img loading=\"lazy\" decoding=\"async\" class=\"aligncenter  wp-image-5624\" src=\"https:\/\/www.fondationassistanceauxanimaux.org\/actu\/wp-content\/uploads\/2019\/07\/0135d21a-aa73-47c6-923a-67212d8a2bb1.jpg\" alt=\"\" width=\"690\" height=\"920\" srcset=\"https:\/\/www.fondationassistanceauxanimaux.org\/actu\/wp-content\/uploads\/2019\/07\/0135d21a-aa73-47c6-923a-67212d8a2bb1.jpg 1200w, https:\/\/www.fondationassistanceauxanimaux.org\/actu\/wp-content\/uploads\/2019\/07\/0135d21a-aa73-47c6-923a-67212d8a2bb1-225x300.jpg 225w, https:\/\/www.fondationassistanceauxanimaux.org\/actu\/wp-content\/uploads\/2019\/07\/0135d21a-aa73-47c6-923a-67212d8a2bb1-768x1024.jpg 768w, https:\/\/www.fondationassistanceauxanimaux.org\/actu\/wp-content\/uploads\/2019\/07\/0135d21a-aa73-47c6-923a-67212d8a2bb1-773x1030.jpg 773w, https:\/\/www.fondationassistanceauxanimaux.org\/actu\/wp-content\/uploads\/2019\/07\/0135d21a-aa73-47c6-923a-67212d8a2bb1-1125x1500.jpg 1125w, https:\/\/www.fondationassistanceauxanimaux.org\/actu\/wp-content\/uploads\/2019\/07\/0135d21a-aa73-47c6-923a-67212d8a2bb1-529x705.jpg 529w, https:\/\/www.fondationassistanceauxanimaux.org\/actu\/wp-content\/uploads\/2019\/07\/0135d21a-aa73-47c6-923a-67212d8a2bb1-450x600.jpg 450w\" sizes=\"auto, (max-width: 690px) 100vw, 690px\" \/><\/div>\n<div><b>\u00a0<\/b><\/div>\n<div style=\"text-align: center;\"><b>Reportage vid\u00e9o de leur sauvetage\u00a0<\/b><\/div>\n<div><\/div>\n<div>\n<div class='avia-iframe-wrap'><iframe loading=\"lazy\" width=\"1500\" height=\"844\" src=\"https:\/\/www.youtube.com\/embed\/b79_eqjVMF0?feature=oembed\" frameborder=\"0\" allow=\"accelerometer; autoplay; encrypted-media; gyroscope; picture-in-picture\" allowfullscreen><\/iframe><\/div>\n<\/div>\n","protected":false},"excerpt":{"rendered":"<p>Un biberon pour deux, ils partagent tout. \u00ab Elvis \u00bb l\u2019agneau &amp; \u00ab Joy \u00bb le chevreau sont les deux meilleurs amis de notre Ferme p\u00e9dagogique situ\u00e9e \u00e0 Versailles dans le parc du Ch\u00e2teau. Tous deux sauv\u00e9s, ils vont conna\u00eetre la vie qu\u2019ils m\u00e9ritent tous. \u00a0 Reportage vid\u00e9o de leur sauvetage\u00a0<\/p>\n","protected":false},"author":3,"featured_media":5627,"comment_status":"closed","ping_status":"closed","sticky":false,"template":"","format":"standard","meta":{"footnotes":""},"categories":[21],"tags":[],"class_list":["post-5623","post","type-post","status-publish","format-standard","has-post-thumbnail","hentry","category-fondation-assistance-aux-animaux"],"yoast_head":"<!-- This site is optimized with the Yoast SEO plugin v24.5 - https:\/\/yoast.com\/wordpress\/plugins\/seo\/ -->\n<title>128 animaux avaient \u00e9t\u00e9 sauv\u00e9s par l&#039;\u00e9quipe Protection Animale de la Fondation : des nouvelles des b\u00e9b\u00e9s. - Fondation Assistance aux Animaux - Actualit\u00e9s<\/title>\n<meta name=\"robots\" content=\"index, follow, max-snippet:-1, max-image-preview:large, max-video-preview:-1\" \/>\n<link rel=\"canonical\" href=\"https:\/\/www.fondationassistanceauxanimaux.org\/actu\/ferme-bebes-5623\/\" \/>\n<meta property=\"og:locale\" content=\"fr_FR\" \/>\n<meta property=\"og:type\" content=\"article\" \/>\n<meta property=\"og:title\" content=\"128 animaux avaient \u00e9t\u00e9 sauv\u00e9s par l&#039;\u00e9quipe Protection Animale de la Fondation : des nouvelles des b\u00e9b\u00e9s. - Fondation Assistance aux Animaux - Actualit\u00e9s\" \/>\n<meta property=\"og:description\" content=\"Un biberon pour deux, ils partagent tout. \u00ab Elvis \u00bb l\u2019agneau &amp; \u00ab Joy \u00bb le chevreau sont les deux meilleurs amis de notre Ferme p\u00e9dagogique situ\u00e9e \u00e0 Versailles dans le parc du Ch\u00e2teau. Tous deux sauv\u00e9s, ils vont conna\u00eetre la vie qu\u2019ils m\u00e9ritent tous. \u00a0 Reportage vid\u00e9o de leur sauvetage\u00a0\" \/>\n<meta property=\"og:url\" content=\"https:\/\/www.fondationassistanceauxanimaux.org\/actu\/ferme-bebes-5623\/\" \/>\n<meta property=\"og:site_name\" content=\"Fondation Assistance aux Animaux - Actualit\u00e9s\" \/>\n<meta property=\"article:published_time\" content=\"2019-07-02T09:20:38+00:00\" \/>\n<meta property=\"og:image\" content=\"https:\/\/www.fondationassistanceauxanimaux.org\/actu\/wp-content\/uploads\/2019\/07\/b0160484-a4c6-4304-81ca-96e02bdbd4c1.jpg\" \/>\n\t<meta property=\"og:image:width\" content=\"1200\" \/>\n\t<meta property=\"og:image:height\" content=\"1600\" \/>\n\t<meta property=\"og:image:type\" content=\"image\/jpeg\" \/>\n<meta name=\"author\" content=\"No\u00e9\" \/>\n<meta name=\"twitter:card\" content=\"summary_large_image\" \/>\n<meta name=\"twitter:label1\" content=\"\u00c9crit par\" \/>\n\t<meta name=\"twitter:data1\" content=\"No\u00e9\" \/>\n<script type=\"application\/ld+json\" class=\"yoast-schema-graph\">{\"@context\":\"https:\/\/schema.org\",\"@graph\":[{\"@type\":\"WebPage\",\"@id\":\"https:\/\/www.fondationassistanceauxanimaux.org\/actu\/ferme-bebes-5623\/\",\"url\":\"https:\/\/www.fondationassistanceauxanimaux.org\/actu\/ferme-bebes-5623\/\",\"name\":\"128 animaux avaient \u00e9t\u00e9 sauv\u00e9s par l'\u00e9quipe Protection Animale de la Fondation : des nouvelles des b\u00e9b\u00e9s. - Fondation Assistance aux Animaux - Actualit\u00e9s\",\"isPartOf\":{\"@id\":\"https:\/\/www.fondationassistanceauxanimaux.org\/actu\/#website\"},\"primaryImageOfPage\":{\"@id\":\"https:\/\/www.fondationassistanceauxanimaux.org\/actu\/ferme-bebes-5623\/#primaryimage\"},\"image\":{\"@id\":\"https:\/\/www.fondationassistanceauxanimaux.org\/actu\/ferme-bebes-5623\/#primaryimage\"},\"thumbnailUrl\":\"https:\/\/www.fondationassistanceauxanimaux.org\/actu\/wp-content\/uploads\/2019\/07\/b0160484-a4c6-4304-81ca-96e02bdbd4c1.jpg\",\"datePublished\":\"2019-07-02T09:20:38+00:00\",\"author\":{\"@id\":\"https:\/\/www.fondationassistanceauxanimaux.org\/actu\/#\/schema\/person\/71a8476d98daaea0d71a965c5603e10b\"},\"breadcrumb\":{\"@id\":\"https:\/\/www.fondationassistanceauxanimaux.org\/actu\/ferme-bebes-5623\/#breadcrumb\"},\"inLanguage\":\"fr-FR\",\"potentialAction\":[{\"@type\":\"ReadAction\",\"target\":[\"https:\/\/www.fondationassistanceauxanimaux.org\/actu\/ferme-bebes-5623\/\"]}]},{\"@type\":\"ImageObject\",\"inLanguage\":\"fr-FR\",\"@id\":\"https:\/\/www.fondationassistanceauxanimaux.org\/actu\/ferme-bebes-5623\/#primaryimage\",\"url\":\"https:\/\/www.fondationassistanceauxanimaux.org\/actu\/wp-content\/uploads\/2019\/07\/b0160484-a4c6-4304-81ca-96e02bdbd4c1.jpg\",\"contentUrl\":\"https:\/\/www.fondationassistanceauxanimaux.org\/actu\/wp-content\/uploads\/2019\/07\/b0160484-a4c6-4304-81ca-96e02bdbd4c1.jpg\",\"width\":1200,\"height\":1600},{\"@type\":\"BreadcrumbList\",\"@id\":\"https:\/\/www.fondationassistanceauxanimaux.org\/actu\/ferme-bebes-5623\/#breadcrumb\",\"itemListElement\":[{\"@type\":\"ListItem\",\"position\":1,\"name\":\"Accueil\",\"item\":\"https:\/\/www.fondationassistanceauxanimaux.org\/actu\/\"},{\"@type\":\"ListItem\",\"position\":2,\"name\":\"128 animaux avaient \u00e9t\u00e9 sauv\u00e9s par l&rsquo;\u00e9quipe Protection Animale de la Fondation : des nouvelles des b\u00e9b\u00e9s.\"}]},{\"@type\":\"WebSite\",\"@id\":\"https:\/\/www.fondationassistanceauxanimaux.org\/actu\/#website\",\"url\":\"https:\/\/www.fondationassistanceauxanimaux.org\/actu\/\",\"name\":\"Fondation Assistance aux Animaux - Actualit\u00e9s\",\"description\":\"Depuis 1930 la Fondation Assistance aux Animaux pour la d\u00e9fense et la protection des animaux maltrait\u00e9s et abandonn\u00e9s\",\"potentialAction\":[{\"@type\":\"SearchAction\",\"target\":{\"@type\":\"EntryPoint\",\"urlTemplate\":\"https:\/\/www.fondationassistanceauxanimaux.org\/actu\/?s={search_term_string}\"},\"query-input\":{\"@type\":\"PropertyValueSpecification\",\"valueRequired\":true,\"valueName\":\"search_term_string\"}}],\"inLanguage\":\"fr-FR\"},{\"@type\":\"Person\",\"@id\":\"https:\/\/www.fondationassistanceauxanimaux.org\/actu\/#\/schema\/person\/71a8476d98daaea0d71a965c5603e10b\",\"name\":\"No\u00e9\",\"image\":{\"@type\":\"ImageObject\",\"inLanguage\":\"fr-FR\",\"@id\":\"https:\/\/www.fondationassistanceauxanimaux.org\/actu\/#\/schema\/person\/image\/\",\"url\":\"https:\/\/secure.gravatar.com\/avatar\/d34cf6c6bd22b3db9c932bc580c4d1ba93c0cda7588a41b59078888ab1e5f007?s=96&d=mm&r=g\",\"contentUrl\":\"https:\/\/secure.gravatar.com\/avatar\/d34cf6c6bd22b3db9c932bc580c4d1ba93c0cda7588a41b59078888ab1e5f007?s=96&d=mm&r=g\",\"caption\":\"No\u00e9\"},\"url\":\"https:\/\/www.fondationassistanceauxanimaux.org\/actu\/author\/anne\/\"}]}<\/script>\n<!-- \/ Yoast SEO plugin. -->","yoast_head_json":{"title":"128 animaux avaient \u00e9t\u00e9 sauv\u00e9s par l'\u00e9quipe Protection Animale de la Fondation : des nouvelles des b\u00e9b\u00e9s. - Fondation Assistance aux Animaux - Actualit\u00e9s","robots":{"index":"index","follow":"follow","max-snippet":"max-snippet:-1","max-image-preview":"max-image-preview:large","max-video-preview":"max-video-preview:-1"},"canonical":"https:\/\/www.fondationassistanceauxanimaux.org\/actu\/ferme-bebes-5623\/","og_locale":"fr_FR","og_type":"article","og_title":"128 animaux avaient \u00e9t\u00e9 sauv\u00e9s par l'\u00e9quipe Protection Animale de la Fondation : des nouvelles des b\u00e9b\u00e9s. - Fondation Assistance aux Animaux - Actualit\u00e9s","og_description":"Un biberon pour deux, ils partagent tout. \u00ab Elvis \u00bb l\u2019agneau &amp; \u00ab Joy \u00bb le chevreau sont les deux meilleurs amis de notre Ferme p\u00e9dagogique situ\u00e9e \u00e0 Versailles dans le parc du Ch\u00e2teau. Tous deux sauv\u00e9s, ils vont conna\u00eetre la vie qu\u2019ils m\u00e9ritent tous. \u00a0 Reportage vid\u00e9o de leur sauvetage\u00a0","og_url":"https:\/\/www.fondationassistanceauxanimaux.org\/actu\/ferme-bebes-5623\/","og_site_name":"Fondation Assistance aux Animaux - Actualit\u00e9s","article_published_time":"2019-07-02T09:20:38+00:00","og_image":[{"width":1200,"height":1600,"url":"https:\/\/www.fondationassistanceauxanimaux.org\/actu\/wp-content\/uploads\/2019\/07\/b0160484-a4c6-4304-81ca-96e02bdbd4c1.jpg","type":"image\/jpeg"}],"author":"No\u00e9","twitter_card":"summary_large_image","twitter_misc":{"\u00c9crit par":"No\u00e9"},"schema":{"@context":"https:\/\/schema.org","@graph":[{"@type":"WebPage","@id":"https:\/\/www.fondationassistanceauxanimaux.org\/actu\/ferme-bebes-5623\/","url":"https:\/\/www.fondationassistanceauxanimaux.org\/actu\/ferme-bebes-5623\/","name":"128 animaux avaient \u00e9t\u00e9 sauv\u00e9s par l'\u00e9quipe Protection Animale de la Fondation : des nouvelles des b\u00e9b\u00e9s. - Fondation Assistance aux Animaux - Actualit\u00e9s","isPartOf":{"@id":"https:\/\/www.fondationassistanceauxanimaux.org\/actu\/#website"},"primaryImageOfPage":{"@id":"https:\/\/www.fondationassistanceauxanimaux.org\/actu\/ferme-bebes-5623\/#primaryimage"},"image":{"@id":"https:\/\/www.fondationassistanceauxanimaux.org\/actu\/ferme-bebes-5623\/#primaryimage"},"thumbnailUrl":"https:\/\/www.fondationassistanceauxanimaux.org\/actu\/wp-content\/uploads\/2019\/07\/b0160484-a4c6-4304-81ca-96e02bdbd4c1.jpg","datePublished":"2019-07-02T09:20:38+00:00","author":{"@id":"https:\/\/www.fondationassistanceauxanimaux.org\/actu\/#\/schema\/person\/71a8476d98daaea0d71a965c5603e10b"},"breadcrumb":{"@id":"https:\/\/www.fondationassistanceauxanimaux.org\/actu\/ferme-bebes-5623\/#breadcrumb"},"inLanguage":"fr-FR","potentialAction":[{"@type":"ReadAction","target":["https:\/\/www.fondationassistanceauxanimaux.org\/actu\/ferme-bebes-5623\/"]}]},{"@type":"ImageObject","inLanguage":"fr-FR","@id":"https:\/\/www.fondationassistanceauxanimaux.org\/actu\/ferme-bebes-5623\/#primaryimage","url":"https:\/\/www.fondationassistanceauxanimaux.org\/actu\/wp-content\/uploads\/2019\/07\/b0160484-a4c6-4304-81ca-96e02bdbd4c1.jpg","contentUrl":"https:\/\/www.fondationassistanceauxanimaux.org\/actu\/wp-content\/uploads\/2019\/07\/b0160484-a4c6-4304-81ca-96e02bdbd4c1.jpg","width":1200,"height":1600},{"@type":"BreadcrumbList","@id":"https:\/\/www.fondationassistanceauxanimaux.org\/actu\/ferme-bebes-5623\/#breadcrumb","itemListElement":[{"@type":"ListItem","position":1,"name":"Accueil","item":"https:\/\/www.fondationassistanceauxanimaux.org\/actu\/"},{"@type":"ListItem","position":2,"name":"128 animaux avaient \u00e9t\u00e9 sauv\u00e9s par l&rsquo;\u00e9quipe Protection Animale de la Fondation : des nouvelles des b\u00e9b\u00e9s."}]},{"@type":"WebSite","@id":"https:\/\/www.fondationassistanceauxanimaux.org\/actu\/#website","url":"https:\/\/www.fondationassistanceauxanimaux.org\/actu\/","name":"Fondation Assistance aux Animaux - Actualit\u00e9s","description":"Depuis 1930 la Fondation Assistance aux Animaux pour la d\u00e9fense et la protection des animaux maltrait\u00e9s et abandonn\u00e9s","potentialAction":[{"@type":"SearchAction","target":{"@type":"EntryPoint","urlTemplate":"https:\/\/www.fondationassistanceauxanimaux.org\/actu\/?s={search_term_string}"},"query-input":{"@type":"PropertyValueSpecification","valueRequired":true,"valueName":"search_term_string"}}],"inLanguage":"fr-FR"},{"@type":"Person","@id":"https:\/\/www.fondationassistanceauxanimaux.org\/actu\/#\/schema\/person\/71a8476d98daaea0d71a965c5603e10b","name":"No\u00e9","image":{"@type":"ImageObject","inLanguage":"fr-FR","@id":"https:\/\/www.fondationassistanceauxanimaux.org\/actu\/#\/schema\/person\/image\/","url":"https:\/\/secure.gravatar.com\/avatar\/d34cf6c6bd22b3db9c932bc580c4d1ba93c0cda7588a41b59078888ab1e5f007?s=96&d=mm&r=g","contentUrl":"https:\/\/secure.gravatar.com\/avatar\/d34cf6c6bd22b3db9c932bc580c4d1ba93c0cda7588a41b59078888ab1e5f007?s=96&d=mm&r=g","caption":"No\u00e9"},"url":"https:\/\/www.fondationassistanceauxanimaux.org\/actu\/author\/anne\/"}]}},"_links":{"self":[{"href":"https:\/\/www.fondationassistanceauxanimaux.org\/actu\/wp-json\/wp\/v2\/posts\/5623","targetHints":{"allow":["GET"]}}],"collection":[{"href":"https:\/\/www.fondationassistanceauxanimaux.org\/actu\/wp-json\/wp\/v2\/posts"}],"about":[{"href":"https:\/\/www.fondationassistanceauxanimaux.org\/actu\/wp-json\/wp\/v2\/types\/post"}],"author":[{"embeddable":true,"href":"https:\/\/www.fondationassistanceauxanimaux.org\/actu\/wp-json\/wp\/v2\/users\/3"}],"replies":[{"embeddable":true,"href":"https:\/\/www.fondationassistanceauxanimaux.org\/actu\/wp-json\/wp\/v2\/comments?post=5623"}],"version-history":[{"count":2,"href":"https:\/\/www.fondationassistanceauxanimaux.org\/actu\/wp-json\/wp\/v2\/posts\/5623\/revisions"}],"predecessor-version":[{"id":5630,"href":"https:\/\/www.fondationassistanceauxanimaux.org\/actu\/wp-json\/wp\/v2\/posts\/5623\/revisions\/5630"}],"wp:featuredmedia":[{"embeddable":true,"href":"https:\/\/www.fondationassistanceauxanimaux.org\/actu\/wp-json\/wp\/v2\/media\/5627"}],"wp:attachment":[{"href":"https:\/\/www.fondationassistanceauxanimaux.org\/actu\/wp-json\/wp\/v2\/media?parent=5623"}],"wp:term":[{"taxonomy":"category","embeddable":true,"href":"https:\/\/www.fondationassistanceauxanimaux.org\/actu\/wp-json\/wp\/v2\/categories?post=5623"},{"taxonomy":"post_tag","embeddable":true,"href":"https:\/\/www.fondationassistanceauxanimaux.org\/actu\/wp-json\/wp\/v2\/tags?post=5623"}],"curies":[{"name":"wp","href":"https:\/\/api.w.org\/{rel}","templated":true}]}}