{"id":5612,"date":"2019-07-01T19:32:32","date_gmt":"2019-07-01T17:32:32","guid":{"rendered":"http:\/\/www.fondationassistanceauxanimaux.org\/actu\/?p=5612"},"modified":"2019-07-01T19:32:32","modified_gmt":"2019-07-01T17:32:32","slug":"sauvetage-canards-ferme","status":"publish","type":"post","link":"https:\/\/www.fondationassistanceauxanimaux.org\/actu\/sauvetage-canards-ferme-5612\/","title":{"rendered":"Sauvetage d&rsquo;une famille de canards par l&rsquo;\u00e9quipe de la ferme de la Fondation Assistance aux Animaux."},"content":{"rendered":"<p><b>Jeudi dernier, une partie de l&rsquo;\u00e9quipe de la ferme p\u00e9dagogique est intervenue dans les bassins du Ch\u00e2teau de Versailles pour venir en aide \u00e0 une famille de canards.<\/b><\/p>\n<div><b>S\u00e9par\u00e9s entre deux bassins, les canetons \u00e9taient seuls, livr\u00e9s \u00e0 eux-m\u00eames. Ils appelaient les parents qui ne comprenaient pas leur d\u00e9tresse.<\/b><\/div>\n<div><b>La bande de canetons n&rsquo;arrivait pas \u00e0 remonter le petit bassin pour les retrouver : ils \u00e9taient coinc\u00e9s par le manque d&rsquo;eau.<\/b><\/div>\n<div><b>\u00a0<\/b><\/div>\n<div><b>L&rsquo;\u00e9quipe de la ferme p\u00e9dagogique a donc retrouss\u00e9 ses manches pour aller dans le bassin r\u00e9cup\u00e9rer les petits un \u00e0 un.<\/b><\/div>\n<div><b>C&rsquo;est sans stress et en douceur que les canetons ont tous pu \u00eatre pris en charge et ramen\u00e9s dans le grand bassin, aupr\u00e8s de leur parent.<\/b><\/div>\n<div><b>\u00a0<\/b><\/div>\n<div><b>La sc\u00e8ne a \u00e9t\u00e9 applaudie par tous les touristes qui se trouvaient en visite au ch\u00e2teau.<\/b><\/div>\n<div><b>C&rsquo;est un sauvetage de plus pour notre \u00e9quipe de la ferme !<\/b><\/div>\n<div><\/div>\n<div><img loading=\"lazy\" decoding=\"async\" class=\"aligncenter  wp-image-5614\" src=\"https:\/\/www.fondationassistanceauxanimaux.org\/actu\/wp-content\/uploads\/2019\/07\/df7bc6db-d5d9-46ad-9a0d-47c7531d17e5.jpg\" alt=\"\" width=\"880\" height=\"661\" srcset=\"https:\/\/www.fondationassistanceauxanimaux.org\/actu\/wp-content\/uploads\/2019\/07\/df7bc6db-d5d9-46ad-9a0d-47c7531d17e5.jpg 1599w, https:\/\/www.fondationassistanceauxanimaux.org\/actu\/wp-content\/uploads\/2019\/07\/df7bc6db-d5d9-46ad-9a0d-47c7531d17e5-300x225.jpg 300w, https:\/\/www.fondationassistanceauxanimaux.org\/actu\/wp-content\/uploads\/2019\/07\/df7bc6db-d5d9-46ad-9a0d-47c7531d17e5-768x576.jpg 768w, https:\/\/www.fondationassistanceauxanimaux.org\/actu\/wp-content\/uploads\/2019\/07\/df7bc6db-d5d9-46ad-9a0d-47c7531d17e5-1030x773.jpg 1030w, https:\/\/www.fondationassistanceauxanimaux.org\/actu\/wp-content\/uploads\/2019\/07\/df7bc6db-d5d9-46ad-9a0d-47c7531d17e5-1500x1126.jpg 1500w, https:\/\/www.fondationassistanceauxanimaux.org\/actu\/wp-content\/uploads\/2019\/07\/df7bc6db-d5d9-46ad-9a0d-47c7531d17e5-705x529.jpg 705w, https:\/\/www.fondationassistanceauxanimaux.org\/actu\/wp-content\/uploads\/2019\/07\/df7bc6db-d5d9-46ad-9a0d-47c7531d17e5-450x338.jpg 450w\" sizes=\"auto, (max-width: 880px) 100vw, 880px\" \/><\/div>\n<div><\/div>\n<div><img loading=\"lazy\" decoding=\"async\" class=\"aligncenter  wp-image-5615\" src=\"https:\/\/www.fondationassistanceauxanimaux.org\/actu\/wp-content\/uploads\/2019\/07\/0e089cff-0955-493a-804b-e949dbf6e95c.jpg\" alt=\"\" width=\"880\" height=\"1174\" srcset=\"https:\/\/www.fondationassistanceauxanimaux.org\/actu\/wp-content\/uploads\/2019\/07\/0e089cff-0955-493a-804b-e949dbf6e95c.jpg 1200w, https:\/\/www.fondationassistanceauxanimaux.org\/actu\/wp-content\/uploads\/2019\/07\/0e089cff-0955-493a-804b-e949dbf6e95c-225x300.jpg 225w, https:\/\/www.fondationassistanceauxanimaux.org\/actu\/wp-content\/uploads\/2019\/07\/0e089cff-0955-493a-804b-e949dbf6e95c-768x1024.jpg 768w, https:\/\/www.fondationassistanceauxanimaux.org\/actu\/wp-content\/uploads\/2019\/07\/0e089cff-0955-493a-804b-e949dbf6e95c-773x1030.jpg 773w, https:\/\/www.fondationassistanceauxanimaux.org\/actu\/wp-content\/uploads\/2019\/07\/0e089cff-0955-493a-804b-e949dbf6e95c-1125x1500.jpg 1125w, https:\/\/www.fondationassistanceauxanimaux.org\/actu\/wp-content\/uploads\/2019\/07\/0e089cff-0955-493a-804b-e949dbf6e95c-529x705.jpg 529w, https:\/\/www.fondationassistanceauxanimaux.org\/actu\/wp-content\/uploads\/2019\/07\/0e089cff-0955-493a-804b-e949dbf6e95c-450x600.jpg 450w\" sizes=\"auto, (max-width: 880px) 100vw, 880px\" \/><\/div>\n<div><\/div>\n<div><img loading=\"lazy\" decoding=\"async\" class=\"aligncenter  wp-image-5616\" src=\"https:\/\/www.fondationassistanceauxanimaux.org\/actu\/wp-content\/uploads\/2019\/07\/9995fa1c-6a66-4890-ba9e-4d7ecda802a2.jpg\" alt=\"\" width=\"870\" height=\"1159\" srcset=\"https:\/\/www.fondationassistanceauxanimaux.org\/actu\/wp-content\/uploads\/2019\/07\/9995fa1c-6a66-4890-ba9e-4d7ecda802a2.jpg 1200w, https:\/\/www.fondationassistanceauxanimaux.org\/actu\/wp-content\/uploads\/2019\/07\/9995fa1c-6a66-4890-ba9e-4d7ecda802a2-225x300.jpg 225w, https:\/\/www.fondationassistanceauxanimaux.org\/actu\/wp-content\/uploads\/2019\/07\/9995fa1c-6a66-4890-ba9e-4d7ecda802a2-768x1023.jpg 768w, https:\/\/www.fondationassistanceauxanimaux.org\/actu\/wp-content\/uploads\/2019\/07\/9995fa1c-6a66-4890-ba9e-4d7ecda802a2-773x1030.jpg 773w, https:\/\/www.fondationassistanceauxanimaux.org\/actu\/wp-content\/uploads\/2019\/07\/9995fa1c-6a66-4890-ba9e-4d7ecda802a2-1126x1500.jpg 1126w, https:\/\/www.fondationassistanceauxanimaux.org\/actu\/wp-content\/uploads\/2019\/07\/9995fa1c-6a66-4890-ba9e-4d7ecda802a2-529x705.jpg 529w, https:\/\/www.fondationassistanceauxanimaux.org\/actu\/wp-content\/uploads\/2019\/07\/9995fa1c-6a66-4890-ba9e-4d7ecda802a2-450x600.jpg 450w\" sizes=\"auto, (max-width: 870px) 100vw, 870px\" \/><\/div>\n<div><\/div>\n<div><img loading=\"lazy\" decoding=\"async\" class=\"aligncenter  wp-image-5618\" src=\"https:\/\/www.fondationassistanceauxanimaux.org\/actu\/wp-content\/uploads\/2019\/07\/87827316-49a9-48c8-aab2-00f146da9d90.jpg\" alt=\"\" width=\"853\" height=\"1136\" srcset=\"https:\/\/www.fondationassistanceauxanimaux.org\/actu\/wp-content\/uploads\/2019\/07\/87827316-49a9-48c8-aab2-00f146da9d90.jpg 1200w, https:\/\/www.fondationassistanceauxanimaux.org\/actu\/wp-content\/uploads\/2019\/07\/87827316-49a9-48c8-aab2-00f146da9d90-225x300.jpg 225w, https:\/\/www.fondationassistanceauxanimaux.org\/actu\/wp-content\/uploads\/2019\/07\/87827316-49a9-48c8-aab2-00f146da9d90-768x1023.jpg 768w, https:\/\/www.fondationassistanceauxanimaux.org\/actu\/wp-content\/uploads\/2019\/07\/87827316-49a9-48c8-aab2-00f146da9d90-773x1030.jpg 773w, https:\/\/www.fondationassistanceauxanimaux.org\/actu\/wp-content\/uploads\/2019\/07\/87827316-49a9-48c8-aab2-00f146da9d90-1126x1500.jpg 1126w, https:\/\/www.fondationassistanceauxanimaux.org\/actu\/wp-content\/uploads\/2019\/07\/87827316-49a9-48c8-aab2-00f146da9d90-529x705.jpg 529w, https:\/\/www.fondationassistanceauxanimaux.org\/actu\/wp-content\/uploads\/2019\/07\/87827316-49a9-48c8-aab2-00f146da9d90-450x600.jpg 450w\" sizes=\"auto, (max-width: 853px) 100vw, 853px\" \/><\/div>\n<div><\/div>\n<div><img loading=\"lazy\" decoding=\"async\" class=\"aligncenter size-full wp-image-5619\" src=\"https:\/\/www.fondationassistanceauxanimaux.org\/actu\/wp-content\/uploads\/2019\/07\/dfff.jpg\" alt=\"\" width=\"719\" height=\"683\" srcset=\"https:\/\/www.fondationassistanceauxanimaux.org\/actu\/wp-content\/uploads\/2019\/07\/dfff.jpg 719w, https:\/\/www.fondationassistanceauxanimaux.org\/actu\/wp-content\/uploads\/2019\/07\/dfff-300x285.jpg 300w, https:\/\/www.fondationassistanceauxanimaux.org\/actu\/wp-content\/uploads\/2019\/07\/dfff-705x670.jpg 705w, https:\/\/www.fondationassistanceauxanimaux.org\/actu\/wp-content\/uploads\/2019\/07\/dfff-450x427.jpg 450w\" sizes=\"auto, (max-width: 719px) 100vw, 719px\" \/><\/div>\n","protected":false},"excerpt":{"rendered":"<p>Jeudi dernier, une partie de l&rsquo;\u00e9quipe de la ferme p\u00e9dagogique est intervenue dans les bassins du Ch\u00e2teau de Versailles pour venir en aide \u00e0 une famille de canards. S\u00e9par\u00e9s entre deux bassins, les canetons \u00e9taient seuls, livr\u00e9s \u00e0 eux-m\u00eames. Ils appelaient les parents qui ne comprenaient pas leur d\u00e9tresse. La bande de canetons n&rsquo;arrivait pas [&hellip;]<\/p>\n","protected":false},"author":3,"featured_media":5620,"comment_status":"closed","ping_status":"closed","sticky":false,"template":"","format":"standard","meta":{"footnotes":""},"categories":[99],"tags":[],"class_list":["post-5612","post","type-post","status-publish","format-standard","has-post-thumbnail","hentry","category-ferme-pedagogique"],"yoast_head":"<!-- This site is optimized with the Yoast SEO plugin v24.5 - https:\/\/yoast.com\/wordpress\/plugins\/seo\/ -->\n<title>Sauvetage d&#039;une famille de canards par l&#039;\u00e9quipe de la ferme de la Fondation Assistance aux Animaux. - Fondation Assistance aux Animaux - Actualit\u00e9s<\/title>\n<meta name=\"robots\" content=\"index, follow, max-snippet:-1, max-image-preview:large, max-video-preview:-1\" \/>\n<link rel=\"canonical\" href=\"https:\/\/www.fondationassistanceauxanimaux.org\/actu\/sauvetage-canards-ferme-5612\/\" \/>\n<meta property=\"og:locale\" content=\"fr_FR\" \/>\n<meta property=\"og:type\" content=\"article\" \/>\n<meta property=\"og:title\" content=\"Sauvetage d&#039;une famille de canards par l&#039;\u00e9quipe de la ferme de la Fondation Assistance aux Animaux. - Fondation Assistance aux Animaux - Actualit\u00e9s\" \/>\n<meta property=\"og:description\" content=\"Jeudi dernier, une partie de l&rsquo;\u00e9quipe de la ferme p\u00e9dagogique est intervenue dans les bassins du Ch\u00e2teau de Versailles pour venir en aide \u00e0 une famille de canards. S\u00e9par\u00e9s entre deux bassins, les canetons \u00e9taient seuls, livr\u00e9s \u00e0 eux-m\u00eames. Ils appelaient les parents qui ne comprenaient pas leur d\u00e9tresse. La bande de canetons n&rsquo;arrivait pas [&hellip;]\" \/>\n<meta property=\"og:url\" content=\"https:\/\/www.fondationassistanceauxanimaux.org\/actu\/sauvetage-canards-ferme-5612\/\" \/>\n<meta property=\"og:site_name\" content=\"Fondation Assistance aux Animaux - Actualit\u00e9s\" \/>\n<meta property=\"article:published_time\" content=\"2019-07-01T17:32:32+00:00\" \/>\n<meta property=\"og:image\" content=\"https:\/\/www.fondationassistanceauxanimaux.org\/actu\/wp-content\/uploads\/2019\/07\/hhhhh.jpg\" \/>\n\t<meta property=\"og:image:width\" content=\"1333\" \/>\n\t<meta property=\"og:image:height\" content=\"1173\" \/>\n\t<meta property=\"og:image:type\" content=\"image\/jpeg\" \/>\n<meta name=\"author\" content=\"No\u00e9\" \/>\n<meta name=\"twitter:card\" content=\"summary_large_image\" \/>\n<meta name=\"twitter:label1\" content=\"\u00c9crit par\" \/>\n\t<meta name=\"twitter:data1\" content=\"No\u00e9\" \/>\n\t<meta name=\"twitter:label2\" content=\"Dur\u00e9e de lecture estim\u00e9e\" \/>\n\t<meta name=\"twitter:data2\" content=\"1 minute\" \/>\n<script type=\"application\/ld+json\" class=\"yoast-schema-graph\">{\"@context\":\"https:\/\/schema.org\",\"@graph\":[{\"@type\":\"WebPage\",\"@id\":\"https:\/\/www.fondationassistanceauxanimaux.org\/actu\/sauvetage-canards-ferme-5612\/\",\"url\":\"https:\/\/www.fondationassistanceauxanimaux.org\/actu\/sauvetage-canards-ferme-5612\/\",\"name\":\"Sauvetage d'une famille de canards par l'\u00e9quipe de la ferme de la Fondation Assistance aux Animaux. - Fondation Assistance aux Animaux - Actualit\u00e9s\",\"isPartOf\":{\"@id\":\"https:\/\/www.fondationassistanceauxanimaux.org\/actu\/#website\"},\"primaryImageOfPage\":{\"@id\":\"https:\/\/www.fondationassistanceauxanimaux.org\/actu\/sauvetage-canards-ferme-5612\/#primaryimage\"},\"image\":{\"@id\":\"https:\/\/www.fondationassistanceauxanimaux.org\/actu\/sauvetage-canards-ferme-5612\/#primaryimage\"},\"thumbnailUrl\":\"https:\/\/www.fondationassistanceauxanimaux.org\/actu\/wp-content\/uploads\/2019\/07\/hhhhh.jpg\",\"datePublished\":\"2019-07-01T17:32:32+00:00\",\"author\":{\"@id\":\"https:\/\/www.fondationassistanceauxanimaux.org\/actu\/#\/schema\/person\/71a8476d98daaea0d71a965c5603e10b\"},\"breadcrumb\":{\"@id\":\"https:\/\/www.fondationassistanceauxanimaux.org\/actu\/sauvetage-canards-ferme-5612\/#breadcrumb\"},\"inLanguage\":\"fr-FR\",\"potentialAction\":[{\"@type\":\"ReadAction\",\"target\":[\"https:\/\/www.fondationassistanceauxanimaux.org\/actu\/sauvetage-canards-ferme-5612\/\"]}]},{\"@type\":\"ImageObject\",\"inLanguage\":\"fr-FR\",\"@id\":\"https:\/\/www.fondationassistanceauxanimaux.org\/actu\/sauvetage-canards-ferme-5612\/#primaryimage\",\"url\":\"https:\/\/www.fondationassistanceauxanimaux.org\/actu\/wp-content\/uploads\/2019\/07\/hhhhh.jpg\",\"contentUrl\":\"https:\/\/www.fondationassistanceauxanimaux.org\/actu\/wp-content\/uploads\/2019\/07\/hhhhh.jpg\",\"width\":1333,\"height\":1173},{\"@type\":\"BreadcrumbList\",\"@id\":\"https:\/\/www.fondationassistanceauxanimaux.org\/actu\/sauvetage-canards-ferme-5612\/#breadcrumb\",\"itemListElement\":[{\"@type\":\"ListItem\",\"position\":1,\"name\":\"Accueil\",\"item\":\"https:\/\/www.fondationassistanceauxanimaux.org\/actu\/\"},{\"@type\":\"ListItem\",\"position\":2,\"name\":\"Sauvetage d&rsquo;une famille de canards par l&rsquo;\u00e9quipe de la ferme de la Fondation Assistance aux Animaux.\"}]},{\"@type\":\"WebSite\",\"@id\":\"https:\/\/www.fondationassistanceauxanimaux.org\/actu\/#website\",\"url\":\"https:\/\/www.fondationassistanceauxanimaux.org\/actu\/\",\"name\":\"Fondation Assistance aux Animaux - Actualit\u00e9s\",\"description\":\"Depuis 1930 la Fondation Assistance aux Animaux pour la d\u00e9fense et la protection des animaux maltrait\u00e9s et abandonn\u00e9s\",\"potentialAction\":[{\"@type\":\"SearchAction\",\"target\":{\"@type\":\"EntryPoint\",\"urlTemplate\":\"https:\/\/www.fondationassistanceauxanimaux.org\/actu\/?s={search_term_string}\"},\"query-input\":{\"@type\":\"PropertyValueSpecification\",\"valueRequired\":true,\"valueName\":\"search_term_string\"}}],\"inLanguage\":\"fr-FR\"},{\"@type\":\"Person\",\"@id\":\"https:\/\/www.fondationassistanceauxanimaux.org\/actu\/#\/schema\/person\/71a8476d98daaea0d71a965c5603e10b\",\"name\":\"No\u00e9\",\"image\":{\"@type\":\"ImageObject\",\"inLanguage\":\"fr-FR\",\"@id\":\"https:\/\/www.fondationassistanceauxanimaux.org\/actu\/#\/schema\/person\/image\/\",\"url\":\"https:\/\/secure.gravatar.com\/avatar\/d34cf6c6bd22b3db9c932bc580c4d1ba93c0cda7588a41b59078888ab1e5f007?s=96&d=mm&r=g\",\"contentUrl\":\"https:\/\/secure.gravatar.com\/avatar\/d34cf6c6bd22b3db9c932bc580c4d1ba93c0cda7588a41b59078888ab1e5f007?s=96&d=mm&r=g\",\"caption\":\"No\u00e9\"},\"url\":\"https:\/\/www.fondationassistanceauxanimaux.org\/actu\/author\/anne\/\"}]}<\/script>\n<!-- \/ Yoast SEO plugin. -->","yoast_head_json":{"title":"Sauvetage d'une famille de canards par l'\u00e9quipe de la ferme de la Fondation Assistance aux Animaux. - Fondation Assistance aux Animaux - Actualit\u00e9s","robots":{"index":"index","follow":"follow","max-snippet":"max-snippet:-1","max-image-preview":"max-image-preview:large","max-video-preview":"max-video-preview:-1"},"canonical":"https:\/\/www.fondationassistanceauxanimaux.org\/actu\/sauvetage-canards-ferme-5612\/","og_locale":"fr_FR","og_type":"article","og_title":"Sauvetage d'une famille de canards par l'\u00e9quipe de la ferme de la Fondation Assistance aux Animaux. - Fondation Assistance aux Animaux - Actualit\u00e9s","og_description":"Jeudi dernier, une partie de l&rsquo;\u00e9quipe de la ferme p\u00e9dagogique est intervenue dans les bassins du Ch\u00e2teau de Versailles pour venir en aide \u00e0 une famille de canards. S\u00e9par\u00e9s entre deux bassins, les canetons \u00e9taient seuls, livr\u00e9s \u00e0 eux-m\u00eames. Ils appelaient les parents qui ne comprenaient pas leur d\u00e9tresse. La bande de canetons n&rsquo;arrivait pas [&hellip;]","og_url":"https:\/\/www.fondationassistanceauxanimaux.org\/actu\/sauvetage-canards-ferme-5612\/","og_site_name":"Fondation Assistance aux Animaux - Actualit\u00e9s","article_published_time":"2019-07-01T17:32:32+00:00","og_image":[{"width":1333,"height":1173,"url":"https:\/\/www.fondationassistanceauxanimaux.org\/actu\/wp-content\/uploads\/2019\/07\/hhhhh.jpg","type":"image\/jpeg"}],"author":"No\u00e9","twitter_card":"summary_large_image","twitter_misc":{"\u00c9crit par":"No\u00e9","Dur\u00e9e de lecture estim\u00e9e":"1 minute"},"schema":{"@context":"https:\/\/schema.org","@graph":[{"@type":"WebPage","@id":"https:\/\/www.fondationassistanceauxanimaux.org\/actu\/sauvetage-canards-ferme-5612\/","url":"https:\/\/www.fondationassistanceauxanimaux.org\/actu\/sauvetage-canards-ferme-5612\/","name":"Sauvetage d'une famille de canards par l'\u00e9quipe de la ferme de la Fondation Assistance aux Animaux. - Fondation Assistance aux Animaux - Actualit\u00e9s","isPartOf":{"@id":"https:\/\/www.fondationassistanceauxanimaux.org\/actu\/#website"},"primaryImageOfPage":{"@id":"https:\/\/www.fondationassistanceauxanimaux.org\/actu\/sauvetage-canards-ferme-5612\/#primaryimage"},"image":{"@id":"https:\/\/www.fondationassistanceauxanimaux.org\/actu\/sauvetage-canards-ferme-5612\/#primaryimage"},"thumbnailUrl":"https:\/\/www.fondationassistanceauxanimaux.org\/actu\/wp-content\/uploads\/2019\/07\/hhhhh.jpg","datePublished":"2019-07-01T17:32:32+00:00","author":{"@id":"https:\/\/www.fondationassistanceauxanimaux.org\/actu\/#\/schema\/person\/71a8476d98daaea0d71a965c5603e10b"},"breadcrumb":{"@id":"https:\/\/www.fondationassistanceauxanimaux.org\/actu\/sauvetage-canards-ferme-5612\/#breadcrumb"},"inLanguage":"fr-FR","potentialAction":[{"@type":"ReadAction","target":["https:\/\/www.fondationassistanceauxanimaux.org\/actu\/sauvetage-canards-ferme-5612\/"]}]},{"@type":"ImageObject","inLanguage":"fr-FR","@id":"https:\/\/www.fondationassistanceauxanimaux.org\/actu\/sauvetage-canards-ferme-5612\/#primaryimage","url":"https:\/\/www.fondationassistanceauxanimaux.org\/actu\/wp-content\/uploads\/2019\/07\/hhhhh.jpg","contentUrl":"https:\/\/www.fondationassistanceauxanimaux.org\/actu\/wp-content\/uploads\/2019\/07\/hhhhh.jpg","width":1333,"height":1173},{"@type":"BreadcrumbList","@id":"https:\/\/www.fondationassistanceauxanimaux.org\/actu\/sauvetage-canards-ferme-5612\/#breadcrumb","itemListElement":[{"@type":"ListItem","position":1,"name":"Accueil","item":"https:\/\/www.fondationassistanceauxanimaux.org\/actu\/"},{"@type":"ListItem","position":2,"name":"Sauvetage d&rsquo;une famille de canards par l&rsquo;\u00e9quipe de la ferme de la Fondation Assistance aux Animaux."}]},{"@type":"WebSite","@id":"https:\/\/www.fondationassistanceauxanimaux.org\/actu\/#website","url":"https:\/\/www.fondationassistanceauxanimaux.org\/actu\/","name":"Fondation Assistance aux Animaux - Actualit\u00e9s","description":"Depuis 1930 la Fondation Assistance aux Animaux pour la d\u00e9fense et la protection des animaux maltrait\u00e9s et abandonn\u00e9s","potentialAction":[{"@type":"SearchAction","target":{"@type":"EntryPoint","urlTemplate":"https:\/\/www.fondationassistanceauxanimaux.org\/actu\/?s={search_term_string}"},"query-input":{"@type":"PropertyValueSpecification","valueRequired":true,"valueName":"search_term_string"}}],"inLanguage":"fr-FR"},{"@type":"Person","@id":"https:\/\/www.fondationassistanceauxanimaux.org\/actu\/#\/schema\/person\/71a8476d98daaea0d71a965c5603e10b","name":"No\u00e9","image":{"@type":"ImageObject","inLanguage":"fr-FR","@id":"https:\/\/www.fondationassistanceauxanimaux.org\/actu\/#\/schema\/person\/image\/","url":"https:\/\/secure.gravatar.com\/avatar\/d34cf6c6bd22b3db9c932bc580c4d1ba93c0cda7588a41b59078888ab1e5f007?s=96&d=mm&r=g","contentUrl":"https:\/\/secure.gravatar.com\/avatar\/d34cf6c6bd22b3db9c932bc580c4d1ba93c0cda7588a41b59078888ab1e5f007?s=96&d=mm&r=g","caption":"No\u00e9"},"url":"https:\/\/www.fondationassistanceauxanimaux.org\/actu\/author\/anne\/"}]}},"_links":{"self":[{"href":"https:\/\/www.fondationassistanceauxanimaux.org\/actu\/wp-json\/wp\/v2\/posts\/5612","targetHints":{"allow":["GET"]}}],"collection":[{"href":"https:\/\/www.fondationassistanceauxanimaux.org\/actu\/wp-json\/wp\/v2\/posts"}],"about":[{"href":"https:\/\/www.fondationassistanceauxanimaux.org\/actu\/wp-json\/wp\/v2\/types\/post"}],"author":[{"embeddable":true,"href":"https:\/\/www.fondationassistanceauxanimaux.org\/actu\/wp-json\/wp\/v2\/users\/3"}],"replies":[{"embeddable":true,"href":"https:\/\/www.fondationassistanceauxanimaux.org\/actu\/wp-json\/wp\/v2\/comments?post=5612"}],"version-history":[{"count":2,"href":"https:\/\/www.fondationassistanceauxanimaux.org\/actu\/wp-json\/wp\/v2\/posts\/5612\/revisions"}],"predecessor-version":[{"id":5622,"href":"https:\/\/www.fondationassistanceauxanimaux.org\/actu\/wp-json\/wp\/v2\/posts\/5612\/revisions\/5622"}],"wp:featuredmedia":[{"embeddable":true,"href":"https:\/\/www.fondationassistanceauxanimaux.org\/actu\/wp-json\/wp\/v2\/media\/5620"}],"wp:attachment":[{"href":"https:\/\/www.fondationassistanceauxanimaux.org\/actu\/wp-json\/wp\/v2\/media?parent=5612"}],"wp:term":[{"taxonomy":"category","embeddable":true,"href":"https:\/\/www.fondationassistanceauxanimaux.org\/actu\/wp-json\/wp\/v2\/categories?post=5612"},{"taxonomy":"post_tag","embeddable":true,"href":"https:\/\/www.fondationassistanceauxanimaux.org\/actu\/wp-json\/wp\/v2\/tags?post=5612"}],"curies":[{"name":"wp","href":"https:\/\/api.w.org\/{rel}","templated":true}]}}