{"id":538,"date":"2016-08-13T16:28:00","date_gmt":"2016-08-13T14:28:00","guid":{"rendered":"http:\/\/www.fondationassistanceauxanimaux.org\/actu\/?p=538"},"modified":"2018-08-22T23:46:29","modified_gmt":"2018-08-22T21:46:29","slug":"histoire-de-sauvetage-danimaux-ane-sauve-corse","status":"publish","type":"post","link":"https:\/\/www.fondationassistanceauxanimaux.org\/actu\/histoire-de-sauvetage-danimaux-ane-sauve-corse-538\/","title":{"rendered":"Histoire de sauvetage d&rsquo;animaux : un \u00e2ne sauv\u00e9 en Corse"},"content":{"rendered":"<p style=\"text-align: justify;\">De la Corse aux Alpes Maritimes\u00a0: L\u2019\u00e9mouvant sauvetage d\u2019un \u00e2non abandonn\u00e9 qui a fr\u00f4l\u00e9 la mort<\/p>\n<p style=\"text-align: justify;\">Il n\u2019a que quelques mois et a d\u00e9j\u00e0 bien mal commenc\u00e9 sa vie\u2026 Emp\u00eatr\u00e9 dans des fils barbel\u00e9s depuis plusieurs jours, le long d\u2019une route de Corse, il aura fallut que le hasard s\u2019en m\u00eale pour lui venir en aide.<\/p>\n<p style=\"text-align: justify;\">C\u2019est un v\u00e9t\u00e9rinaire qui l\u2019a aper\u00e7u par hasard. Le pauvre \u00e2ne\u00a0\u00e9tait en tr\u00e8s mauvais \u00e9tat, bless\u00e9 par les barbel\u00e9s et d\u2019une maigreur \u00e0 faire peur, signe qu\u2019il \u00e9tait pris au pi\u00e8ge depuis un certain temps. Les pompiers sont imm\u00e9diatement appel\u00e9s ainsi que l\u2019<strong>association des sans colliers de Corse<\/strong>, afin de sortir l\u2019animal de cette situation d\u00e9licate et de lui trouver un lieu d\u2019accueil.<\/p>\n<p style=\"text-align: justify;\">A partir de l\u00e0, c\u2019est une grande cha\u00eene de solidarit\u00e9 qui se met en marche. Tr\u00e8s investis, les Pompiers parviennent tant bien que mal avec le v\u00e9t\u00e9rinaire \u00e0 lib\u00e9rer le petit \u00e2ne. Une g\u00e9n\u00e9reuse dame pr\u00eate un van pour transporter l\u2019animal bless\u00e9 qui est conduit, sous assistance v\u00e9t\u00e9rinaire, au <a href=\"https:\/\/www.fondationassistanceauxanimaux.org\/maison-retraite-corse\/\" target=\"_blank\">refuge de la Fondation Assistance aux Animaux en Corse<\/a>. Tr\u00e8s affaiblis, des soins d\u2019urgence lui son prodigu\u00e9s. Il souffre de d\u00e9shydratation, de malnutrition, de blessures sur tout le corps et d\u2019une infection au fourreau. Mais surtout, le v\u00e9t\u00e9rinaire qui n\u2019a pas eu \u00e0 c\u0153ur de le laisser, d\u00e9couvre qu\u2019il a la patte ant\u00e9rieure fractur\u00e9e\u2026 Son avenir semble bien sombre.<\/p>\n<p style=\"text-align: justify;\">La Fondation Assistance aux Animaux et les sans colliers de Corse restent \u00e0 son chevet nuit et jour, lui prodiguant les meilleurs soins afin d\u2019esp\u00e9rer le r\u00e9tablir. Et \u00e7a marche\u00a0! Rebaptis\u00e9 Novu par les pompiers, l&rsquo;\u00e2non a visiblement choisi de se battre. Les jours passent et son \u00e9tat physique s\u2019am\u00e9liore. L\u2019espoir rena\u00eet de le voir courir dans un pr\u00e9 un jour.<\/p>\n<p style=\"text-align: justify;\">Mais pour cela, Novu doit subir une op\u00e9ration complexe de sa patte, op\u00e9ration qui ne sera possible qu\u2019\u00e0 Cagnes sur mer (06) \u00e0 la clinique v\u00e9t\u00e9rinaire \u00e9quine de l\u2019Hippodrome.<br \/>\nQu\u2019\u00e0 cela ne tienne, la cha\u00eene de solidarit\u00e9 continue. Les sans colliers de Corse se d\u00e9brouillent pour trouver une place pour Novu sur un bateau et deux soigneurs de la Fondation Assistance aux Animaux l\u2019accompagnent durant son p\u00e9riple. Il arrive enfin \u00e0 bon port \u00e0 Cagnes sur mer, o\u00f9 des examens plus pouss\u00e9s sont r\u00e9alis\u00e9s.<br \/>\nNovu en plus de sa fracture a un souffle au c\u0153ur et n\u00e9cessite encore des soins avant d\u2019envisager son op\u00e9ration. Il est donc hospitalis\u00e9 \u00e0 la clinique de l\u2019Hippodrome jusqu\u2019\u00e0 la semaine prochaine \u00f9 il sera suffisamment fort pour subir l\u2019intervention chirurgicale lui permettant de retrouver une vie normale.<\/p>\n<p style=\"text-align: justify;\">Ce sauvetage aura n\u00e9cessit\u00e9 l\u2019intervention de dizaines de personnes, mais aussi des moyens financiers importants puisqu\u2019 au final, l\u2019intervention chirurgicale et le transport auront co\u00fbt\u00e9 plus de <strong>8.000\u20ac<\/strong> int\u00e9gralement pris en charge par la Fondation Assistance aux Animaux.<\/p>\n<article  class='iconbox iconbox_left av-ac15u-ca42fff67788a386859832a33d01407a  avia-builder-el-0  avia-builder-el-no-sibling '  itemscope=\"itemscope\" itemtype=\"https:\/\/schema.org\/BlogPosting\" itemprop=\"blogPost\" ><div class=\"iconbox_content\"><header class=\"entry-content-header\" aria-label=\"Ic\u00f4ne : A noter\"><div class='iconbox_icon heading-color avia-iconfont avia-font-faaa' data-av_icon='\ue817' data-av_iconfont='faaa'  ><\/div><h3 class='iconbox_content_title '  itemprop=\"headline\" >A noter<\/h3><\/header><div class='iconbox_content_container '  itemprop=\"text\" ><p>Ceux qui souhaitent s\u2019associer \u00e0 cette cha\u00eene de solidarit\u00e9 peuvent parrainer l&rsquo;\u00e2ne Novu afin de participer \u00e0 son op\u00e9ration.<\/p>\n<\/div><\/div><footer class=\"entry-footer\"><\/footer><\/article>\n<p>&nbsp;<\/p>\n<p>Notre publication sur la page Facebook de la Fondation : <a href=\"https:\/\/www.facebook.com\/FondationAssistanceAuxAnimaux\/posts\/1046776835402669\" target=\"_blank\">Sauvetage d&rsquo;un \u00e2non<\/a><\/p>\n","protected":false},"excerpt":{"rendered":"<p>Un \u00e2non est retrouv\u00e9 emp\u00eatr\u00e9s dans des fils barbel\u00e9s le long d&rsquo;une route Corse. L&rsquo;association les Sans Colliers de Corse et la Fondation font tout pour le sauver.<\/p>\n","protected":false},"author":2,"featured_media":539,"comment_status":"closed","ping_status":"closed","sticky":false,"template":"","format":"standard","meta":{"footnotes":""},"categories":[21],"tags":[66,45],"class_list":["post-538","post","type-post","status-publish","format-standard","has-post-thumbnail","hentry","category-fondation-assistance-aux-animaux","tag-ane","tag-sauvetage"],"yoast_head":"<!-- This site is optimized with the Yoast SEO plugin v24.5 - https:\/\/yoast.com\/wordpress\/plugins\/seo\/ -->\n<title>Histoire de sauvetage d&#039;animaux : un \u00e2ne sauv\u00e9 en Corse - Fondation Assistance aux Animaux - Actualit\u00e9s<\/title>\n<meta name=\"robots\" content=\"index, follow, max-snippet:-1, max-image-preview:large, max-video-preview:-1\" \/>\n<link rel=\"canonical\" href=\"https:\/\/www.fondationassistanceauxanimaux.org\/actu\/histoire-de-sauvetage-danimaux-ane-sauve-corse-538\/\" \/>\n<meta property=\"og:locale\" content=\"fr_FR\" \/>\n<meta property=\"og:type\" content=\"article\" \/>\n<meta property=\"og:title\" content=\"Histoire de sauvetage d&#039;animaux : un \u00e2ne sauv\u00e9 en Corse - Fondation Assistance aux Animaux - Actualit\u00e9s\" \/>\n<meta property=\"og:description\" content=\"Un \u00e2non est retrouv\u00e9 emp\u00eatr\u00e9s dans des fils barbel\u00e9s le long d&#039;une route Corse. L&#039;association les Sans Colliers de Corse et la Fondation font tout pour le sauver.\" \/>\n<meta property=\"og:url\" content=\"https:\/\/www.fondationassistanceauxanimaux.org\/actu\/histoire-de-sauvetage-danimaux-ane-sauve-corse-538\/\" \/>\n<meta property=\"og:site_name\" content=\"Fondation Assistance aux Animaux - Actualit\u00e9s\" \/>\n<meta property=\"article:published_time\" content=\"2016-08-13T14:28:00+00:00\" \/>\n<meta property=\"article:modified_time\" content=\"2018-08-22T21:46:29+00:00\" \/>\n<meta property=\"og:image\" content=\"https:\/\/www.fondationassistanceauxanimaux.org\/actu\/wp-content\/uploads\/2016\/08\/ane-novu.jpg\" \/>\n\t<meta property=\"og:image:width\" content=\"1440\" \/>\n\t<meta property=\"og:image:height\" content=\"1920\" \/>\n\t<meta property=\"og:image:type\" content=\"image\/jpeg\" \/>\n<meta name=\"author\" content=\"V\u00e9ronique\" \/>\n<meta name=\"twitter:card\" content=\"summary_large_image\" \/>\n<meta name=\"twitter:label1\" content=\"\u00c9crit par\" \/>\n\t<meta name=\"twitter:data1\" content=\"V\u00e9ronique\" \/>\n\t<meta name=\"twitter:label2\" content=\"Dur\u00e9e de lecture estim\u00e9e\" \/>\n\t<meta name=\"twitter:data2\" content=\"3 minutes\" \/>\n<script type=\"application\/ld+json\" class=\"yoast-schema-graph\">{\"@context\":\"https:\/\/schema.org\",\"@graph\":[{\"@type\":\"WebPage\",\"@id\":\"https:\/\/www.fondationassistanceauxanimaux.org\/actu\/histoire-de-sauvetage-danimaux-ane-sauve-corse-538\/\",\"url\":\"https:\/\/www.fondationassistanceauxanimaux.org\/actu\/histoire-de-sauvetage-danimaux-ane-sauve-corse-538\/\",\"name\":\"Histoire de sauvetage d'animaux : un \u00e2ne sauv\u00e9 en Corse - Fondation Assistance aux Animaux - Actualit\u00e9s\",\"isPartOf\":{\"@id\":\"https:\/\/www.fondationassistanceauxanimaux.org\/actu\/#website\"},\"primaryImageOfPage\":{\"@id\":\"https:\/\/www.fondationassistanceauxanimaux.org\/actu\/histoire-de-sauvetage-danimaux-ane-sauve-corse-538\/#primaryimage\"},\"image\":{\"@id\":\"https:\/\/www.fondationassistanceauxanimaux.org\/actu\/histoire-de-sauvetage-danimaux-ane-sauve-corse-538\/#primaryimage\"},\"thumbnailUrl\":\"https:\/\/www.fondationassistanceauxanimaux.org\/actu\/wp-content\/uploads\/2016\/08\/ane-novu.jpg\",\"datePublished\":\"2016-08-13T14:28:00+00:00\",\"dateModified\":\"2018-08-22T21:46:29+00:00\",\"author\":{\"@id\":\"https:\/\/www.fondationassistanceauxanimaux.org\/actu\/#\/schema\/person\/de3a85787a96a69500647a0c6d82585b\"},\"breadcrumb\":{\"@id\":\"https:\/\/www.fondationassistanceauxanimaux.org\/actu\/histoire-de-sauvetage-danimaux-ane-sauve-corse-538\/#breadcrumb\"},\"inLanguage\":\"fr-FR\",\"potentialAction\":[{\"@type\":\"ReadAction\",\"target\":[\"https:\/\/www.fondationassistanceauxanimaux.org\/actu\/histoire-de-sauvetage-danimaux-ane-sauve-corse-538\/\"]}]},{\"@type\":\"ImageObject\",\"inLanguage\":\"fr-FR\",\"@id\":\"https:\/\/www.fondationassistanceauxanimaux.org\/actu\/histoire-de-sauvetage-danimaux-ane-sauve-corse-538\/#primaryimage\",\"url\":\"https:\/\/www.fondationassistanceauxanimaux.org\/actu\/wp-content\/uploads\/2016\/08\/ane-novu.jpg\",\"contentUrl\":\"https:\/\/www.fondationassistanceauxanimaux.org\/actu\/wp-content\/uploads\/2016\/08\/ane-novu.jpg\",\"width\":1440,\"height\":1920,\"caption\":\"sauvetage ane\"},{\"@type\":\"BreadcrumbList\",\"@id\":\"https:\/\/www.fondationassistanceauxanimaux.org\/actu\/histoire-de-sauvetage-danimaux-ane-sauve-corse-538\/#breadcrumb\",\"itemListElement\":[{\"@type\":\"ListItem\",\"position\":1,\"name\":\"Accueil\",\"item\":\"https:\/\/www.fondationassistanceauxanimaux.org\/actu\/\"},{\"@type\":\"ListItem\",\"position\":2,\"name\":\"Histoire de sauvetage d&rsquo;animaux : un \u00e2ne sauv\u00e9 en Corse\"}]},{\"@type\":\"WebSite\",\"@id\":\"https:\/\/www.fondationassistanceauxanimaux.org\/actu\/#website\",\"url\":\"https:\/\/www.fondationassistanceauxanimaux.org\/actu\/\",\"name\":\"Fondation Assistance aux Animaux - Actualit\u00e9s\",\"description\":\"Depuis 1930 la Fondation Assistance aux Animaux pour la d\u00e9fense et la protection des animaux maltrait\u00e9s et abandonn\u00e9s\",\"potentialAction\":[{\"@type\":\"SearchAction\",\"target\":{\"@type\":\"EntryPoint\",\"urlTemplate\":\"https:\/\/www.fondationassistanceauxanimaux.org\/actu\/?s={search_term_string}\"},\"query-input\":{\"@type\":\"PropertyValueSpecification\",\"valueRequired\":true,\"valueName\":\"search_term_string\"}}],\"inLanguage\":\"fr-FR\"},{\"@type\":\"Person\",\"@id\":\"https:\/\/www.fondationassistanceauxanimaux.org\/actu\/#\/schema\/person\/de3a85787a96a69500647a0c6d82585b\",\"name\":\"V\u00e9ronique\",\"image\":{\"@type\":\"ImageObject\",\"inLanguage\":\"fr-FR\",\"@id\":\"https:\/\/www.fondationassistanceauxanimaux.org\/actu\/#\/schema\/person\/image\/\",\"url\":\"https:\/\/secure.gravatar.com\/avatar\/576becc0167ed53051970699069fd1fd43aab7e14515ffaadc3ffea18393161e?s=96&d=mm&r=g\",\"contentUrl\":\"https:\/\/secure.gravatar.com\/avatar\/576becc0167ed53051970699069fd1fd43aab7e14515ffaadc3ffea18393161e?s=96&d=mm&r=g\",\"caption\":\"V\u00e9ronique\"},\"url\":\"https:\/\/www.fondationassistanceauxanimaux.org\/actu\/author\/vero\/\"}]}<\/script>\n<!-- \/ Yoast SEO plugin. -->","yoast_head_json":{"title":"Histoire de sauvetage d'animaux : un \u00e2ne sauv\u00e9 en Corse - Fondation Assistance aux Animaux - Actualit\u00e9s","robots":{"index":"index","follow":"follow","max-snippet":"max-snippet:-1","max-image-preview":"max-image-preview:large","max-video-preview":"max-video-preview:-1"},"canonical":"https:\/\/www.fondationassistanceauxanimaux.org\/actu\/histoire-de-sauvetage-danimaux-ane-sauve-corse-538\/","og_locale":"fr_FR","og_type":"article","og_title":"Histoire de sauvetage d'animaux : un \u00e2ne sauv\u00e9 en Corse - Fondation Assistance aux Animaux - Actualit\u00e9s","og_description":"Un \u00e2non est retrouv\u00e9 emp\u00eatr\u00e9s dans des fils barbel\u00e9s le long d'une route Corse. L'association les Sans Colliers de Corse et la Fondation font tout pour le sauver.","og_url":"https:\/\/www.fondationassistanceauxanimaux.org\/actu\/histoire-de-sauvetage-danimaux-ane-sauve-corse-538\/","og_site_name":"Fondation Assistance aux Animaux - Actualit\u00e9s","article_published_time":"2016-08-13T14:28:00+00:00","article_modified_time":"2018-08-22T21:46:29+00:00","og_image":[{"width":1440,"height":1920,"url":"https:\/\/www.fondationassistanceauxanimaux.org\/actu\/wp-content\/uploads\/2016\/08\/ane-novu.jpg","type":"image\/jpeg"}],"author":"V\u00e9ronique","twitter_card":"summary_large_image","twitter_misc":{"\u00c9crit par":"V\u00e9ronique","Dur\u00e9e de lecture estim\u00e9e":"3 minutes"},"schema":{"@context":"https:\/\/schema.org","@graph":[{"@type":"WebPage","@id":"https:\/\/www.fondationassistanceauxanimaux.org\/actu\/histoire-de-sauvetage-danimaux-ane-sauve-corse-538\/","url":"https:\/\/www.fondationassistanceauxanimaux.org\/actu\/histoire-de-sauvetage-danimaux-ane-sauve-corse-538\/","name":"Histoire de sauvetage d'animaux : un \u00e2ne sauv\u00e9 en Corse - Fondation Assistance aux Animaux - Actualit\u00e9s","isPartOf":{"@id":"https:\/\/www.fondationassistanceauxanimaux.org\/actu\/#website"},"primaryImageOfPage":{"@id":"https:\/\/www.fondationassistanceauxanimaux.org\/actu\/histoire-de-sauvetage-danimaux-ane-sauve-corse-538\/#primaryimage"},"image":{"@id":"https:\/\/www.fondationassistanceauxanimaux.org\/actu\/histoire-de-sauvetage-danimaux-ane-sauve-corse-538\/#primaryimage"},"thumbnailUrl":"https:\/\/www.fondationassistanceauxanimaux.org\/actu\/wp-content\/uploads\/2016\/08\/ane-novu.jpg","datePublished":"2016-08-13T14:28:00+00:00","dateModified":"2018-08-22T21:46:29+00:00","author":{"@id":"https:\/\/www.fondationassistanceauxanimaux.org\/actu\/#\/schema\/person\/de3a85787a96a69500647a0c6d82585b"},"breadcrumb":{"@id":"https:\/\/www.fondationassistanceauxanimaux.org\/actu\/histoire-de-sauvetage-danimaux-ane-sauve-corse-538\/#breadcrumb"},"inLanguage":"fr-FR","potentialAction":[{"@type":"ReadAction","target":["https:\/\/www.fondationassistanceauxanimaux.org\/actu\/histoire-de-sauvetage-danimaux-ane-sauve-corse-538\/"]}]},{"@type":"ImageObject","inLanguage":"fr-FR","@id":"https:\/\/www.fondationassistanceauxanimaux.org\/actu\/histoire-de-sauvetage-danimaux-ane-sauve-corse-538\/#primaryimage","url":"https:\/\/www.fondationassistanceauxanimaux.org\/actu\/wp-content\/uploads\/2016\/08\/ane-novu.jpg","contentUrl":"https:\/\/www.fondationassistanceauxanimaux.org\/actu\/wp-content\/uploads\/2016\/08\/ane-novu.jpg","width":1440,"height":1920,"caption":"sauvetage ane"},{"@type":"BreadcrumbList","@id":"https:\/\/www.fondationassistanceauxanimaux.org\/actu\/histoire-de-sauvetage-danimaux-ane-sauve-corse-538\/#breadcrumb","itemListElement":[{"@type":"ListItem","position":1,"name":"Accueil","item":"https:\/\/www.fondationassistanceauxanimaux.org\/actu\/"},{"@type":"ListItem","position":2,"name":"Histoire de sauvetage d&rsquo;animaux : un \u00e2ne sauv\u00e9 en Corse"}]},{"@type":"WebSite","@id":"https:\/\/www.fondationassistanceauxanimaux.org\/actu\/#website","url":"https:\/\/www.fondationassistanceauxanimaux.org\/actu\/","name":"Fondation Assistance aux Animaux - Actualit\u00e9s","description":"Depuis 1930 la Fondation Assistance aux Animaux pour la d\u00e9fense et la protection des animaux maltrait\u00e9s et abandonn\u00e9s","potentialAction":[{"@type":"SearchAction","target":{"@type":"EntryPoint","urlTemplate":"https:\/\/www.fondationassistanceauxanimaux.org\/actu\/?s={search_term_string}"},"query-input":{"@type":"PropertyValueSpecification","valueRequired":true,"valueName":"search_term_string"}}],"inLanguage":"fr-FR"},{"@type":"Person","@id":"https:\/\/www.fondationassistanceauxanimaux.org\/actu\/#\/schema\/person\/de3a85787a96a69500647a0c6d82585b","name":"V\u00e9ronique","image":{"@type":"ImageObject","inLanguage":"fr-FR","@id":"https:\/\/www.fondationassistanceauxanimaux.org\/actu\/#\/schema\/person\/image\/","url":"https:\/\/secure.gravatar.com\/avatar\/576becc0167ed53051970699069fd1fd43aab7e14515ffaadc3ffea18393161e?s=96&d=mm&r=g","contentUrl":"https:\/\/secure.gravatar.com\/avatar\/576becc0167ed53051970699069fd1fd43aab7e14515ffaadc3ffea18393161e?s=96&d=mm&r=g","caption":"V\u00e9ronique"},"url":"https:\/\/www.fondationassistanceauxanimaux.org\/actu\/author\/vero\/"}]}},"_links":{"self":[{"href":"https:\/\/www.fondationassistanceauxanimaux.org\/actu\/wp-json\/wp\/v2\/posts\/538","targetHints":{"allow":["GET"]}}],"collection":[{"href":"https:\/\/www.fondationassistanceauxanimaux.org\/actu\/wp-json\/wp\/v2\/posts"}],"about":[{"href":"https:\/\/www.fondationassistanceauxanimaux.org\/actu\/wp-json\/wp\/v2\/types\/post"}],"author":[{"embeddable":true,"href":"https:\/\/www.fondationassistanceauxanimaux.org\/actu\/wp-json\/wp\/v2\/users\/2"}],"replies":[{"embeddable":true,"href":"https:\/\/www.fondationassistanceauxanimaux.org\/actu\/wp-json\/wp\/v2\/comments?post=538"}],"version-history":[{"count":9,"href":"https:\/\/www.fondationassistanceauxanimaux.org\/actu\/wp-json\/wp\/v2\/posts\/538\/revisions"}],"predecessor-version":[{"id":2354,"href":"https:\/\/www.fondationassistanceauxanimaux.org\/actu\/wp-json\/wp\/v2\/posts\/538\/revisions\/2354"}],"wp:featuredmedia":[{"embeddable":true,"href":"https:\/\/www.fondationassistanceauxanimaux.org\/actu\/wp-json\/wp\/v2\/media\/539"}],"wp:attachment":[{"href":"https:\/\/www.fondationassistanceauxanimaux.org\/actu\/wp-json\/wp\/v2\/media?parent=538"}],"wp:term":[{"taxonomy":"category","embeddable":true,"href":"https:\/\/www.fondationassistanceauxanimaux.org\/actu\/wp-json\/wp\/v2\/categories?post=538"},{"taxonomy":"post_tag","embeddable":true,"href":"https:\/\/www.fondationassistanceauxanimaux.org\/actu\/wp-json\/wp\/v2\/tags?post=538"}],"curies":[{"name":"wp","href":"https:\/\/api.w.org\/{rel}","templated":true}]}}