{"id":5279,"date":"2019-05-21T17:11:01","date_gmt":"2019-05-21T15:11:01","guid":{"rendered":"http:\/\/www.fondationassistanceauxanimaux.org\/actu\/?p=5279"},"modified":"2019-05-21T17:13:07","modified_gmt":"2019-05-21T15:13:07","slug":"refuge-brignoles-chiens-oublies","status":"publish","type":"post","link":"https:\/\/www.fondationassistanceauxanimaux.org\/actu\/refuge-brignoles-chiens-oublies-5279\/","title":{"rendered":"Les oubli\u00e9s du refuge de Brignoles."},"content":{"rendered":"<p style=\"text-align: center;\"><b>Titan est au refuge Fondation Assistance aux Animaux de Brignoles depuis maintenant 4 ans.<\/b><\/p>\n<div style=\"text-align: center;\"><b>Personne ne s&rsquo;int\u00e9resse \u00e0 lui alors que c&rsquo;est un chien d&rsquo;une douceur exceptionnelle.<\/b><\/div>\n<div style=\"text-align: center;\"><b>Tr\u00e8s sociable, ce petit papy de 14 ans ne demande qu&rsquo;un panier de retraite.<\/b><\/div>\n<p><img loading=\"lazy\" decoding=\"async\" class=\"aligncenter wp-image-5280\" src=\"https:\/\/www.fondationassistanceauxanimaux.org\/actu\/wp-content\/uploads\/2019\/05\/Capture-d\u2019e\u0301cran-2019-05-21-a\u0300-12.26.04.png\" alt=\"\" width=\"710\" height=\"886\" srcset=\"https:\/\/www.fondationassistanceauxanimaux.org\/actu\/wp-content\/uploads\/2019\/05\/Capture-d\u2019e\u0301cran-2019-05-21-a\u0300-12.26.04.png 1082w, https:\/\/www.fondationassistanceauxanimaux.org\/actu\/wp-content\/uploads\/2019\/05\/Capture-d\u2019e\u0301cran-2019-05-21-a\u0300-12.26.04-240x300.png 240w, https:\/\/www.fondationassistanceauxanimaux.org\/actu\/wp-content\/uploads\/2019\/05\/Capture-d\u2019e\u0301cran-2019-05-21-a\u0300-12.26.04-768x958.png 768w, https:\/\/www.fondationassistanceauxanimaux.org\/actu\/wp-content\/uploads\/2019\/05\/Capture-d\u2019e\u0301cran-2019-05-21-a\u0300-12.26.04-826x1030.png 826w, https:\/\/www.fondationassistanceauxanimaux.org\/actu\/wp-content\/uploads\/2019\/05\/Capture-d\u2019e\u0301cran-2019-05-21-a\u0300-12.26.04-565x705.png 565w, https:\/\/www.fondationassistanceauxanimaux.org\/actu\/wp-content\/uploads\/2019\/05\/Capture-d\u2019e\u0301cran-2019-05-21-a\u0300-12.26.04-450x561.png 450w\" sizes=\"auto, (max-width: 710px) 100vw, 710px\" \/><\/p>\n<div style=\"text-align: center;\"><b>Simba aura bient\u00f4t 7 ans.<\/b><\/div>\n<div style=\"text-align: center;\"><b>Cela fera bient\u00f4t deux ans qu&rsquo;il a \u00e9t\u00e9 abandonn\u00e9 : ses propri\u00e9taires ont d\u00e9m\u00e9nag\u00e9 et ne voulait plus de lui. <\/b><\/div>\n<div style=\"text-align: center;\"><b>Il attend avec impatience ses nouveaux ma\u00eetres, c&rsquo;est un chien affectueux et joueur.<\/b><\/div>\n<p><img loading=\"lazy\" decoding=\"async\" class=\"aligncenter wp-image-5282\" src=\"https:\/\/www.fondationassistanceauxanimaux.org\/actu\/wp-content\/uploads\/2019\/05\/Capture-d\u2019e\u0301cran-2019-05-21-a\u0300-12.26.30.png\" alt=\"\" width=\"784\" height=\"519\" srcset=\"https:\/\/www.fondationassistanceauxanimaux.org\/actu\/wp-content\/uploads\/2019\/05\/Capture-d\u2019e\u0301cran-2019-05-21-a\u0300-12.26.30.png 1444w, https:\/\/www.fondationassistanceauxanimaux.org\/actu\/wp-content\/uploads\/2019\/05\/Capture-d\u2019e\u0301cran-2019-05-21-a\u0300-12.26.30-300x199.png 300w, https:\/\/www.fondationassistanceauxanimaux.org\/actu\/wp-content\/uploads\/2019\/05\/Capture-d\u2019e\u0301cran-2019-05-21-a\u0300-12.26.30-768x508.png 768w, https:\/\/www.fondationassistanceauxanimaux.org\/actu\/wp-content\/uploads\/2019\/05\/Capture-d\u2019e\u0301cran-2019-05-21-a\u0300-12.26.30-1030x682.png 1030w, https:\/\/www.fondationassistanceauxanimaux.org\/actu\/wp-content\/uploads\/2019\/05\/Capture-d\u2019e\u0301cran-2019-05-21-a\u0300-12.26.30-705x467.png 705w, https:\/\/www.fondationassistanceauxanimaux.org\/actu\/wp-content\/uploads\/2019\/05\/Capture-d\u2019e\u0301cran-2019-05-21-a\u0300-12.26.30-450x298.png 450w\" sizes=\"auto, (max-width: 784px) 100vw, 784px\" \/><\/p>\n<div style=\"text-align: center;\"><b>Topaze a le nom d&rsquo;un diamant mais a \u00e9t\u00e9 abandonn\u00e9 comme un vulgaire jouet qui ne sert plus. <\/b><\/div>\n<div style=\"text-align: center;\"><b>C&rsquo;est un chien de caracte\u0300re de 6 ans qui est pluto\u0302t obe\u0301issant.<\/b><\/div>\n<div style=\"text-align: center;\"><b>Il adore se jeter dans l\u2019eau pour ensuite se rouler dans la terre, c&rsquo;est son jeu pr\u00e9f\u00e9r\u00e9.<\/b><\/div>\n<div style=\"text-align: center;\"><b>Il s\u2019entend avec les autres chiens et r\u00eaverait d&rsquo;\u00eatre chez vous.<\/b><\/div>\n<p><img loading=\"lazy\" decoding=\"async\" class=\"aligncenter wp-image-5283\" src=\"https:\/\/www.fondationassistanceauxanimaux.org\/actu\/wp-content\/uploads\/2019\/05\/Capture-d\u2019e\u0301cran-2019-05-21-a\u0300-12.26.42.png\" alt=\"\" width=\"745\" height=\"1002\" srcset=\"https:\/\/www.fondationassistanceauxanimaux.org\/actu\/wp-content\/uploads\/2019\/05\/Capture-d\u2019e\u0301cran-2019-05-21-a\u0300-12.26.42.png 1172w, https:\/\/www.fondationassistanceauxanimaux.org\/actu\/wp-content\/uploads\/2019\/05\/Capture-d\u2019e\u0301cran-2019-05-21-a\u0300-12.26.42-223x300.png 223w, https:\/\/www.fondationassistanceauxanimaux.org\/actu\/wp-content\/uploads\/2019\/05\/Capture-d\u2019e\u0301cran-2019-05-21-a\u0300-12.26.42-768x1033.png 768w, https:\/\/www.fondationassistanceauxanimaux.org\/actu\/wp-content\/uploads\/2019\/05\/Capture-d\u2019e\u0301cran-2019-05-21-a\u0300-12.26.42-766x1030.png 766w, https:\/\/www.fondationassistanceauxanimaux.org\/actu\/wp-content\/uploads\/2019\/05\/Capture-d\u2019e\u0301cran-2019-05-21-a\u0300-12.26.42-1115x1500.png 1115w, https:\/\/www.fondationassistanceauxanimaux.org\/actu\/wp-content\/uploads\/2019\/05\/Capture-d\u2019e\u0301cran-2019-05-21-a\u0300-12.26.42-524x705.png 524w, https:\/\/www.fondationassistanceauxanimaux.org\/actu\/wp-content\/uploads\/2019\/05\/Capture-d\u2019e\u0301cran-2019-05-21-a\u0300-12.26.42-450x605.png 450w\" sizes=\"auto, (max-width: 745px) 100vw, 745px\" \/><\/p>\n<p style=\"text-align: center;\"><b>Abandonn\u00e9 dans un logement avec sa copine et leur b\u00e9b\u00e9, Akkuai a vu sa famille se faire adopter il y a de\u0301ja\u0300 bien longtemps.<\/b><\/p>\n<p style=\"text-align: center;\"><b>C&rsquo;est un chien sociable, joueur, actif et tre\u0300s expressif.<br \/>\nIl lui faudra un mai\u0302tre doux et ferme.<\/b><\/p>\n<p style=\"text-align: center;\"><b>Tre\u0300s proche de l\u2019humain, il ne veut pas rester seul et il saura sauter toutes les clo\u0302tures pour rejoindre son mai\u0302tre s\u2019il est loin de lui.<\/b><\/p>\n<p><img loading=\"lazy\" decoding=\"async\" class=\"aligncenter wp-image-5284\" src=\"https:\/\/www.fondationassistanceauxanimaux.org\/actu\/wp-content\/uploads\/2019\/05\/Capture-d\u2019e\u0301cran-2019-05-21-a\u0300-12.26.52.png\" alt=\"\" width=\"739\" height=\"1105\" srcset=\"https:\/\/www.fondationassistanceauxanimaux.org\/actu\/wp-content\/uploads\/2019\/05\/Capture-d\u2019e\u0301cran-2019-05-21-a\u0300-12.26.52.png 1114w, https:\/\/www.fondationassistanceauxanimaux.org\/actu\/wp-content\/uploads\/2019\/05\/Capture-d\u2019e\u0301cran-2019-05-21-a\u0300-12.26.52-201x300.png 201w, https:\/\/www.fondationassistanceauxanimaux.org\/actu\/wp-content\/uploads\/2019\/05\/Capture-d\u2019e\u0301cran-2019-05-21-a\u0300-12.26.52-768x1149.png 768w, https:\/\/www.fondationassistanceauxanimaux.org\/actu\/wp-content\/uploads\/2019\/05\/Capture-d\u2019e\u0301cran-2019-05-21-a\u0300-12.26.52-689x1030.png 689w, https:\/\/www.fondationassistanceauxanimaux.org\/actu\/wp-content\/uploads\/2019\/05\/Capture-d\u2019e\u0301cran-2019-05-21-a\u0300-12.26.52-1003x1500.png 1003w, https:\/\/www.fondationassistanceauxanimaux.org\/actu\/wp-content\/uploads\/2019\/05\/Capture-d\u2019e\u0301cran-2019-05-21-a\u0300-12.26.52-471x705.png 471w, https:\/\/www.fondationassistanceauxanimaux.org\/actu\/wp-content\/uploads\/2019\/05\/Capture-d\u2019e\u0301cran-2019-05-21-a\u0300-12.26.52-450x673.png 450w\" sizes=\"auto, (max-width: 739px) 100vw, 739px\" \/><\/p>\n<div style=\"text-align: center;\"><b>Abandonne\u0301 a\u0300 l\u2019a\u0302ge de deux ans car il e\u0301tait un jeune fugueur&#8230; Benji a aujourd&rsquo;hui 13 ans.<\/b><\/div>\n<div style=\"text-align: center;\"><b>Cela fait plus de 10 ans qu\u2019il attend un foyer. Il est en pleine forme et infatigable au jeu de balle ! <\/b><\/div>\n<div style=\"text-align: center;\"><b>Offrez-lui la vie qu&rsquo;il m\u00e9rite tant : celle d&rsquo;un chien de famille.<\/b><\/div>\n<p><img loading=\"lazy\" decoding=\"async\" class=\"aligncenter size-full wp-image-5281\" src=\"https:\/\/www.fondationassistanceauxanimaux.org\/actu\/wp-content\/uploads\/2019\/05\/Capture-d\u2019e\u0301cran-2019-05-21-a\u0300-12.26.18.png\" alt=\"\" width=\"940\" height=\"1390\" srcset=\"https:\/\/www.fondationassistanceauxanimaux.org\/actu\/wp-content\/uploads\/2019\/05\/Capture-d\u2019e\u0301cran-2019-05-21-a\u0300-12.26.18.png 940w, https:\/\/www.fondationassistanceauxanimaux.org\/actu\/wp-content\/uploads\/2019\/05\/Capture-d\u2019e\u0301cran-2019-05-21-a\u0300-12.26.18-203x300.png 203w, https:\/\/www.fondationassistanceauxanimaux.org\/actu\/wp-content\/uploads\/2019\/05\/Capture-d\u2019e\u0301cran-2019-05-21-a\u0300-12.26.18-768x1136.png 768w, https:\/\/www.fondationassistanceauxanimaux.org\/actu\/wp-content\/uploads\/2019\/05\/Capture-d\u2019e\u0301cran-2019-05-21-a\u0300-12.26.18-697x1030.png 697w, https:\/\/www.fondationassistanceauxanimaux.org\/actu\/wp-content\/uploads\/2019\/05\/Capture-d\u2019e\u0301cran-2019-05-21-a\u0300-12.26.18-477x705.png 477w, https:\/\/www.fondationassistanceauxanimaux.org\/actu\/wp-content\/uploads\/2019\/05\/Capture-d\u2019e\u0301cran-2019-05-21-a\u0300-12.26.18-450x665.png 450w\" sizes=\"auto, (max-width: 940px) 100vw, 940px\" \/><\/p>\n","protected":false},"excerpt":{"rendered":"<p>Titan est au refuge Fondation Assistance aux Animaux de Brignoles depuis maintenant 4 ans. Personne ne s&rsquo;int\u00e9resse \u00e0 lui alors que c&rsquo;est un chien d&rsquo;une douceur exceptionnelle. Tr\u00e8s sociable, ce petit papy de 14 ans ne demande qu&rsquo;un panier de retraite. Simba aura bient\u00f4t 7 ans. Cela fera bient\u00f4t deux ans qu&rsquo;il a \u00e9t\u00e9 abandonn\u00e9 [&hellip;]<\/p>\n","protected":false},"author":3,"featured_media":5289,"comment_status":"closed","ping_status":"closed","sticky":false,"template":"","format":"standard","meta":{"footnotes":""},"categories":[16],"tags":[],"class_list":["post-5279","post","type-post","status-publish","format-standard","has-post-thumbnail","hentry","category-refuge-de-brignoles"],"yoast_head":"<!-- This site is optimized with the Yoast SEO plugin v24.5 - https:\/\/yoast.com\/wordpress\/plugins\/seo\/ -->\n<title>Les oubli\u00e9s du refuge de Brignoles. - Fondation Assistance aux Animaux - Actualit\u00e9s<\/title>\n<meta name=\"robots\" content=\"index, follow, max-snippet:-1, max-image-preview:large, max-video-preview:-1\" \/>\n<link rel=\"canonical\" href=\"https:\/\/www.fondationassistanceauxanimaux.org\/actu\/refuge-brignoles-chiens-oublies-5279\/\" \/>\n<meta property=\"og:locale\" content=\"fr_FR\" \/>\n<meta property=\"og:type\" content=\"article\" \/>\n<meta property=\"og:title\" content=\"Les oubli\u00e9s du refuge de Brignoles. - Fondation Assistance aux Animaux - Actualit\u00e9s\" \/>\n<meta property=\"og:description\" content=\"Titan est au refuge Fondation Assistance aux Animaux de Brignoles depuis maintenant 4 ans. Personne ne s&rsquo;int\u00e9resse \u00e0 lui alors que c&rsquo;est un chien d&rsquo;une douceur exceptionnelle. Tr\u00e8s sociable, ce petit papy de 14 ans ne demande qu&rsquo;un panier de retraite. Simba aura bient\u00f4t 7 ans. Cela fera bient\u00f4t deux ans qu&rsquo;il a \u00e9t\u00e9 abandonn\u00e9 [&hellip;]\" \/>\n<meta property=\"og:url\" content=\"https:\/\/www.fondationassistanceauxanimaux.org\/actu\/refuge-brignoles-chiens-oublies-5279\/\" \/>\n<meta property=\"og:site_name\" content=\"Fondation Assistance aux Animaux - Actualit\u00e9s\" \/>\n<meta property=\"article:published_time\" content=\"2019-05-21T15:11:01+00:00\" \/>\n<meta property=\"article:modified_time\" content=\"2019-05-21T15:13:07+00:00\" \/>\n<meta property=\"og:image\" content=\"https:\/\/www.fondationassistanceauxanimaux.org\/actu\/wp-content\/uploads\/2019\/05\/Capture-d\u2019e\u0301cran-2019-05-21-a\u0300-17.12.02-1030x993.png\" \/>\n\t<meta property=\"og:image:width\" content=\"1030\" \/>\n\t<meta property=\"og:image:height\" content=\"993\" \/>\n\t<meta property=\"og:image:type\" content=\"image\/png\" \/>\n<meta name=\"author\" content=\"No\u00e9\" \/>\n<meta name=\"twitter:card\" content=\"summary_large_image\" \/>\n<meta name=\"twitter:label1\" content=\"\u00c9crit par\" \/>\n\t<meta name=\"twitter:data1\" content=\"No\u00e9\" \/>\n\t<meta name=\"twitter:label2\" content=\"Dur\u00e9e de lecture estim\u00e9e\" \/>\n\t<meta name=\"twitter:data2\" content=\"1 minute\" \/>\n<script type=\"application\/ld+json\" class=\"yoast-schema-graph\">{\"@context\":\"https:\/\/schema.org\",\"@graph\":[{\"@type\":\"WebPage\",\"@id\":\"https:\/\/www.fondationassistanceauxanimaux.org\/actu\/refuge-brignoles-chiens-oublies-5279\/\",\"url\":\"https:\/\/www.fondationassistanceauxanimaux.org\/actu\/refuge-brignoles-chiens-oublies-5279\/\",\"name\":\"Les oubli\u00e9s du refuge de Brignoles. - Fondation Assistance aux Animaux - Actualit\u00e9s\",\"isPartOf\":{\"@id\":\"https:\/\/www.fondationassistanceauxanimaux.org\/actu\/#website\"},\"primaryImageOfPage\":{\"@id\":\"https:\/\/www.fondationassistanceauxanimaux.org\/actu\/refuge-brignoles-chiens-oublies-5279\/#primaryimage\"},\"image\":{\"@id\":\"https:\/\/www.fondationassistanceauxanimaux.org\/actu\/refuge-brignoles-chiens-oublies-5279\/#primaryimage\"},\"thumbnailUrl\":\"https:\/\/www.fondationassistanceauxanimaux.org\/actu\/wp-content\/uploads\/2019\/05\/Capture-d\u2019e\u0301cran-2019-05-21-a\u0300-17.12.02.png\",\"datePublished\":\"2019-05-21T15:11:01+00:00\",\"dateModified\":\"2019-05-21T15:13:07+00:00\",\"author\":{\"@id\":\"https:\/\/www.fondationassistanceauxanimaux.org\/actu\/#\/schema\/person\/71a8476d98daaea0d71a965c5603e10b\"},\"breadcrumb\":{\"@id\":\"https:\/\/www.fondationassistanceauxanimaux.org\/actu\/refuge-brignoles-chiens-oublies-5279\/#breadcrumb\"},\"inLanguage\":\"fr-FR\",\"potentialAction\":[{\"@type\":\"ReadAction\",\"target\":[\"https:\/\/www.fondationassistanceauxanimaux.org\/actu\/refuge-brignoles-chiens-oublies-5279\/\"]}]},{\"@type\":\"ImageObject\",\"inLanguage\":\"fr-FR\",\"@id\":\"https:\/\/www.fondationassistanceauxanimaux.org\/actu\/refuge-brignoles-chiens-oublies-5279\/#primaryimage\",\"url\":\"https:\/\/www.fondationassistanceauxanimaux.org\/actu\/wp-content\/uploads\/2019\/05\/Capture-d\u2019e\u0301cran-2019-05-21-a\u0300-17.12.02.png\",\"contentUrl\":\"https:\/\/www.fondationassistanceauxanimaux.org\/actu\/wp-content\/uploads\/2019\/05\/Capture-d\u2019e\u0301cran-2019-05-21-a\u0300-17.12.02.png\",\"width\":1118,\"height\":1078},{\"@type\":\"BreadcrumbList\",\"@id\":\"https:\/\/www.fondationassistanceauxanimaux.org\/actu\/refuge-brignoles-chiens-oublies-5279\/#breadcrumb\",\"itemListElement\":[{\"@type\":\"ListItem\",\"position\":1,\"name\":\"Accueil\",\"item\":\"https:\/\/www.fondationassistanceauxanimaux.org\/actu\/\"},{\"@type\":\"ListItem\",\"position\":2,\"name\":\"Les oubli\u00e9s du refuge de Brignoles.\"}]},{\"@type\":\"WebSite\",\"@id\":\"https:\/\/www.fondationassistanceauxanimaux.org\/actu\/#website\",\"url\":\"https:\/\/www.fondationassistanceauxanimaux.org\/actu\/\",\"name\":\"Fondation Assistance aux Animaux - Actualit\u00e9s\",\"description\":\"Depuis 1930 la Fondation Assistance aux Animaux pour la d\u00e9fense et la protection des animaux maltrait\u00e9s et abandonn\u00e9s\",\"potentialAction\":[{\"@type\":\"SearchAction\",\"target\":{\"@type\":\"EntryPoint\",\"urlTemplate\":\"https:\/\/www.fondationassistanceauxanimaux.org\/actu\/?s={search_term_string}\"},\"query-input\":{\"@type\":\"PropertyValueSpecification\",\"valueRequired\":true,\"valueName\":\"search_term_string\"}}],\"inLanguage\":\"fr-FR\"},{\"@type\":\"Person\",\"@id\":\"https:\/\/www.fondationassistanceauxanimaux.org\/actu\/#\/schema\/person\/71a8476d98daaea0d71a965c5603e10b\",\"name\":\"No\u00e9\",\"image\":{\"@type\":\"ImageObject\",\"inLanguage\":\"fr-FR\",\"@id\":\"https:\/\/www.fondationassistanceauxanimaux.org\/actu\/#\/schema\/person\/image\/\",\"url\":\"https:\/\/secure.gravatar.com\/avatar\/d34cf6c6bd22b3db9c932bc580c4d1ba93c0cda7588a41b59078888ab1e5f007?s=96&d=mm&r=g\",\"contentUrl\":\"https:\/\/secure.gravatar.com\/avatar\/d34cf6c6bd22b3db9c932bc580c4d1ba93c0cda7588a41b59078888ab1e5f007?s=96&d=mm&r=g\",\"caption\":\"No\u00e9\"},\"url\":\"https:\/\/www.fondationassistanceauxanimaux.org\/actu\/author\/anne\/\"}]}<\/script>\n<!-- \/ Yoast SEO plugin. -->","yoast_head_json":{"title":"Les oubli\u00e9s du refuge de Brignoles. - Fondation Assistance aux Animaux - Actualit\u00e9s","robots":{"index":"index","follow":"follow","max-snippet":"max-snippet:-1","max-image-preview":"max-image-preview:large","max-video-preview":"max-video-preview:-1"},"canonical":"https:\/\/www.fondationassistanceauxanimaux.org\/actu\/refuge-brignoles-chiens-oublies-5279\/","og_locale":"fr_FR","og_type":"article","og_title":"Les oubli\u00e9s du refuge de Brignoles. - Fondation Assistance aux Animaux - Actualit\u00e9s","og_description":"Titan est au refuge Fondation Assistance aux Animaux de Brignoles depuis maintenant 4 ans. Personne ne s&rsquo;int\u00e9resse \u00e0 lui alors que c&rsquo;est un chien d&rsquo;une douceur exceptionnelle. Tr\u00e8s sociable, ce petit papy de 14 ans ne demande qu&rsquo;un panier de retraite. Simba aura bient\u00f4t 7 ans. Cela fera bient\u00f4t deux ans qu&rsquo;il a \u00e9t\u00e9 abandonn\u00e9 [&hellip;]","og_url":"https:\/\/www.fondationassistanceauxanimaux.org\/actu\/refuge-brignoles-chiens-oublies-5279\/","og_site_name":"Fondation Assistance aux Animaux - Actualit\u00e9s","article_published_time":"2019-05-21T15:11:01+00:00","article_modified_time":"2019-05-21T15:13:07+00:00","og_image":[{"width":1030,"height":993,"url":"https:\/\/www.fondationassistanceauxanimaux.org\/actu\/wp-content\/uploads\/2019\/05\/Capture-d\u2019e\u0301cran-2019-05-21-a\u0300-17.12.02-1030x993.png","type":"image\/png"}],"author":"No\u00e9","twitter_card":"summary_large_image","twitter_misc":{"\u00c9crit par":"No\u00e9","Dur\u00e9e de lecture estim\u00e9e":"1 minute"},"schema":{"@context":"https:\/\/schema.org","@graph":[{"@type":"WebPage","@id":"https:\/\/www.fondationassistanceauxanimaux.org\/actu\/refuge-brignoles-chiens-oublies-5279\/","url":"https:\/\/www.fondationassistanceauxanimaux.org\/actu\/refuge-brignoles-chiens-oublies-5279\/","name":"Les oubli\u00e9s du refuge de Brignoles. - Fondation Assistance aux Animaux - Actualit\u00e9s","isPartOf":{"@id":"https:\/\/www.fondationassistanceauxanimaux.org\/actu\/#website"},"primaryImageOfPage":{"@id":"https:\/\/www.fondationassistanceauxanimaux.org\/actu\/refuge-brignoles-chiens-oublies-5279\/#primaryimage"},"image":{"@id":"https:\/\/www.fondationassistanceauxanimaux.org\/actu\/refuge-brignoles-chiens-oublies-5279\/#primaryimage"},"thumbnailUrl":"https:\/\/www.fondationassistanceauxanimaux.org\/actu\/wp-content\/uploads\/2019\/05\/Capture-d\u2019e\u0301cran-2019-05-21-a\u0300-17.12.02.png","datePublished":"2019-05-21T15:11:01+00:00","dateModified":"2019-05-21T15:13:07+00:00","author":{"@id":"https:\/\/www.fondationassistanceauxanimaux.org\/actu\/#\/schema\/person\/71a8476d98daaea0d71a965c5603e10b"},"breadcrumb":{"@id":"https:\/\/www.fondationassistanceauxanimaux.org\/actu\/refuge-brignoles-chiens-oublies-5279\/#breadcrumb"},"inLanguage":"fr-FR","potentialAction":[{"@type":"ReadAction","target":["https:\/\/www.fondationassistanceauxanimaux.org\/actu\/refuge-brignoles-chiens-oublies-5279\/"]}]},{"@type":"ImageObject","inLanguage":"fr-FR","@id":"https:\/\/www.fondationassistanceauxanimaux.org\/actu\/refuge-brignoles-chiens-oublies-5279\/#primaryimage","url":"https:\/\/www.fondationassistanceauxanimaux.org\/actu\/wp-content\/uploads\/2019\/05\/Capture-d\u2019e\u0301cran-2019-05-21-a\u0300-17.12.02.png","contentUrl":"https:\/\/www.fondationassistanceauxanimaux.org\/actu\/wp-content\/uploads\/2019\/05\/Capture-d\u2019e\u0301cran-2019-05-21-a\u0300-17.12.02.png","width":1118,"height":1078},{"@type":"BreadcrumbList","@id":"https:\/\/www.fondationassistanceauxanimaux.org\/actu\/refuge-brignoles-chiens-oublies-5279\/#breadcrumb","itemListElement":[{"@type":"ListItem","position":1,"name":"Accueil","item":"https:\/\/www.fondationassistanceauxanimaux.org\/actu\/"},{"@type":"ListItem","position":2,"name":"Les oubli\u00e9s du refuge de Brignoles."}]},{"@type":"WebSite","@id":"https:\/\/www.fondationassistanceauxanimaux.org\/actu\/#website","url":"https:\/\/www.fondationassistanceauxanimaux.org\/actu\/","name":"Fondation Assistance aux Animaux - Actualit\u00e9s","description":"Depuis 1930 la Fondation Assistance aux Animaux pour la d\u00e9fense et la protection des animaux maltrait\u00e9s et abandonn\u00e9s","potentialAction":[{"@type":"SearchAction","target":{"@type":"EntryPoint","urlTemplate":"https:\/\/www.fondationassistanceauxanimaux.org\/actu\/?s={search_term_string}"},"query-input":{"@type":"PropertyValueSpecification","valueRequired":true,"valueName":"search_term_string"}}],"inLanguage":"fr-FR"},{"@type":"Person","@id":"https:\/\/www.fondationassistanceauxanimaux.org\/actu\/#\/schema\/person\/71a8476d98daaea0d71a965c5603e10b","name":"No\u00e9","image":{"@type":"ImageObject","inLanguage":"fr-FR","@id":"https:\/\/www.fondationassistanceauxanimaux.org\/actu\/#\/schema\/person\/image\/","url":"https:\/\/secure.gravatar.com\/avatar\/d34cf6c6bd22b3db9c932bc580c4d1ba93c0cda7588a41b59078888ab1e5f007?s=96&d=mm&r=g","contentUrl":"https:\/\/secure.gravatar.com\/avatar\/d34cf6c6bd22b3db9c932bc580c4d1ba93c0cda7588a41b59078888ab1e5f007?s=96&d=mm&r=g","caption":"No\u00e9"},"url":"https:\/\/www.fondationassistanceauxanimaux.org\/actu\/author\/anne\/"}]}},"_links":{"self":[{"href":"https:\/\/www.fondationassistanceauxanimaux.org\/actu\/wp-json\/wp\/v2\/posts\/5279","targetHints":{"allow":["GET"]}}],"collection":[{"href":"https:\/\/www.fondationassistanceauxanimaux.org\/actu\/wp-json\/wp\/v2\/posts"}],"about":[{"href":"https:\/\/www.fondationassistanceauxanimaux.org\/actu\/wp-json\/wp\/v2\/types\/post"}],"author":[{"embeddable":true,"href":"https:\/\/www.fondationassistanceauxanimaux.org\/actu\/wp-json\/wp\/v2\/users\/3"}],"replies":[{"embeddable":true,"href":"https:\/\/www.fondationassistanceauxanimaux.org\/actu\/wp-json\/wp\/v2\/comments?post=5279"}],"version-history":[{"count":2,"href":"https:\/\/www.fondationassistanceauxanimaux.org\/actu\/wp-json\/wp\/v2\/posts\/5279\/revisions"}],"predecessor-version":[{"id":5288,"href":"https:\/\/www.fondationassistanceauxanimaux.org\/actu\/wp-json\/wp\/v2\/posts\/5279\/revisions\/5288"}],"wp:featuredmedia":[{"embeddable":true,"href":"https:\/\/www.fondationassistanceauxanimaux.org\/actu\/wp-json\/wp\/v2\/media\/5289"}],"wp:attachment":[{"href":"https:\/\/www.fondationassistanceauxanimaux.org\/actu\/wp-json\/wp\/v2\/media?parent=5279"}],"wp:term":[{"taxonomy":"category","embeddable":true,"href":"https:\/\/www.fondationassistanceauxanimaux.org\/actu\/wp-json\/wp\/v2\/categories?post=5279"},{"taxonomy":"post_tag","embeddable":true,"href":"https:\/\/www.fondationassistanceauxanimaux.org\/actu\/wp-json\/wp\/v2\/tags?post=5279"}],"curies":[{"name":"wp","href":"https:\/\/api.w.org\/{rel}","templated":true}]}}