{"id":5252,"date":"2019-05-21T10:30:18","date_gmt":"2019-05-21T08:30:18","guid":{"rendered":"http:\/\/www.fondationassistanceauxanimaux.org\/actu\/?p=5252"},"modified":"2019-05-21T10:30:18","modified_gmt":"2019-05-21T08:30:18","slug":"volti-refuge-toulon","status":"publish","type":"post","link":"https:\/\/www.fondationassistanceauxanimaux.org\/actu\/volti-refuge-toulon-5252\/","title":{"rendered":"Avant d&rsquo;\u00eatre heureux, \u00ab\u00a0Volti\u00a0\u00bb passait sa vie enferm\u00e9 sur un balcon."},"content":{"rendered":"<p style=\"font-weight: 400;\"><strong>\u00ab\u00a0Volti\u00a0\u00bb passait sa vie enferm\u00e9 sur un balcon.<\/strong><\/p>\n<p style=\"font-weight: 400;\"><strong>Ses coussinets \u00e9taient irrit\u00e9s \u00e0 sang \u00e0 force d\u2019\u00eatre sur du b\u00e9ton sem\u00e9 d\u2019excr\u00e9ments et d\u2019urine.<\/strong><\/p>\n<p style=\"font-weight: 400;\"><strong>Pris en charge par notre \u00e9quipe du refuge de Toulon, il a rapidement retrouv\u00e9 une sant\u00e9.<\/strong><\/p>\n<p style=\"font-weight: 400;\"><strong>Ce petit Jack Russel a d\u00e9couvert la vie au refuge : en vrai sportif, il jouait tous les jours avec nos b\u00e9n\u00e9voles.<\/strong><\/p>\n<p style=\"font-weight: 400;\"><strong>Il a \u00e9t\u00e9 adopt\u00e9 par un charmant couple plein d\u2019empathie pour nos animaux qui recherchait un copain pour leur femelle.<\/strong><\/p>\n<p style=\"font-weight: 400;\"><strong>Apr\u00e8s plusieurs mois d\u2019adoption, \u00e7a se confirme\u00a0: \u00ab\u00a0Volti\u00a0\u00bb est enfin heureux avec sa meilleure amie.<\/strong><\/p>\n<p><img loading=\"lazy\" decoding=\"async\" class=\"aligncenter size-full wp-image-5253\" src=\"https:\/\/www.fondationassistanceauxanimaux.org\/actu\/wp-content\/uploads\/2019\/05\/VOLTI-3.jpg\" alt=\"\" width=\"640\" height=\"640\" srcset=\"https:\/\/www.fondationassistanceauxanimaux.org\/actu\/wp-content\/uploads\/2019\/05\/VOLTI-3.jpg 640w, https:\/\/www.fondationassistanceauxanimaux.org\/actu\/wp-content\/uploads\/2019\/05\/VOLTI-3-80x80.jpg 80w, https:\/\/www.fondationassistanceauxanimaux.org\/actu\/wp-content\/uploads\/2019\/05\/VOLTI-3-300x300.jpg 300w, https:\/\/www.fondationassistanceauxanimaux.org\/actu\/wp-content\/uploads\/2019\/05\/VOLTI-3-36x36.jpg 36w, https:\/\/www.fondationassistanceauxanimaux.org\/actu\/wp-content\/uploads\/2019\/05\/VOLTI-3-180x180.jpg 180w, https:\/\/www.fondationassistanceauxanimaux.org\/actu\/wp-content\/uploads\/2019\/05\/VOLTI-3-120x120.jpg 120w, https:\/\/www.fondationassistanceauxanimaux.org\/actu\/wp-content\/uploads\/2019\/05\/VOLTI-3-450x450.jpg 450w\" sizes=\"auto, (max-width: 640px) 100vw, 640px\" \/><\/p>\n<p><img loading=\"lazy\" decoding=\"async\" class=\"aligncenter size-full wp-image-5254\" src=\"https:\/\/www.fondationassistanceauxanimaux.org\/actu\/wp-content\/uploads\/2019\/05\/VOLTI.jpg\" alt=\"\" width=\"640\" height=\"480\" srcset=\"https:\/\/www.fondationassistanceauxanimaux.org\/actu\/wp-content\/uploads\/2019\/05\/VOLTI.jpg 640w, https:\/\/www.fondationassistanceauxanimaux.org\/actu\/wp-content\/uploads\/2019\/05\/VOLTI-300x225.jpg 300w, https:\/\/www.fondationassistanceauxanimaux.org\/actu\/wp-content\/uploads\/2019\/05\/VOLTI-450x338.jpg 450w\" sizes=\"auto, (max-width: 640px) 100vw, 640px\" \/><\/p>\n","protected":false},"excerpt":{"rendered":"<p>\u00ab\u00a0Volti\u00a0\u00bb passait sa vie enferm\u00e9 sur un balcon. Ses coussinets \u00e9taient irrit\u00e9s \u00e0 sang \u00e0 force d\u2019\u00eatre sur du b\u00e9ton sem\u00e9 d\u2019excr\u00e9ments et d\u2019urine. Pris en charge par notre \u00e9quipe du refuge de Toulon, il a rapidement retrouv\u00e9 une sant\u00e9. Ce petit Jack Russel a d\u00e9couvert la vie au refuge : en vrai sportif, il [&hellip;]<\/p>\n","protected":false},"author":3,"featured_media":5254,"comment_status":"closed","ping_status":"closed","sticky":false,"template":"","format":"standard","meta":{"footnotes":""},"categories":[15],"tags":[],"class_list":["post-5252","post","type-post","status-publish","format-standard","has-post-thumbnail","hentry","category-refuge-de-toulon"],"yoast_head":"<!-- This site is optimized with the Yoast SEO plugin v24.5 - https:\/\/yoast.com\/wordpress\/plugins\/seo\/ -->\n<title>Avant d&#039;\u00eatre heureux, &quot;Volti&quot; passait sa vie enferm\u00e9 sur un balcon. - Fondation Assistance aux Animaux - Actualit\u00e9s<\/title>\n<meta name=\"robots\" content=\"index, follow, max-snippet:-1, max-image-preview:large, max-video-preview:-1\" \/>\n<link rel=\"canonical\" href=\"https:\/\/www.fondationassistanceauxanimaux.org\/actu\/volti-refuge-toulon-5252\/\" \/>\n<meta property=\"og:locale\" content=\"fr_FR\" \/>\n<meta property=\"og:type\" content=\"article\" \/>\n<meta property=\"og:title\" content=\"Avant d&#039;\u00eatre heureux, &quot;Volti&quot; passait sa vie enferm\u00e9 sur un balcon. - Fondation Assistance aux Animaux - Actualit\u00e9s\" \/>\n<meta property=\"og:description\" content=\"\u00ab\u00a0Volti\u00a0\u00bb passait sa vie enferm\u00e9 sur un balcon. Ses coussinets \u00e9taient irrit\u00e9s \u00e0 sang \u00e0 force d\u2019\u00eatre sur du b\u00e9ton sem\u00e9 d\u2019excr\u00e9ments et d\u2019urine. Pris en charge par notre \u00e9quipe du refuge de Toulon, il a rapidement retrouv\u00e9 une sant\u00e9. Ce petit Jack Russel a d\u00e9couvert la vie au refuge : en vrai sportif, il [&hellip;]\" \/>\n<meta property=\"og:url\" content=\"https:\/\/www.fondationassistanceauxanimaux.org\/actu\/volti-refuge-toulon-5252\/\" \/>\n<meta property=\"og:site_name\" content=\"Fondation Assistance aux Animaux - Actualit\u00e9s\" \/>\n<meta property=\"article:published_time\" content=\"2019-05-21T08:30:18+00:00\" \/>\n<meta property=\"og:image\" content=\"https:\/\/www.fondationassistanceauxanimaux.org\/actu\/wp-content\/uploads\/2019\/05\/VOLTI.jpg\" \/>\n\t<meta property=\"og:image:width\" content=\"640\" \/>\n\t<meta property=\"og:image:height\" content=\"480\" \/>\n\t<meta property=\"og:image:type\" content=\"image\/jpeg\" \/>\n<meta name=\"author\" content=\"No\u00e9\" \/>\n<meta name=\"twitter:card\" content=\"summary_large_image\" \/>\n<meta name=\"twitter:label1\" content=\"\u00c9crit par\" \/>\n\t<meta name=\"twitter:data1\" content=\"No\u00e9\" \/>\n\t<meta name=\"twitter:label2\" content=\"Dur\u00e9e de lecture estim\u00e9e\" \/>\n\t<meta name=\"twitter:data2\" content=\"1 minute\" \/>\n<script type=\"application\/ld+json\" class=\"yoast-schema-graph\">{\"@context\":\"https:\/\/schema.org\",\"@graph\":[{\"@type\":\"WebPage\",\"@id\":\"https:\/\/www.fondationassistanceauxanimaux.org\/actu\/volti-refuge-toulon-5252\/\",\"url\":\"https:\/\/www.fondationassistanceauxanimaux.org\/actu\/volti-refuge-toulon-5252\/\",\"name\":\"Avant d'\u00eatre heureux, \\\"Volti\\\" passait sa vie enferm\u00e9 sur un balcon. - Fondation Assistance aux Animaux - Actualit\u00e9s\",\"isPartOf\":{\"@id\":\"https:\/\/www.fondationassistanceauxanimaux.org\/actu\/#website\"},\"primaryImageOfPage\":{\"@id\":\"https:\/\/www.fondationassistanceauxanimaux.org\/actu\/volti-refuge-toulon-5252\/#primaryimage\"},\"image\":{\"@id\":\"https:\/\/www.fondationassistanceauxanimaux.org\/actu\/volti-refuge-toulon-5252\/#primaryimage\"},\"thumbnailUrl\":\"https:\/\/www.fondationassistanceauxanimaux.org\/actu\/wp-content\/uploads\/2019\/05\/VOLTI.jpg\",\"datePublished\":\"2019-05-21T08:30:18+00:00\",\"author\":{\"@id\":\"https:\/\/www.fondationassistanceauxanimaux.org\/actu\/#\/schema\/person\/71a8476d98daaea0d71a965c5603e10b\"},\"breadcrumb\":{\"@id\":\"https:\/\/www.fondationassistanceauxanimaux.org\/actu\/volti-refuge-toulon-5252\/#breadcrumb\"},\"inLanguage\":\"fr-FR\",\"potentialAction\":[{\"@type\":\"ReadAction\",\"target\":[\"https:\/\/www.fondationassistanceauxanimaux.org\/actu\/volti-refuge-toulon-5252\/\"]}]},{\"@type\":\"ImageObject\",\"inLanguage\":\"fr-FR\",\"@id\":\"https:\/\/www.fondationassistanceauxanimaux.org\/actu\/volti-refuge-toulon-5252\/#primaryimage\",\"url\":\"https:\/\/www.fondationassistanceauxanimaux.org\/actu\/wp-content\/uploads\/2019\/05\/VOLTI.jpg\",\"contentUrl\":\"https:\/\/www.fondationassistanceauxanimaux.org\/actu\/wp-content\/uploads\/2019\/05\/VOLTI.jpg\",\"width\":640,\"height\":480},{\"@type\":\"BreadcrumbList\",\"@id\":\"https:\/\/www.fondationassistanceauxanimaux.org\/actu\/volti-refuge-toulon-5252\/#breadcrumb\",\"itemListElement\":[{\"@type\":\"ListItem\",\"position\":1,\"name\":\"Accueil\",\"item\":\"https:\/\/www.fondationassistanceauxanimaux.org\/actu\/\"},{\"@type\":\"ListItem\",\"position\":2,\"name\":\"Avant d&rsquo;\u00eatre heureux, \u00ab\u00a0Volti\u00a0\u00bb passait sa vie enferm\u00e9 sur un balcon.\"}]},{\"@type\":\"WebSite\",\"@id\":\"https:\/\/www.fondationassistanceauxanimaux.org\/actu\/#website\",\"url\":\"https:\/\/www.fondationassistanceauxanimaux.org\/actu\/\",\"name\":\"Fondation Assistance aux Animaux - Actualit\u00e9s\",\"description\":\"Depuis 1930 la Fondation Assistance aux Animaux pour la d\u00e9fense et la protection des animaux maltrait\u00e9s et abandonn\u00e9s\",\"potentialAction\":[{\"@type\":\"SearchAction\",\"target\":{\"@type\":\"EntryPoint\",\"urlTemplate\":\"https:\/\/www.fondationassistanceauxanimaux.org\/actu\/?s={search_term_string}\"},\"query-input\":{\"@type\":\"PropertyValueSpecification\",\"valueRequired\":true,\"valueName\":\"search_term_string\"}}],\"inLanguage\":\"fr-FR\"},{\"@type\":\"Person\",\"@id\":\"https:\/\/www.fondationassistanceauxanimaux.org\/actu\/#\/schema\/person\/71a8476d98daaea0d71a965c5603e10b\",\"name\":\"No\u00e9\",\"image\":{\"@type\":\"ImageObject\",\"inLanguage\":\"fr-FR\",\"@id\":\"https:\/\/www.fondationassistanceauxanimaux.org\/actu\/#\/schema\/person\/image\/\",\"url\":\"https:\/\/secure.gravatar.com\/avatar\/d34cf6c6bd22b3db9c932bc580c4d1ba93c0cda7588a41b59078888ab1e5f007?s=96&d=mm&r=g\",\"contentUrl\":\"https:\/\/secure.gravatar.com\/avatar\/d34cf6c6bd22b3db9c932bc580c4d1ba93c0cda7588a41b59078888ab1e5f007?s=96&d=mm&r=g\",\"caption\":\"No\u00e9\"},\"url\":\"https:\/\/www.fondationassistanceauxanimaux.org\/actu\/author\/anne\/\"}]}<\/script>\n<!-- \/ Yoast SEO plugin. -->","yoast_head_json":{"title":"Avant d'\u00eatre heureux, \"Volti\" passait sa vie enferm\u00e9 sur un balcon. - Fondation Assistance aux Animaux - Actualit\u00e9s","robots":{"index":"index","follow":"follow","max-snippet":"max-snippet:-1","max-image-preview":"max-image-preview:large","max-video-preview":"max-video-preview:-1"},"canonical":"https:\/\/www.fondationassistanceauxanimaux.org\/actu\/volti-refuge-toulon-5252\/","og_locale":"fr_FR","og_type":"article","og_title":"Avant d'\u00eatre heureux, \"Volti\" passait sa vie enferm\u00e9 sur un balcon. - Fondation Assistance aux Animaux - Actualit\u00e9s","og_description":"\u00ab\u00a0Volti\u00a0\u00bb passait sa vie enferm\u00e9 sur un balcon. Ses coussinets \u00e9taient irrit\u00e9s \u00e0 sang \u00e0 force d\u2019\u00eatre sur du b\u00e9ton sem\u00e9 d\u2019excr\u00e9ments et d\u2019urine. Pris en charge par notre \u00e9quipe du refuge de Toulon, il a rapidement retrouv\u00e9 une sant\u00e9. Ce petit Jack Russel a d\u00e9couvert la vie au refuge : en vrai sportif, il [&hellip;]","og_url":"https:\/\/www.fondationassistanceauxanimaux.org\/actu\/volti-refuge-toulon-5252\/","og_site_name":"Fondation Assistance aux Animaux - Actualit\u00e9s","article_published_time":"2019-05-21T08:30:18+00:00","og_image":[{"width":640,"height":480,"url":"https:\/\/www.fondationassistanceauxanimaux.org\/actu\/wp-content\/uploads\/2019\/05\/VOLTI.jpg","type":"image\/jpeg"}],"author":"No\u00e9","twitter_card":"summary_large_image","twitter_misc":{"\u00c9crit par":"No\u00e9","Dur\u00e9e de lecture estim\u00e9e":"1 minute"},"schema":{"@context":"https:\/\/schema.org","@graph":[{"@type":"WebPage","@id":"https:\/\/www.fondationassistanceauxanimaux.org\/actu\/volti-refuge-toulon-5252\/","url":"https:\/\/www.fondationassistanceauxanimaux.org\/actu\/volti-refuge-toulon-5252\/","name":"Avant d'\u00eatre heureux, \"Volti\" passait sa vie enferm\u00e9 sur un balcon. - Fondation Assistance aux Animaux - Actualit\u00e9s","isPartOf":{"@id":"https:\/\/www.fondationassistanceauxanimaux.org\/actu\/#website"},"primaryImageOfPage":{"@id":"https:\/\/www.fondationassistanceauxanimaux.org\/actu\/volti-refuge-toulon-5252\/#primaryimage"},"image":{"@id":"https:\/\/www.fondationassistanceauxanimaux.org\/actu\/volti-refuge-toulon-5252\/#primaryimage"},"thumbnailUrl":"https:\/\/www.fondationassistanceauxanimaux.org\/actu\/wp-content\/uploads\/2019\/05\/VOLTI.jpg","datePublished":"2019-05-21T08:30:18+00:00","author":{"@id":"https:\/\/www.fondationassistanceauxanimaux.org\/actu\/#\/schema\/person\/71a8476d98daaea0d71a965c5603e10b"},"breadcrumb":{"@id":"https:\/\/www.fondationassistanceauxanimaux.org\/actu\/volti-refuge-toulon-5252\/#breadcrumb"},"inLanguage":"fr-FR","potentialAction":[{"@type":"ReadAction","target":["https:\/\/www.fondationassistanceauxanimaux.org\/actu\/volti-refuge-toulon-5252\/"]}]},{"@type":"ImageObject","inLanguage":"fr-FR","@id":"https:\/\/www.fondationassistanceauxanimaux.org\/actu\/volti-refuge-toulon-5252\/#primaryimage","url":"https:\/\/www.fondationassistanceauxanimaux.org\/actu\/wp-content\/uploads\/2019\/05\/VOLTI.jpg","contentUrl":"https:\/\/www.fondationassistanceauxanimaux.org\/actu\/wp-content\/uploads\/2019\/05\/VOLTI.jpg","width":640,"height":480},{"@type":"BreadcrumbList","@id":"https:\/\/www.fondationassistanceauxanimaux.org\/actu\/volti-refuge-toulon-5252\/#breadcrumb","itemListElement":[{"@type":"ListItem","position":1,"name":"Accueil","item":"https:\/\/www.fondationassistanceauxanimaux.org\/actu\/"},{"@type":"ListItem","position":2,"name":"Avant d&rsquo;\u00eatre heureux, \u00ab\u00a0Volti\u00a0\u00bb passait sa vie enferm\u00e9 sur un balcon."}]},{"@type":"WebSite","@id":"https:\/\/www.fondationassistanceauxanimaux.org\/actu\/#website","url":"https:\/\/www.fondationassistanceauxanimaux.org\/actu\/","name":"Fondation Assistance aux Animaux - Actualit\u00e9s","description":"Depuis 1930 la Fondation Assistance aux Animaux pour la d\u00e9fense et la protection des animaux maltrait\u00e9s et abandonn\u00e9s","potentialAction":[{"@type":"SearchAction","target":{"@type":"EntryPoint","urlTemplate":"https:\/\/www.fondationassistanceauxanimaux.org\/actu\/?s={search_term_string}"},"query-input":{"@type":"PropertyValueSpecification","valueRequired":true,"valueName":"search_term_string"}}],"inLanguage":"fr-FR"},{"@type":"Person","@id":"https:\/\/www.fondationassistanceauxanimaux.org\/actu\/#\/schema\/person\/71a8476d98daaea0d71a965c5603e10b","name":"No\u00e9","image":{"@type":"ImageObject","inLanguage":"fr-FR","@id":"https:\/\/www.fondationassistanceauxanimaux.org\/actu\/#\/schema\/person\/image\/","url":"https:\/\/secure.gravatar.com\/avatar\/d34cf6c6bd22b3db9c932bc580c4d1ba93c0cda7588a41b59078888ab1e5f007?s=96&d=mm&r=g","contentUrl":"https:\/\/secure.gravatar.com\/avatar\/d34cf6c6bd22b3db9c932bc580c4d1ba93c0cda7588a41b59078888ab1e5f007?s=96&d=mm&r=g","caption":"No\u00e9"},"url":"https:\/\/www.fondationassistanceauxanimaux.org\/actu\/author\/anne\/"}]}},"_links":{"self":[{"href":"https:\/\/www.fondationassistanceauxanimaux.org\/actu\/wp-json\/wp\/v2\/posts\/5252","targetHints":{"allow":["GET"]}}],"collection":[{"href":"https:\/\/www.fondationassistanceauxanimaux.org\/actu\/wp-json\/wp\/v2\/posts"}],"about":[{"href":"https:\/\/www.fondationassistanceauxanimaux.org\/actu\/wp-json\/wp\/v2\/types\/post"}],"author":[{"embeddable":true,"href":"https:\/\/www.fondationassistanceauxanimaux.org\/actu\/wp-json\/wp\/v2\/users\/3"}],"replies":[{"embeddable":true,"href":"https:\/\/www.fondationassistanceauxanimaux.org\/actu\/wp-json\/wp\/v2\/comments?post=5252"}],"version-history":[{"count":2,"href":"https:\/\/www.fondationassistanceauxanimaux.org\/actu\/wp-json\/wp\/v2\/posts\/5252\/revisions"}],"predecessor-version":[{"id":5256,"href":"https:\/\/www.fondationassistanceauxanimaux.org\/actu\/wp-json\/wp\/v2\/posts\/5252\/revisions\/5256"}],"wp:featuredmedia":[{"embeddable":true,"href":"https:\/\/www.fondationassistanceauxanimaux.org\/actu\/wp-json\/wp\/v2\/media\/5254"}],"wp:attachment":[{"href":"https:\/\/www.fondationassistanceauxanimaux.org\/actu\/wp-json\/wp\/v2\/media?parent=5252"}],"wp:term":[{"taxonomy":"category","embeddable":true,"href":"https:\/\/www.fondationassistanceauxanimaux.org\/actu\/wp-json\/wp\/v2\/categories?post=5252"},{"taxonomy":"post_tag","embeddable":true,"href":"https:\/\/www.fondationassistanceauxanimaux.org\/actu\/wp-json\/wp\/v2\/tags?post=5252"}],"curies":[{"name":"wp","href":"https:\/\/api.w.org\/{rel}","templated":true}]}}