{"id":4667,"date":"2019-04-09T16:18:15","date_gmt":"2019-04-09T14:18:15","guid":{"rendered":"http:\/\/www.fondationassistanceauxanimaux.org\/actu\/?p=4667"},"modified":"2019-04-09T16:18:15","modified_gmt":"2019-04-09T14:18:15","slug":"billy-sauvetage","status":"publish","type":"post","link":"https:\/\/www.fondationassistanceauxanimaux.org\/actu\/billy-sauvetage-4667\/","title":{"rendered":"Le sauvetage de Billy : le chien qui a pass\u00e9 pr\u00e8s d&rsquo;une semaine dans un tunnel sous le canal de Bourgogne."},"content":{"rendered":"<p><b>Apr\u00e8s avoir pass\u00e9 pr\u00e8s d&rsquo;une semaine dans un tunnel sous le canal de Bourgogne, \u00ab\u00a0Billy\u00a0\u00bb est d\u00e9sormais sauv\u00e9 !<\/b><b><\/b><\/p>\n<div>\n<div><b>Depuis mercredi dernier date \u00e0 laquelle il s&rsquo;est engouffr\u00e9 dans un tunnel qui passe sous le canal de Bourgogne (commune de Saint-Usage, C\u00f4te-d&rsquo;Or) \u00ab\u00a0Billy\u00a0\u00bb a suscit\u00e9 l&rsquo;\u00e9moi de nombreux fran\u00e7ais.<\/b><\/div>\n<div><b>\u00a0<\/b><\/div>\n<div><b>Son ma\u00eetre \u00ab\u00a0Mike\u00a0\u00bb n&rsquo;a jamais d\u00e9sesp\u00e9r\u00e9, son fox terrier \u00e2g\u00e9 de 13 ans r\u00e9pondait r\u00e9guli\u00e8rement \u00e0 ses appels en anglais.<\/b><\/div>\n<div><b>\u00a0<\/b><\/div>\n<div><b>De nombreux b\u00e9n\u00e9voles se sont mobilis\u00e9s pour leur venir en aide ! Des sp\u00e9l\u00e9ologues ont \u00e9galement fait le d\u00e9placement pour tenter de le r\u00e9cup\u00e9rer.<\/b><\/div>\n<div><b>En effet, la pr\u00e9fecture a jug\u00e9 l&rsquo;op\u00e9ration trop dangereuse et n&rsquo;a pris aucun risque pour ses \u00e9quipes :\u00a0\u00ab Le pr\u00e9fet n\u2019interdit en aucune fa\u00e7on une d\u00e9marche volontaire des sp\u00e9l\u00e9ologues qui seraient pr\u00eats \u00e0 encourir le risque de s\u2019aventurer dans un tunnel instable situ\u00e9 sous une importante voie d\u2019eau, mais d\u00e9conseille fortement une telle op\u00e9ration \u00bb<\/b><\/div>\n<div>\n<div><b>\u00a0<\/b><\/div>\n<div>\n<div><b>VNF (Voies navigables de France) a \u00e9galement tent\u00e9 une man\u0153uvre pour sauver le fox-terrier. Ce gestionnaire de site, charg\u00e9 d&rsquo;entretenir les canaux, a baiss\u00e9 de 20 cm le niveau du canal pour tenter de vider l&rsquo;eau du terrier dans lequel se trouvait Billy.<\/b><\/div>\n<div><b>\u00a0<\/b><\/div>\n<div><b>Une histoire qui finit bien ! Vers 14:30 aujourd&rsquo;hui, des b\u00e9n\u00e9voles ont r\u00e9ussi \u00e0 extraire le malheureux apr\u00e8s avoir creus\u00e9 une galerie.<\/b><\/div>\n<div><\/div>\n<\/div>\n<\/div>\n<\/div>\n<div class='avia-iframe-wrap'><iframe loading=\"lazy\" width=\"1333\" height=\"1000\" src=\"https:\/\/www.youtube.com\/embed\/sHg6NyCCXn4?feature=oembed\" frameborder=\"0\" allow=\"accelerometer; autoplay; encrypted-media; gyroscope; picture-in-picture\" allowfullscreen><\/iframe><\/div>\n","protected":false},"excerpt":{"rendered":"<p>Apr\u00e8s avoir pass\u00e9 pr\u00e8s d&rsquo;une semaine dans un tunnel sous le canal de Bourgogne, \u00ab\u00a0Billy\u00a0\u00bb est d\u00e9sormais sauv\u00e9 ! Depuis mercredi dernier date \u00e0 laquelle il s&rsquo;est engouffr\u00e9 dans un tunnel qui passe sous le canal de Bourgogne (commune de Saint-Usage, C\u00f4te-d&rsquo;Or) \u00ab\u00a0Billy\u00a0\u00bb a suscit\u00e9 l&rsquo;\u00e9moi de nombreux fran\u00e7ais. \u00a0 Son ma\u00eetre \u00ab\u00a0Mike\u00a0\u00bb n&rsquo;a jamais [&hellip;]<\/p>\n","protected":false},"author":3,"featured_media":4669,"comment_status":"closed","ping_status":"closed","sticky":false,"template":"","format":"standard","meta":{"footnotes":""},"categories":[21],"tags":[],"class_list":["post-4667","post","type-post","status-publish","format-standard","has-post-thumbnail","hentry","category-fondation-assistance-aux-animaux"],"yoast_head":"<!-- This site is optimized with the Yoast SEO plugin v24.5 - https:\/\/yoast.com\/wordpress\/plugins\/seo\/ -->\n<title>Le sauvetage de Billy : le chien qui a pass\u00e9 pr\u00e8s d&#039;une semaine dans un tunnel sous le canal de Bourgogne. - Fondation Assistance aux Animaux - Actualit\u00e9s<\/title>\n<meta name=\"robots\" content=\"index, follow, max-snippet:-1, max-image-preview:large, max-video-preview:-1\" \/>\n<link rel=\"canonical\" href=\"https:\/\/www.fondationassistanceauxanimaux.org\/actu\/billy-sauvetage-4667\/\" \/>\n<meta property=\"og:locale\" content=\"fr_FR\" \/>\n<meta property=\"og:type\" content=\"article\" \/>\n<meta property=\"og:title\" content=\"Le sauvetage de Billy : le chien qui a pass\u00e9 pr\u00e8s d&#039;une semaine dans un tunnel sous le canal de Bourgogne. - Fondation Assistance aux Animaux - Actualit\u00e9s\" \/>\n<meta property=\"og:description\" content=\"Apr\u00e8s avoir pass\u00e9 pr\u00e8s d&rsquo;une semaine dans un tunnel sous le canal de Bourgogne, \u00ab\u00a0Billy\u00a0\u00bb est d\u00e9sormais sauv\u00e9 ! Depuis mercredi dernier date \u00e0 laquelle il s&rsquo;est engouffr\u00e9 dans un tunnel qui passe sous le canal de Bourgogne (commune de Saint-Usage, C\u00f4te-d&rsquo;Or) \u00ab\u00a0Billy\u00a0\u00bb a suscit\u00e9 l&rsquo;\u00e9moi de nombreux fran\u00e7ais. \u00a0 Son ma\u00eetre \u00ab\u00a0Mike\u00a0\u00bb n&rsquo;a jamais [&hellip;]\" \/>\n<meta property=\"og:url\" content=\"https:\/\/www.fondationassistanceauxanimaux.org\/actu\/billy-sauvetage-4667\/\" \/>\n<meta property=\"og:site_name\" content=\"Fondation Assistance aux Animaux - Actualit\u00e9s\" \/>\n<meta property=\"article:published_time\" content=\"2019-04-09T14:18:15+00:00\" \/>\n<meta property=\"og:image\" content=\"https:\/\/www.fondationassistanceauxanimaux.org\/actu\/wp-content\/uploads\/2019\/04\/billy-fb-5caca65884444.jpg\" \/>\n\t<meta property=\"og:image:width\" content=\"630\" \/>\n\t<meta property=\"og:image:height\" content=\"330\" \/>\n\t<meta property=\"og:image:type\" content=\"image\/jpeg\" \/>\n<meta name=\"author\" content=\"No\u00e9\" \/>\n<meta name=\"twitter:card\" content=\"summary_large_image\" \/>\n<meta name=\"twitter:label1\" content=\"\u00c9crit par\" \/>\n\t<meta name=\"twitter:data1\" content=\"No\u00e9\" \/>\n\t<meta name=\"twitter:label2\" content=\"Dur\u00e9e de lecture estim\u00e9e\" \/>\n\t<meta name=\"twitter:data2\" content=\"1 minute\" \/>\n<script type=\"application\/ld+json\" class=\"yoast-schema-graph\">{\"@context\":\"https:\/\/schema.org\",\"@graph\":[{\"@type\":\"WebPage\",\"@id\":\"https:\/\/www.fondationassistanceauxanimaux.org\/actu\/billy-sauvetage-4667\/\",\"url\":\"https:\/\/www.fondationassistanceauxanimaux.org\/actu\/billy-sauvetage-4667\/\",\"name\":\"Le sauvetage de Billy : le chien qui a pass\u00e9 pr\u00e8s d'une semaine dans un tunnel sous le canal de Bourgogne. - Fondation Assistance aux Animaux - Actualit\u00e9s\",\"isPartOf\":{\"@id\":\"https:\/\/www.fondationassistanceauxanimaux.org\/actu\/#website\"},\"primaryImageOfPage\":{\"@id\":\"https:\/\/www.fondationassistanceauxanimaux.org\/actu\/billy-sauvetage-4667\/#primaryimage\"},\"image\":{\"@id\":\"https:\/\/www.fondationassistanceauxanimaux.org\/actu\/billy-sauvetage-4667\/#primaryimage\"},\"thumbnailUrl\":\"https:\/\/www.fondationassistanceauxanimaux.org\/actu\/wp-content\/uploads\/2019\/04\/billy-fb-5caca65884444.jpg\",\"datePublished\":\"2019-04-09T14:18:15+00:00\",\"author\":{\"@id\":\"https:\/\/www.fondationassistanceauxanimaux.org\/actu\/#\/schema\/person\/71a8476d98daaea0d71a965c5603e10b\"},\"breadcrumb\":{\"@id\":\"https:\/\/www.fondationassistanceauxanimaux.org\/actu\/billy-sauvetage-4667\/#breadcrumb\"},\"inLanguage\":\"fr-FR\",\"potentialAction\":[{\"@type\":\"ReadAction\",\"target\":[\"https:\/\/www.fondationassistanceauxanimaux.org\/actu\/billy-sauvetage-4667\/\"]}]},{\"@type\":\"ImageObject\",\"inLanguage\":\"fr-FR\",\"@id\":\"https:\/\/www.fondationassistanceauxanimaux.org\/actu\/billy-sauvetage-4667\/#primaryimage\",\"url\":\"https:\/\/www.fondationassistanceauxanimaux.org\/actu\/wp-content\/uploads\/2019\/04\/billy-fb-5caca65884444.jpg\",\"contentUrl\":\"https:\/\/www.fondationassistanceauxanimaux.org\/actu\/wp-content\/uploads\/2019\/04\/billy-fb-5caca65884444.jpg\",\"width\":630,\"height\":330},{\"@type\":\"BreadcrumbList\",\"@id\":\"https:\/\/www.fondationassistanceauxanimaux.org\/actu\/billy-sauvetage-4667\/#breadcrumb\",\"itemListElement\":[{\"@type\":\"ListItem\",\"position\":1,\"name\":\"Accueil\",\"item\":\"https:\/\/www.fondationassistanceauxanimaux.org\/actu\/\"},{\"@type\":\"ListItem\",\"position\":2,\"name\":\"Le sauvetage de Billy : le chien qui a pass\u00e9 pr\u00e8s d&rsquo;une semaine dans un tunnel sous le canal de Bourgogne.\"}]},{\"@type\":\"WebSite\",\"@id\":\"https:\/\/www.fondationassistanceauxanimaux.org\/actu\/#website\",\"url\":\"https:\/\/www.fondationassistanceauxanimaux.org\/actu\/\",\"name\":\"Fondation Assistance aux Animaux - Actualit\u00e9s\",\"description\":\"Depuis 1930 la Fondation Assistance aux Animaux pour la d\u00e9fense et la protection des animaux maltrait\u00e9s et abandonn\u00e9s\",\"potentialAction\":[{\"@type\":\"SearchAction\",\"target\":{\"@type\":\"EntryPoint\",\"urlTemplate\":\"https:\/\/www.fondationassistanceauxanimaux.org\/actu\/?s={search_term_string}\"},\"query-input\":{\"@type\":\"PropertyValueSpecification\",\"valueRequired\":true,\"valueName\":\"search_term_string\"}}],\"inLanguage\":\"fr-FR\"},{\"@type\":\"Person\",\"@id\":\"https:\/\/www.fondationassistanceauxanimaux.org\/actu\/#\/schema\/person\/71a8476d98daaea0d71a965c5603e10b\",\"name\":\"No\u00e9\",\"image\":{\"@type\":\"ImageObject\",\"inLanguage\":\"fr-FR\",\"@id\":\"https:\/\/www.fondationassistanceauxanimaux.org\/actu\/#\/schema\/person\/image\/\",\"url\":\"https:\/\/secure.gravatar.com\/avatar\/d34cf6c6bd22b3db9c932bc580c4d1ba93c0cda7588a41b59078888ab1e5f007?s=96&d=mm&r=g\",\"contentUrl\":\"https:\/\/secure.gravatar.com\/avatar\/d34cf6c6bd22b3db9c932bc580c4d1ba93c0cda7588a41b59078888ab1e5f007?s=96&d=mm&r=g\",\"caption\":\"No\u00e9\"},\"url\":\"https:\/\/www.fondationassistanceauxanimaux.org\/actu\/author\/anne\/\"}]}<\/script>\n<!-- \/ Yoast SEO plugin. -->","yoast_head_json":{"title":"Le sauvetage de Billy : le chien qui a pass\u00e9 pr\u00e8s d'une semaine dans un tunnel sous le canal de Bourgogne. - Fondation Assistance aux Animaux - Actualit\u00e9s","robots":{"index":"index","follow":"follow","max-snippet":"max-snippet:-1","max-image-preview":"max-image-preview:large","max-video-preview":"max-video-preview:-1"},"canonical":"https:\/\/www.fondationassistanceauxanimaux.org\/actu\/billy-sauvetage-4667\/","og_locale":"fr_FR","og_type":"article","og_title":"Le sauvetage de Billy : le chien qui a pass\u00e9 pr\u00e8s d'une semaine dans un tunnel sous le canal de Bourgogne. - Fondation Assistance aux Animaux - Actualit\u00e9s","og_description":"Apr\u00e8s avoir pass\u00e9 pr\u00e8s d&rsquo;une semaine dans un tunnel sous le canal de Bourgogne, \u00ab\u00a0Billy\u00a0\u00bb est d\u00e9sormais sauv\u00e9 ! Depuis mercredi dernier date \u00e0 laquelle il s&rsquo;est engouffr\u00e9 dans un tunnel qui passe sous le canal de Bourgogne (commune de Saint-Usage, C\u00f4te-d&rsquo;Or) \u00ab\u00a0Billy\u00a0\u00bb a suscit\u00e9 l&rsquo;\u00e9moi de nombreux fran\u00e7ais. \u00a0 Son ma\u00eetre \u00ab\u00a0Mike\u00a0\u00bb n&rsquo;a jamais [&hellip;]","og_url":"https:\/\/www.fondationassistanceauxanimaux.org\/actu\/billy-sauvetage-4667\/","og_site_name":"Fondation Assistance aux Animaux - Actualit\u00e9s","article_published_time":"2019-04-09T14:18:15+00:00","og_image":[{"width":630,"height":330,"url":"https:\/\/www.fondationassistanceauxanimaux.org\/actu\/wp-content\/uploads\/2019\/04\/billy-fb-5caca65884444.jpg","type":"image\/jpeg"}],"author":"No\u00e9","twitter_card":"summary_large_image","twitter_misc":{"\u00c9crit par":"No\u00e9","Dur\u00e9e de lecture estim\u00e9e":"1 minute"},"schema":{"@context":"https:\/\/schema.org","@graph":[{"@type":"WebPage","@id":"https:\/\/www.fondationassistanceauxanimaux.org\/actu\/billy-sauvetage-4667\/","url":"https:\/\/www.fondationassistanceauxanimaux.org\/actu\/billy-sauvetage-4667\/","name":"Le sauvetage de Billy : le chien qui a pass\u00e9 pr\u00e8s d'une semaine dans un tunnel sous le canal de Bourgogne. - Fondation Assistance aux Animaux - Actualit\u00e9s","isPartOf":{"@id":"https:\/\/www.fondationassistanceauxanimaux.org\/actu\/#website"},"primaryImageOfPage":{"@id":"https:\/\/www.fondationassistanceauxanimaux.org\/actu\/billy-sauvetage-4667\/#primaryimage"},"image":{"@id":"https:\/\/www.fondationassistanceauxanimaux.org\/actu\/billy-sauvetage-4667\/#primaryimage"},"thumbnailUrl":"https:\/\/www.fondationassistanceauxanimaux.org\/actu\/wp-content\/uploads\/2019\/04\/billy-fb-5caca65884444.jpg","datePublished":"2019-04-09T14:18:15+00:00","author":{"@id":"https:\/\/www.fondationassistanceauxanimaux.org\/actu\/#\/schema\/person\/71a8476d98daaea0d71a965c5603e10b"},"breadcrumb":{"@id":"https:\/\/www.fondationassistanceauxanimaux.org\/actu\/billy-sauvetage-4667\/#breadcrumb"},"inLanguage":"fr-FR","potentialAction":[{"@type":"ReadAction","target":["https:\/\/www.fondationassistanceauxanimaux.org\/actu\/billy-sauvetage-4667\/"]}]},{"@type":"ImageObject","inLanguage":"fr-FR","@id":"https:\/\/www.fondationassistanceauxanimaux.org\/actu\/billy-sauvetage-4667\/#primaryimage","url":"https:\/\/www.fondationassistanceauxanimaux.org\/actu\/wp-content\/uploads\/2019\/04\/billy-fb-5caca65884444.jpg","contentUrl":"https:\/\/www.fondationassistanceauxanimaux.org\/actu\/wp-content\/uploads\/2019\/04\/billy-fb-5caca65884444.jpg","width":630,"height":330},{"@type":"BreadcrumbList","@id":"https:\/\/www.fondationassistanceauxanimaux.org\/actu\/billy-sauvetage-4667\/#breadcrumb","itemListElement":[{"@type":"ListItem","position":1,"name":"Accueil","item":"https:\/\/www.fondationassistanceauxanimaux.org\/actu\/"},{"@type":"ListItem","position":2,"name":"Le sauvetage de Billy : le chien qui a pass\u00e9 pr\u00e8s d&rsquo;une semaine dans un tunnel sous le canal de Bourgogne."}]},{"@type":"WebSite","@id":"https:\/\/www.fondationassistanceauxanimaux.org\/actu\/#website","url":"https:\/\/www.fondationassistanceauxanimaux.org\/actu\/","name":"Fondation Assistance aux Animaux - Actualit\u00e9s","description":"Depuis 1930 la Fondation Assistance aux Animaux pour la d\u00e9fense et la protection des animaux maltrait\u00e9s et abandonn\u00e9s","potentialAction":[{"@type":"SearchAction","target":{"@type":"EntryPoint","urlTemplate":"https:\/\/www.fondationassistanceauxanimaux.org\/actu\/?s={search_term_string}"},"query-input":{"@type":"PropertyValueSpecification","valueRequired":true,"valueName":"search_term_string"}}],"inLanguage":"fr-FR"},{"@type":"Person","@id":"https:\/\/www.fondationassistanceauxanimaux.org\/actu\/#\/schema\/person\/71a8476d98daaea0d71a965c5603e10b","name":"No\u00e9","image":{"@type":"ImageObject","inLanguage":"fr-FR","@id":"https:\/\/www.fondationassistanceauxanimaux.org\/actu\/#\/schema\/person\/image\/","url":"https:\/\/secure.gravatar.com\/avatar\/d34cf6c6bd22b3db9c932bc580c4d1ba93c0cda7588a41b59078888ab1e5f007?s=96&d=mm&r=g","contentUrl":"https:\/\/secure.gravatar.com\/avatar\/d34cf6c6bd22b3db9c932bc580c4d1ba93c0cda7588a41b59078888ab1e5f007?s=96&d=mm&r=g","caption":"No\u00e9"},"url":"https:\/\/www.fondationassistanceauxanimaux.org\/actu\/author\/anne\/"}]}},"_links":{"self":[{"href":"https:\/\/www.fondationassistanceauxanimaux.org\/actu\/wp-json\/wp\/v2\/posts\/4667","targetHints":{"allow":["GET"]}}],"collection":[{"href":"https:\/\/www.fondationassistanceauxanimaux.org\/actu\/wp-json\/wp\/v2\/posts"}],"about":[{"href":"https:\/\/www.fondationassistanceauxanimaux.org\/actu\/wp-json\/wp\/v2\/types\/post"}],"author":[{"embeddable":true,"href":"https:\/\/www.fondationassistanceauxanimaux.org\/actu\/wp-json\/wp\/v2\/users\/3"}],"replies":[{"embeddable":true,"href":"https:\/\/www.fondationassistanceauxanimaux.org\/actu\/wp-json\/wp\/v2\/comments?post=4667"}],"version-history":[{"count":2,"href":"https:\/\/www.fondationassistanceauxanimaux.org\/actu\/wp-json\/wp\/v2\/posts\/4667\/revisions"}],"predecessor-version":[{"id":4671,"href":"https:\/\/www.fondationassistanceauxanimaux.org\/actu\/wp-json\/wp\/v2\/posts\/4667\/revisions\/4671"}],"wp:featuredmedia":[{"embeddable":true,"href":"https:\/\/www.fondationassistanceauxanimaux.org\/actu\/wp-json\/wp\/v2\/media\/4669"}],"wp:attachment":[{"href":"https:\/\/www.fondationassistanceauxanimaux.org\/actu\/wp-json\/wp\/v2\/media?parent=4667"}],"wp:term":[{"taxonomy":"category","embeddable":true,"href":"https:\/\/www.fondationassistanceauxanimaux.org\/actu\/wp-json\/wp\/v2\/categories?post=4667"},{"taxonomy":"post_tag","embeddable":true,"href":"https:\/\/www.fondationassistanceauxanimaux.org\/actu\/wp-json\/wp\/v2\/tags?post=4667"}],"curies":[{"name":"wp","href":"https:\/\/api.w.org\/{rel}","templated":true}]}}