{"id":433,"date":"2016-08-01T09:10:34","date_gmt":"2016-08-01T07:10:34","guid":{"rendered":"http:\/\/www.fondationassistanceauxanimaux.org\/actu\/?p=433"},"modified":"2016-09-29T22:20:27","modified_gmt":"2016-09-29T20:20:27","slug":"sauvetage-de-husky-elevage-clandestin-de-chiens","status":"publish","type":"post","link":"https:\/\/www.fondationassistanceauxanimaux.org\/actu\/sauvetage-de-husky-elevage-clandestin-de-chiens-433\/","title":{"rendered":"Sauvetage de husky dans un \u00e9levage clandestin de chiens"},"content":{"rendered":"<p style=\"text-align: justify;\"><span class='av_dropcap1 av-av_dropcap1-3cd9da5fea0ef5fb27aee617571c39a3'>D<\/span>epuis des ann\u00e9es, ils vivaient reclus dans une cour b\u00e9tonn\u00e9e o\u00f9 s\u00e9vissait la loi du plus fort. \u00ab\u00a0Dress\u00e9s\u00a0\u00bb par leur propri\u00e9taire \u00e0 coups de manche \u00e0 balai, ils ne servaient qu&rsquo;\u00e0 <strong>reproduire afin d&rsquo;arrondir ses fins de mois<\/strong>. C&rsquo;est gr\u00e2ce au signalement d&rsquo;une <a href=\"https:\/\/www.fondationassistanceauxanimaux.org\/benevoles-animaux\/\" target=\"_blank\">b\u00e9n\u00e9vole de la fondation Assistance aux Animaux<\/a> qu&rsquo;ils ont pu \u00eatre sauv\u00e9s.<\/p>\n<p style=\"text-align: justify;\">De la vie, ils ne connaissent que la peur, la chaleur \u00e9touffante, la pluie, ou le froid au gr\u00e9 des saisons. La faim aussi car dans cette cour crasseuse, c&rsquo;est la loi du plus fort qui s\u00e9vit et les plus faibles doivent se contenter des restes. Les femelles et les m\u00e2les sont m\u00e9lang\u00e9s dans cet \u00e9levage clandestin. Aussi les naissances se succ\u00e8dent, et les femelles subissent inlassablement les assauts des m\u00e2les. Leurs b\u00e9b\u00e9s leurs seront retir\u00e9s bien trop t\u00f4t pour \u00eatre vendus au plus offrant.<\/p>\n<p style=\"text-align: justify;\">Fort de ce constat accablant de notre <a href=\"https:\/\/www.fondationassistanceauxanimaux.org\/enqueteurs-animaux\/\" target=\"_blank\">enqu\u00eateur<\/a>, les services v\u00e9t\u00e9rinaires seront missionn\u00e9s par le service enqu\u00eate de la Fondation. Et vendredi dernier, c&rsquo;est accompagn\u00e9s de la Police et de la DDPP que nous nous pr\u00e9sentons chez le propri\u00e9taire des animaux.<\/p>\n<p style=\"text-align: justify;\">Ce dernier n&rsquo;\u00e9tant pas pr\u00e9sent, ou ne voulant pas ouvrir la porte, le parquet visiblement attach\u00e9 au sort de ces animaux, r\u00e9quisitionnera un serrurier afin de forcer l&rsquo;entr\u00e9e.<\/p>\n<p style=\"text-align: justify;\">Au final, se sont <strong>6 chiens de type husky qui seront retrouv\u00e9s dans cette cour jonch\u00e9e d&rsquo;excr\u00e9ments<\/strong>. En mauvais \u00e9tat, certains sont maigres et tous manquent manifestement de l&rsquo;entretien le plus \u00e9l\u00e9mentaire. Effray\u00e9s, ils se r\u00e9v\u00e9leront \u00eatre des amours une fois sortis de leur prison.<\/p>\n<p style=\"text-align: justify;\">Tous saisis au profit de la Fondation Assistance aux Animaux, et nos refuges \u00e9tant<strong> satur\u00e9s par les abandons<\/strong>, ils ont \u00e9t\u00e9 accueillis par le refuge de<strong> 30 millions d&rsquo;amis<\/strong> en Seine et Marne o\u00f9 ils attendent des familles d&rsquo;accueil qui leur feront oublier leur douloureux pass\u00e9.<\/p>\n","protected":false},"excerpt":{"rendered":"<p>6 huskies ont \u00e9t\u00e9 sauv\u00e9s. Leur propri\u00e9taire peu scrupuleux ne les utilisait qu&rsquo;\u00e0 des fins de reproduction et les d\u00e9tenait dans des conditions plus que pr\u00e9caires.  <\/p>\n","protected":false},"author":2,"featured_media":436,"comment_status":"closed","ping_status":"closed","sticky":false,"template":"","format":"standard","meta":{"footnotes":""},"categories":[21],"tags":[26,56,45],"class_list":["post-433","post","type-post","status-publish","format-standard","has-post-thumbnail","hentry","category-fondation-assistance-aux-animaux","tag-chien","tag-husky","tag-sauvetage"],"yoast_head":"<!-- This site is optimized with the Yoast SEO plugin v24.5 - https:\/\/yoast.com\/wordpress\/plugins\/seo\/ -->\n<title>Sauvetage de husky dans un \u00e9levage clandestin de chiens - Fondation Assistance aux Animaux - Actualit\u00e9s<\/title>\n<meta name=\"robots\" content=\"index, follow, max-snippet:-1, max-image-preview:large, max-video-preview:-1\" \/>\n<link rel=\"canonical\" href=\"https:\/\/www.fondationassistanceauxanimaux.org\/actu\/sauvetage-de-husky-elevage-clandestin-de-chiens-433\/\" \/>\n<meta property=\"og:locale\" content=\"fr_FR\" \/>\n<meta property=\"og:type\" content=\"article\" \/>\n<meta property=\"og:title\" content=\"Sauvetage de husky dans un \u00e9levage clandestin de chiens - Fondation Assistance aux Animaux - Actualit\u00e9s\" \/>\n<meta property=\"og:description\" content=\"6 huskies ont \u00e9t\u00e9 sauv\u00e9s. Leur propri\u00e9taire peu scrupuleux ne les utilisait qu&#039;\u00e0 des fins de reproduction et les d\u00e9tenait dans des conditions plus que pr\u00e9caires.\" \/>\n<meta property=\"og:url\" content=\"https:\/\/www.fondationassistanceauxanimaux.org\/actu\/sauvetage-de-husky-elevage-clandestin-de-chiens-433\/\" \/>\n<meta property=\"og:site_name\" content=\"Fondation Assistance aux Animaux - Actualit\u00e9s\" \/>\n<meta property=\"article:published_time\" content=\"2016-08-01T07:10:34+00:00\" \/>\n<meta property=\"article:modified_time\" content=\"2016-09-29T20:20:27+00:00\" \/>\n<meta property=\"og:image\" content=\"https:\/\/www.fondationassistanceauxanimaux.org\/actu\/wp-content\/uploads\/2016\/07\/husky-2.jpg\" \/>\n\t<meta property=\"og:image:width\" content=\"3456\" \/>\n\t<meta property=\"og:image:height\" content=\"1944\" \/>\n\t<meta property=\"og:image:type\" content=\"image\/jpeg\" \/>\n<meta name=\"author\" content=\"V\u00e9ronique\" \/>\n<meta name=\"twitter:card\" content=\"summary_large_image\" \/>\n<meta name=\"twitter:label1\" content=\"\u00c9crit par\" \/>\n\t<meta name=\"twitter:data1\" content=\"V\u00e9ronique\" \/>\n\t<meta name=\"twitter:label2\" content=\"Dur\u00e9e de lecture estim\u00e9e\" \/>\n\t<meta name=\"twitter:data2\" content=\"2 minutes\" \/>\n<script type=\"application\/ld+json\" class=\"yoast-schema-graph\">{\"@context\":\"https:\/\/schema.org\",\"@graph\":[{\"@type\":\"WebPage\",\"@id\":\"https:\/\/www.fondationassistanceauxanimaux.org\/actu\/sauvetage-de-husky-elevage-clandestin-de-chiens-433\/\",\"url\":\"https:\/\/www.fondationassistanceauxanimaux.org\/actu\/sauvetage-de-husky-elevage-clandestin-de-chiens-433\/\",\"name\":\"Sauvetage de husky dans un \u00e9levage clandestin de chiens - Fondation Assistance aux Animaux - Actualit\u00e9s\",\"isPartOf\":{\"@id\":\"https:\/\/www.fondationassistanceauxanimaux.org\/actu\/#website\"},\"primaryImageOfPage\":{\"@id\":\"https:\/\/www.fondationassistanceauxanimaux.org\/actu\/sauvetage-de-husky-elevage-clandestin-de-chiens-433\/#primaryimage\"},\"image\":{\"@id\":\"https:\/\/www.fondationassistanceauxanimaux.org\/actu\/sauvetage-de-husky-elevage-clandestin-de-chiens-433\/#primaryimage\"},\"thumbnailUrl\":\"https:\/\/www.fondationassistanceauxanimaux.org\/actu\/wp-content\/uploads\/2016\/07\/husky-2.jpg\",\"datePublished\":\"2016-08-01T07:10:34+00:00\",\"dateModified\":\"2016-09-29T20:20:27+00:00\",\"author\":{\"@id\":\"https:\/\/www.fondationassistanceauxanimaux.org\/actu\/#\/schema\/person\/de3a85787a96a69500647a0c6d82585b\"},\"breadcrumb\":{\"@id\":\"https:\/\/www.fondationassistanceauxanimaux.org\/actu\/sauvetage-de-husky-elevage-clandestin-de-chiens-433\/#breadcrumb\"},\"inLanguage\":\"fr-FR\",\"potentialAction\":[{\"@type\":\"ReadAction\",\"target\":[\"https:\/\/www.fondationassistanceauxanimaux.org\/actu\/sauvetage-de-husky-elevage-clandestin-de-chiens-433\/\"]}]},{\"@type\":\"ImageObject\",\"inLanguage\":\"fr-FR\",\"@id\":\"https:\/\/www.fondationassistanceauxanimaux.org\/actu\/sauvetage-de-husky-elevage-clandestin-de-chiens-433\/#primaryimage\",\"url\":\"https:\/\/www.fondationassistanceauxanimaux.org\/actu\/wp-content\/uploads\/2016\/07\/husky-2.jpg\",\"contentUrl\":\"https:\/\/www.fondationassistanceauxanimaux.org\/actu\/wp-content\/uploads\/2016\/07\/husky-2.jpg\",\"width\":3456,\"height\":1944,\"caption\":\"Chien husky\"},{\"@type\":\"BreadcrumbList\",\"@id\":\"https:\/\/www.fondationassistanceauxanimaux.org\/actu\/sauvetage-de-husky-elevage-clandestin-de-chiens-433\/#breadcrumb\",\"itemListElement\":[{\"@type\":\"ListItem\",\"position\":1,\"name\":\"Accueil\",\"item\":\"https:\/\/www.fondationassistanceauxanimaux.org\/actu\/\"},{\"@type\":\"ListItem\",\"position\":2,\"name\":\"Sauvetage de husky dans un \u00e9levage clandestin de chiens\"}]},{\"@type\":\"WebSite\",\"@id\":\"https:\/\/www.fondationassistanceauxanimaux.org\/actu\/#website\",\"url\":\"https:\/\/www.fondationassistanceauxanimaux.org\/actu\/\",\"name\":\"Fondation Assistance aux Animaux - Actualit\u00e9s\",\"description\":\"Depuis 1930 la Fondation Assistance aux Animaux pour la d\u00e9fense et la protection des animaux maltrait\u00e9s et abandonn\u00e9s\",\"potentialAction\":[{\"@type\":\"SearchAction\",\"target\":{\"@type\":\"EntryPoint\",\"urlTemplate\":\"https:\/\/www.fondationassistanceauxanimaux.org\/actu\/?s={search_term_string}\"},\"query-input\":{\"@type\":\"PropertyValueSpecification\",\"valueRequired\":true,\"valueName\":\"search_term_string\"}}],\"inLanguage\":\"fr-FR\"},{\"@type\":\"Person\",\"@id\":\"https:\/\/www.fondationassistanceauxanimaux.org\/actu\/#\/schema\/person\/de3a85787a96a69500647a0c6d82585b\",\"name\":\"V\u00e9ronique\",\"image\":{\"@type\":\"ImageObject\",\"inLanguage\":\"fr-FR\",\"@id\":\"https:\/\/www.fondationassistanceauxanimaux.org\/actu\/#\/schema\/person\/image\/\",\"url\":\"https:\/\/secure.gravatar.com\/avatar\/576becc0167ed53051970699069fd1fd43aab7e14515ffaadc3ffea18393161e?s=96&d=mm&r=g\",\"contentUrl\":\"https:\/\/secure.gravatar.com\/avatar\/576becc0167ed53051970699069fd1fd43aab7e14515ffaadc3ffea18393161e?s=96&d=mm&r=g\",\"caption\":\"V\u00e9ronique\"},\"url\":\"https:\/\/www.fondationassistanceauxanimaux.org\/actu\/author\/vero\/\"}]}<\/script>\n<!-- \/ Yoast SEO plugin. -->","yoast_head_json":{"title":"Sauvetage de husky dans un \u00e9levage clandestin de chiens - Fondation Assistance aux Animaux - Actualit\u00e9s","robots":{"index":"index","follow":"follow","max-snippet":"max-snippet:-1","max-image-preview":"max-image-preview:large","max-video-preview":"max-video-preview:-1"},"canonical":"https:\/\/www.fondationassistanceauxanimaux.org\/actu\/sauvetage-de-husky-elevage-clandestin-de-chiens-433\/","og_locale":"fr_FR","og_type":"article","og_title":"Sauvetage de husky dans un \u00e9levage clandestin de chiens - Fondation Assistance aux Animaux - Actualit\u00e9s","og_description":"6 huskies ont \u00e9t\u00e9 sauv\u00e9s. Leur propri\u00e9taire peu scrupuleux ne les utilisait qu'\u00e0 des fins de reproduction et les d\u00e9tenait dans des conditions plus que pr\u00e9caires.","og_url":"https:\/\/www.fondationassistanceauxanimaux.org\/actu\/sauvetage-de-husky-elevage-clandestin-de-chiens-433\/","og_site_name":"Fondation Assistance aux Animaux - Actualit\u00e9s","article_published_time":"2016-08-01T07:10:34+00:00","article_modified_time":"2016-09-29T20:20:27+00:00","og_image":[{"width":3456,"height":1944,"url":"https:\/\/www.fondationassistanceauxanimaux.org\/actu\/wp-content\/uploads\/2016\/07\/husky-2.jpg","type":"image\/jpeg"}],"author":"V\u00e9ronique","twitter_card":"summary_large_image","twitter_misc":{"\u00c9crit par":"V\u00e9ronique","Dur\u00e9e de lecture estim\u00e9e":"2 minutes"},"schema":{"@context":"https:\/\/schema.org","@graph":[{"@type":"WebPage","@id":"https:\/\/www.fondationassistanceauxanimaux.org\/actu\/sauvetage-de-husky-elevage-clandestin-de-chiens-433\/","url":"https:\/\/www.fondationassistanceauxanimaux.org\/actu\/sauvetage-de-husky-elevage-clandestin-de-chiens-433\/","name":"Sauvetage de husky dans un \u00e9levage clandestin de chiens - Fondation Assistance aux Animaux - Actualit\u00e9s","isPartOf":{"@id":"https:\/\/www.fondationassistanceauxanimaux.org\/actu\/#website"},"primaryImageOfPage":{"@id":"https:\/\/www.fondationassistanceauxanimaux.org\/actu\/sauvetage-de-husky-elevage-clandestin-de-chiens-433\/#primaryimage"},"image":{"@id":"https:\/\/www.fondationassistanceauxanimaux.org\/actu\/sauvetage-de-husky-elevage-clandestin-de-chiens-433\/#primaryimage"},"thumbnailUrl":"https:\/\/www.fondationassistanceauxanimaux.org\/actu\/wp-content\/uploads\/2016\/07\/husky-2.jpg","datePublished":"2016-08-01T07:10:34+00:00","dateModified":"2016-09-29T20:20:27+00:00","author":{"@id":"https:\/\/www.fondationassistanceauxanimaux.org\/actu\/#\/schema\/person\/de3a85787a96a69500647a0c6d82585b"},"breadcrumb":{"@id":"https:\/\/www.fondationassistanceauxanimaux.org\/actu\/sauvetage-de-husky-elevage-clandestin-de-chiens-433\/#breadcrumb"},"inLanguage":"fr-FR","potentialAction":[{"@type":"ReadAction","target":["https:\/\/www.fondationassistanceauxanimaux.org\/actu\/sauvetage-de-husky-elevage-clandestin-de-chiens-433\/"]}]},{"@type":"ImageObject","inLanguage":"fr-FR","@id":"https:\/\/www.fondationassistanceauxanimaux.org\/actu\/sauvetage-de-husky-elevage-clandestin-de-chiens-433\/#primaryimage","url":"https:\/\/www.fondationassistanceauxanimaux.org\/actu\/wp-content\/uploads\/2016\/07\/husky-2.jpg","contentUrl":"https:\/\/www.fondationassistanceauxanimaux.org\/actu\/wp-content\/uploads\/2016\/07\/husky-2.jpg","width":3456,"height":1944,"caption":"Chien husky"},{"@type":"BreadcrumbList","@id":"https:\/\/www.fondationassistanceauxanimaux.org\/actu\/sauvetage-de-husky-elevage-clandestin-de-chiens-433\/#breadcrumb","itemListElement":[{"@type":"ListItem","position":1,"name":"Accueil","item":"https:\/\/www.fondationassistanceauxanimaux.org\/actu\/"},{"@type":"ListItem","position":2,"name":"Sauvetage de husky dans un \u00e9levage clandestin de chiens"}]},{"@type":"WebSite","@id":"https:\/\/www.fondationassistanceauxanimaux.org\/actu\/#website","url":"https:\/\/www.fondationassistanceauxanimaux.org\/actu\/","name":"Fondation Assistance aux Animaux - Actualit\u00e9s","description":"Depuis 1930 la Fondation Assistance aux Animaux pour la d\u00e9fense et la protection des animaux maltrait\u00e9s et abandonn\u00e9s","potentialAction":[{"@type":"SearchAction","target":{"@type":"EntryPoint","urlTemplate":"https:\/\/www.fondationassistanceauxanimaux.org\/actu\/?s={search_term_string}"},"query-input":{"@type":"PropertyValueSpecification","valueRequired":true,"valueName":"search_term_string"}}],"inLanguage":"fr-FR"},{"@type":"Person","@id":"https:\/\/www.fondationassistanceauxanimaux.org\/actu\/#\/schema\/person\/de3a85787a96a69500647a0c6d82585b","name":"V\u00e9ronique","image":{"@type":"ImageObject","inLanguage":"fr-FR","@id":"https:\/\/www.fondationassistanceauxanimaux.org\/actu\/#\/schema\/person\/image\/","url":"https:\/\/secure.gravatar.com\/avatar\/576becc0167ed53051970699069fd1fd43aab7e14515ffaadc3ffea18393161e?s=96&d=mm&r=g","contentUrl":"https:\/\/secure.gravatar.com\/avatar\/576becc0167ed53051970699069fd1fd43aab7e14515ffaadc3ffea18393161e?s=96&d=mm&r=g","caption":"V\u00e9ronique"},"url":"https:\/\/www.fondationassistanceauxanimaux.org\/actu\/author\/vero\/"}]}},"_links":{"self":[{"href":"https:\/\/www.fondationassistanceauxanimaux.org\/actu\/wp-json\/wp\/v2\/posts\/433","targetHints":{"allow":["GET"]}}],"collection":[{"href":"https:\/\/www.fondationassistanceauxanimaux.org\/actu\/wp-json\/wp\/v2\/posts"}],"about":[{"href":"https:\/\/www.fondationassistanceauxanimaux.org\/actu\/wp-json\/wp\/v2\/types\/post"}],"author":[{"embeddable":true,"href":"https:\/\/www.fondationassistanceauxanimaux.org\/actu\/wp-json\/wp\/v2\/users\/2"}],"replies":[{"embeddable":true,"href":"https:\/\/www.fondationassistanceauxanimaux.org\/actu\/wp-json\/wp\/v2\/comments?post=433"}],"version-history":[{"count":7,"href":"https:\/\/www.fondationassistanceauxanimaux.org\/actu\/wp-json\/wp\/v2\/posts\/433\/revisions"}],"predecessor-version":[{"id":712,"href":"https:\/\/www.fondationassistanceauxanimaux.org\/actu\/wp-json\/wp\/v2\/posts\/433\/revisions\/712"}],"wp:featuredmedia":[{"embeddable":true,"href":"https:\/\/www.fondationassistanceauxanimaux.org\/actu\/wp-json\/wp\/v2\/media\/436"}],"wp:attachment":[{"href":"https:\/\/www.fondationassistanceauxanimaux.org\/actu\/wp-json\/wp\/v2\/media?parent=433"}],"wp:term":[{"taxonomy":"category","embeddable":true,"href":"https:\/\/www.fondationassistanceauxanimaux.org\/actu\/wp-json\/wp\/v2\/categories?post=433"},{"taxonomy":"post_tag","embeddable":true,"href":"https:\/\/www.fondationassistanceauxanimaux.org\/actu\/wp-json\/wp\/v2\/tags?post=433"}],"curies":[{"name":"wp","href":"https:\/\/api.w.org\/{rel}","templated":true}]}}