{"id":4323,"date":"2019-03-13T08:52:03","date_gmt":"2019-03-13T07:52:03","guid":{"rendered":"http:\/\/www.fondationassistanceauxanimaux.org\/actu\/?p=4323"},"modified":"2019-03-13T08:52:03","modified_gmt":"2019-03-13T07:52:03","slug":"eros-adoption","status":"publish","type":"post","link":"https:\/\/www.fondationassistanceauxanimaux.org\/actu\/eros-adoption-4323\/","title":{"rendered":"\u00ab\u00a0Eros\u00a0\u00bb, abandonn\u00e9 \u00e0 l&rsquo;\u00e2ge de 2 ans, est \u00e0 l&rsquo;adoption."},"content":{"rendered":"<p><span style=\"font-size: large;\"><b>\u00c2g\u00e9 de 2 ans, \u00ab\u00a0\u00c9ros\u00a0\u00bb a \u00e9t\u00e9 abandonn\u00e9 par son propri\u00e9taire.<\/b><\/span><b><\/b><\/p>\n<div>\n<div><span style=\"font-size: large;\"><b>Il a rejoint les pensionnaires du refuge Fondation Assistance aux Animaux de Carros dans les Alpes-Maritimes avec l&rsquo;espoir de trouver rapidement une famille pour la vie.<\/b><\/span><\/div>\n<div><span style=\"font-size: large;\"><b>\u00a0<\/b><\/span><\/div>\n<div><span style=\"font-size: large;\"><b>Son sourire parle de lui-m\u00eame : c&rsquo;est un chien tr\u00e8s affectueux qui aime la compagnie.<\/b><\/span><\/div>\n<div><span style=\"font-size: large;\"><b>\u00a0<\/b><\/span><\/div>\n<div><span style=\"font-size: large;\"><b>Il souhaite avoir une maison avec un jardin, sans chats ni enfants \u00e0 proximit\u00e9.<\/b><\/span><\/div>\n<div><span style=\"font-size: large;\"><b>\u00a0<\/b><\/span><\/div>\n<div><span style=\"font-size: large;\"><b>Nous vous invitons \u00e0 venir le voir au refuge ouvert tous les jours de 13h30 \u00e0 17h.<\/b><\/span><\/div>\n<p><span style=\"font-size: large;\"><b>Adresse : Quartier Lou Gabaire 13\u00e9me Rue 5\u00e9me Avenue, 06510 Carros<\/b><\/span><\/div>\n<div><\/div>\n<div><a href=\"https:\/\/jesoutiens.fondationassistanceauxanimaux.org\/dons\/~mon-don\/\"><img loading=\"lazy\" decoding=\"async\" class=\"aligncenter wp-image-1964 size-full\" src=\"https:\/\/www.fondationassistanceauxanimaux.org\/actu\/wp-content\/uploads\/2018\/02\/soutiens.png\" alt=\"\" width=\"204\" height=\"46\" \/><\/a><\/div>\n<div><\/div>\n<div><img loading=\"lazy\" decoding=\"async\" class=\"aligncenter size-large wp-image-4326\" src=\"https:\/\/www.fondationassistanceauxanimaux.org\/actu\/wp-content\/uploads\/2019\/03\/IMG_5782-1030x687.jpg\" alt=\"\" width=\"1030\" height=\"687\" srcset=\"https:\/\/www.fondationassistanceauxanimaux.org\/actu\/wp-content\/uploads\/2019\/03\/IMG_5782-1030x687.jpg 1030w, https:\/\/www.fondationassistanceauxanimaux.org\/actu\/wp-content\/uploads\/2019\/03\/IMG_5782-300x200.jpg 300w, https:\/\/www.fondationassistanceauxanimaux.org\/actu\/wp-content\/uploads\/2019\/03\/IMG_5782-768x512.jpg 768w, https:\/\/www.fondationassistanceauxanimaux.org\/actu\/wp-content\/uploads\/2019\/03\/IMG_5782-1500x1000.jpg 1500w, https:\/\/www.fondationassistanceauxanimaux.org\/actu\/wp-content\/uploads\/2019\/03\/IMG_5782-705x470.jpg 705w, https:\/\/www.fondationassistanceauxanimaux.org\/actu\/wp-content\/uploads\/2019\/03\/IMG_5782-450x300.jpg 450w, https:\/\/www.fondationassistanceauxanimaux.org\/actu\/wp-content\/uploads\/2019\/03\/IMG_5782.jpg 1620w\" sizes=\"auto, (max-width: 1030px) 100vw, 1030px\" \/><\/div>\n<div><\/div>\n<div><img loading=\"lazy\" decoding=\"async\" class=\"aligncenter size-large wp-image-4327\" src=\"https:\/\/www.fondationassistanceauxanimaux.org\/actu\/wp-content\/uploads\/2019\/03\/IMG_5783-1030x687.jpg\" alt=\"\" width=\"1030\" height=\"687\" srcset=\"https:\/\/www.fondationassistanceauxanimaux.org\/actu\/wp-content\/uploads\/2019\/03\/IMG_5783-1030x687.jpg 1030w, https:\/\/www.fondationassistanceauxanimaux.org\/actu\/wp-content\/uploads\/2019\/03\/IMG_5783-300x200.jpg 300w, https:\/\/www.fondationassistanceauxanimaux.org\/actu\/wp-content\/uploads\/2019\/03\/IMG_5783-768x512.jpg 768w, https:\/\/www.fondationassistanceauxanimaux.org\/actu\/wp-content\/uploads\/2019\/03\/IMG_5783-1500x1000.jpg 1500w, https:\/\/www.fondationassistanceauxanimaux.org\/actu\/wp-content\/uploads\/2019\/03\/IMG_5783-705x470.jpg 705w, https:\/\/www.fondationassistanceauxanimaux.org\/actu\/wp-content\/uploads\/2019\/03\/IMG_5783-450x300.jpg 450w, https:\/\/www.fondationassistanceauxanimaux.org\/actu\/wp-content\/uploads\/2019\/03\/IMG_5783.jpg 1620w\" sizes=\"auto, (max-width: 1030px) 100vw, 1030px\" \/><\/div>\n<div><\/div>\n<div><img loading=\"lazy\" decoding=\"async\" class=\"aligncenter size-large wp-image-4328\" src=\"https:\/\/www.fondationassistanceauxanimaux.org\/actu\/wp-content\/uploads\/2019\/03\/IMG_5784-1030x687.jpg\" alt=\"\" width=\"1030\" height=\"687\" srcset=\"https:\/\/www.fondationassistanceauxanimaux.org\/actu\/wp-content\/uploads\/2019\/03\/IMG_5784-1030x687.jpg 1030w, https:\/\/www.fondationassistanceauxanimaux.org\/actu\/wp-content\/uploads\/2019\/03\/IMG_5784-300x200.jpg 300w, https:\/\/www.fondationassistanceauxanimaux.org\/actu\/wp-content\/uploads\/2019\/03\/IMG_5784-768x512.jpg 768w, https:\/\/www.fondationassistanceauxanimaux.org\/actu\/wp-content\/uploads\/2019\/03\/IMG_5784-1500x1000.jpg 1500w, https:\/\/www.fondationassistanceauxanimaux.org\/actu\/wp-content\/uploads\/2019\/03\/IMG_5784-705x470.jpg 705w, https:\/\/www.fondationassistanceauxanimaux.org\/actu\/wp-content\/uploads\/2019\/03\/IMG_5784-450x300.jpg 450w, https:\/\/www.fondationassistanceauxanimaux.org\/actu\/wp-content\/uploads\/2019\/03\/IMG_5784.jpg 1620w\" sizes=\"auto, (max-width: 1030px) 100vw, 1030px\" \/><\/div>\n<div><\/div>\n<div><a href=\"https:\/\/jesoutiens.fondationassistanceauxanimaux.org\/dons\/~mon-don\/\"><img loading=\"lazy\" decoding=\"async\" class=\"aligncenter wp-image-1964 size-full\" src=\"https:\/\/www.fondationassistanceauxanimaux.org\/actu\/wp-content\/uploads\/2018\/02\/soutiens.png\" alt=\"\" width=\"204\" height=\"46\" \/><\/a><\/div>\n","protected":false},"excerpt":{"rendered":"<p>\u00c2g\u00e9 de 2 ans, \u00ab\u00a0\u00c9ros\u00a0\u00bb a \u00e9t\u00e9 abandonn\u00e9 par son propri\u00e9taire. Il a rejoint les pensionnaires du refuge Fondation Assistance aux Animaux de Carros dans les Alpes-Maritimes avec l&rsquo;espoir de trouver rapidement une famille pour la vie. \u00a0 Son sourire parle de lui-m\u00eame : c&rsquo;est un chien tr\u00e8s affectueux qui aime la compagnie. \u00a0 Il [&hellip;]<\/p>\n","protected":false},"author":3,"featured_media":4325,"comment_status":"closed","ping_status":"closed","sticky":false,"template":"","format":"standard","meta":{"footnotes":""},"categories":[17],"tags":[],"class_list":["post-4323","post","type-post","status-publish","format-standard","has-post-thumbnail","hentry","category-refuge-de-carros"],"yoast_head":"<!-- This site is optimized with the Yoast SEO plugin v24.5 - https:\/\/yoast.com\/wordpress\/plugins\/seo\/ -->\n<title>&quot;Eros&quot;, abandonn\u00e9 \u00e0 l&#039;\u00e2ge de 2 ans, est \u00e0 l&#039;adoption. - Fondation Assistance aux Animaux - Actualit\u00e9s<\/title>\n<meta name=\"robots\" content=\"index, follow, max-snippet:-1, max-image-preview:large, max-video-preview:-1\" \/>\n<link rel=\"canonical\" href=\"https:\/\/www.fondationassistanceauxanimaux.org\/actu\/eros-adoption-4323\/\" \/>\n<meta property=\"og:locale\" content=\"fr_FR\" \/>\n<meta property=\"og:type\" content=\"article\" \/>\n<meta property=\"og:title\" content=\"&quot;Eros&quot;, abandonn\u00e9 \u00e0 l&#039;\u00e2ge de 2 ans, est \u00e0 l&#039;adoption. - Fondation Assistance aux Animaux - Actualit\u00e9s\" \/>\n<meta property=\"og:description\" content=\"\u00c2g\u00e9 de 2 ans, \u00ab\u00a0\u00c9ros\u00a0\u00bb a \u00e9t\u00e9 abandonn\u00e9 par son propri\u00e9taire. Il a rejoint les pensionnaires du refuge Fondation Assistance aux Animaux de Carros dans les Alpes-Maritimes avec l&rsquo;espoir de trouver rapidement une famille pour la vie. \u00a0 Son sourire parle de lui-m\u00eame : c&rsquo;est un chien tr\u00e8s affectueux qui aime la compagnie. \u00a0 Il [&hellip;]\" \/>\n<meta property=\"og:url\" content=\"https:\/\/www.fondationassistanceauxanimaux.org\/actu\/eros-adoption-4323\/\" \/>\n<meta property=\"og:site_name\" content=\"Fondation Assistance aux Animaux - Actualit\u00e9s\" \/>\n<meta property=\"article:published_time\" content=\"2019-03-13T07:52:03+00:00\" \/>\n<meta property=\"og:image\" content=\"https:\/\/www.fondationassistanceauxanimaux.org\/actu\/wp-content\/uploads\/2019\/03\/Capture-d\u2019e\u0301cran-2019-03-13-a\u0300-08.48.59-1030x823.png\" \/>\n\t<meta property=\"og:image:width\" content=\"1030\" \/>\n\t<meta property=\"og:image:height\" content=\"823\" \/>\n\t<meta property=\"og:image:type\" content=\"image\/png\" \/>\n<meta name=\"author\" content=\"No\u00e9\" \/>\n<meta name=\"twitter:card\" content=\"summary_large_image\" \/>\n<meta name=\"twitter:label1\" content=\"\u00c9crit par\" \/>\n\t<meta name=\"twitter:data1\" content=\"No\u00e9\" \/>\n<script type=\"application\/ld+json\" class=\"yoast-schema-graph\">{\"@context\":\"https:\/\/schema.org\",\"@graph\":[{\"@type\":\"WebPage\",\"@id\":\"https:\/\/www.fondationassistanceauxanimaux.org\/actu\/eros-adoption-4323\/\",\"url\":\"https:\/\/www.fondationassistanceauxanimaux.org\/actu\/eros-adoption-4323\/\",\"name\":\"\\\"Eros\\\", abandonn\u00e9 \u00e0 l'\u00e2ge de 2 ans, est \u00e0 l'adoption. - Fondation Assistance aux Animaux - Actualit\u00e9s\",\"isPartOf\":{\"@id\":\"https:\/\/www.fondationassistanceauxanimaux.org\/actu\/#website\"},\"primaryImageOfPage\":{\"@id\":\"https:\/\/www.fondationassistanceauxanimaux.org\/actu\/eros-adoption-4323\/#primaryimage\"},\"image\":{\"@id\":\"https:\/\/www.fondationassistanceauxanimaux.org\/actu\/eros-adoption-4323\/#primaryimage\"},\"thumbnailUrl\":\"https:\/\/www.fondationassistanceauxanimaux.org\/actu\/wp-content\/uploads\/2019\/03\/Capture-d\u2019e\u0301cran-2019-03-13-a\u0300-08.48.59.png\",\"datePublished\":\"2019-03-13T07:52:03+00:00\",\"author\":{\"@id\":\"https:\/\/www.fondationassistanceauxanimaux.org\/actu\/#\/schema\/person\/71a8476d98daaea0d71a965c5603e10b\"},\"breadcrumb\":{\"@id\":\"https:\/\/www.fondationassistanceauxanimaux.org\/actu\/eros-adoption-4323\/#breadcrumb\"},\"inLanguage\":\"fr-FR\",\"potentialAction\":[{\"@type\":\"ReadAction\",\"target\":[\"https:\/\/www.fondationassistanceauxanimaux.org\/actu\/eros-adoption-4323\/\"]}]},{\"@type\":\"ImageObject\",\"inLanguage\":\"fr-FR\",\"@id\":\"https:\/\/www.fondationassistanceauxanimaux.org\/actu\/eros-adoption-4323\/#primaryimage\",\"url\":\"https:\/\/www.fondationassistanceauxanimaux.org\/actu\/wp-content\/uploads\/2019\/03\/Capture-d\u2019e\u0301cran-2019-03-13-a\u0300-08.48.59.png\",\"contentUrl\":\"https:\/\/www.fondationassistanceauxanimaux.org\/actu\/wp-content\/uploads\/2019\/03\/Capture-d\u2019e\u0301cran-2019-03-13-a\u0300-08.48.59.png\",\"width\":1700,\"height\":1358},{\"@type\":\"BreadcrumbList\",\"@id\":\"https:\/\/www.fondationassistanceauxanimaux.org\/actu\/eros-adoption-4323\/#breadcrumb\",\"itemListElement\":[{\"@type\":\"ListItem\",\"position\":1,\"name\":\"Accueil\",\"item\":\"https:\/\/www.fondationassistanceauxanimaux.org\/actu\/\"},{\"@type\":\"ListItem\",\"position\":2,\"name\":\"\u00ab\u00a0Eros\u00a0\u00bb, abandonn\u00e9 \u00e0 l&rsquo;\u00e2ge de 2 ans, est \u00e0 l&rsquo;adoption.\"}]},{\"@type\":\"WebSite\",\"@id\":\"https:\/\/www.fondationassistanceauxanimaux.org\/actu\/#website\",\"url\":\"https:\/\/www.fondationassistanceauxanimaux.org\/actu\/\",\"name\":\"Fondation Assistance aux Animaux - Actualit\u00e9s\",\"description\":\"Depuis 1930 la Fondation Assistance aux Animaux pour la d\u00e9fense et la protection des animaux maltrait\u00e9s et abandonn\u00e9s\",\"potentialAction\":[{\"@type\":\"SearchAction\",\"target\":{\"@type\":\"EntryPoint\",\"urlTemplate\":\"https:\/\/www.fondationassistanceauxanimaux.org\/actu\/?s={search_term_string}\"},\"query-input\":{\"@type\":\"PropertyValueSpecification\",\"valueRequired\":true,\"valueName\":\"search_term_string\"}}],\"inLanguage\":\"fr-FR\"},{\"@type\":\"Person\",\"@id\":\"https:\/\/www.fondationassistanceauxanimaux.org\/actu\/#\/schema\/person\/71a8476d98daaea0d71a965c5603e10b\",\"name\":\"No\u00e9\",\"image\":{\"@type\":\"ImageObject\",\"inLanguage\":\"fr-FR\",\"@id\":\"https:\/\/www.fondationassistanceauxanimaux.org\/actu\/#\/schema\/person\/image\/\",\"url\":\"https:\/\/secure.gravatar.com\/avatar\/d34cf6c6bd22b3db9c932bc580c4d1ba93c0cda7588a41b59078888ab1e5f007?s=96&d=mm&r=g\",\"contentUrl\":\"https:\/\/secure.gravatar.com\/avatar\/d34cf6c6bd22b3db9c932bc580c4d1ba93c0cda7588a41b59078888ab1e5f007?s=96&d=mm&r=g\",\"caption\":\"No\u00e9\"},\"url\":\"https:\/\/www.fondationassistanceauxanimaux.org\/actu\/author\/anne\/\"}]}<\/script>\n<!-- \/ Yoast SEO plugin. -->","yoast_head_json":{"title":"\"Eros\", abandonn\u00e9 \u00e0 l'\u00e2ge de 2 ans, est \u00e0 l'adoption. - Fondation Assistance aux Animaux - Actualit\u00e9s","robots":{"index":"index","follow":"follow","max-snippet":"max-snippet:-1","max-image-preview":"max-image-preview:large","max-video-preview":"max-video-preview:-1"},"canonical":"https:\/\/www.fondationassistanceauxanimaux.org\/actu\/eros-adoption-4323\/","og_locale":"fr_FR","og_type":"article","og_title":"\"Eros\", abandonn\u00e9 \u00e0 l'\u00e2ge de 2 ans, est \u00e0 l'adoption. - Fondation Assistance aux Animaux - Actualit\u00e9s","og_description":"\u00c2g\u00e9 de 2 ans, \u00ab\u00a0\u00c9ros\u00a0\u00bb a \u00e9t\u00e9 abandonn\u00e9 par son propri\u00e9taire. Il a rejoint les pensionnaires du refuge Fondation Assistance aux Animaux de Carros dans les Alpes-Maritimes avec l&rsquo;espoir de trouver rapidement une famille pour la vie. \u00a0 Son sourire parle de lui-m\u00eame : c&rsquo;est un chien tr\u00e8s affectueux qui aime la compagnie. \u00a0 Il [&hellip;]","og_url":"https:\/\/www.fondationassistanceauxanimaux.org\/actu\/eros-adoption-4323\/","og_site_name":"Fondation Assistance aux Animaux - Actualit\u00e9s","article_published_time":"2019-03-13T07:52:03+00:00","og_image":[{"width":1030,"height":823,"url":"https:\/\/www.fondationassistanceauxanimaux.org\/actu\/wp-content\/uploads\/2019\/03\/Capture-d\u2019e\u0301cran-2019-03-13-a\u0300-08.48.59-1030x823.png","type":"image\/png"}],"author":"No\u00e9","twitter_card":"summary_large_image","twitter_misc":{"\u00c9crit par":"No\u00e9"},"schema":{"@context":"https:\/\/schema.org","@graph":[{"@type":"WebPage","@id":"https:\/\/www.fondationassistanceauxanimaux.org\/actu\/eros-adoption-4323\/","url":"https:\/\/www.fondationassistanceauxanimaux.org\/actu\/eros-adoption-4323\/","name":"\"Eros\", abandonn\u00e9 \u00e0 l'\u00e2ge de 2 ans, est \u00e0 l'adoption. - Fondation Assistance aux Animaux - Actualit\u00e9s","isPartOf":{"@id":"https:\/\/www.fondationassistanceauxanimaux.org\/actu\/#website"},"primaryImageOfPage":{"@id":"https:\/\/www.fondationassistanceauxanimaux.org\/actu\/eros-adoption-4323\/#primaryimage"},"image":{"@id":"https:\/\/www.fondationassistanceauxanimaux.org\/actu\/eros-adoption-4323\/#primaryimage"},"thumbnailUrl":"https:\/\/www.fondationassistanceauxanimaux.org\/actu\/wp-content\/uploads\/2019\/03\/Capture-d\u2019e\u0301cran-2019-03-13-a\u0300-08.48.59.png","datePublished":"2019-03-13T07:52:03+00:00","author":{"@id":"https:\/\/www.fondationassistanceauxanimaux.org\/actu\/#\/schema\/person\/71a8476d98daaea0d71a965c5603e10b"},"breadcrumb":{"@id":"https:\/\/www.fondationassistanceauxanimaux.org\/actu\/eros-adoption-4323\/#breadcrumb"},"inLanguage":"fr-FR","potentialAction":[{"@type":"ReadAction","target":["https:\/\/www.fondationassistanceauxanimaux.org\/actu\/eros-adoption-4323\/"]}]},{"@type":"ImageObject","inLanguage":"fr-FR","@id":"https:\/\/www.fondationassistanceauxanimaux.org\/actu\/eros-adoption-4323\/#primaryimage","url":"https:\/\/www.fondationassistanceauxanimaux.org\/actu\/wp-content\/uploads\/2019\/03\/Capture-d\u2019e\u0301cran-2019-03-13-a\u0300-08.48.59.png","contentUrl":"https:\/\/www.fondationassistanceauxanimaux.org\/actu\/wp-content\/uploads\/2019\/03\/Capture-d\u2019e\u0301cran-2019-03-13-a\u0300-08.48.59.png","width":1700,"height":1358},{"@type":"BreadcrumbList","@id":"https:\/\/www.fondationassistanceauxanimaux.org\/actu\/eros-adoption-4323\/#breadcrumb","itemListElement":[{"@type":"ListItem","position":1,"name":"Accueil","item":"https:\/\/www.fondationassistanceauxanimaux.org\/actu\/"},{"@type":"ListItem","position":2,"name":"\u00ab\u00a0Eros\u00a0\u00bb, abandonn\u00e9 \u00e0 l&rsquo;\u00e2ge de 2 ans, est \u00e0 l&rsquo;adoption."}]},{"@type":"WebSite","@id":"https:\/\/www.fondationassistanceauxanimaux.org\/actu\/#website","url":"https:\/\/www.fondationassistanceauxanimaux.org\/actu\/","name":"Fondation Assistance aux Animaux - Actualit\u00e9s","description":"Depuis 1930 la Fondation Assistance aux Animaux pour la d\u00e9fense et la protection des animaux maltrait\u00e9s et abandonn\u00e9s","potentialAction":[{"@type":"SearchAction","target":{"@type":"EntryPoint","urlTemplate":"https:\/\/www.fondationassistanceauxanimaux.org\/actu\/?s={search_term_string}"},"query-input":{"@type":"PropertyValueSpecification","valueRequired":true,"valueName":"search_term_string"}}],"inLanguage":"fr-FR"},{"@type":"Person","@id":"https:\/\/www.fondationassistanceauxanimaux.org\/actu\/#\/schema\/person\/71a8476d98daaea0d71a965c5603e10b","name":"No\u00e9","image":{"@type":"ImageObject","inLanguage":"fr-FR","@id":"https:\/\/www.fondationassistanceauxanimaux.org\/actu\/#\/schema\/person\/image\/","url":"https:\/\/secure.gravatar.com\/avatar\/d34cf6c6bd22b3db9c932bc580c4d1ba93c0cda7588a41b59078888ab1e5f007?s=96&d=mm&r=g","contentUrl":"https:\/\/secure.gravatar.com\/avatar\/d34cf6c6bd22b3db9c932bc580c4d1ba93c0cda7588a41b59078888ab1e5f007?s=96&d=mm&r=g","caption":"No\u00e9"},"url":"https:\/\/www.fondationassistanceauxanimaux.org\/actu\/author\/anne\/"}]}},"_links":{"self":[{"href":"https:\/\/www.fondationassistanceauxanimaux.org\/actu\/wp-json\/wp\/v2\/posts\/4323","targetHints":{"allow":["GET"]}}],"collection":[{"href":"https:\/\/www.fondationassistanceauxanimaux.org\/actu\/wp-json\/wp\/v2\/posts"}],"about":[{"href":"https:\/\/www.fondationassistanceauxanimaux.org\/actu\/wp-json\/wp\/v2\/types\/post"}],"author":[{"embeddable":true,"href":"https:\/\/www.fondationassistanceauxanimaux.org\/actu\/wp-json\/wp\/v2\/users\/3"}],"replies":[{"embeddable":true,"href":"https:\/\/www.fondationassistanceauxanimaux.org\/actu\/wp-json\/wp\/v2\/comments?post=4323"}],"version-history":[{"count":2,"href":"https:\/\/www.fondationassistanceauxanimaux.org\/actu\/wp-json\/wp\/v2\/posts\/4323\/revisions"}],"predecessor-version":[{"id":4330,"href":"https:\/\/www.fondationassistanceauxanimaux.org\/actu\/wp-json\/wp\/v2\/posts\/4323\/revisions\/4330"}],"wp:featuredmedia":[{"embeddable":true,"href":"https:\/\/www.fondationassistanceauxanimaux.org\/actu\/wp-json\/wp\/v2\/media\/4325"}],"wp:attachment":[{"href":"https:\/\/www.fondationassistanceauxanimaux.org\/actu\/wp-json\/wp\/v2\/media?parent=4323"}],"wp:term":[{"taxonomy":"category","embeddable":true,"href":"https:\/\/www.fondationassistanceauxanimaux.org\/actu\/wp-json\/wp\/v2\/categories?post=4323"},{"taxonomy":"post_tag","embeddable":true,"href":"https:\/\/www.fondationassistanceauxanimaux.org\/actu\/wp-json\/wp\/v2\/tags?post=4323"}],"curies":[{"name":"wp","href":"https:\/\/api.w.org\/{rel}","templated":true}]}}