{"id":4063,"date":"2019-02-24T19:58:20","date_gmt":"2019-02-24T18:58:20","guid":{"rendered":"http:\/\/www.fondationassistanceauxanimaux.org\/actu\/?p=4063"},"modified":"2019-02-24T20:00:45","modified_gmt":"2019-02-24T19:00:45","slug":"adoption-chien-senior","status":"publish","type":"post","link":"https:\/\/www.fondationassistanceauxanimaux.org\/actu\/adoption-chien-senior-4063\/","title":{"rendered":"La belle adoption de \u00ab\u00a0Bacchus\u00a0\u00bb, papy de 12 ans."},"content":{"rendered":"<p><b><span style=\"font-size: large;\">Battu par son propri\u00e9taire, il a \u00e9t\u00e9 saisi par la Fondation Assistance aux Animaux.<\/span><\/b><\/p>\n<p><b><span style=\"font-size: large;\">Pris en charge dans l&rsquo;un de nos refuges d&rsquo;\u00cele de France, il a fallu beaucoup de patience et d&rsquo;amour de nos \u00e9quipes pour qu&rsquo;il reprenne confiance en l&rsquo;Homme.<br \/>\nLa chance ne souriait pas pour lui&#8230; personne ne s&rsquo;int\u00e9ressait \u00e0 lui.<\/span><\/b><\/p>\n<p><b><span style=\"font-size: large;\">La d\u00e9cision de le transf\u00e9rer dans un autre secteur g\u00e9ographique a \u00e9t\u00e9 prise.<br \/>\nIl a \u00e9t\u00e9 accueilli dans le sud de la France par notre \u00e9quipe de Carros avec beaucoup d&rsquo;\u00e9motion et d&rsquo;espoir.<\/span><\/b><\/p>\n<p><b><span style=\"font-size: large;\">La magie a op\u00e9r\u00e9 !<br \/>\nNotre \u00ab Bacchus \u00bb, papy de 12 ans, a trouv\u00e9 son adoptante pour sa retraite tant m\u00e9rit\u00e9e.<br \/>\nIl a rejoint \u00ab\u00a0Belle\u00a0\u00bb, ancienne pensionnaire du refuge de Carros.<\/span><\/b><\/p>\n<p><b><span style=\"font-size: large;\">Nous remercions chaleureusement cette adoptante qui est tomb\u00e9e sous son charme au premier regard.<\/span><\/b><\/p>\n<p><img loading=\"lazy\" decoding=\"async\" class=\"aligncenter wp-image-4066\" src=\"https:\/\/www.fondationassistanceauxanimaux.org\/actu\/wp-content\/uploads\/2019\/02\/IMG_5396-1-773x1030.jpg\" alt=\"\" width=\"600\" height=\"799\" srcset=\"https:\/\/www.fondationassistanceauxanimaux.org\/actu\/wp-content\/uploads\/2019\/02\/IMG_5396-1-773x1030.jpg 773w, https:\/\/www.fondationassistanceauxanimaux.org\/actu\/wp-content\/uploads\/2019\/02\/IMG_5396-1-225x300.jpg 225w, https:\/\/www.fondationassistanceauxanimaux.org\/actu\/wp-content\/uploads\/2019\/02\/IMG_5396-1-768x1024.jpg 768w, https:\/\/www.fondationassistanceauxanimaux.org\/actu\/wp-content\/uploads\/2019\/02\/IMG_5396-1-1125x1500.jpg 1125w, https:\/\/www.fondationassistanceauxanimaux.org\/actu\/wp-content\/uploads\/2019\/02\/IMG_5396-1-529x705.jpg 529w, https:\/\/www.fondationassistanceauxanimaux.org\/actu\/wp-content\/uploads\/2019\/02\/IMG_5396-1-450x600.jpg 450w, https:\/\/www.fondationassistanceauxanimaux.org\/actu\/wp-content\/uploads\/2019\/02\/IMG_5396-1.jpg 1200w\" sizes=\"auto, (max-width: 600px) 100vw, 600px\" \/><\/p>\n<p><img loading=\"lazy\" decoding=\"async\" class=\"aligncenter wp-image-4065\" src=\"https:\/\/www.fondationassistanceauxanimaux.org\/actu\/wp-content\/uploads\/2019\/02\/IMG_5395-1030x773.jpg\" alt=\"\" width=\"736\" height=\"553\" srcset=\"https:\/\/www.fondationassistanceauxanimaux.org\/actu\/wp-content\/uploads\/2019\/02\/IMG_5395-1030x773.jpg 1030w, https:\/\/www.fondationassistanceauxanimaux.org\/actu\/wp-content\/uploads\/2019\/02\/IMG_5395-300x225.jpg 300w, https:\/\/www.fondationassistanceauxanimaux.org\/actu\/wp-content\/uploads\/2019\/02\/IMG_5395-768x576.jpg 768w, https:\/\/www.fondationassistanceauxanimaux.org\/actu\/wp-content\/uploads\/2019\/02\/IMG_5395-1500x1125.jpg 1500w, https:\/\/www.fondationassistanceauxanimaux.org\/actu\/wp-content\/uploads\/2019\/02\/IMG_5395-705x529.jpg 705w, https:\/\/www.fondationassistanceauxanimaux.org\/actu\/wp-content\/uploads\/2019\/02\/IMG_5395-450x338.jpg 450w, https:\/\/www.fondationassistanceauxanimaux.org\/actu\/wp-content\/uploads\/2019\/02\/IMG_5395.jpg 1600w\" sizes=\"auto, (max-width: 736px) 100vw, 736px\" \/><\/p>\n<p><img loading=\"lazy\" decoding=\"async\" class=\"aligncenter wp-image-4067\" src=\"https:\/\/www.fondationassistanceauxanimaux.org\/actu\/wp-content\/uploads\/2019\/02\/IMG_5397-1030x773.jpg\" alt=\"\" width=\"726\" height=\"545\" srcset=\"https:\/\/www.fondationassistanceauxanimaux.org\/actu\/wp-content\/uploads\/2019\/02\/IMG_5397-1030x773.jpg 1030w, https:\/\/www.fondationassistanceauxanimaux.org\/actu\/wp-content\/uploads\/2019\/02\/IMG_5397-300x225.jpg 300w, https:\/\/www.fondationassistanceauxanimaux.org\/actu\/wp-content\/uploads\/2019\/02\/IMG_5397-768x576.jpg 768w, https:\/\/www.fondationassistanceauxanimaux.org\/actu\/wp-content\/uploads\/2019\/02\/IMG_5397-1500x1125.jpg 1500w, https:\/\/www.fondationassistanceauxanimaux.org\/actu\/wp-content\/uploads\/2019\/02\/IMG_5397-705x529.jpg 705w, https:\/\/www.fondationassistanceauxanimaux.org\/actu\/wp-content\/uploads\/2019\/02\/IMG_5397-450x338.jpg 450w, https:\/\/www.fondationassistanceauxanimaux.org\/actu\/wp-content\/uploads\/2019\/02\/IMG_5397.jpg 1600w\" sizes=\"auto, (max-width: 726px) 100vw, 726px\" \/><\/p>\n<p><img loading=\"lazy\" decoding=\"async\" class=\"aligncenter wp-image-4068\" src=\"https:\/\/www.fondationassistanceauxanimaux.org\/actu\/wp-content\/uploads\/2019\/02\/IMG_5398-773x1030.jpg\" alt=\"\" width=\"724\" height=\"965\" srcset=\"https:\/\/www.fondationassistanceauxanimaux.org\/actu\/wp-content\/uploads\/2019\/02\/IMG_5398-773x1030.jpg 773w, https:\/\/www.fondationassistanceauxanimaux.org\/actu\/wp-content\/uploads\/2019\/02\/IMG_5398-225x300.jpg 225w, https:\/\/www.fondationassistanceauxanimaux.org\/actu\/wp-content\/uploads\/2019\/02\/IMG_5398-768x1024.jpg 768w, https:\/\/www.fondationassistanceauxanimaux.org\/actu\/wp-content\/uploads\/2019\/02\/IMG_5398-1125x1500.jpg 1125w, https:\/\/www.fondationassistanceauxanimaux.org\/actu\/wp-content\/uploads\/2019\/02\/IMG_5398-529x705.jpg 529w, https:\/\/www.fondationassistanceauxanimaux.org\/actu\/wp-content\/uploads\/2019\/02\/IMG_5398-450x600.jpg 450w, https:\/\/www.fondationassistanceauxanimaux.org\/actu\/wp-content\/uploads\/2019\/02\/IMG_5398.jpg 1200w\" sizes=\"auto, (max-width: 724px) 100vw, 724px\" \/><\/p>\n<p><img loading=\"lazy\" decoding=\"async\" class=\"aligncenter wp-image-4069\" src=\"https:\/\/www.fondationassistanceauxanimaux.org\/actu\/wp-content\/uploads\/2019\/02\/IMG_5399-1030x773.jpg\" alt=\"\" width=\"708\" height=\"533\" srcset=\"https:\/\/www.fondationassistanceauxanimaux.org\/actu\/wp-content\/uploads\/2019\/02\/IMG_5399-300x225.jpg 300w, https:\/\/www.fondationassistanceauxanimaux.org\/actu\/wp-content\/uploads\/2019\/02\/IMG_5399-450x338.jpg 450w\" sizes=\"auto, (max-width: 708px) 100vw, 708px\" \/><\/p>\n","protected":false},"excerpt":{"rendered":"<p>Battu par son propri\u00e9taire, il a \u00e9t\u00e9 saisi par la Fondation Assistance aux Animaux. Pris en charge dans l&rsquo;un de nos refuges d&rsquo;\u00cele de France, il a fallu beaucoup de patience et d&rsquo;amour de nos \u00e9quipes pour qu&rsquo;il reprenne confiance en l&rsquo;Homme. La chance ne souriait pas pour lui&#8230; personne ne s&rsquo;int\u00e9ressait \u00e0 lui. La [&hellip;]<\/p>\n","protected":false},"author":3,"featured_media":4071,"comment_status":"closed","ping_status":"closed","sticky":false,"template":"","format":"standard","meta":{"footnotes":""},"categories":[17],"tags":[],"class_list":["post-4063","post","type-post","status-publish","format-standard","has-post-thumbnail","hentry","category-refuge-de-carros"],"yoast_head":"<!-- This site is optimized with the Yoast SEO plugin v24.5 - https:\/\/yoast.com\/wordpress\/plugins\/seo\/ -->\n<title>La belle adoption de &quot;Bacchus&quot;, papy de 12 ans. - Fondation Assistance aux Animaux - Actualit\u00e9s<\/title>\n<meta name=\"robots\" content=\"index, follow, max-snippet:-1, max-image-preview:large, max-video-preview:-1\" \/>\n<link rel=\"canonical\" href=\"https:\/\/www.fondationassistanceauxanimaux.org\/actu\/adoption-chien-senior-4063\/\" \/>\n<meta property=\"og:locale\" content=\"fr_FR\" \/>\n<meta property=\"og:type\" content=\"article\" \/>\n<meta property=\"og:title\" content=\"La belle adoption de &quot;Bacchus&quot;, papy de 12 ans. - Fondation Assistance aux Animaux - Actualit\u00e9s\" \/>\n<meta property=\"og:description\" content=\"Battu par son propri\u00e9taire, il a \u00e9t\u00e9 saisi par la Fondation Assistance aux Animaux. Pris en charge dans l&rsquo;un de nos refuges d&rsquo;\u00cele de France, il a fallu beaucoup de patience et d&rsquo;amour de nos \u00e9quipes pour qu&rsquo;il reprenne confiance en l&rsquo;Homme. La chance ne souriait pas pour lui&#8230; personne ne s&rsquo;int\u00e9ressait \u00e0 lui. La [&hellip;]\" \/>\n<meta property=\"og:url\" content=\"https:\/\/www.fondationassistanceauxanimaux.org\/actu\/adoption-chien-senior-4063\/\" \/>\n<meta property=\"og:site_name\" content=\"Fondation Assistance aux Animaux - Actualit\u00e9s\" \/>\n<meta property=\"article:published_time\" content=\"2019-02-24T18:58:20+00:00\" \/>\n<meta property=\"article:modified_time\" content=\"2019-02-24T19:00:45+00:00\" \/>\n<meta property=\"og:image\" content=\"https:\/\/www.fondationassistanceauxanimaux.org\/actu\/wp-content\/uploads\/2019\/02\/Capture-d\u2019e\u0301cran-2019-02-24-a\u0300-18.59.10-1030x792.png\" \/>\n\t<meta property=\"og:image:width\" content=\"1030\" \/>\n\t<meta property=\"og:image:height\" content=\"792\" \/>\n\t<meta property=\"og:image:type\" content=\"image\/png\" \/>\n<meta name=\"author\" content=\"No\u00e9\" \/>\n<meta name=\"twitter:card\" content=\"summary_large_image\" \/>\n<meta name=\"twitter:label1\" content=\"\u00c9crit par\" \/>\n\t<meta name=\"twitter:data1\" content=\"No\u00e9\" \/>\n\t<meta name=\"twitter:label2\" content=\"Dur\u00e9e de lecture estim\u00e9e\" \/>\n\t<meta name=\"twitter:data2\" content=\"1 minute\" \/>\n<script type=\"application\/ld+json\" class=\"yoast-schema-graph\">{\"@context\":\"https:\/\/schema.org\",\"@graph\":[{\"@type\":\"WebPage\",\"@id\":\"https:\/\/www.fondationassistanceauxanimaux.org\/actu\/adoption-chien-senior-4063\/\",\"url\":\"https:\/\/www.fondationassistanceauxanimaux.org\/actu\/adoption-chien-senior-4063\/\",\"name\":\"La belle adoption de \\\"Bacchus\\\", papy de 12 ans. - Fondation Assistance aux Animaux - Actualit\u00e9s\",\"isPartOf\":{\"@id\":\"https:\/\/www.fondationassistanceauxanimaux.org\/actu\/#website\"},\"primaryImageOfPage\":{\"@id\":\"https:\/\/www.fondationassistanceauxanimaux.org\/actu\/adoption-chien-senior-4063\/#primaryimage\"},\"image\":{\"@id\":\"https:\/\/www.fondationassistanceauxanimaux.org\/actu\/adoption-chien-senior-4063\/#primaryimage\"},\"thumbnailUrl\":\"https:\/\/www.fondationassistanceauxanimaux.org\/actu\/wp-content\/uploads\/2019\/02\/Capture-d\u2019e\u0301cran-2019-02-24-a\u0300-18.59.10.png\",\"datePublished\":\"2019-02-24T18:58:20+00:00\",\"dateModified\":\"2019-02-24T19:00:45+00:00\",\"author\":{\"@id\":\"https:\/\/www.fondationassistanceauxanimaux.org\/actu\/#\/schema\/person\/71a8476d98daaea0d71a965c5603e10b\"},\"breadcrumb\":{\"@id\":\"https:\/\/www.fondationassistanceauxanimaux.org\/actu\/adoption-chien-senior-4063\/#breadcrumb\"},\"inLanguage\":\"fr-FR\",\"potentialAction\":[{\"@type\":\"ReadAction\",\"target\":[\"https:\/\/www.fondationassistanceauxanimaux.org\/actu\/adoption-chien-senior-4063\/\"]}]},{\"@type\":\"ImageObject\",\"inLanguage\":\"fr-FR\",\"@id\":\"https:\/\/www.fondationassistanceauxanimaux.org\/actu\/adoption-chien-senior-4063\/#primaryimage\",\"url\":\"https:\/\/www.fondationassistanceauxanimaux.org\/actu\/wp-content\/uploads\/2019\/02\/Capture-d\u2019e\u0301cran-2019-02-24-a\u0300-18.59.10.png\",\"contentUrl\":\"https:\/\/www.fondationassistanceauxanimaux.org\/actu\/wp-content\/uploads\/2019\/02\/Capture-d\u2019e\u0301cran-2019-02-24-a\u0300-18.59.10.png\",\"width\":1778,\"height\":1368},{\"@type\":\"BreadcrumbList\",\"@id\":\"https:\/\/www.fondationassistanceauxanimaux.org\/actu\/adoption-chien-senior-4063\/#breadcrumb\",\"itemListElement\":[{\"@type\":\"ListItem\",\"position\":1,\"name\":\"Accueil\",\"item\":\"https:\/\/www.fondationassistanceauxanimaux.org\/actu\/\"},{\"@type\":\"ListItem\",\"position\":2,\"name\":\"La belle adoption de \u00ab\u00a0Bacchus\u00a0\u00bb, papy de 12 ans.\"}]},{\"@type\":\"WebSite\",\"@id\":\"https:\/\/www.fondationassistanceauxanimaux.org\/actu\/#website\",\"url\":\"https:\/\/www.fondationassistanceauxanimaux.org\/actu\/\",\"name\":\"Fondation Assistance aux Animaux - Actualit\u00e9s\",\"description\":\"Depuis 1930 la Fondation Assistance aux Animaux pour la d\u00e9fense et la protection des animaux maltrait\u00e9s et abandonn\u00e9s\",\"potentialAction\":[{\"@type\":\"SearchAction\",\"target\":{\"@type\":\"EntryPoint\",\"urlTemplate\":\"https:\/\/www.fondationassistanceauxanimaux.org\/actu\/?s={search_term_string}\"},\"query-input\":{\"@type\":\"PropertyValueSpecification\",\"valueRequired\":true,\"valueName\":\"search_term_string\"}}],\"inLanguage\":\"fr-FR\"},{\"@type\":\"Person\",\"@id\":\"https:\/\/www.fondationassistanceauxanimaux.org\/actu\/#\/schema\/person\/71a8476d98daaea0d71a965c5603e10b\",\"name\":\"No\u00e9\",\"image\":{\"@type\":\"ImageObject\",\"inLanguage\":\"fr-FR\",\"@id\":\"https:\/\/www.fondationassistanceauxanimaux.org\/actu\/#\/schema\/person\/image\/\",\"url\":\"https:\/\/secure.gravatar.com\/avatar\/d34cf6c6bd22b3db9c932bc580c4d1ba93c0cda7588a41b59078888ab1e5f007?s=96&d=mm&r=g\",\"contentUrl\":\"https:\/\/secure.gravatar.com\/avatar\/d34cf6c6bd22b3db9c932bc580c4d1ba93c0cda7588a41b59078888ab1e5f007?s=96&d=mm&r=g\",\"caption\":\"No\u00e9\"},\"url\":\"https:\/\/www.fondationassistanceauxanimaux.org\/actu\/author\/anne\/\"}]}<\/script>\n<!-- \/ Yoast SEO plugin. -->","yoast_head_json":{"title":"La belle adoption de \"Bacchus\", papy de 12 ans. - Fondation Assistance aux Animaux - Actualit\u00e9s","robots":{"index":"index","follow":"follow","max-snippet":"max-snippet:-1","max-image-preview":"max-image-preview:large","max-video-preview":"max-video-preview:-1"},"canonical":"https:\/\/www.fondationassistanceauxanimaux.org\/actu\/adoption-chien-senior-4063\/","og_locale":"fr_FR","og_type":"article","og_title":"La belle adoption de \"Bacchus\", papy de 12 ans. - Fondation Assistance aux Animaux - Actualit\u00e9s","og_description":"Battu par son propri\u00e9taire, il a \u00e9t\u00e9 saisi par la Fondation Assistance aux Animaux. Pris en charge dans l&rsquo;un de nos refuges d&rsquo;\u00cele de France, il a fallu beaucoup de patience et d&rsquo;amour de nos \u00e9quipes pour qu&rsquo;il reprenne confiance en l&rsquo;Homme. La chance ne souriait pas pour lui&#8230; personne ne s&rsquo;int\u00e9ressait \u00e0 lui. La [&hellip;]","og_url":"https:\/\/www.fondationassistanceauxanimaux.org\/actu\/adoption-chien-senior-4063\/","og_site_name":"Fondation Assistance aux Animaux - Actualit\u00e9s","article_published_time":"2019-02-24T18:58:20+00:00","article_modified_time":"2019-02-24T19:00:45+00:00","og_image":[{"width":1030,"height":792,"url":"https:\/\/www.fondationassistanceauxanimaux.org\/actu\/wp-content\/uploads\/2019\/02\/Capture-d\u2019e\u0301cran-2019-02-24-a\u0300-18.59.10-1030x792.png","type":"image\/png"}],"author":"No\u00e9","twitter_card":"summary_large_image","twitter_misc":{"\u00c9crit par":"No\u00e9","Dur\u00e9e de lecture estim\u00e9e":"1 minute"},"schema":{"@context":"https:\/\/schema.org","@graph":[{"@type":"WebPage","@id":"https:\/\/www.fondationassistanceauxanimaux.org\/actu\/adoption-chien-senior-4063\/","url":"https:\/\/www.fondationassistanceauxanimaux.org\/actu\/adoption-chien-senior-4063\/","name":"La belle adoption de \"Bacchus\", papy de 12 ans. - Fondation Assistance aux Animaux - Actualit\u00e9s","isPartOf":{"@id":"https:\/\/www.fondationassistanceauxanimaux.org\/actu\/#website"},"primaryImageOfPage":{"@id":"https:\/\/www.fondationassistanceauxanimaux.org\/actu\/adoption-chien-senior-4063\/#primaryimage"},"image":{"@id":"https:\/\/www.fondationassistanceauxanimaux.org\/actu\/adoption-chien-senior-4063\/#primaryimage"},"thumbnailUrl":"https:\/\/www.fondationassistanceauxanimaux.org\/actu\/wp-content\/uploads\/2019\/02\/Capture-d\u2019e\u0301cran-2019-02-24-a\u0300-18.59.10.png","datePublished":"2019-02-24T18:58:20+00:00","dateModified":"2019-02-24T19:00:45+00:00","author":{"@id":"https:\/\/www.fondationassistanceauxanimaux.org\/actu\/#\/schema\/person\/71a8476d98daaea0d71a965c5603e10b"},"breadcrumb":{"@id":"https:\/\/www.fondationassistanceauxanimaux.org\/actu\/adoption-chien-senior-4063\/#breadcrumb"},"inLanguage":"fr-FR","potentialAction":[{"@type":"ReadAction","target":["https:\/\/www.fondationassistanceauxanimaux.org\/actu\/adoption-chien-senior-4063\/"]}]},{"@type":"ImageObject","inLanguage":"fr-FR","@id":"https:\/\/www.fondationassistanceauxanimaux.org\/actu\/adoption-chien-senior-4063\/#primaryimage","url":"https:\/\/www.fondationassistanceauxanimaux.org\/actu\/wp-content\/uploads\/2019\/02\/Capture-d\u2019e\u0301cran-2019-02-24-a\u0300-18.59.10.png","contentUrl":"https:\/\/www.fondationassistanceauxanimaux.org\/actu\/wp-content\/uploads\/2019\/02\/Capture-d\u2019e\u0301cran-2019-02-24-a\u0300-18.59.10.png","width":1778,"height":1368},{"@type":"BreadcrumbList","@id":"https:\/\/www.fondationassistanceauxanimaux.org\/actu\/adoption-chien-senior-4063\/#breadcrumb","itemListElement":[{"@type":"ListItem","position":1,"name":"Accueil","item":"https:\/\/www.fondationassistanceauxanimaux.org\/actu\/"},{"@type":"ListItem","position":2,"name":"La belle adoption de \u00ab\u00a0Bacchus\u00a0\u00bb, papy de 12 ans."}]},{"@type":"WebSite","@id":"https:\/\/www.fondationassistanceauxanimaux.org\/actu\/#website","url":"https:\/\/www.fondationassistanceauxanimaux.org\/actu\/","name":"Fondation Assistance aux Animaux - Actualit\u00e9s","description":"Depuis 1930 la Fondation Assistance aux Animaux pour la d\u00e9fense et la protection des animaux maltrait\u00e9s et abandonn\u00e9s","potentialAction":[{"@type":"SearchAction","target":{"@type":"EntryPoint","urlTemplate":"https:\/\/www.fondationassistanceauxanimaux.org\/actu\/?s={search_term_string}"},"query-input":{"@type":"PropertyValueSpecification","valueRequired":true,"valueName":"search_term_string"}}],"inLanguage":"fr-FR"},{"@type":"Person","@id":"https:\/\/www.fondationassistanceauxanimaux.org\/actu\/#\/schema\/person\/71a8476d98daaea0d71a965c5603e10b","name":"No\u00e9","image":{"@type":"ImageObject","inLanguage":"fr-FR","@id":"https:\/\/www.fondationassistanceauxanimaux.org\/actu\/#\/schema\/person\/image\/","url":"https:\/\/secure.gravatar.com\/avatar\/d34cf6c6bd22b3db9c932bc580c4d1ba93c0cda7588a41b59078888ab1e5f007?s=96&d=mm&r=g","contentUrl":"https:\/\/secure.gravatar.com\/avatar\/d34cf6c6bd22b3db9c932bc580c4d1ba93c0cda7588a41b59078888ab1e5f007?s=96&d=mm&r=g","caption":"No\u00e9"},"url":"https:\/\/www.fondationassistanceauxanimaux.org\/actu\/author\/anne\/"}]}},"_links":{"self":[{"href":"https:\/\/www.fondationassistanceauxanimaux.org\/actu\/wp-json\/wp\/v2\/posts\/4063","targetHints":{"allow":["GET"]}}],"collection":[{"href":"https:\/\/www.fondationassistanceauxanimaux.org\/actu\/wp-json\/wp\/v2\/posts"}],"about":[{"href":"https:\/\/www.fondationassistanceauxanimaux.org\/actu\/wp-json\/wp\/v2\/types\/post"}],"author":[{"embeddable":true,"href":"https:\/\/www.fondationassistanceauxanimaux.org\/actu\/wp-json\/wp\/v2\/users\/3"}],"replies":[{"embeddable":true,"href":"https:\/\/www.fondationassistanceauxanimaux.org\/actu\/wp-json\/wp\/v2\/comments?post=4063"}],"version-history":[{"count":7,"href":"https:\/\/www.fondationassistanceauxanimaux.org\/actu\/wp-json\/wp\/v2\/posts\/4063\/revisions"}],"predecessor-version":[{"id":4073,"href":"https:\/\/www.fondationassistanceauxanimaux.org\/actu\/wp-json\/wp\/v2\/posts\/4063\/revisions\/4073"}],"wp:featuredmedia":[{"embeddable":true,"href":"https:\/\/www.fondationassistanceauxanimaux.org\/actu\/wp-json\/wp\/v2\/media\/4071"}],"wp:attachment":[{"href":"https:\/\/www.fondationassistanceauxanimaux.org\/actu\/wp-json\/wp\/v2\/media?parent=4063"}],"wp:term":[{"taxonomy":"category","embeddable":true,"href":"https:\/\/www.fondationassistanceauxanimaux.org\/actu\/wp-json\/wp\/v2\/categories?post=4063"},{"taxonomy":"post_tag","embeddable":true,"href":"https:\/\/www.fondationassistanceauxanimaux.org\/actu\/wp-json\/wp\/v2\/tags?post=4063"}],"curies":[{"name":"wp","href":"https:\/\/api.w.org\/{rel}","templated":true}]}}