{"id":377,"date":"2016-07-22T21:03:36","date_gmt":"2016-07-22T19:03:36","guid":{"rendered":"http:\/\/www.fondationassistanceauxanimaux.org\/actu\/?p=377"},"modified":"2016-09-30T14:20:52","modified_gmt":"2016-09-30T12:20:52","slug":"chien-battu-dans-la-rue-dans-le-var","status":"publish","type":"post","link":"https:\/\/www.fondationassistanceauxanimaux.org\/actu\/chien-battu-dans-la-rue-dans-le-var-377\/","title":{"rendered":"Chien battu dans la rue par son ma\u00eetre, enqu\u00eate en cours dans le Var"},"content":{"rendered":"<p style=\"text-align: justify;\">Violemment battu \u00e0 coups de b\u00e2ton en pleine rue, il est saisi et confi\u00e9 \u00e0 la Fondation Assistance aux Animaux, qui d\u00e9pose plainte pour acte de cruaut\u00e9.<\/p>\n<p style=\"text-align: justify;\">Vendredi dernier, des passants ont vu rouge lorsqu\u2019ils sont tomb\u00e9s en pleine rue sur un individu qui <strong>frappait violemment un mis\u00e9rable petit chien<\/strong>. Le courageux bourreau a pris la fuite \u00e0 leur approche, laissant sa victime traumatis\u00e9e et bless\u00e9e sur la chauss\u00e9e. Il est vrai qu\u2019il est plus facile de cogner sur un chien de 5kg que de faire face \u00e0 deux jeunes gens en col\u00e8re et pr\u00eats \u00e0 d\u00e9fendre ce pauvre petit chien\u2026<\/p>\n<p style=\"text-align: justify;\">Ayant le bon r\u00e9flexe, les samaritains r\u00e9cup\u00e8rent la petite victime et le conduisent au commissariat o\u00f9 la Fondation Assistance aux Animaux est contact\u00e9e pour le prendre en charge et diligenter une proc\u00e9dure.<\/p>\n<p style=\"text-align: justify;\">Victimes de diff\u00e9rents traumatismes, notamment au niveau du cr\u00e2ne et des oreilles, l\u2019animal bless\u00e9 est imm\u00e9diatement conduit par la Fondation chez le v\u00e9t\u00e9rinaire, o\u00f9 il subira une intervention d\u2019urgence afin d\u2019\u00eatre soign\u00e9. Le v\u00e9t\u00e9rinaire notera des plaies r\u00e9centes dues aux coups, mais aussi des plaies anciennes probablement dues \u00e0 un produit corrosif. Ce n\u2019\u00e9tait donc pas la premi\u00e8re fois qu\u2019il \u00e9tait <strong>victime<\/strong> de la cruaut\u00e9 de son d\u00e9tenteur.<\/p>\n<p style=\"text-align: justify;\"><strong>Les actes de cruaut\u00e9 perp\u00e9tr\u00e9s sur les animaux sont passibles de 2 ans de prison et de 30 000\u20ac d\u2019amende.<\/strong> Suite au d\u00e9p\u00f4t de plainte de la Fondation, une enqu\u00eate est ouverte afin de retrouver l\u2019auteur des faits. En attendant, entre les mains des soigneurs de la <a href=\"https:\/\/www.fondationassistanceauxanimaux.org\/refuge-animaux-toulon\/\" target=\"_blank\">Fondation Assistance aux Animaux au refuge de Lagoubran<\/a>, il ne risque plus rien et va apprendre \u00e0 retrouver confiance.<\/p>\n<p style=\"text-align: justify;\">On ne peut pas, et on ne doit pas, tol\u00e9rer des actes de barbaries perp\u00e9tr\u00e9s sur des \u00eatres sans d\u00e9fense. Un grand merci aux deux jeunes gens qui sont intervenus pour secourir ce chien.<\/p>\n","protected":false},"excerpt":{"rendered":"<p>Un individu frappe violemment un petit chien en pleine rue et prend la fuite quand deux jeunes gens interviennent pour le sauver. La police m\u00e8ne l&rsquo;enqu\u00eate pour retrouver le bourreau.<\/p>\n","protected":false},"author":2,"featured_media":380,"comment_status":"closed","ping_status":"closed","sticky":false,"template":"","format":"standard","meta":{"footnotes":""},"categories":[15],"tags":[26,27,48],"class_list":["post-377","post","type-post","status-publish","format-standard","has-post-thumbnail","hentry","category-refuge-de-toulon","tag-chien","tag-maltraitance","tag-var"],"yoast_head":"<!-- This site is optimized with the Yoast SEO plugin v24.5 - https:\/\/yoast.com\/wordpress\/plugins\/seo\/ -->\n<title>Chien battu dans la rue par son ma\u00eetre, enqu\u00eate en cours dans le Var - Fondation Assistance aux Animaux - Actualit\u00e9s<\/title>\n<meta name=\"robots\" content=\"index, follow, max-snippet:-1, max-image-preview:large, max-video-preview:-1\" \/>\n<link rel=\"canonical\" href=\"https:\/\/www.fondationassistanceauxanimaux.org\/actu\/chien-battu-dans-la-rue-dans-le-var-377\/\" \/>\n<meta property=\"og:locale\" content=\"fr_FR\" \/>\n<meta property=\"og:type\" content=\"article\" \/>\n<meta property=\"og:title\" content=\"Chien battu dans la rue par son ma\u00eetre, enqu\u00eate en cours dans le Var - Fondation Assistance aux Animaux - Actualit\u00e9s\" \/>\n<meta property=\"og:description\" content=\"Un individu frappe violemment un petit chien en pleine rue et prend la fuite quand deux jeunes gens interviennent pour le sauver. La police m\u00e8ne l&#039;enqu\u00eate pour retrouver le bourreau.\" \/>\n<meta property=\"og:url\" content=\"https:\/\/www.fondationassistanceauxanimaux.org\/actu\/chien-battu-dans-la-rue-dans-le-var-377\/\" \/>\n<meta property=\"og:site_name\" content=\"Fondation Assistance aux Animaux - Actualit\u00e9s\" \/>\n<meta property=\"article:published_time\" content=\"2016-07-22T19:03:36+00:00\" \/>\n<meta property=\"article:modified_time\" content=\"2016-09-30T12:20:52+00:00\" \/>\n<meta property=\"og:image\" content=\"https:\/\/www.fondationassistanceauxanimaux.org\/actu\/wp-content\/uploads\/2016\/07\/chien-battu-rue.jpg\" \/>\n\t<meta property=\"og:image:width\" content=\"1374\" \/>\n\t<meta property=\"og:image:height\" content=\"1077\" \/>\n\t<meta property=\"og:image:type\" content=\"image\/jpeg\" \/>\n<meta name=\"author\" content=\"V\u00e9ronique\" \/>\n<meta name=\"twitter:card\" content=\"summary_large_image\" \/>\n<meta name=\"twitter:label1\" content=\"\u00c9crit par\" \/>\n\t<meta name=\"twitter:data1\" content=\"V\u00e9ronique\" \/>\n\t<meta name=\"twitter:label2\" content=\"Dur\u00e9e de lecture estim\u00e9e\" \/>\n\t<meta name=\"twitter:data2\" content=\"2 minutes\" \/>\n<script type=\"application\/ld+json\" class=\"yoast-schema-graph\">{\"@context\":\"https:\/\/schema.org\",\"@graph\":[{\"@type\":\"WebPage\",\"@id\":\"https:\/\/www.fondationassistanceauxanimaux.org\/actu\/chien-battu-dans-la-rue-dans-le-var-377\/\",\"url\":\"https:\/\/www.fondationassistanceauxanimaux.org\/actu\/chien-battu-dans-la-rue-dans-le-var-377\/\",\"name\":\"Chien battu dans la rue par son ma\u00eetre, enqu\u00eate en cours dans le Var - Fondation Assistance aux Animaux - Actualit\u00e9s\",\"isPartOf\":{\"@id\":\"https:\/\/www.fondationassistanceauxanimaux.org\/actu\/#website\"},\"primaryImageOfPage\":{\"@id\":\"https:\/\/www.fondationassistanceauxanimaux.org\/actu\/chien-battu-dans-la-rue-dans-le-var-377\/#primaryimage\"},\"image\":{\"@id\":\"https:\/\/www.fondationassistanceauxanimaux.org\/actu\/chien-battu-dans-la-rue-dans-le-var-377\/#primaryimage\"},\"thumbnailUrl\":\"https:\/\/www.fondationassistanceauxanimaux.org\/actu\/wp-content\/uploads\/2016\/07\/chien-battu-rue.jpg\",\"datePublished\":\"2016-07-22T19:03:36+00:00\",\"dateModified\":\"2016-09-30T12:20:52+00:00\",\"author\":{\"@id\":\"https:\/\/www.fondationassistanceauxanimaux.org\/actu\/#\/schema\/person\/de3a85787a96a69500647a0c6d82585b\"},\"breadcrumb\":{\"@id\":\"https:\/\/www.fondationassistanceauxanimaux.org\/actu\/chien-battu-dans-la-rue-dans-le-var-377\/#breadcrumb\"},\"inLanguage\":\"fr-FR\",\"potentialAction\":[{\"@type\":\"ReadAction\",\"target\":[\"https:\/\/www.fondationassistanceauxanimaux.org\/actu\/chien-battu-dans-la-rue-dans-le-var-377\/\"]}]},{\"@type\":\"ImageObject\",\"inLanguage\":\"fr-FR\",\"@id\":\"https:\/\/www.fondationassistanceauxanimaux.org\/actu\/chien-battu-dans-la-rue-dans-le-var-377\/#primaryimage\",\"url\":\"https:\/\/www.fondationassistanceauxanimaux.org\/actu\/wp-content\/uploads\/2016\/07\/chien-battu-rue.jpg\",\"contentUrl\":\"https:\/\/www.fondationassistanceauxanimaux.org\/actu\/wp-content\/uploads\/2016\/07\/chien-battu-rue.jpg\",\"width\":1374,\"height\":1077,\"caption\":\"Chien battu dans la rue\"},{\"@type\":\"BreadcrumbList\",\"@id\":\"https:\/\/www.fondationassistanceauxanimaux.org\/actu\/chien-battu-dans-la-rue-dans-le-var-377\/#breadcrumb\",\"itemListElement\":[{\"@type\":\"ListItem\",\"position\":1,\"name\":\"Accueil\",\"item\":\"https:\/\/www.fondationassistanceauxanimaux.org\/actu\/\"},{\"@type\":\"ListItem\",\"position\":2,\"name\":\"Chien battu dans la rue par son ma\u00eetre, enqu\u00eate en cours dans le Var\"}]},{\"@type\":\"WebSite\",\"@id\":\"https:\/\/www.fondationassistanceauxanimaux.org\/actu\/#website\",\"url\":\"https:\/\/www.fondationassistanceauxanimaux.org\/actu\/\",\"name\":\"Fondation Assistance aux Animaux - Actualit\u00e9s\",\"description\":\"Depuis 1930 la Fondation Assistance aux Animaux pour la d\u00e9fense et la protection des animaux maltrait\u00e9s et abandonn\u00e9s\",\"potentialAction\":[{\"@type\":\"SearchAction\",\"target\":{\"@type\":\"EntryPoint\",\"urlTemplate\":\"https:\/\/www.fondationassistanceauxanimaux.org\/actu\/?s={search_term_string}\"},\"query-input\":{\"@type\":\"PropertyValueSpecification\",\"valueRequired\":true,\"valueName\":\"search_term_string\"}}],\"inLanguage\":\"fr-FR\"},{\"@type\":\"Person\",\"@id\":\"https:\/\/www.fondationassistanceauxanimaux.org\/actu\/#\/schema\/person\/de3a85787a96a69500647a0c6d82585b\",\"name\":\"V\u00e9ronique\",\"image\":{\"@type\":\"ImageObject\",\"inLanguage\":\"fr-FR\",\"@id\":\"https:\/\/www.fondationassistanceauxanimaux.org\/actu\/#\/schema\/person\/image\/\",\"url\":\"https:\/\/secure.gravatar.com\/avatar\/576becc0167ed53051970699069fd1fd43aab7e14515ffaadc3ffea18393161e?s=96&d=mm&r=g\",\"contentUrl\":\"https:\/\/secure.gravatar.com\/avatar\/576becc0167ed53051970699069fd1fd43aab7e14515ffaadc3ffea18393161e?s=96&d=mm&r=g\",\"caption\":\"V\u00e9ronique\"},\"url\":\"https:\/\/www.fondationassistanceauxanimaux.org\/actu\/author\/vero\/\"}]}<\/script>\n<!-- \/ Yoast SEO plugin. -->","yoast_head_json":{"title":"Chien battu dans la rue par son ma\u00eetre, enqu\u00eate en cours dans le Var - Fondation Assistance aux Animaux - Actualit\u00e9s","robots":{"index":"index","follow":"follow","max-snippet":"max-snippet:-1","max-image-preview":"max-image-preview:large","max-video-preview":"max-video-preview:-1"},"canonical":"https:\/\/www.fondationassistanceauxanimaux.org\/actu\/chien-battu-dans-la-rue-dans-le-var-377\/","og_locale":"fr_FR","og_type":"article","og_title":"Chien battu dans la rue par son ma\u00eetre, enqu\u00eate en cours dans le Var - Fondation Assistance aux Animaux - Actualit\u00e9s","og_description":"Un individu frappe violemment un petit chien en pleine rue et prend la fuite quand deux jeunes gens interviennent pour le sauver. La police m\u00e8ne l'enqu\u00eate pour retrouver le bourreau.","og_url":"https:\/\/www.fondationassistanceauxanimaux.org\/actu\/chien-battu-dans-la-rue-dans-le-var-377\/","og_site_name":"Fondation Assistance aux Animaux - Actualit\u00e9s","article_published_time":"2016-07-22T19:03:36+00:00","article_modified_time":"2016-09-30T12:20:52+00:00","og_image":[{"width":1374,"height":1077,"url":"https:\/\/www.fondationassistanceauxanimaux.org\/actu\/wp-content\/uploads\/2016\/07\/chien-battu-rue.jpg","type":"image\/jpeg"}],"author":"V\u00e9ronique","twitter_card":"summary_large_image","twitter_misc":{"\u00c9crit par":"V\u00e9ronique","Dur\u00e9e de lecture estim\u00e9e":"2 minutes"},"schema":{"@context":"https:\/\/schema.org","@graph":[{"@type":"WebPage","@id":"https:\/\/www.fondationassistanceauxanimaux.org\/actu\/chien-battu-dans-la-rue-dans-le-var-377\/","url":"https:\/\/www.fondationassistanceauxanimaux.org\/actu\/chien-battu-dans-la-rue-dans-le-var-377\/","name":"Chien battu dans la rue par son ma\u00eetre, enqu\u00eate en cours dans le Var - Fondation Assistance aux Animaux - Actualit\u00e9s","isPartOf":{"@id":"https:\/\/www.fondationassistanceauxanimaux.org\/actu\/#website"},"primaryImageOfPage":{"@id":"https:\/\/www.fondationassistanceauxanimaux.org\/actu\/chien-battu-dans-la-rue-dans-le-var-377\/#primaryimage"},"image":{"@id":"https:\/\/www.fondationassistanceauxanimaux.org\/actu\/chien-battu-dans-la-rue-dans-le-var-377\/#primaryimage"},"thumbnailUrl":"https:\/\/www.fondationassistanceauxanimaux.org\/actu\/wp-content\/uploads\/2016\/07\/chien-battu-rue.jpg","datePublished":"2016-07-22T19:03:36+00:00","dateModified":"2016-09-30T12:20:52+00:00","author":{"@id":"https:\/\/www.fondationassistanceauxanimaux.org\/actu\/#\/schema\/person\/de3a85787a96a69500647a0c6d82585b"},"breadcrumb":{"@id":"https:\/\/www.fondationassistanceauxanimaux.org\/actu\/chien-battu-dans-la-rue-dans-le-var-377\/#breadcrumb"},"inLanguage":"fr-FR","potentialAction":[{"@type":"ReadAction","target":["https:\/\/www.fondationassistanceauxanimaux.org\/actu\/chien-battu-dans-la-rue-dans-le-var-377\/"]}]},{"@type":"ImageObject","inLanguage":"fr-FR","@id":"https:\/\/www.fondationassistanceauxanimaux.org\/actu\/chien-battu-dans-la-rue-dans-le-var-377\/#primaryimage","url":"https:\/\/www.fondationassistanceauxanimaux.org\/actu\/wp-content\/uploads\/2016\/07\/chien-battu-rue.jpg","contentUrl":"https:\/\/www.fondationassistanceauxanimaux.org\/actu\/wp-content\/uploads\/2016\/07\/chien-battu-rue.jpg","width":1374,"height":1077,"caption":"Chien battu dans la rue"},{"@type":"BreadcrumbList","@id":"https:\/\/www.fondationassistanceauxanimaux.org\/actu\/chien-battu-dans-la-rue-dans-le-var-377\/#breadcrumb","itemListElement":[{"@type":"ListItem","position":1,"name":"Accueil","item":"https:\/\/www.fondationassistanceauxanimaux.org\/actu\/"},{"@type":"ListItem","position":2,"name":"Chien battu dans la rue par son ma\u00eetre, enqu\u00eate en cours dans le Var"}]},{"@type":"WebSite","@id":"https:\/\/www.fondationassistanceauxanimaux.org\/actu\/#website","url":"https:\/\/www.fondationassistanceauxanimaux.org\/actu\/","name":"Fondation Assistance aux Animaux - Actualit\u00e9s","description":"Depuis 1930 la Fondation Assistance aux Animaux pour la d\u00e9fense et la protection des animaux maltrait\u00e9s et abandonn\u00e9s","potentialAction":[{"@type":"SearchAction","target":{"@type":"EntryPoint","urlTemplate":"https:\/\/www.fondationassistanceauxanimaux.org\/actu\/?s={search_term_string}"},"query-input":{"@type":"PropertyValueSpecification","valueRequired":true,"valueName":"search_term_string"}}],"inLanguage":"fr-FR"},{"@type":"Person","@id":"https:\/\/www.fondationassistanceauxanimaux.org\/actu\/#\/schema\/person\/de3a85787a96a69500647a0c6d82585b","name":"V\u00e9ronique","image":{"@type":"ImageObject","inLanguage":"fr-FR","@id":"https:\/\/www.fondationassistanceauxanimaux.org\/actu\/#\/schema\/person\/image\/","url":"https:\/\/secure.gravatar.com\/avatar\/576becc0167ed53051970699069fd1fd43aab7e14515ffaadc3ffea18393161e?s=96&d=mm&r=g","contentUrl":"https:\/\/secure.gravatar.com\/avatar\/576becc0167ed53051970699069fd1fd43aab7e14515ffaadc3ffea18393161e?s=96&d=mm&r=g","caption":"V\u00e9ronique"},"url":"https:\/\/www.fondationassistanceauxanimaux.org\/actu\/author\/vero\/"}]}},"_links":{"self":[{"href":"https:\/\/www.fondationassistanceauxanimaux.org\/actu\/wp-json\/wp\/v2\/posts\/377","targetHints":{"allow":["GET"]}}],"collection":[{"href":"https:\/\/www.fondationassistanceauxanimaux.org\/actu\/wp-json\/wp\/v2\/posts"}],"about":[{"href":"https:\/\/www.fondationassistanceauxanimaux.org\/actu\/wp-json\/wp\/v2\/types\/post"}],"author":[{"embeddable":true,"href":"https:\/\/www.fondationassistanceauxanimaux.org\/actu\/wp-json\/wp\/v2\/users\/2"}],"replies":[{"embeddable":true,"href":"https:\/\/www.fondationassistanceauxanimaux.org\/actu\/wp-json\/wp\/v2\/comments?post=377"}],"version-history":[{"count":7,"href":"https:\/\/www.fondationassistanceauxanimaux.org\/actu\/wp-json\/wp\/v2\/posts\/377\/revisions"}],"predecessor-version":[{"id":717,"href":"https:\/\/www.fondationassistanceauxanimaux.org\/actu\/wp-json\/wp\/v2\/posts\/377\/revisions\/717"}],"wp:featuredmedia":[{"embeddable":true,"href":"https:\/\/www.fondationassistanceauxanimaux.org\/actu\/wp-json\/wp\/v2\/media\/380"}],"wp:attachment":[{"href":"https:\/\/www.fondationassistanceauxanimaux.org\/actu\/wp-json\/wp\/v2\/media?parent=377"}],"wp:term":[{"taxonomy":"category","embeddable":true,"href":"https:\/\/www.fondationassistanceauxanimaux.org\/actu\/wp-json\/wp\/v2\/categories?post=377"},{"taxonomy":"post_tag","embeddable":true,"href":"https:\/\/www.fondationassistanceauxanimaux.org\/actu\/wp-json\/wp\/v2\/tags?post=377"}],"curies":[{"name":"wp","href":"https:\/\/api.w.org\/{rel}","templated":true}]}}