{"id":3769,"date":"2019-01-18T15:33:30","date_gmt":"2019-01-18T14:33:30","guid":{"rendered":"http:\/\/www.fondationassistanceauxanimaux.org\/actu\/?p=3769"},"modified":"2019-01-18T15:37:02","modified_gmt":"2019-01-18T14:37:02","slug":"abandon-mort-chien","status":"publish","type":"post","link":"https:\/\/www.fondationassistanceauxanimaux.org\/actu\/abandon-mort-chien-3769\/","title":{"rendered":"Sa propri\u00e9taire l&rsquo;abandonne l\u00e2chement : il est retrouv\u00e9 mort attach\u00e9 \u00e0 un arbre. Elle sera jug\u00e9e en juin. La Fondation Assistance aux Animaux sera sur place."},"content":{"rendered":"<p><b>Attach\u00e9 avec sa laisse \u00e0 un arbre dans un bois de la commune de Corbarieu, dans le Tarn-et-Garonne, le corps squelettique et sans vie d&rsquo;un jeune chien a \u00e9t\u00e9 d\u00e9couvert en fin d&rsquo;ann\u00e9e derni\u00e8re.<br \/>\nCe shar-pe\u00ef \u00e2g\u00e9 de 12 mois n\u2019avait aucune chance de s\u2019en tirer.<\/p>\n<p>L\u2019animal semblait avoir lutt\u00e9 pour s\u2019\u00e9chapper comme en t\u00e9moignent ses pattes entrav\u00e9es par sa laisse, et la branche qui le retenait, tomb\u00e9e au sol, probablement bris\u00e9e par les tentatives du prisonnier.<br \/>\nMalheureusement, le jeune shar-pe\u00ef n\u2019est pas parvenu \u00e0 briser ses liens sc\u00e9l\u00e9rats.<br \/>\nll a \u00e9t\u00e9 retrouv\u00e9 la t\u00eate reposant sur la branche qui le maintenait captif, mort.<\/p>\n<p>Son identification a permis de remonter \u00e0 sa propri\u00e9taire qui a rapidement reconnu les faits, se justifiant simplement en disant qu\u2019elle ne d\u00e9sirait plus avoir d\u2019animal.<\/p>\n<p>Elle sera jug\u00e9e en juin prochain : notre avocat sera sur place pour faire entendre la voix de cet innocent !<br \/>\nPour rappel, son acte d&rsquo;une l\u00e2chet\u00e9 sans nom est passible de deux ans d\u2019emprisonnement et de 30000\u20ac d\u2019amende.<\/b><\/p>\n<p><a href=\"https:\/\/jesoutiens.fondationassistanceauxanimaux.org\/dons\/~mon-don\/\"><img loading=\"lazy\" decoding=\"async\" class=\"aligncenter wp-image-1964 size-full\" src=\"https:\/\/www.fondationassistanceauxanimaux.org\/actu\/wp-content\/uploads\/2018\/02\/soutiens.png\" alt=\"\" width=\"204\" height=\"46\" \/><\/a><\/p>\n","protected":false},"excerpt":{"rendered":"<p>Attach\u00e9 avec sa laisse \u00e0 un arbre dans un bois de la commune de Corbarieu, dans le Tarn-et-Garonne, le corps squelettique et sans vie d&rsquo;un jeune chien a \u00e9t\u00e9 d\u00e9couvert en fin d&rsquo;ann\u00e9e derni\u00e8re. Ce shar-pe\u00ef \u00e2g\u00e9 de 12 mois n\u2019avait aucune chance de s\u2019en tirer. L\u2019animal semblait avoir lutt\u00e9 pour s\u2019\u00e9chapper comme en t\u00e9moignent [&hellip;]<\/p>\n","protected":false},"author":3,"featured_media":3772,"comment_status":"closed","ping_status":"closed","sticky":false,"template":"","format":"standard","meta":{"footnotes":""},"categories":[21],"tags":[],"class_list":["post-3769","post","type-post","status-publish","format-standard","has-post-thumbnail","hentry","category-fondation-assistance-aux-animaux"],"yoast_head":"<!-- This site is optimized with the Yoast SEO plugin v24.5 - https:\/\/yoast.com\/wordpress\/plugins\/seo\/ -->\n<title>Sa propri\u00e9taire l&#039;abandonne l\u00e2chement : il est retrouv\u00e9 mort attach\u00e9 \u00e0 un arbre. Elle sera jug\u00e9e en juin. La Fondation Assistance aux Animaux sera sur place. - Fondation Assistance aux Animaux - Actualit\u00e9s<\/title>\n<meta name=\"robots\" content=\"index, follow, max-snippet:-1, max-image-preview:large, max-video-preview:-1\" \/>\n<link rel=\"canonical\" href=\"https:\/\/www.fondationassistanceauxanimaux.org\/actu\/abandon-mort-chien-3769\/\" \/>\n<meta property=\"og:locale\" content=\"fr_FR\" \/>\n<meta property=\"og:type\" content=\"article\" \/>\n<meta property=\"og:title\" content=\"Sa propri\u00e9taire l&#039;abandonne l\u00e2chement : il est retrouv\u00e9 mort attach\u00e9 \u00e0 un arbre. Elle sera jug\u00e9e en juin. La Fondation Assistance aux Animaux sera sur place. - Fondation Assistance aux Animaux - Actualit\u00e9s\" \/>\n<meta property=\"og:description\" content=\"Attach\u00e9 avec sa laisse \u00e0 un arbre dans un bois de la commune de Corbarieu, dans le Tarn-et-Garonne, le corps squelettique et sans vie d&rsquo;un jeune chien a \u00e9t\u00e9 d\u00e9couvert en fin d&rsquo;ann\u00e9e derni\u00e8re. Ce shar-pe\u00ef \u00e2g\u00e9 de 12 mois n\u2019avait aucune chance de s\u2019en tirer. L\u2019animal semblait avoir lutt\u00e9 pour s\u2019\u00e9chapper comme en t\u00e9moignent [&hellip;]\" \/>\n<meta property=\"og:url\" content=\"https:\/\/www.fondationassistanceauxanimaux.org\/actu\/abandon-mort-chien-3769\/\" \/>\n<meta property=\"og:site_name\" content=\"Fondation Assistance aux Animaux - Actualit\u00e9s\" \/>\n<meta property=\"article:published_time\" content=\"2019-01-18T14:33:30+00:00\" \/>\n<meta property=\"article:modified_time\" content=\"2019-01-18T14:37:02+00:00\" \/>\n<meta property=\"og:image\" content=\"https:\/\/www.fondationassistanceauxanimaux.org\/actu\/wp-content\/uploads\/2019\/01\/shar-pei2.jpg\" \/>\n\t<meta property=\"og:image:width\" content=\"640\" \/>\n\t<meta property=\"og:image:height\" content=\"481\" \/>\n\t<meta property=\"og:image:type\" content=\"image\/jpeg\" \/>\n<meta name=\"author\" content=\"No\u00e9\" \/>\n<meta name=\"twitter:card\" content=\"summary_large_image\" \/>\n<meta name=\"twitter:label1\" content=\"\u00c9crit par\" \/>\n\t<meta name=\"twitter:data1\" content=\"No\u00e9\" \/>\n\t<meta name=\"twitter:label2\" content=\"Dur\u00e9e de lecture estim\u00e9e\" \/>\n\t<meta name=\"twitter:data2\" content=\"1 minute\" \/>\n<script type=\"application\/ld+json\" class=\"yoast-schema-graph\">{\"@context\":\"https:\/\/schema.org\",\"@graph\":[{\"@type\":\"WebPage\",\"@id\":\"https:\/\/www.fondationassistanceauxanimaux.org\/actu\/abandon-mort-chien-3769\/\",\"url\":\"https:\/\/www.fondationassistanceauxanimaux.org\/actu\/abandon-mort-chien-3769\/\",\"name\":\"Sa propri\u00e9taire l'abandonne l\u00e2chement : il est retrouv\u00e9 mort attach\u00e9 \u00e0 un arbre. Elle sera jug\u00e9e en juin. La Fondation Assistance aux Animaux sera sur place. - Fondation Assistance aux Animaux - Actualit\u00e9s\",\"isPartOf\":{\"@id\":\"https:\/\/www.fondationassistanceauxanimaux.org\/actu\/#website\"},\"primaryImageOfPage\":{\"@id\":\"https:\/\/www.fondationassistanceauxanimaux.org\/actu\/abandon-mort-chien-3769\/#primaryimage\"},\"image\":{\"@id\":\"https:\/\/www.fondationassistanceauxanimaux.org\/actu\/abandon-mort-chien-3769\/#primaryimage\"},\"thumbnailUrl\":\"https:\/\/www.fondationassistanceauxanimaux.org\/actu\/wp-content\/uploads\/2019\/01\/shar-pei2.jpg\",\"datePublished\":\"2019-01-18T14:33:30+00:00\",\"dateModified\":\"2019-01-18T14:37:02+00:00\",\"author\":{\"@id\":\"https:\/\/www.fondationassistanceauxanimaux.org\/actu\/#\/schema\/person\/71a8476d98daaea0d71a965c5603e10b\"},\"breadcrumb\":{\"@id\":\"https:\/\/www.fondationassistanceauxanimaux.org\/actu\/abandon-mort-chien-3769\/#breadcrumb\"},\"inLanguage\":\"fr-FR\",\"potentialAction\":[{\"@type\":\"ReadAction\",\"target\":[\"https:\/\/www.fondationassistanceauxanimaux.org\/actu\/abandon-mort-chien-3769\/\"]}]},{\"@type\":\"ImageObject\",\"inLanguage\":\"fr-FR\",\"@id\":\"https:\/\/www.fondationassistanceauxanimaux.org\/actu\/abandon-mort-chien-3769\/#primaryimage\",\"url\":\"https:\/\/www.fondationassistanceauxanimaux.org\/actu\/wp-content\/uploads\/2019\/01\/shar-pei2.jpg\",\"contentUrl\":\"https:\/\/www.fondationassistanceauxanimaux.org\/actu\/wp-content\/uploads\/2019\/01\/shar-pei2.jpg\",\"width\":640,\"height\":481},{\"@type\":\"BreadcrumbList\",\"@id\":\"https:\/\/www.fondationassistanceauxanimaux.org\/actu\/abandon-mort-chien-3769\/#breadcrumb\",\"itemListElement\":[{\"@type\":\"ListItem\",\"position\":1,\"name\":\"Accueil\",\"item\":\"https:\/\/www.fondationassistanceauxanimaux.org\/actu\/\"},{\"@type\":\"ListItem\",\"position\":2,\"name\":\"Sa propri\u00e9taire l&rsquo;abandonne l\u00e2chement : il est retrouv\u00e9 mort attach\u00e9 \u00e0 un arbre. Elle sera jug\u00e9e en juin. La Fondation Assistance aux Animaux sera sur place.\"}]},{\"@type\":\"WebSite\",\"@id\":\"https:\/\/www.fondationassistanceauxanimaux.org\/actu\/#website\",\"url\":\"https:\/\/www.fondationassistanceauxanimaux.org\/actu\/\",\"name\":\"Fondation Assistance aux Animaux - Actualit\u00e9s\",\"description\":\"Depuis 1930 la Fondation Assistance aux Animaux pour la d\u00e9fense et la protection des animaux maltrait\u00e9s et abandonn\u00e9s\",\"potentialAction\":[{\"@type\":\"SearchAction\",\"target\":{\"@type\":\"EntryPoint\",\"urlTemplate\":\"https:\/\/www.fondationassistanceauxanimaux.org\/actu\/?s={search_term_string}\"},\"query-input\":{\"@type\":\"PropertyValueSpecification\",\"valueRequired\":true,\"valueName\":\"search_term_string\"}}],\"inLanguage\":\"fr-FR\"},{\"@type\":\"Person\",\"@id\":\"https:\/\/www.fondationassistanceauxanimaux.org\/actu\/#\/schema\/person\/71a8476d98daaea0d71a965c5603e10b\",\"name\":\"No\u00e9\",\"image\":{\"@type\":\"ImageObject\",\"inLanguage\":\"fr-FR\",\"@id\":\"https:\/\/www.fondationassistanceauxanimaux.org\/actu\/#\/schema\/person\/image\/\",\"url\":\"https:\/\/secure.gravatar.com\/avatar\/d34cf6c6bd22b3db9c932bc580c4d1ba93c0cda7588a41b59078888ab1e5f007?s=96&d=mm&r=g\",\"contentUrl\":\"https:\/\/secure.gravatar.com\/avatar\/d34cf6c6bd22b3db9c932bc580c4d1ba93c0cda7588a41b59078888ab1e5f007?s=96&d=mm&r=g\",\"caption\":\"No\u00e9\"},\"url\":\"https:\/\/www.fondationassistanceauxanimaux.org\/actu\/author\/anne\/\"}]}<\/script>\n<!-- \/ Yoast SEO plugin. -->","yoast_head_json":{"title":"Sa propri\u00e9taire l'abandonne l\u00e2chement : il est retrouv\u00e9 mort attach\u00e9 \u00e0 un arbre. Elle sera jug\u00e9e en juin. La Fondation Assistance aux Animaux sera sur place. - Fondation Assistance aux Animaux - Actualit\u00e9s","robots":{"index":"index","follow":"follow","max-snippet":"max-snippet:-1","max-image-preview":"max-image-preview:large","max-video-preview":"max-video-preview:-1"},"canonical":"https:\/\/www.fondationassistanceauxanimaux.org\/actu\/abandon-mort-chien-3769\/","og_locale":"fr_FR","og_type":"article","og_title":"Sa propri\u00e9taire l'abandonne l\u00e2chement : il est retrouv\u00e9 mort attach\u00e9 \u00e0 un arbre. Elle sera jug\u00e9e en juin. La Fondation Assistance aux Animaux sera sur place. - Fondation Assistance aux Animaux - Actualit\u00e9s","og_description":"Attach\u00e9 avec sa laisse \u00e0 un arbre dans un bois de la commune de Corbarieu, dans le Tarn-et-Garonne, le corps squelettique et sans vie d&rsquo;un jeune chien a \u00e9t\u00e9 d\u00e9couvert en fin d&rsquo;ann\u00e9e derni\u00e8re. Ce shar-pe\u00ef \u00e2g\u00e9 de 12 mois n\u2019avait aucune chance de s\u2019en tirer. L\u2019animal semblait avoir lutt\u00e9 pour s\u2019\u00e9chapper comme en t\u00e9moignent [&hellip;]","og_url":"https:\/\/www.fondationassistanceauxanimaux.org\/actu\/abandon-mort-chien-3769\/","og_site_name":"Fondation Assistance aux Animaux - Actualit\u00e9s","article_published_time":"2019-01-18T14:33:30+00:00","article_modified_time":"2019-01-18T14:37:02+00:00","og_image":[{"width":640,"height":481,"url":"https:\/\/www.fondationassistanceauxanimaux.org\/actu\/wp-content\/uploads\/2019\/01\/shar-pei2.jpg","type":"image\/jpeg"}],"author":"No\u00e9","twitter_card":"summary_large_image","twitter_misc":{"\u00c9crit par":"No\u00e9","Dur\u00e9e de lecture estim\u00e9e":"1 minute"},"schema":{"@context":"https:\/\/schema.org","@graph":[{"@type":"WebPage","@id":"https:\/\/www.fondationassistanceauxanimaux.org\/actu\/abandon-mort-chien-3769\/","url":"https:\/\/www.fondationassistanceauxanimaux.org\/actu\/abandon-mort-chien-3769\/","name":"Sa propri\u00e9taire l'abandonne l\u00e2chement : il est retrouv\u00e9 mort attach\u00e9 \u00e0 un arbre. Elle sera jug\u00e9e en juin. La Fondation Assistance aux Animaux sera sur place. - Fondation Assistance aux Animaux - Actualit\u00e9s","isPartOf":{"@id":"https:\/\/www.fondationassistanceauxanimaux.org\/actu\/#website"},"primaryImageOfPage":{"@id":"https:\/\/www.fondationassistanceauxanimaux.org\/actu\/abandon-mort-chien-3769\/#primaryimage"},"image":{"@id":"https:\/\/www.fondationassistanceauxanimaux.org\/actu\/abandon-mort-chien-3769\/#primaryimage"},"thumbnailUrl":"https:\/\/www.fondationassistanceauxanimaux.org\/actu\/wp-content\/uploads\/2019\/01\/shar-pei2.jpg","datePublished":"2019-01-18T14:33:30+00:00","dateModified":"2019-01-18T14:37:02+00:00","author":{"@id":"https:\/\/www.fondationassistanceauxanimaux.org\/actu\/#\/schema\/person\/71a8476d98daaea0d71a965c5603e10b"},"breadcrumb":{"@id":"https:\/\/www.fondationassistanceauxanimaux.org\/actu\/abandon-mort-chien-3769\/#breadcrumb"},"inLanguage":"fr-FR","potentialAction":[{"@type":"ReadAction","target":["https:\/\/www.fondationassistanceauxanimaux.org\/actu\/abandon-mort-chien-3769\/"]}]},{"@type":"ImageObject","inLanguage":"fr-FR","@id":"https:\/\/www.fondationassistanceauxanimaux.org\/actu\/abandon-mort-chien-3769\/#primaryimage","url":"https:\/\/www.fondationassistanceauxanimaux.org\/actu\/wp-content\/uploads\/2019\/01\/shar-pei2.jpg","contentUrl":"https:\/\/www.fondationassistanceauxanimaux.org\/actu\/wp-content\/uploads\/2019\/01\/shar-pei2.jpg","width":640,"height":481},{"@type":"BreadcrumbList","@id":"https:\/\/www.fondationassistanceauxanimaux.org\/actu\/abandon-mort-chien-3769\/#breadcrumb","itemListElement":[{"@type":"ListItem","position":1,"name":"Accueil","item":"https:\/\/www.fondationassistanceauxanimaux.org\/actu\/"},{"@type":"ListItem","position":2,"name":"Sa propri\u00e9taire l&rsquo;abandonne l\u00e2chement : il est retrouv\u00e9 mort attach\u00e9 \u00e0 un arbre. Elle sera jug\u00e9e en juin. La Fondation Assistance aux Animaux sera sur place."}]},{"@type":"WebSite","@id":"https:\/\/www.fondationassistanceauxanimaux.org\/actu\/#website","url":"https:\/\/www.fondationassistanceauxanimaux.org\/actu\/","name":"Fondation Assistance aux Animaux - Actualit\u00e9s","description":"Depuis 1930 la Fondation Assistance aux Animaux pour la d\u00e9fense et la protection des animaux maltrait\u00e9s et abandonn\u00e9s","potentialAction":[{"@type":"SearchAction","target":{"@type":"EntryPoint","urlTemplate":"https:\/\/www.fondationassistanceauxanimaux.org\/actu\/?s={search_term_string}"},"query-input":{"@type":"PropertyValueSpecification","valueRequired":true,"valueName":"search_term_string"}}],"inLanguage":"fr-FR"},{"@type":"Person","@id":"https:\/\/www.fondationassistanceauxanimaux.org\/actu\/#\/schema\/person\/71a8476d98daaea0d71a965c5603e10b","name":"No\u00e9","image":{"@type":"ImageObject","inLanguage":"fr-FR","@id":"https:\/\/www.fondationassistanceauxanimaux.org\/actu\/#\/schema\/person\/image\/","url":"https:\/\/secure.gravatar.com\/avatar\/d34cf6c6bd22b3db9c932bc580c4d1ba93c0cda7588a41b59078888ab1e5f007?s=96&d=mm&r=g","contentUrl":"https:\/\/secure.gravatar.com\/avatar\/d34cf6c6bd22b3db9c932bc580c4d1ba93c0cda7588a41b59078888ab1e5f007?s=96&d=mm&r=g","caption":"No\u00e9"},"url":"https:\/\/www.fondationassistanceauxanimaux.org\/actu\/author\/anne\/"}]}},"_links":{"self":[{"href":"https:\/\/www.fondationassistanceauxanimaux.org\/actu\/wp-json\/wp\/v2\/posts\/3769","targetHints":{"allow":["GET"]}}],"collection":[{"href":"https:\/\/www.fondationassistanceauxanimaux.org\/actu\/wp-json\/wp\/v2\/posts"}],"about":[{"href":"https:\/\/www.fondationassistanceauxanimaux.org\/actu\/wp-json\/wp\/v2\/types\/post"}],"author":[{"embeddable":true,"href":"https:\/\/www.fondationassistanceauxanimaux.org\/actu\/wp-json\/wp\/v2\/users\/3"}],"replies":[{"embeddable":true,"href":"https:\/\/www.fondationassistanceauxanimaux.org\/actu\/wp-json\/wp\/v2\/comments?post=3769"}],"version-history":[{"count":4,"href":"https:\/\/www.fondationassistanceauxanimaux.org\/actu\/wp-json\/wp\/v2\/posts\/3769\/revisions"}],"predecessor-version":[{"id":3771,"href":"https:\/\/www.fondationassistanceauxanimaux.org\/actu\/wp-json\/wp\/v2\/posts\/3769\/revisions\/3771"}],"wp:featuredmedia":[{"embeddable":true,"href":"https:\/\/www.fondationassistanceauxanimaux.org\/actu\/wp-json\/wp\/v2\/media\/3772"}],"wp:attachment":[{"href":"https:\/\/www.fondationassistanceauxanimaux.org\/actu\/wp-json\/wp\/v2\/media?parent=3769"}],"wp:term":[{"taxonomy":"category","embeddable":true,"href":"https:\/\/www.fondationassistanceauxanimaux.org\/actu\/wp-json\/wp\/v2\/categories?post=3769"},{"taxonomy":"post_tag","embeddable":true,"href":"https:\/\/www.fondationassistanceauxanimaux.org\/actu\/wp-json\/wp\/v2\/tags?post=3769"}],"curies":[{"name":"wp","href":"https:\/\/api.w.org\/{rel}","templated":true}]}}