{"id":3508,"date":"2018-12-16T18:47:41","date_gmt":"2018-12-16T17:47:41","guid":{"rendered":"http:\/\/www.fondationassistanceauxanimaux.org\/actu\/?p=3508"},"modified":"2018-12-16T18:52:28","modified_gmt":"2018-12-16T17:52:28","slug":"omega-hanoi-sauvees","status":"publish","type":"post","link":"https:\/\/www.fondationassistanceauxanimaux.org\/actu\/omega-hanoi-sauvees-3508\/","title":{"rendered":"Elles avaient \u00e9t\u00e9 d\u00e9couvertes \u00e0 l&rsquo;agonie sur la commune de M\u00e9dan. Omega et Hano\u00ef sont en vie. L&rsquo;enqu\u00eate est toujours en cours."},"content":{"rendered":"<div class=\"gmail_default\"><span style=\"font-size: large;\">Gr\u00e2ce \u00e0 leur courage et au d\u00e9vouement de nos \u00e9quipes de soigneurs, les deux s\u0153urs, retrouv\u00e9es sur la commune de M\u00e9dan dans un \u00e9tat alarmant, sont sorties d\u2019affaire.<\/span><\/div>\n<div class=\"gmail_default\">\n<p><span style=\"font-size: large;\">Cachectiques et compl\u00e8tement d\u00e9shydrat\u00e9es, \u00ab\u00a0Omega\u00a0\u00bb et \u00ab\u00a0Hano\u00ef\u00a0\u00bb ont \u00e9t\u00e9 imm\u00e9diatement hospitalis\u00e9es.<br \/>\n<\/span><\/p>\n<p><span style=\"font-size: large;\">Aujourd&rsquo;hui, nous sommes soulag\u00e9s, leurs jours ne sont plus en danger.<br \/>\nElles reprennent du poids \u00e0 vue d&rsquo;oeil et pourront \u00eatre prochainement op\u00e9r\u00e9es.<\/span><\/p>\n<\/div>\n<div><span style=\"font-size: large;\">\u00ab Hano\u00ef \u00bb<\/span> <span style=\"font-size: large;\">souffre des deux pattes arri\u00e8res : les 4 m\u00e9tatarses de la patte gauche sont fractur\u00e9s et une plaie tr\u00e8s s\u00e9v\u00e8rement infect\u00e9e \u00e0 celle de droite commence \u00e0 cicatriser. La petite arrive quand m\u00eame \u00e0 se d\u00e9placer dans sa clinique o\u00f9 elle est devenue la star.<\/span><\/div>\n<div class=\"gmail_default\"><span style=\"font-size: large;\">\u00a0<\/span><\/div>\n<div class=\"gmail_default\">\n<div class=\"gmail_default\"><span style=\"font-size: large;\">\u00ab Omega \u00bb, photo ci-dessous, est encore tr\u00e8s fragile mais commence, elle-aussi, \u00e0 reprendre go\u00fbt \u00e0 la vie.\u00a0<\/span><span style=\"font-size: large;\">Ses journ\u00e9es sont rythm\u00e9es entre s\u00e9ances de c\u00e2lins, analyses et soins pouss\u00e9s, et quelques timides sorties au parc du refuge.<\/span><\/div>\n<\/div>\n<div class=\"gmail_default\"><span style=\"font-size: large;\">\u00a0<\/span><\/div>\n<div class=\"gmail_default\"><span style=\"font-size: large;\">Nous voyons peu \u00e0 peu l\u2019espoir rena\u00eetre dans leur yeux&#8230;\u00a0<\/span><\/div>\n<div class=\"gmail_default\">\n<div><span style=\"font-size: large;\">C&rsquo;est un r\u00e9el bonheur de savoir ces deux innocentes en vie, bient\u00f4t pr\u00eates \u00e0 d\u00e9couvrir la vraie vie.\u00a0<\/span><\/div>\n<\/div>\n<div><\/div>\n<div><a href=\"https:\/\/jesoutiens.fondationassistanceauxanimaux.org\/dons\/~mon-don\/\"><img loading=\"lazy\" decoding=\"async\" class=\"aligncenter wp-image-1964 size-full\" src=\"https:\/\/www.fondationassistanceauxanimaux.org\/actu\/wp-content\/uploads\/2018\/02\/soutiens.png\" alt=\"\" width=\"204\" height=\"46\" \/><\/a><\/div>\n<div><\/div>\n<div><img loading=\"lazy\" decoding=\"async\" class=\"aligncenter wp-image-3513\" src=\"https:\/\/www.fondationassistanceauxanimaux.org\/actu\/wp-content\/uploads\/2018\/12\/48270534_1987215841358759_6976768575251939328_n.jpg\" alt=\"\" width=\"705\" height=\"351\" srcset=\"https:\/\/www.fondationassistanceauxanimaux.org\/actu\/wp-content\/uploads\/2018\/12\/48270534_1987215841358759_6976768575251939328_n.jpg 960w, https:\/\/www.fondationassistanceauxanimaux.org\/actu\/wp-content\/uploads\/2018\/12\/48270534_1987215841358759_6976768575251939328_n-300x149.jpg 300w, https:\/\/www.fondationassistanceauxanimaux.org\/actu\/wp-content\/uploads\/2018\/12\/48270534_1987215841358759_6976768575251939328_n-768x382.jpg 768w, https:\/\/www.fondationassistanceauxanimaux.org\/actu\/wp-content\/uploads\/2018\/12\/48270534_1987215841358759_6976768575251939328_n-705x351.jpg 705w, https:\/\/www.fondationassistanceauxanimaux.org\/actu\/wp-content\/uploads\/2018\/12\/48270534_1987215841358759_6976768575251939328_n-450x224.jpg 450w\" sizes=\"auto, (max-width: 705px) 100vw, 705px\" \/><\/div>\n<div><\/div>\n<div><a href=\"https:\/\/jesoutiens.fondationassistanceauxanimaux.org\/dons\/~mon-don\/\"><img loading=\"lazy\" decoding=\"async\" class=\"aligncenter wp-image-1964 size-full\" src=\"https:\/\/www.fondationassistanceauxanimaux.org\/actu\/wp-content\/uploads\/2018\/02\/soutiens.png\" alt=\"\" width=\"204\" height=\"46\" \/><\/a><\/div>\n<div><\/div>\n<div><img loading=\"lazy\" decoding=\"async\" class=\"aligncenter wp-image-3514\" src=\"https:\/\/www.fondationassistanceauxanimaux.org\/actu\/wp-content\/uploads\/2018\/12\/6d9c1665-0187-48ae-bcd0-bccf77611edf-579x1030.jpg\" alt=\"\" width=\"314\" height=\"559\" srcset=\"https:\/\/www.fondationassistanceauxanimaux.org\/actu\/wp-content\/uploads\/2018\/12\/6d9c1665-0187-48ae-bcd0-bccf77611edf-579x1030.jpg 579w, https:\/\/www.fondationassistanceauxanimaux.org\/actu\/wp-content\/uploads\/2018\/12\/6d9c1665-0187-48ae-bcd0-bccf77611edf-169x300.jpg 169w, https:\/\/www.fondationassistanceauxanimaux.org\/actu\/wp-content\/uploads\/2018\/12\/6d9c1665-0187-48ae-bcd0-bccf77611edf-768x1365.jpg 768w, https:\/\/www.fondationassistanceauxanimaux.org\/actu\/wp-content\/uploads\/2018\/12\/6d9c1665-0187-48ae-bcd0-bccf77611edf-844x1500.jpg 844w, https:\/\/www.fondationassistanceauxanimaux.org\/actu\/wp-content\/uploads\/2018\/12\/6d9c1665-0187-48ae-bcd0-bccf77611edf-397x705.jpg 397w, https:\/\/www.fondationassistanceauxanimaux.org\/actu\/wp-content\/uploads\/2018\/12\/6d9c1665-0187-48ae-bcd0-bccf77611edf-450x800.jpg 450w, https:\/\/www.fondationassistanceauxanimaux.org\/actu\/wp-content\/uploads\/2018\/12\/6d9c1665-0187-48ae-bcd0-bccf77611edf.jpg 900w\" sizes=\"auto, (max-width: 314px) 100vw, 314px\" \/><\/div>\n<div><\/div>\n<div><img loading=\"lazy\" decoding=\"async\" class=\"aligncenter size-large wp-image-3510\" src=\"https:\/\/www.fondationassistanceauxanimaux.org\/actu\/wp-content\/uploads\/2018\/12\/Capture-d\u2019e\u0301cran-2018-12-16-a\u0300-18.35.01-770x1030.png\" alt=\"\" width=\"770\" height=\"1030\" srcset=\"https:\/\/www.fondationassistanceauxanimaux.org\/actu\/wp-content\/uploads\/2018\/12\/Capture-d\u2019e\u0301cran-2018-12-16-a\u0300-18.35.01-770x1030.png 770w, https:\/\/www.fondationassistanceauxanimaux.org\/actu\/wp-content\/uploads\/2018\/12\/Capture-d\u2019e\u0301cran-2018-12-16-a\u0300-18.35.01-224x300.png 224w, https:\/\/www.fondationassistanceauxanimaux.org\/actu\/wp-content\/uploads\/2018\/12\/Capture-d\u2019e\u0301cran-2018-12-16-a\u0300-18.35.01-768x1027.png 768w, https:\/\/www.fondationassistanceauxanimaux.org\/actu\/wp-content\/uploads\/2018\/12\/Capture-d\u2019e\u0301cran-2018-12-16-a\u0300-18.35.01-527x705.png 527w, https:\/\/www.fondationassistanceauxanimaux.org\/actu\/wp-content\/uploads\/2018\/12\/Capture-d\u2019e\u0301cran-2018-12-16-a\u0300-18.35.01-450x602.png 450w, https:\/\/www.fondationassistanceauxanimaux.org\/actu\/wp-content\/uploads\/2018\/12\/Capture-d\u2019e\u0301cran-2018-12-16-a\u0300-18.35.01.png 926w\" sizes=\"auto, (max-width: 770px) 100vw, 770px\" \/><\/div>\n<div><a href=\"https:\/\/jesoutiens.fondationassistanceauxanimaux.org\/dons\/~mon-don\/\"><img loading=\"lazy\" decoding=\"async\" class=\"aligncenter wp-image-1964 size-full\" src=\"https:\/\/www.fondationassistanceauxanimaux.org\/actu\/wp-content\/uploads\/2018\/02\/soutiens.png\" alt=\"\" width=\"204\" height=\"46\" \/><\/a><\/div>\n","protected":false},"excerpt":{"rendered":"<p>Gr\u00e2ce \u00e0 leur courage et au d\u00e9vouement de nos \u00e9quipes de soigneurs, les deux s\u0153urs, retrouv\u00e9es sur la commune de M\u00e9dan dans un \u00e9tat alarmant, sont sorties d\u2019affaire. Cachectiques et compl\u00e8tement d\u00e9shydrat\u00e9es, \u00ab\u00a0Omega\u00a0\u00bb et \u00ab\u00a0Hano\u00ef\u00a0\u00bb ont \u00e9t\u00e9 imm\u00e9diatement hospitalis\u00e9es. Aujourd&rsquo;hui, nous sommes soulag\u00e9s, leurs jours ne sont plus en danger. Elles reprennent du poids \u00e0 [&hellip;]<\/p>\n","protected":false},"author":3,"featured_media":3518,"comment_status":"closed","ping_status":"closed","sticky":false,"template":"","format":"standard","meta":{"footnotes":""},"categories":[21],"tags":[],"class_list":["post-3508","post","type-post","status-publish","format-standard","has-post-thumbnail","hentry","category-fondation-assistance-aux-animaux"],"yoast_head":"<!-- This site is optimized with the Yoast SEO plugin v24.5 - https:\/\/yoast.com\/wordpress\/plugins\/seo\/ -->\n<title>Elles avaient \u00e9t\u00e9 d\u00e9couvertes \u00e0 l&#039;agonie sur la commune de M\u00e9dan. Omega et Hano\u00ef sont en vie. L&#039;enqu\u00eate est toujours en cours. - Fondation Assistance aux Animaux - Actualit\u00e9s<\/title>\n<meta name=\"robots\" content=\"index, follow, max-snippet:-1, max-image-preview:large, max-video-preview:-1\" \/>\n<link rel=\"canonical\" href=\"https:\/\/www.fondationassistanceauxanimaux.org\/actu\/omega-hanoi-sauvees-3508\/\" \/>\n<meta property=\"og:locale\" content=\"fr_FR\" \/>\n<meta property=\"og:type\" content=\"article\" \/>\n<meta property=\"og:title\" content=\"Elles avaient \u00e9t\u00e9 d\u00e9couvertes \u00e0 l&#039;agonie sur la commune de M\u00e9dan. Omega et Hano\u00ef sont en vie. L&#039;enqu\u00eate est toujours en cours. - Fondation Assistance aux Animaux - Actualit\u00e9s\" \/>\n<meta property=\"og:description\" content=\"Gr\u00e2ce \u00e0 leur courage et au d\u00e9vouement de nos \u00e9quipes de soigneurs, les deux s\u0153urs, retrouv\u00e9es sur la commune de M\u00e9dan dans un \u00e9tat alarmant, sont sorties d\u2019affaire. Cachectiques et compl\u00e8tement d\u00e9shydrat\u00e9es, \u00ab\u00a0Omega\u00a0\u00bb et \u00ab\u00a0Hano\u00ef\u00a0\u00bb ont \u00e9t\u00e9 imm\u00e9diatement hospitalis\u00e9es. Aujourd&rsquo;hui, nous sommes soulag\u00e9s, leurs jours ne sont plus en danger. Elles reprennent du poids \u00e0 [&hellip;]\" \/>\n<meta property=\"og:url\" content=\"https:\/\/www.fondationassistanceauxanimaux.org\/actu\/omega-hanoi-sauvees-3508\/\" \/>\n<meta property=\"og:site_name\" content=\"Fondation Assistance aux Animaux - Actualit\u00e9s\" \/>\n<meta property=\"article:published_time\" content=\"2018-12-16T17:47:41+00:00\" \/>\n<meta property=\"article:modified_time\" content=\"2018-12-16T17:52:28+00:00\" \/>\n<meta property=\"og:image\" content=\"https:\/\/www.fondationassistanceauxanimaux.org\/actu\/wp-content\/uploads\/2018\/12\/Capture-d\u2019e\u0301cran-2018-12-16-a\u0300-18.49.32.png\" \/>\n\t<meta property=\"og:image:width\" content=\"914\" \/>\n\t<meta property=\"og:image:height\" content=\"844\" \/>\n\t<meta property=\"og:image:type\" content=\"image\/png\" \/>\n<meta name=\"author\" content=\"No\u00e9\" \/>\n<meta name=\"twitter:card\" content=\"summary_large_image\" \/>\n<meta name=\"twitter:label1\" content=\"\u00c9crit par\" \/>\n\t<meta name=\"twitter:data1\" content=\"No\u00e9\" \/>\n\t<meta name=\"twitter:label2\" content=\"Dur\u00e9e de lecture estim\u00e9e\" \/>\n\t<meta name=\"twitter:data2\" content=\"1 minute\" \/>\n<script type=\"application\/ld+json\" class=\"yoast-schema-graph\">{\"@context\":\"https:\/\/schema.org\",\"@graph\":[{\"@type\":\"WebPage\",\"@id\":\"https:\/\/www.fondationassistanceauxanimaux.org\/actu\/omega-hanoi-sauvees-3508\/\",\"url\":\"https:\/\/www.fondationassistanceauxanimaux.org\/actu\/omega-hanoi-sauvees-3508\/\",\"name\":\"Elles avaient \u00e9t\u00e9 d\u00e9couvertes \u00e0 l'agonie sur la commune de M\u00e9dan. Omega et Hano\u00ef sont en vie. L'enqu\u00eate est toujours en cours. - Fondation Assistance aux Animaux - Actualit\u00e9s\",\"isPartOf\":{\"@id\":\"https:\/\/www.fondationassistanceauxanimaux.org\/actu\/#website\"},\"primaryImageOfPage\":{\"@id\":\"https:\/\/www.fondationassistanceauxanimaux.org\/actu\/omega-hanoi-sauvees-3508\/#primaryimage\"},\"image\":{\"@id\":\"https:\/\/www.fondationassistanceauxanimaux.org\/actu\/omega-hanoi-sauvees-3508\/#primaryimage\"},\"thumbnailUrl\":\"https:\/\/www.fondationassistanceauxanimaux.org\/actu\/wp-content\/uploads\/2018\/12\/Capture-d\u2019e\u0301cran-2018-12-16-a\u0300-18.49.32.png\",\"datePublished\":\"2018-12-16T17:47:41+00:00\",\"dateModified\":\"2018-12-16T17:52:28+00:00\",\"author\":{\"@id\":\"https:\/\/www.fondationassistanceauxanimaux.org\/actu\/#\/schema\/person\/71a8476d98daaea0d71a965c5603e10b\"},\"breadcrumb\":{\"@id\":\"https:\/\/www.fondationassistanceauxanimaux.org\/actu\/omega-hanoi-sauvees-3508\/#breadcrumb\"},\"inLanguage\":\"fr-FR\",\"potentialAction\":[{\"@type\":\"ReadAction\",\"target\":[\"https:\/\/www.fondationassistanceauxanimaux.org\/actu\/omega-hanoi-sauvees-3508\/\"]}]},{\"@type\":\"ImageObject\",\"inLanguage\":\"fr-FR\",\"@id\":\"https:\/\/www.fondationassistanceauxanimaux.org\/actu\/omega-hanoi-sauvees-3508\/#primaryimage\",\"url\":\"https:\/\/www.fondationassistanceauxanimaux.org\/actu\/wp-content\/uploads\/2018\/12\/Capture-d\u2019e\u0301cran-2018-12-16-a\u0300-18.49.32.png\",\"contentUrl\":\"https:\/\/www.fondationassistanceauxanimaux.org\/actu\/wp-content\/uploads\/2018\/12\/Capture-d\u2019e\u0301cran-2018-12-16-a\u0300-18.49.32.png\",\"width\":914,\"height\":844},{\"@type\":\"BreadcrumbList\",\"@id\":\"https:\/\/www.fondationassistanceauxanimaux.org\/actu\/omega-hanoi-sauvees-3508\/#breadcrumb\",\"itemListElement\":[{\"@type\":\"ListItem\",\"position\":1,\"name\":\"Accueil\",\"item\":\"https:\/\/www.fondationassistanceauxanimaux.org\/actu\/\"},{\"@type\":\"ListItem\",\"position\":2,\"name\":\"Elles avaient \u00e9t\u00e9 d\u00e9couvertes \u00e0 l&rsquo;agonie sur la commune de M\u00e9dan. Omega et Hano\u00ef sont en vie. L&rsquo;enqu\u00eate est toujours en cours.\"}]},{\"@type\":\"WebSite\",\"@id\":\"https:\/\/www.fondationassistanceauxanimaux.org\/actu\/#website\",\"url\":\"https:\/\/www.fondationassistanceauxanimaux.org\/actu\/\",\"name\":\"Fondation Assistance aux Animaux - Actualit\u00e9s\",\"description\":\"Depuis 1930 la Fondation Assistance aux Animaux pour la d\u00e9fense et la protection des animaux maltrait\u00e9s et abandonn\u00e9s\",\"potentialAction\":[{\"@type\":\"SearchAction\",\"target\":{\"@type\":\"EntryPoint\",\"urlTemplate\":\"https:\/\/www.fondationassistanceauxanimaux.org\/actu\/?s={search_term_string}\"},\"query-input\":{\"@type\":\"PropertyValueSpecification\",\"valueRequired\":true,\"valueName\":\"search_term_string\"}}],\"inLanguage\":\"fr-FR\"},{\"@type\":\"Person\",\"@id\":\"https:\/\/www.fondationassistanceauxanimaux.org\/actu\/#\/schema\/person\/71a8476d98daaea0d71a965c5603e10b\",\"name\":\"No\u00e9\",\"image\":{\"@type\":\"ImageObject\",\"inLanguage\":\"fr-FR\",\"@id\":\"https:\/\/www.fondationassistanceauxanimaux.org\/actu\/#\/schema\/person\/image\/\",\"url\":\"https:\/\/secure.gravatar.com\/avatar\/d34cf6c6bd22b3db9c932bc580c4d1ba93c0cda7588a41b59078888ab1e5f007?s=96&d=mm&r=g\",\"contentUrl\":\"https:\/\/secure.gravatar.com\/avatar\/d34cf6c6bd22b3db9c932bc580c4d1ba93c0cda7588a41b59078888ab1e5f007?s=96&d=mm&r=g\",\"caption\":\"No\u00e9\"},\"url\":\"https:\/\/www.fondationassistanceauxanimaux.org\/actu\/author\/anne\/\"}]}<\/script>\n<!-- \/ Yoast SEO plugin. -->","yoast_head_json":{"title":"Elles avaient \u00e9t\u00e9 d\u00e9couvertes \u00e0 l'agonie sur la commune de M\u00e9dan. Omega et Hano\u00ef sont en vie. L'enqu\u00eate est toujours en cours. - Fondation Assistance aux Animaux - Actualit\u00e9s","robots":{"index":"index","follow":"follow","max-snippet":"max-snippet:-1","max-image-preview":"max-image-preview:large","max-video-preview":"max-video-preview:-1"},"canonical":"https:\/\/www.fondationassistanceauxanimaux.org\/actu\/omega-hanoi-sauvees-3508\/","og_locale":"fr_FR","og_type":"article","og_title":"Elles avaient \u00e9t\u00e9 d\u00e9couvertes \u00e0 l'agonie sur la commune de M\u00e9dan. Omega et Hano\u00ef sont en vie. L'enqu\u00eate est toujours en cours. - Fondation Assistance aux Animaux - Actualit\u00e9s","og_description":"Gr\u00e2ce \u00e0 leur courage et au d\u00e9vouement de nos \u00e9quipes de soigneurs, les deux s\u0153urs, retrouv\u00e9es sur la commune de M\u00e9dan dans un \u00e9tat alarmant, sont sorties d\u2019affaire. Cachectiques et compl\u00e8tement d\u00e9shydrat\u00e9es, \u00ab\u00a0Omega\u00a0\u00bb et \u00ab\u00a0Hano\u00ef\u00a0\u00bb ont \u00e9t\u00e9 imm\u00e9diatement hospitalis\u00e9es. Aujourd&rsquo;hui, nous sommes soulag\u00e9s, leurs jours ne sont plus en danger. Elles reprennent du poids \u00e0 [&hellip;]","og_url":"https:\/\/www.fondationassistanceauxanimaux.org\/actu\/omega-hanoi-sauvees-3508\/","og_site_name":"Fondation Assistance aux Animaux - Actualit\u00e9s","article_published_time":"2018-12-16T17:47:41+00:00","article_modified_time":"2018-12-16T17:52:28+00:00","og_image":[{"width":914,"height":844,"url":"https:\/\/www.fondationassistanceauxanimaux.org\/actu\/wp-content\/uploads\/2018\/12\/Capture-d\u2019e\u0301cran-2018-12-16-a\u0300-18.49.32.png","type":"image\/png"}],"author":"No\u00e9","twitter_card":"summary_large_image","twitter_misc":{"\u00c9crit par":"No\u00e9","Dur\u00e9e de lecture estim\u00e9e":"1 minute"},"schema":{"@context":"https:\/\/schema.org","@graph":[{"@type":"WebPage","@id":"https:\/\/www.fondationassistanceauxanimaux.org\/actu\/omega-hanoi-sauvees-3508\/","url":"https:\/\/www.fondationassistanceauxanimaux.org\/actu\/omega-hanoi-sauvees-3508\/","name":"Elles avaient \u00e9t\u00e9 d\u00e9couvertes \u00e0 l'agonie sur la commune de M\u00e9dan. Omega et Hano\u00ef sont en vie. L'enqu\u00eate est toujours en cours. - Fondation Assistance aux Animaux - Actualit\u00e9s","isPartOf":{"@id":"https:\/\/www.fondationassistanceauxanimaux.org\/actu\/#website"},"primaryImageOfPage":{"@id":"https:\/\/www.fondationassistanceauxanimaux.org\/actu\/omega-hanoi-sauvees-3508\/#primaryimage"},"image":{"@id":"https:\/\/www.fondationassistanceauxanimaux.org\/actu\/omega-hanoi-sauvees-3508\/#primaryimage"},"thumbnailUrl":"https:\/\/www.fondationassistanceauxanimaux.org\/actu\/wp-content\/uploads\/2018\/12\/Capture-d\u2019e\u0301cran-2018-12-16-a\u0300-18.49.32.png","datePublished":"2018-12-16T17:47:41+00:00","dateModified":"2018-12-16T17:52:28+00:00","author":{"@id":"https:\/\/www.fondationassistanceauxanimaux.org\/actu\/#\/schema\/person\/71a8476d98daaea0d71a965c5603e10b"},"breadcrumb":{"@id":"https:\/\/www.fondationassistanceauxanimaux.org\/actu\/omega-hanoi-sauvees-3508\/#breadcrumb"},"inLanguage":"fr-FR","potentialAction":[{"@type":"ReadAction","target":["https:\/\/www.fondationassistanceauxanimaux.org\/actu\/omega-hanoi-sauvees-3508\/"]}]},{"@type":"ImageObject","inLanguage":"fr-FR","@id":"https:\/\/www.fondationassistanceauxanimaux.org\/actu\/omega-hanoi-sauvees-3508\/#primaryimage","url":"https:\/\/www.fondationassistanceauxanimaux.org\/actu\/wp-content\/uploads\/2018\/12\/Capture-d\u2019e\u0301cran-2018-12-16-a\u0300-18.49.32.png","contentUrl":"https:\/\/www.fondationassistanceauxanimaux.org\/actu\/wp-content\/uploads\/2018\/12\/Capture-d\u2019e\u0301cran-2018-12-16-a\u0300-18.49.32.png","width":914,"height":844},{"@type":"BreadcrumbList","@id":"https:\/\/www.fondationassistanceauxanimaux.org\/actu\/omega-hanoi-sauvees-3508\/#breadcrumb","itemListElement":[{"@type":"ListItem","position":1,"name":"Accueil","item":"https:\/\/www.fondationassistanceauxanimaux.org\/actu\/"},{"@type":"ListItem","position":2,"name":"Elles avaient \u00e9t\u00e9 d\u00e9couvertes \u00e0 l&rsquo;agonie sur la commune de M\u00e9dan. Omega et Hano\u00ef sont en vie. L&rsquo;enqu\u00eate est toujours en cours."}]},{"@type":"WebSite","@id":"https:\/\/www.fondationassistanceauxanimaux.org\/actu\/#website","url":"https:\/\/www.fondationassistanceauxanimaux.org\/actu\/","name":"Fondation Assistance aux Animaux - Actualit\u00e9s","description":"Depuis 1930 la Fondation Assistance aux Animaux pour la d\u00e9fense et la protection des animaux maltrait\u00e9s et abandonn\u00e9s","potentialAction":[{"@type":"SearchAction","target":{"@type":"EntryPoint","urlTemplate":"https:\/\/www.fondationassistanceauxanimaux.org\/actu\/?s={search_term_string}"},"query-input":{"@type":"PropertyValueSpecification","valueRequired":true,"valueName":"search_term_string"}}],"inLanguage":"fr-FR"},{"@type":"Person","@id":"https:\/\/www.fondationassistanceauxanimaux.org\/actu\/#\/schema\/person\/71a8476d98daaea0d71a965c5603e10b","name":"No\u00e9","image":{"@type":"ImageObject","inLanguage":"fr-FR","@id":"https:\/\/www.fondationassistanceauxanimaux.org\/actu\/#\/schema\/person\/image\/","url":"https:\/\/secure.gravatar.com\/avatar\/d34cf6c6bd22b3db9c932bc580c4d1ba93c0cda7588a41b59078888ab1e5f007?s=96&d=mm&r=g","contentUrl":"https:\/\/secure.gravatar.com\/avatar\/d34cf6c6bd22b3db9c932bc580c4d1ba93c0cda7588a41b59078888ab1e5f007?s=96&d=mm&r=g","caption":"No\u00e9"},"url":"https:\/\/www.fondationassistanceauxanimaux.org\/actu\/author\/anne\/"}]}},"_links":{"self":[{"href":"https:\/\/www.fondationassistanceauxanimaux.org\/actu\/wp-json\/wp\/v2\/posts\/3508","targetHints":{"allow":["GET"]}}],"collection":[{"href":"https:\/\/www.fondationassistanceauxanimaux.org\/actu\/wp-json\/wp\/v2\/posts"}],"about":[{"href":"https:\/\/www.fondationassistanceauxanimaux.org\/actu\/wp-json\/wp\/v2\/types\/post"}],"author":[{"embeddable":true,"href":"https:\/\/www.fondationassistanceauxanimaux.org\/actu\/wp-json\/wp\/v2\/users\/3"}],"replies":[{"embeddable":true,"href":"https:\/\/www.fondationassistanceauxanimaux.org\/actu\/wp-json\/wp\/v2\/comments?post=3508"}],"version-history":[{"count":6,"href":"https:\/\/www.fondationassistanceauxanimaux.org\/actu\/wp-json\/wp\/v2\/posts\/3508\/revisions"}],"predecessor-version":[{"id":3516,"href":"https:\/\/www.fondationassistanceauxanimaux.org\/actu\/wp-json\/wp\/v2\/posts\/3508\/revisions\/3516"}],"wp:featuredmedia":[{"embeddable":true,"href":"https:\/\/www.fondationassistanceauxanimaux.org\/actu\/wp-json\/wp\/v2\/media\/3518"}],"wp:attachment":[{"href":"https:\/\/www.fondationassistanceauxanimaux.org\/actu\/wp-json\/wp\/v2\/media?parent=3508"}],"wp:term":[{"taxonomy":"category","embeddable":true,"href":"https:\/\/www.fondationassistanceauxanimaux.org\/actu\/wp-json\/wp\/v2\/categories?post=3508"},{"taxonomy":"post_tag","embeddable":true,"href":"https:\/\/www.fondationassistanceauxanimaux.org\/actu\/wp-json\/wp\/v2\/tags?post=3508"}],"curies":[{"name":"wp","href":"https:\/\/api.w.org\/{rel}","templated":true}]}}