{"id":26255,"date":"2026-05-01T06:51:53","date_gmt":"2026-05-01T04:51:53","guid":{"rendered":"https:\/\/www.fondationassistanceauxanimaux.org\/actu\/?p=26255"},"modified":"2026-05-01T06:53:33","modified_gmt":"2026-05-01T04:53:33","slug":"chiots-dalmatiens-adoption","status":"publish","type":"post","link":"https:\/\/www.fondationassistanceauxanimaux.org\/actu\/chiots-dalmatiens-adoption-26255\/","title":{"rendered":"5 chiots dalmatiens recherchent leur famille pour la vie !"},"content":{"rendered":"\n<p><br><strong>Un sauvetage marquant en Eure-et-Loire, d\u00e9cembre 2025. La Fondation Assistance aux Animaux participait alors \u00e0 un vaste sauvetage : une centaine de NAC et d\u2019animaux de ferme, laiss\u00e9s \u00e0 eux-m\u00eames, dans des conditions pr\u00e9occupantes.<\/strong><\/p>\n\n\n\n<p><strong>Au c\u0153ur de cette intervention, une d\u00e9couverte inattendue\u2026 Une chienne dalmatienne, pr\u00e9nomm\u00e9e Uzzi, elle aussi priv\u00e9e de ses besoins essentiels. Affaiblie, mais incroyablement douce, elle portait en elle un espoir : elle \u00e9tait gestante.<\/strong><\/p>\n\n\n\n<figure class=\"wp-block-gallery has-nested-images columns-default is-cropped wp-block-gallery-1 is-layout-flex wp-block-gallery-is-layout-flex\">\n<figure class=\"wp-block-image size-large\"><img loading=\"lazy\" decoding=\"async\" width=\"779\" height=\"1030\" data-id=\"26257\" src=\"https:\/\/www.fondationassistanceauxanimaux.org\/actu\/wp-content\/uploads\/2026\/05\/20251223_142030-1-779x1030.jpg\" alt=\"\" class=\"wp-image-26257\" srcset=\"https:\/\/www.fondationassistanceauxanimaux.org\/actu\/wp-content\/uploads\/2026\/05\/20251223_142030-1-779x1030.jpg 779w, https:\/\/www.fondationassistanceauxanimaux.org\/actu\/wp-content\/uploads\/2026\/05\/20251223_142030-1-227x300.jpg 227w, https:\/\/www.fondationassistanceauxanimaux.org\/actu\/wp-content\/uploads\/2026\/05\/20251223_142030-1-768x1016.jpg 768w, https:\/\/www.fondationassistanceauxanimaux.org\/actu\/wp-content\/uploads\/2026\/05\/20251223_142030-1-1161x1536.jpg 1161w, https:\/\/www.fondationassistanceauxanimaux.org\/actu\/wp-content\/uploads\/2026\/05\/20251223_142030-1-1548x2048.jpg 1548w, https:\/\/www.fondationassistanceauxanimaux.org\/actu\/wp-content\/uploads\/2026\/05\/20251223_142030-1-1134x1500.jpg 1134w, https:\/\/www.fondationassistanceauxanimaux.org\/actu\/wp-content\/uploads\/2026\/05\/20251223_142030-1-533x705.jpg 533w, https:\/\/www.fondationassistanceauxanimaux.org\/actu\/wp-content\/uploads\/2026\/05\/20251223_142030-1-scaled.jpg 1935w\" sizes=\"auto, (max-width: 779px) 100vw, 779px\" \/><\/figure>\n\n\n\n<figure class=\"wp-block-image size-large\"><img loading=\"lazy\" decoding=\"async\" width=\"773\" height=\"1030\" data-id=\"26256\" src=\"https:\/\/www.fondationassistanceauxanimaux.org\/actu\/wp-content\/uploads\/2026\/05\/20251223_183527-1-773x1030.jpg\" alt=\"\" class=\"wp-image-26256\" srcset=\"https:\/\/www.fondationassistanceauxanimaux.org\/actu\/wp-content\/uploads\/2026\/05\/20251223_183527-1-773x1030.jpg 773w, https:\/\/www.fondationassistanceauxanimaux.org\/actu\/wp-content\/uploads\/2026\/05\/20251223_183527-1-225x300.jpg 225w, https:\/\/www.fondationassistanceauxanimaux.org\/actu\/wp-content\/uploads\/2026\/05\/20251223_183527-1-768x1024.jpg 768w, https:\/\/www.fondationassistanceauxanimaux.org\/actu\/wp-content\/uploads\/2026\/05\/20251223_183527-1-1152x1536.jpg 1152w, https:\/\/www.fondationassistanceauxanimaux.org\/actu\/wp-content\/uploads\/2026\/05\/20251223_183527-1-1536x2048.jpg 1536w, https:\/\/www.fondationassistanceauxanimaux.org\/actu\/wp-content\/uploads\/2026\/05\/20251223_183527-1-1125x1500.jpg 1125w, https:\/\/www.fondationassistanceauxanimaux.org\/actu\/wp-content\/uploads\/2026\/05\/20251223_183527-1-529x705.jpg 529w, https:\/\/www.fondationassistanceauxanimaux.org\/actu\/wp-content\/uploads\/2026\/05\/20251223_183527-1-scaled.jpg 1920w\" sizes=\"auto, (max-width: 773px) 100vw, 773px\" \/><\/figure>\n<\/figure>\n\n\n\n<blockquote class=\"wp-block-quote is-layout-flow wp-block-quote-is-layout-flow\">\n<p><strong>Une naissance pleine d&rsquo;espoir<\/strong><\/p>\n\n\n\n<p><strong>Quelques semaines plus tard, entour\u00e9e et s\u00e9curis\u00e9e au sein d\u2019une famille d\u2019accueil d\u00e9vou\u00e9e, Uzzi donne naissance \u00e0 13 chiots. 13 petites vies, fragiles mais pleines d\u2019\u00e9nergie, qui grandissent aujourd\u2019hui dans un environnement sain, entour\u00e9es d\u2019attention et de soins.<\/strong><\/p>\n<\/blockquote>\n\n\n\n<figure class=\"wp-block-image aligncenter size-large is-resized\"><img loading=\"lazy\" decoding=\"async\" width=\"825\" height=\"1030\" src=\"https:\/\/www.fondationassistanceauxanimaux.org\/actu\/wp-content\/uploads\/2026\/05\/IMG_5567-825x1030.jpeg\" alt=\"\" class=\"wp-image-26259\" style=\"aspect-ratio:0.8005754135785096;width:678px;height:auto\" srcset=\"https:\/\/www.fondationassistanceauxanimaux.org\/actu\/wp-content\/uploads\/2026\/05\/IMG_5567-825x1030.jpeg 825w, https:\/\/www.fondationassistanceauxanimaux.org\/actu\/wp-content\/uploads\/2026\/05\/IMG_5567-240x300.jpeg 240w, https:\/\/www.fondationassistanceauxanimaux.org\/actu\/wp-content\/uploads\/2026\/05\/IMG_5567-768x959.jpeg 768w, https:\/\/www.fondationassistanceauxanimaux.org\/actu\/wp-content\/uploads\/2026\/05\/IMG_5567-1230x1536.jpeg 1230w, https:\/\/www.fondationassistanceauxanimaux.org\/actu\/wp-content\/uploads\/2026\/05\/IMG_5567-1201x1500.jpeg 1201w, https:\/\/www.fondationassistanceauxanimaux.org\/actu\/wp-content\/uploads\/2026\/05\/IMG_5567-564x705.jpeg 564w, https:\/\/www.fondationassistanceauxanimaux.org\/actu\/wp-content\/uploads\/2026\/05\/IMG_5567.jpeg 1413w\" sizes=\"auto, (max-width: 825px) 100vw, 825px\" \/><\/figure>\n\n\n\n<blockquote class=\"wp-block-quote is-layout-flow wp-block-quote-is-layout-flow\">\n<p><strong>Aujourd&rsquo;hui, ils attendent leur famille.<\/strong><\/p>\n\n\n\n<p><strong>5 d\u2019entre eux recherchent encore leur famille.<\/strong> <strong>\u00c2g\u00e9s de 2 mois, ces chiots sont d\u00e9sormais pr\u00eats \u00e0 prendre leur envol.<\/strong>  <\/p>\n\n\n\n<p><strong>Ils ont re\u00e7u tous les soins n\u00e9cessaires :<\/strong><\/p>\n\n\n\n<ul class=\"wp-block-list\">\n<li><strong>vaccin\u00e9s<\/strong><\/li>\n\n\n\n<li><strong>vermifug\u00e9s<\/strong><\/li>\n\n\n\n<li><strong>identifi\u00e9s<\/strong><\/li>\n<\/ul>\n\n\n\n<p><strong>Ils sont aujourd\u2019hui en pleine forme, joueurs, attachants et d\u00e9bordants de vie.<\/strong><\/p>\n<\/blockquote>\n\n\n\n<figure class=\"wp-block-image aligncenter size-full is-resized\"><img loading=\"lazy\" decoding=\"async\" width=\"480\" height=\"640\" src=\"https:\/\/www.fondationassistanceauxanimaux.org\/actu\/wp-content\/uploads\/2026\/05\/IMG_0540-rotated.jpeg\" alt=\"\" class=\"wp-image-26260\" style=\"width:674px;height:auto\" srcset=\"https:\/\/www.fondationassistanceauxanimaux.org\/actu\/wp-content\/uploads\/2026\/05\/IMG_0540-rotated.jpeg 480w, https:\/\/www.fondationassistanceauxanimaux.org\/actu\/wp-content\/uploads\/2026\/05\/IMG_0540-225x300.jpeg 225w\" sizes=\"auto, (max-width: 480px) 100vw, 480px\" \/><\/figure>\n\n\n\n<blockquote class=\"wp-block-quote is-layout-flow wp-block-quote-is-layout-flow\">\n<p><strong>Adopter : un engagement r\u00e9fl\u00e9chi<\/strong><\/p>\n\n\n\n<p><strong><em>Accueillir un animal est une d\u00e9cision importante.<\/em><\/strong><\/p>\n\n\n\n<p><strong>C\u2019est un engagement sur plusieurs ann\u00e9es, fait de moments de bonheur, de complicit\u00e9\u2026 mais aussi de responsabilit\u00e9s.<\/strong><\/p>\n\n\n\n<p><strong>La Fondation tient \u00e0 s\u2019assurer que chaque adoption se fasse dans les meilleures conditions.<\/strong><\/p>\n\n\n\n<ul class=\"wp-block-list\">\n<li><strong>Conditions d\u2019adoption :<a href=\" https:\/\/www.fondationassistanceauxanimaux.org\/conditions-adoption-animaux\/\"> https:\/\/www.fondationassistanceauxanimaux.org\/conditions-adoption-animaux\/<\/a><\/strong><\/li>\n\n\n\n<li><strong>Proc\u00e9dure en refuge : <a href=\"https:\/\/www.fondationassistanceauxanimaux.org\/procedure-adoption-animaux\/\">https:\/\/www.fondationassistanceauxanimaux.org\/procedure-adoption-animaux\/<\/a><\/strong><\/li>\n<\/ul>\n\n\n\n<p><strong>La st\u00e9rilisation sera obligatoire<\/strong>.<\/p>\n\n\n\n<p><strong>Des contr\u00f4les post-adoption sont r\u00e9alis\u00e9s afin de garantir le bien-\u00eatre de chaque animal<\/strong>.<\/p>\n<\/blockquote>\n\n\n\n<figure class=\"wp-block-image aligncenter size-full\"><img loading=\"lazy\" decoding=\"async\" width=\"473\" height=\"279\" src=\"https:\/\/www.fondationassistanceauxanimaux.org\/actu\/wp-content\/uploads\/2026\/04\/patch-blanc.png\" alt=\"\" class=\"wp-image-26233\" srcset=\"https:\/\/www.fondationassistanceauxanimaux.org\/actu\/wp-content\/uploads\/2026\/04\/patch-blanc.png 473w, https:\/\/www.fondationassistanceauxanimaux.org\/actu\/wp-content\/uploads\/2026\/04\/patch-blanc-300x177.png 300w\" sizes=\"auto, (max-width: 473px) 100vw, 473px\" \/><\/figure>\n\n\n\n<blockquote class=\"wp-block-quote is-layout-flow wp-block-quote-is-layout-flow\">\n<p><strong>Comment adopter ?<\/strong><\/p>\n\n\n\n<p><strong>Ces petits dalmatiens se trouvent actuellement en famille d\u2019accueil en \u00cele-de-France.<\/strong><\/p>\n\n\n\n<p><strong>Pour proposer votre candidature, \u00e9crivez \u00e0 : <strong><a href=\"mailto:contact@fondationassistanceauxanimaux.org\">contact@fondationassistanceauxanimaux.org<\/a><\/strong><\/strong><\/p>\n\n\n\n<p><strong>Merci d\u2019indiquer :<\/strong><\/p>\n\n\n\n<ul class=\"wp-block-list\">\n<li><strong>vos coordonn\u00e9es t\u00e9l\u00e9phoniques<\/strong><\/li>\n\n\n\n<li><strong>votre situation (logement, environnement)<\/strong><\/li>\n\n\n\n<li><strong>votre composition familiale<\/strong><\/li>\n\n\n\n<li><strong>vos disponibilit\u00e9s<\/strong><\/li>\n\n\n\n<li><strong>votre exp\u00e9rience avec les animaux<\/strong><\/li>\n\n\n\n<li><strong>votre adresse postale<\/strong><\/li>\n<\/ul>\n\n\n\n<p><strong><em>Vous pouvez \u00e9galement joindre le <a href=\"https:\/\/www.fondationassistanceauxanimaux.org\/wp-content\/uploads\/2025\/11\/CERTIFICAT-SENSIBILISATION-REFUGE-FAA-CHIEN_NDB-2025.pdf\">contrat d\u2019engagement<\/a> sign\u00e9<\/em>.<\/strong><\/p>\n<\/blockquote>\n","protected":false},"excerpt":{"rendered":"<p>Un sauvetage marquant en Eure-et-Loire, d\u00e9cembre 2025. La Fondation Assistance aux Animaux participait alors \u00e0 un vaste sauvetage : une centaine de NAC et d\u2019animaux de ferme, laiss\u00e9s \u00e0 eux-m\u00eames, dans des conditions pr\u00e9occupantes. Au c\u0153ur de cette intervention, une d\u00e9couverte inattendue\u2026 Une chienne dalmatienne, pr\u00e9nomm\u00e9e Uzzi, elle aussi priv\u00e9e de ses besoins essentiels. Affaiblie, [&hellip;]<\/p>\n","protected":false},"author":3,"featured_media":26262,"comment_status":"closed","ping_status":"closed","sticky":false,"template":"","format":"standard","meta":{"footnotes":""},"categories":[21],"tags":[],"class_list":["post-26255","post","type-post","status-publish","format-standard","has-post-thumbnail","hentry","category-fondation-assistance-aux-animaux"],"yoast_head":"<!-- This site is optimized with the Yoast SEO plugin v24.5 - https:\/\/yoast.com\/wordpress\/plugins\/seo\/ -->\n<title>5 chiots dalmatiens recherchent leur famille pour la vie ! - Fondation Assistance aux Animaux - Actualit\u00e9s<\/title>\n<meta name=\"robots\" content=\"index, follow, max-snippet:-1, max-image-preview:large, max-video-preview:-1\" \/>\n<link rel=\"canonical\" href=\"https:\/\/www.fondationassistanceauxanimaux.org\/actu\/chiots-dalmatiens-adoption-26255\/\" \/>\n<meta property=\"og:locale\" content=\"fr_FR\" \/>\n<meta property=\"og:type\" content=\"article\" \/>\n<meta property=\"og:title\" content=\"5 chiots dalmatiens recherchent leur famille pour la vie ! - Fondation Assistance aux Animaux - Actualit\u00e9s\" \/>\n<meta property=\"og:description\" content=\"Un sauvetage marquant en Eure-et-Loire, d\u00e9cembre 2025. La Fondation Assistance aux Animaux participait alors \u00e0 un vaste sauvetage : une centaine de NAC et d\u2019animaux de ferme, laiss\u00e9s \u00e0 eux-m\u00eames, dans des conditions pr\u00e9occupantes. Au c\u0153ur de cette intervention, une d\u00e9couverte inattendue\u2026 Une chienne dalmatienne, pr\u00e9nomm\u00e9e Uzzi, elle aussi priv\u00e9e de ses besoins essentiels. Affaiblie, [&hellip;]\" \/>\n<meta property=\"og:url\" content=\"https:\/\/www.fondationassistanceauxanimaux.org\/actu\/chiots-dalmatiens-adoption-26255\/\" \/>\n<meta property=\"og:site_name\" content=\"Fondation Assistance aux Animaux - Actualit\u00e9s\" \/>\n<meta property=\"article:published_time\" content=\"2026-05-01T04:51:53+00:00\" \/>\n<meta property=\"article:modified_time\" content=\"2026-05-01T04:53:33+00:00\" \/>\n<meta property=\"og:image\" content=\"https:\/\/www.fondationassistanceauxanimaux.org\/actu\/wp-content\/uploads\/2026\/05\/IMG_0540-1.jpeg\" \/>\n\t<meta property=\"og:image:width\" content=\"480\" \/>\n\t<meta property=\"og:image:height\" content=\"459\" \/>\n\t<meta property=\"og:image:type\" content=\"image\/jpeg\" \/>\n<meta name=\"author\" content=\"No\u00e9\" \/>\n<meta name=\"twitter:card\" content=\"summary_large_image\" \/>\n<meta name=\"twitter:label1\" content=\"\u00c9crit par\" \/>\n\t<meta name=\"twitter:data1\" content=\"No\u00e9\" \/>\n\t<meta name=\"twitter:label2\" content=\"Dur\u00e9e de lecture estim\u00e9e\" \/>\n\t<meta name=\"twitter:data2\" content=\"2 minutes\" \/>\n<script type=\"application\/ld+json\" class=\"yoast-schema-graph\">{\"@context\":\"https:\/\/schema.org\",\"@graph\":[{\"@type\":\"WebPage\",\"@id\":\"https:\/\/www.fondationassistanceauxanimaux.org\/actu\/chiots-dalmatiens-adoption-26255\/\",\"url\":\"https:\/\/www.fondationassistanceauxanimaux.org\/actu\/chiots-dalmatiens-adoption-26255\/\",\"name\":\"5 chiots dalmatiens recherchent leur famille pour la vie ! - Fondation Assistance aux Animaux - Actualit\u00e9s\",\"isPartOf\":{\"@id\":\"https:\/\/www.fondationassistanceauxanimaux.org\/actu\/#website\"},\"primaryImageOfPage\":{\"@id\":\"https:\/\/www.fondationassistanceauxanimaux.org\/actu\/chiots-dalmatiens-adoption-26255\/#primaryimage\"},\"image\":{\"@id\":\"https:\/\/www.fondationassistanceauxanimaux.org\/actu\/chiots-dalmatiens-adoption-26255\/#primaryimage\"},\"thumbnailUrl\":\"https:\/\/www.fondationassistanceauxanimaux.org\/actu\/wp-content\/uploads\/2026\/05\/IMG_0540-1.jpeg\",\"datePublished\":\"2026-05-01T04:51:53+00:00\",\"dateModified\":\"2026-05-01T04:53:33+00:00\",\"author\":{\"@id\":\"https:\/\/www.fondationassistanceauxanimaux.org\/actu\/#\/schema\/person\/71a8476d98daaea0d71a965c5603e10b\"},\"breadcrumb\":{\"@id\":\"https:\/\/www.fondationassistanceauxanimaux.org\/actu\/chiots-dalmatiens-adoption-26255\/#breadcrumb\"},\"inLanguage\":\"fr-FR\",\"potentialAction\":[{\"@type\":\"ReadAction\",\"target\":[\"https:\/\/www.fondationassistanceauxanimaux.org\/actu\/chiots-dalmatiens-adoption-26255\/\"]}]},{\"@type\":\"ImageObject\",\"inLanguage\":\"fr-FR\",\"@id\":\"https:\/\/www.fondationassistanceauxanimaux.org\/actu\/chiots-dalmatiens-adoption-26255\/#primaryimage\",\"url\":\"https:\/\/www.fondationassistanceauxanimaux.org\/actu\/wp-content\/uploads\/2026\/05\/IMG_0540-1.jpeg\",\"contentUrl\":\"https:\/\/www.fondationassistanceauxanimaux.org\/actu\/wp-content\/uploads\/2026\/05\/IMG_0540-1.jpeg\",\"width\":480,\"height\":459},{\"@type\":\"BreadcrumbList\",\"@id\":\"https:\/\/www.fondationassistanceauxanimaux.org\/actu\/chiots-dalmatiens-adoption-26255\/#breadcrumb\",\"itemListElement\":[{\"@type\":\"ListItem\",\"position\":1,\"name\":\"Accueil\",\"item\":\"https:\/\/www.fondationassistanceauxanimaux.org\/actu\/\"},{\"@type\":\"ListItem\",\"position\":2,\"name\":\"5 chiots dalmatiens recherchent leur famille pour la vie !\"}]},{\"@type\":\"WebSite\",\"@id\":\"https:\/\/www.fondationassistanceauxanimaux.org\/actu\/#website\",\"url\":\"https:\/\/www.fondationassistanceauxanimaux.org\/actu\/\",\"name\":\"Fondation Assistance aux Animaux - Actualit\u00e9s\",\"description\":\"Depuis 1930 la Fondation Assistance aux Animaux pour la d\u00e9fense et la protection des animaux maltrait\u00e9s et abandonn\u00e9s\",\"potentialAction\":[{\"@type\":\"SearchAction\",\"target\":{\"@type\":\"EntryPoint\",\"urlTemplate\":\"https:\/\/www.fondationassistanceauxanimaux.org\/actu\/?s={search_term_string}\"},\"query-input\":{\"@type\":\"PropertyValueSpecification\",\"valueRequired\":true,\"valueName\":\"search_term_string\"}}],\"inLanguage\":\"fr-FR\"},{\"@type\":\"Person\",\"@id\":\"https:\/\/www.fondationassistanceauxanimaux.org\/actu\/#\/schema\/person\/71a8476d98daaea0d71a965c5603e10b\",\"name\":\"No\u00e9\",\"image\":{\"@type\":\"ImageObject\",\"inLanguage\":\"fr-FR\",\"@id\":\"https:\/\/www.fondationassistanceauxanimaux.org\/actu\/#\/schema\/person\/image\/\",\"url\":\"https:\/\/secure.gravatar.com\/avatar\/d34cf6c6bd22b3db9c932bc580c4d1ba93c0cda7588a41b59078888ab1e5f007?s=96&d=mm&r=g\",\"contentUrl\":\"https:\/\/secure.gravatar.com\/avatar\/d34cf6c6bd22b3db9c932bc580c4d1ba93c0cda7588a41b59078888ab1e5f007?s=96&d=mm&r=g\",\"caption\":\"No\u00e9\"},\"url\":\"https:\/\/www.fondationassistanceauxanimaux.org\/actu\/author\/anne\/\"}]}<\/script>\n<!-- \/ Yoast SEO plugin. -->","yoast_head_json":{"title":"5 chiots dalmatiens recherchent leur famille pour la vie ! - Fondation Assistance aux Animaux - Actualit\u00e9s","robots":{"index":"index","follow":"follow","max-snippet":"max-snippet:-1","max-image-preview":"max-image-preview:large","max-video-preview":"max-video-preview:-1"},"canonical":"https:\/\/www.fondationassistanceauxanimaux.org\/actu\/chiots-dalmatiens-adoption-26255\/","og_locale":"fr_FR","og_type":"article","og_title":"5 chiots dalmatiens recherchent leur famille pour la vie ! - Fondation Assistance aux Animaux - Actualit\u00e9s","og_description":"Un sauvetage marquant en Eure-et-Loire, d\u00e9cembre 2025. La Fondation Assistance aux Animaux participait alors \u00e0 un vaste sauvetage : une centaine de NAC et d\u2019animaux de ferme, laiss\u00e9s \u00e0 eux-m\u00eames, dans des conditions pr\u00e9occupantes. Au c\u0153ur de cette intervention, une d\u00e9couverte inattendue\u2026 Une chienne dalmatienne, pr\u00e9nomm\u00e9e Uzzi, elle aussi priv\u00e9e de ses besoins essentiels. Affaiblie, [&hellip;]","og_url":"https:\/\/www.fondationassistanceauxanimaux.org\/actu\/chiots-dalmatiens-adoption-26255\/","og_site_name":"Fondation Assistance aux Animaux - Actualit\u00e9s","article_published_time":"2026-05-01T04:51:53+00:00","article_modified_time":"2026-05-01T04:53:33+00:00","og_image":[{"width":480,"height":459,"url":"https:\/\/www.fondationassistanceauxanimaux.org\/actu\/wp-content\/uploads\/2026\/05\/IMG_0540-1.jpeg","type":"image\/jpeg"}],"author":"No\u00e9","twitter_card":"summary_large_image","twitter_misc":{"\u00c9crit par":"No\u00e9","Dur\u00e9e de lecture estim\u00e9e":"2 minutes"},"schema":{"@context":"https:\/\/schema.org","@graph":[{"@type":"WebPage","@id":"https:\/\/www.fondationassistanceauxanimaux.org\/actu\/chiots-dalmatiens-adoption-26255\/","url":"https:\/\/www.fondationassistanceauxanimaux.org\/actu\/chiots-dalmatiens-adoption-26255\/","name":"5 chiots dalmatiens recherchent leur famille pour la vie ! - Fondation Assistance aux Animaux - Actualit\u00e9s","isPartOf":{"@id":"https:\/\/www.fondationassistanceauxanimaux.org\/actu\/#website"},"primaryImageOfPage":{"@id":"https:\/\/www.fondationassistanceauxanimaux.org\/actu\/chiots-dalmatiens-adoption-26255\/#primaryimage"},"image":{"@id":"https:\/\/www.fondationassistanceauxanimaux.org\/actu\/chiots-dalmatiens-adoption-26255\/#primaryimage"},"thumbnailUrl":"https:\/\/www.fondationassistanceauxanimaux.org\/actu\/wp-content\/uploads\/2026\/05\/IMG_0540-1.jpeg","datePublished":"2026-05-01T04:51:53+00:00","dateModified":"2026-05-01T04:53:33+00:00","author":{"@id":"https:\/\/www.fondationassistanceauxanimaux.org\/actu\/#\/schema\/person\/71a8476d98daaea0d71a965c5603e10b"},"breadcrumb":{"@id":"https:\/\/www.fondationassistanceauxanimaux.org\/actu\/chiots-dalmatiens-adoption-26255\/#breadcrumb"},"inLanguage":"fr-FR","potentialAction":[{"@type":"ReadAction","target":["https:\/\/www.fondationassistanceauxanimaux.org\/actu\/chiots-dalmatiens-adoption-26255\/"]}]},{"@type":"ImageObject","inLanguage":"fr-FR","@id":"https:\/\/www.fondationassistanceauxanimaux.org\/actu\/chiots-dalmatiens-adoption-26255\/#primaryimage","url":"https:\/\/www.fondationassistanceauxanimaux.org\/actu\/wp-content\/uploads\/2026\/05\/IMG_0540-1.jpeg","contentUrl":"https:\/\/www.fondationassistanceauxanimaux.org\/actu\/wp-content\/uploads\/2026\/05\/IMG_0540-1.jpeg","width":480,"height":459},{"@type":"BreadcrumbList","@id":"https:\/\/www.fondationassistanceauxanimaux.org\/actu\/chiots-dalmatiens-adoption-26255\/#breadcrumb","itemListElement":[{"@type":"ListItem","position":1,"name":"Accueil","item":"https:\/\/www.fondationassistanceauxanimaux.org\/actu\/"},{"@type":"ListItem","position":2,"name":"5 chiots dalmatiens recherchent leur famille pour la vie !"}]},{"@type":"WebSite","@id":"https:\/\/www.fondationassistanceauxanimaux.org\/actu\/#website","url":"https:\/\/www.fondationassistanceauxanimaux.org\/actu\/","name":"Fondation Assistance aux Animaux - Actualit\u00e9s","description":"Depuis 1930 la Fondation Assistance aux Animaux pour la d\u00e9fense et la protection des animaux maltrait\u00e9s et abandonn\u00e9s","potentialAction":[{"@type":"SearchAction","target":{"@type":"EntryPoint","urlTemplate":"https:\/\/www.fondationassistanceauxanimaux.org\/actu\/?s={search_term_string}"},"query-input":{"@type":"PropertyValueSpecification","valueRequired":true,"valueName":"search_term_string"}}],"inLanguage":"fr-FR"},{"@type":"Person","@id":"https:\/\/www.fondationassistanceauxanimaux.org\/actu\/#\/schema\/person\/71a8476d98daaea0d71a965c5603e10b","name":"No\u00e9","image":{"@type":"ImageObject","inLanguage":"fr-FR","@id":"https:\/\/www.fondationassistanceauxanimaux.org\/actu\/#\/schema\/person\/image\/","url":"https:\/\/secure.gravatar.com\/avatar\/d34cf6c6bd22b3db9c932bc580c4d1ba93c0cda7588a41b59078888ab1e5f007?s=96&d=mm&r=g","contentUrl":"https:\/\/secure.gravatar.com\/avatar\/d34cf6c6bd22b3db9c932bc580c4d1ba93c0cda7588a41b59078888ab1e5f007?s=96&d=mm&r=g","caption":"No\u00e9"},"url":"https:\/\/www.fondationassistanceauxanimaux.org\/actu\/author\/anne\/"}]}},"_links":{"self":[{"href":"https:\/\/www.fondationassistanceauxanimaux.org\/actu\/wp-json\/wp\/v2\/posts\/26255","targetHints":{"allow":["GET"]}}],"collection":[{"href":"https:\/\/www.fondationassistanceauxanimaux.org\/actu\/wp-json\/wp\/v2\/posts"}],"about":[{"href":"https:\/\/www.fondationassistanceauxanimaux.org\/actu\/wp-json\/wp\/v2\/types\/post"}],"author":[{"embeddable":true,"href":"https:\/\/www.fondationassistanceauxanimaux.org\/actu\/wp-json\/wp\/v2\/users\/3"}],"replies":[{"embeddable":true,"href":"https:\/\/www.fondationassistanceauxanimaux.org\/actu\/wp-json\/wp\/v2\/comments?post=26255"}],"version-history":[{"count":1,"href":"https:\/\/www.fondationassistanceauxanimaux.org\/actu\/wp-json\/wp\/v2\/posts\/26255\/revisions"}],"predecessor-version":[{"id":26261,"href":"https:\/\/www.fondationassistanceauxanimaux.org\/actu\/wp-json\/wp\/v2\/posts\/26255\/revisions\/26261"}],"wp:featuredmedia":[{"embeddable":true,"href":"https:\/\/www.fondationassistanceauxanimaux.org\/actu\/wp-json\/wp\/v2\/media\/26262"}],"wp:attachment":[{"href":"https:\/\/www.fondationassistanceauxanimaux.org\/actu\/wp-json\/wp\/v2\/media?parent=26255"}],"wp:term":[{"taxonomy":"category","embeddable":true,"href":"https:\/\/www.fondationassistanceauxanimaux.org\/actu\/wp-json\/wp\/v2\/categories?post=26255"},{"taxonomy":"post_tag","embeddable":true,"href":"https:\/\/www.fondationassistanceauxanimaux.org\/actu\/wp-json\/wp\/v2\/tags?post=26255"}],"curies":[{"name":"wp","href":"https:\/\/api.w.org\/{rel}","templated":true}]}}