{"id":26232,"date":"2026-04-27T12:39:02","date_gmt":"2026-04-27T10:39:02","guid":{"rendered":"https:\/\/www.fondationassistanceauxanimaux.org\/actu\/?p=26232"},"modified":"2026-04-27T12:39:03","modified_gmt":"2026-04-27T10:39:03","slug":"dispensaire-de-strasbourg-fermeture-exceptionnelle-du-1er-au-10-mai-2026","status":"publish","type":"post","link":"https:\/\/www.fondationassistanceauxanimaux.org\/actu\/dispensaire-de-strasbourg-fermeture-exceptionnelle-du-1er-au-10-mai-2026-26232\/","title":{"rendered":"Dispensaire de Strasbourg : fermeture exceptionnelle du 1er au 10 mai 2026"},"content":{"rendered":"\n<p><strong>La Fondation Assistance aux Animaux vous informe que son dispensaire de Strasbourg sera exceptionnellement ferm\u00e9 :<\/strong><\/p>\n\n\n\n<blockquote class=\"wp-block-quote is-layout-flow wp-block-quote-is-layout-flow\">\n<ul class=\"wp-block-list\">\n<li><strong>du 1er mai au 10 mai 2026 inclus<\/strong><\/li>\n<\/ul>\n<\/blockquote>\n\n\n\n<p><strong>Merci de votre compr\u00e9hension.<\/strong><\/p>\n\n\n\n<figure class=\"wp-block-image aligncenter size-full\"><img loading=\"lazy\" decoding=\"async\" width=\"473\" height=\"279\" src=\"https:\/\/www.fondationassistanceauxanimaux.org\/actu\/wp-content\/uploads\/2026\/04\/patch-blanc.png\" alt=\"\" class=\"wp-image-26233\" srcset=\"https:\/\/www.fondationassistanceauxanimaux.org\/actu\/wp-content\/uploads\/2026\/04\/patch-blanc.png 473w, https:\/\/www.fondationassistanceauxanimaux.org\/actu\/wp-content\/uploads\/2026\/04\/patch-blanc-300x177.png 300w\" sizes=\"auto, (max-width: 473px) 100vw, 473px\" \/><\/figure>\n","protected":false},"excerpt":{"rendered":"<p>La Fondation Assistance aux Animaux vous informe que son dispensaire de Strasbourg sera exceptionnellement ferm\u00e9 : Merci de votre compr\u00e9hension.<\/p>\n","protected":false},"author":3,"featured_media":26236,"comment_status":"closed","ping_status":"closed","sticky":false,"template":"","format":"standard","meta":{"footnotes":""},"categories":[21],"tags":[],"class_list":["post-26232","post","type-post","status-publish","format-standard","has-post-thumbnail","hentry","category-fondation-assistance-aux-animaux"],"yoast_head":"<!-- This site is optimized with the Yoast SEO plugin v24.5 - https:\/\/yoast.com\/wordpress\/plugins\/seo\/ -->\n<title>Dispensaire de Strasbourg : fermeture exceptionnelle du 1er au 10 mai 2026 - Fondation Assistance aux Animaux - Actualit\u00e9s<\/title>\n<meta name=\"robots\" content=\"index, follow, max-snippet:-1, max-image-preview:large, max-video-preview:-1\" \/>\n<link rel=\"canonical\" href=\"https:\/\/www.fondationassistanceauxanimaux.org\/actu\/dispensaire-de-strasbourg-fermeture-exceptionnelle-du-1er-au-10-mai-2026-26232\/\" \/>\n<meta property=\"og:locale\" content=\"fr_FR\" \/>\n<meta property=\"og:type\" content=\"article\" \/>\n<meta property=\"og:title\" content=\"Dispensaire de Strasbourg : fermeture exceptionnelle du 1er au 10 mai 2026 - Fondation Assistance aux Animaux - Actualit\u00e9s\" \/>\n<meta property=\"og:description\" content=\"La Fondation Assistance aux Animaux vous informe que son dispensaire de Strasbourg sera exceptionnellement ferm\u00e9 : Merci de votre compr\u00e9hension.\" \/>\n<meta property=\"og:url\" content=\"https:\/\/www.fondationassistanceauxanimaux.org\/actu\/dispensaire-de-strasbourg-fermeture-exceptionnelle-du-1er-au-10-mai-2026-26232\/\" \/>\n<meta property=\"og:site_name\" content=\"Fondation Assistance aux Animaux - Actualit\u00e9s\" \/>\n<meta property=\"article:published_time\" content=\"2026-04-27T10:39:02+00:00\" \/>\n<meta property=\"article:modified_time\" content=\"2026-04-27T10:39:03+00:00\" \/>\n<meta property=\"og:image\" content=\"https:\/\/www.fondationassistanceauxanimaux.org\/actu\/wp-content\/uploads\/2026\/04\/logo-faa-blanc.png\" \/>\n\t<meta property=\"og:image:width\" content=\"1054\" \/>\n\t<meta property=\"og:image:height\" content=\"1054\" \/>\n\t<meta property=\"og:image:type\" content=\"image\/png\" \/>\n<meta name=\"author\" content=\"No\u00e9\" \/>\n<meta name=\"twitter:card\" content=\"summary_large_image\" \/>\n<meta name=\"twitter:label1\" content=\"\u00c9crit par\" \/>\n\t<meta name=\"twitter:data1\" content=\"No\u00e9\" \/>\n\t<meta name=\"twitter:label2\" content=\"Dur\u00e9e de lecture estim\u00e9e\" \/>\n\t<meta name=\"twitter:data2\" content=\"1 minute\" \/>\n<script type=\"application\/ld+json\" class=\"yoast-schema-graph\">{\"@context\":\"https:\/\/schema.org\",\"@graph\":[{\"@type\":\"WebPage\",\"@id\":\"https:\/\/www.fondationassistanceauxanimaux.org\/actu\/dispensaire-de-strasbourg-fermeture-exceptionnelle-du-1er-au-10-mai-2026-26232\/\",\"url\":\"https:\/\/www.fondationassistanceauxanimaux.org\/actu\/dispensaire-de-strasbourg-fermeture-exceptionnelle-du-1er-au-10-mai-2026-26232\/\",\"name\":\"Dispensaire de Strasbourg : fermeture exceptionnelle du 1er au 10 mai 2026 - Fondation Assistance aux Animaux - Actualit\u00e9s\",\"isPartOf\":{\"@id\":\"https:\/\/www.fondationassistanceauxanimaux.org\/actu\/#website\"},\"primaryImageOfPage\":{\"@id\":\"https:\/\/www.fondationassistanceauxanimaux.org\/actu\/dispensaire-de-strasbourg-fermeture-exceptionnelle-du-1er-au-10-mai-2026-26232\/#primaryimage\"},\"image\":{\"@id\":\"https:\/\/www.fondationassistanceauxanimaux.org\/actu\/dispensaire-de-strasbourg-fermeture-exceptionnelle-du-1er-au-10-mai-2026-26232\/#primaryimage\"},\"thumbnailUrl\":\"https:\/\/www.fondationassistanceauxanimaux.org\/actu\/wp-content\/uploads\/2026\/04\/logo-faa-blanc.png\",\"datePublished\":\"2026-04-27T10:39:02+00:00\",\"dateModified\":\"2026-04-27T10:39:03+00:00\",\"author\":{\"@id\":\"https:\/\/www.fondationassistanceauxanimaux.org\/actu\/#\/schema\/person\/71a8476d98daaea0d71a965c5603e10b\"},\"breadcrumb\":{\"@id\":\"https:\/\/www.fondationassistanceauxanimaux.org\/actu\/dispensaire-de-strasbourg-fermeture-exceptionnelle-du-1er-au-10-mai-2026-26232\/#breadcrumb\"},\"inLanguage\":\"fr-FR\",\"potentialAction\":[{\"@type\":\"ReadAction\",\"target\":[\"https:\/\/www.fondationassistanceauxanimaux.org\/actu\/dispensaire-de-strasbourg-fermeture-exceptionnelle-du-1er-au-10-mai-2026-26232\/\"]}]},{\"@type\":\"ImageObject\",\"inLanguage\":\"fr-FR\",\"@id\":\"https:\/\/www.fondationassistanceauxanimaux.org\/actu\/dispensaire-de-strasbourg-fermeture-exceptionnelle-du-1er-au-10-mai-2026-26232\/#primaryimage\",\"url\":\"https:\/\/www.fondationassistanceauxanimaux.org\/actu\/wp-content\/uploads\/2026\/04\/logo-faa-blanc.png\",\"contentUrl\":\"https:\/\/www.fondationassistanceauxanimaux.org\/actu\/wp-content\/uploads\/2026\/04\/logo-faa-blanc.png\",\"width\":1054,\"height\":1054},{\"@type\":\"BreadcrumbList\",\"@id\":\"https:\/\/www.fondationassistanceauxanimaux.org\/actu\/dispensaire-de-strasbourg-fermeture-exceptionnelle-du-1er-au-10-mai-2026-26232\/#breadcrumb\",\"itemListElement\":[{\"@type\":\"ListItem\",\"position\":1,\"name\":\"Accueil\",\"item\":\"https:\/\/www.fondationassistanceauxanimaux.org\/actu\/\"},{\"@type\":\"ListItem\",\"position\":2,\"name\":\"Dispensaire de Strasbourg : fermeture exceptionnelle du 1er au 10 mai 2026\"}]},{\"@type\":\"WebSite\",\"@id\":\"https:\/\/www.fondationassistanceauxanimaux.org\/actu\/#website\",\"url\":\"https:\/\/www.fondationassistanceauxanimaux.org\/actu\/\",\"name\":\"Fondation Assistance aux Animaux - Actualit\u00e9s\",\"description\":\"Depuis 1930 la Fondation Assistance aux Animaux pour la d\u00e9fense et la protection des animaux maltrait\u00e9s et abandonn\u00e9s\",\"potentialAction\":[{\"@type\":\"SearchAction\",\"target\":{\"@type\":\"EntryPoint\",\"urlTemplate\":\"https:\/\/www.fondationassistanceauxanimaux.org\/actu\/?s={search_term_string}\"},\"query-input\":{\"@type\":\"PropertyValueSpecification\",\"valueRequired\":true,\"valueName\":\"search_term_string\"}}],\"inLanguage\":\"fr-FR\"},{\"@type\":\"Person\",\"@id\":\"https:\/\/www.fondationassistanceauxanimaux.org\/actu\/#\/schema\/person\/71a8476d98daaea0d71a965c5603e10b\",\"name\":\"No\u00e9\",\"image\":{\"@type\":\"ImageObject\",\"inLanguage\":\"fr-FR\",\"@id\":\"https:\/\/www.fondationassistanceauxanimaux.org\/actu\/#\/schema\/person\/image\/\",\"url\":\"https:\/\/secure.gravatar.com\/avatar\/d34cf6c6bd22b3db9c932bc580c4d1ba93c0cda7588a41b59078888ab1e5f007?s=96&d=mm&r=g\",\"contentUrl\":\"https:\/\/secure.gravatar.com\/avatar\/d34cf6c6bd22b3db9c932bc580c4d1ba93c0cda7588a41b59078888ab1e5f007?s=96&d=mm&r=g\",\"caption\":\"No\u00e9\"},\"url\":\"https:\/\/www.fondationassistanceauxanimaux.org\/actu\/author\/anne\/\"}]}<\/script>\n<!-- \/ Yoast SEO plugin. -->","yoast_head_json":{"title":"Dispensaire de Strasbourg : fermeture exceptionnelle du 1er au 10 mai 2026 - Fondation Assistance aux Animaux - Actualit\u00e9s","robots":{"index":"index","follow":"follow","max-snippet":"max-snippet:-1","max-image-preview":"max-image-preview:large","max-video-preview":"max-video-preview:-1"},"canonical":"https:\/\/www.fondationassistanceauxanimaux.org\/actu\/dispensaire-de-strasbourg-fermeture-exceptionnelle-du-1er-au-10-mai-2026-26232\/","og_locale":"fr_FR","og_type":"article","og_title":"Dispensaire de Strasbourg : fermeture exceptionnelle du 1er au 10 mai 2026 - Fondation Assistance aux Animaux - Actualit\u00e9s","og_description":"La Fondation Assistance aux Animaux vous informe que son dispensaire de Strasbourg sera exceptionnellement ferm\u00e9 : Merci de votre compr\u00e9hension.","og_url":"https:\/\/www.fondationassistanceauxanimaux.org\/actu\/dispensaire-de-strasbourg-fermeture-exceptionnelle-du-1er-au-10-mai-2026-26232\/","og_site_name":"Fondation Assistance aux Animaux - Actualit\u00e9s","article_published_time":"2026-04-27T10:39:02+00:00","article_modified_time":"2026-04-27T10:39:03+00:00","og_image":[{"width":1054,"height":1054,"url":"https:\/\/www.fondationassistanceauxanimaux.org\/actu\/wp-content\/uploads\/2026\/04\/logo-faa-blanc.png","type":"image\/png"}],"author":"No\u00e9","twitter_card":"summary_large_image","twitter_misc":{"\u00c9crit par":"No\u00e9","Dur\u00e9e de lecture estim\u00e9e":"1 minute"},"schema":{"@context":"https:\/\/schema.org","@graph":[{"@type":"WebPage","@id":"https:\/\/www.fondationassistanceauxanimaux.org\/actu\/dispensaire-de-strasbourg-fermeture-exceptionnelle-du-1er-au-10-mai-2026-26232\/","url":"https:\/\/www.fondationassistanceauxanimaux.org\/actu\/dispensaire-de-strasbourg-fermeture-exceptionnelle-du-1er-au-10-mai-2026-26232\/","name":"Dispensaire de Strasbourg : fermeture exceptionnelle du 1er au 10 mai 2026 - Fondation Assistance aux Animaux - Actualit\u00e9s","isPartOf":{"@id":"https:\/\/www.fondationassistanceauxanimaux.org\/actu\/#website"},"primaryImageOfPage":{"@id":"https:\/\/www.fondationassistanceauxanimaux.org\/actu\/dispensaire-de-strasbourg-fermeture-exceptionnelle-du-1er-au-10-mai-2026-26232\/#primaryimage"},"image":{"@id":"https:\/\/www.fondationassistanceauxanimaux.org\/actu\/dispensaire-de-strasbourg-fermeture-exceptionnelle-du-1er-au-10-mai-2026-26232\/#primaryimage"},"thumbnailUrl":"https:\/\/www.fondationassistanceauxanimaux.org\/actu\/wp-content\/uploads\/2026\/04\/logo-faa-blanc.png","datePublished":"2026-04-27T10:39:02+00:00","dateModified":"2026-04-27T10:39:03+00:00","author":{"@id":"https:\/\/www.fondationassistanceauxanimaux.org\/actu\/#\/schema\/person\/71a8476d98daaea0d71a965c5603e10b"},"breadcrumb":{"@id":"https:\/\/www.fondationassistanceauxanimaux.org\/actu\/dispensaire-de-strasbourg-fermeture-exceptionnelle-du-1er-au-10-mai-2026-26232\/#breadcrumb"},"inLanguage":"fr-FR","potentialAction":[{"@type":"ReadAction","target":["https:\/\/www.fondationassistanceauxanimaux.org\/actu\/dispensaire-de-strasbourg-fermeture-exceptionnelle-du-1er-au-10-mai-2026-26232\/"]}]},{"@type":"ImageObject","inLanguage":"fr-FR","@id":"https:\/\/www.fondationassistanceauxanimaux.org\/actu\/dispensaire-de-strasbourg-fermeture-exceptionnelle-du-1er-au-10-mai-2026-26232\/#primaryimage","url":"https:\/\/www.fondationassistanceauxanimaux.org\/actu\/wp-content\/uploads\/2026\/04\/logo-faa-blanc.png","contentUrl":"https:\/\/www.fondationassistanceauxanimaux.org\/actu\/wp-content\/uploads\/2026\/04\/logo-faa-blanc.png","width":1054,"height":1054},{"@type":"BreadcrumbList","@id":"https:\/\/www.fondationassistanceauxanimaux.org\/actu\/dispensaire-de-strasbourg-fermeture-exceptionnelle-du-1er-au-10-mai-2026-26232\/#breadcrumb","itemListElement":[{"@type":"ListItem","position":1,"name":"Accueil","item":"https:\/\/www.fondationassistanceauxanimaux.org\/actu\/"},{"@type":"ListItem","position":2,"name":"Dispensaire de Strasbourg : fermeture exceptionnelle du 1er au 10 mai 2026"}]},{"@type":"WebSite","@id":"https:\/\/www.fondationassistanceauxanimaux.org\/actu\/#website","url":"https:\/\/www.fondationassistanceauxanimaux.org\/actu\/","name":"Fondation Assistance aux Animaux - Actualit\u00e9s","description":"Depuis 1930 la Fondation Assistance aux Animaux pour la d\u00e9fense et la protection des animaux maltrait\u00e9s et abandonn\u00e9s","potentialAction":[{"@type":"SearchAction","target":{"@type":"EntryPoint","urlTemplate":"https:\/\/www.fondationassistanceauxanimaux.org\/actu\/?s={search_term_string}"},"query-input":{"@type":"PropertyValueSpecification","valueRequired":true,"valueName":"search_term_string"}}],"inLanguage":"fr-FR"},{"@type":"Person","@id":"https:\/\/www.fondationassistanceauxanimaux.org\/actu\/#\/schema\/person\/71a8476d98daaea0d71a965c5603e10b","name":"No\u00e9","image":{"@type":"ImageObject","inLanguage":"fr-FR","@id":"https:\/\/www.fondationassistanceauxanimaux.org\/actu\/#\/schema\/person\/image\/","url":"https:\/\/secure.gravatar.com\/avatar\/d34cf6c6bd22b3db9c932bc580c4d1ba93c0cda7588a41b59078888ab1e5f007?s=96&d=mm&r=g","contentUrl":"https:\/\/secure.gravatar.com\/avatar\/d34cf6c6bd22b3db9c932bc580c4d1ba93c0cda7588a41b59078888ab1e5f007?s=96&d=mm&r=g","caption":"No\u00e9"},"url":"https:\/\/www.fondationassistanceauxanimaux.org\/actu\/author\/anne\/"}]}},"_links":{"self":[{"href":"https:\/\/www.fondationassistanceauxanimaux.org\/actu\/wp-json\/wp\/v2\/posts\/26232","targetHints":{"allow":["GET"]}}],"collection":[{"href":"https:\/\/www.fondationassistanceauxanimaux.org\/actu\/wp-json\/wp\/v2\/posts"}],"about":[{"href":"https:\/\/www.fondationassistanceauxanimaux.org\/actu\/wp-json\/wp\/v2\/types\/post"}],"author":[{"embeddable":true,"href":"https:\/\/www.fondationassistanceauxanimaux.org\/actu\/wp-json\/wp\/v2\/users\/3"}],"replies":[{"embeddable":true,"href":"https:\/\/www.fondationassistanceauxanimaux.org\/actu\/wp-json\/wp\/v2\/comments?post=26232"}],"version-history":[{"count":2,"href":"https:\/\/www.fondationassistanceauxanimaux.org\/actu\/wp-json\/wp\/v2\/posts\/26232\/revisions"}],"predecessor-version":[{"id":26235,"href":"https:\/\/www.fondationassistanceauxanimaux.org\/actu\/wp-json\/wp\/v2\/posts\/26232\/revisions\/26235"}],"wp:featuredmedia":[{"embeddable":true,"href":"https:\/\/www.fondationassistanceauxanimaux.org\/actu\/wp-json\/wp\/v2\/media\/26236"}],"wp:attachment":[{"href":"https:\/\/www.fondationassistanceauxanimaux.org\/actu\/wp-json\/wp\/v2\/media?parent=26232"}],"wp:term":[{"taxonomy":"category","embeddable":true,"href":"https:\/\/www.fondationassistanceauxanimaux.org\/actu\/wp-json\/wp\/v2\/categories?post=26232"},{"taxonomy":"post_tag","embeddable":true,"href":"https:\/\/www.fondationassistanceauxanimaux.org\/actu\/wp-json\/wp\/v2\/tags?post=26232"}],"curies":[{"name":"wp","href":"https:\/\/api.w.org\/{rel}","templated":true}]}}