{"id":261,"date":"2016-06-30T13:54:18","date_gmt":"2016-06-30T11:54:18","guid":{"rendered":"http:\/\/www.fondationassistanceauxanimaux.org\/actu\/?p=261"},"modified":"2017-06-21T11:26:47","modified_gmt":"2017-06-21T09:26:47","slug":"chien-a-adopter-seine-marne-probleme-de-vue","status":"publish","type":"post","link":"https:\/\/www.fondationassistanceauxanimaux.org\/actu\/chien-a-adopter-seine-marne-probleme-de-vue-261\/","title":{"rendered":"Chien \u00e0 adopter en Seine et Marne, un probl\u00e8me de vue"},"content":{"rendered":"<p><span class='av_dropcap1 av-av_dropcap1-3cd9da5fea0ef5fb27aee617571c39a3'>S<\/span>alut\u00a0! Moi, c\u2019est Isko.\u00a0Je suis beau, je suis jeune, je suis un amour de chien et pourtant\u2026 J\u2019attends depuis des mois une famille qui m\u2019ouvrira son c\u0153ur au refuge de la Fondation Assistance aux Animaux (<strong>refuge de Villevaud\u00e9<\/strong>).<br \/>\nPour ne rien vous cacher, j\u2019ai un probl\u00e8me aux yeux. En fait je perds progressivement la vue, et \u00e0 moyen terme, je deviendrai compl\u00e8tement aveugle. Je crois que c\u2019est pour \u00e7a que personne ne veut de moi.<br \/>\nPourtant, ce que les gens appellent un<strong> handicap<\/strong>, je m\u2019en suis bien accoutum\u00e9. Je joue comme les autres chiens, je fais le foufou, je r\u00e9clame des c\u00e2lins, je reconnais mes soigneurs et mes b\u00e9n\u00e9voles pr\u00e9f\u00e9r\u00e9s, et certains disent de moi que je retrouverais un bout de saucisse cach\u00e9 dans 1 hectare de terrain\u2026 En toute franchise on ne remarque pas tout de suite que je ne vois plus grand chose.<br \/>\nEt puis il para\u00eet que \u00e7a me fait une t\u00eate trop chou, avec l\u2019air toujours surpris, et finalement \u00e7a me rend unique au monde.<br \/>\nMais une fois inform\u00e9 de \u00ab\u00a0mon probl\u00e8me\u00a0\u00bb, les visiteurs passent leur chemin, et moi je reste l\u00e0, derri\u00e8re ma grille, \u00e0 renifler et \u00e0 geindre pour qu\u2019ils reviennent. Jamais personne ne veut m&rsquo;adopter.<br \/>\nIsko est un amour de chien. Joueur, plein d\u2019\u00e9nergie, il n\u2019a que 3 ans et <strong>ne m\u00e9rite vraiment pas de passer les 10 prochaines ann\u00e9es en refuge juste pour un handicap qu\u2019il g\u00e8re bien<\/strong>. Il a tout pour lui c\u2019est vraiment un chien en or, facile, gentil, fid\u00e8le, curieux, et sa bouille est \u00e0 croquer.<br \/>\nVenez le rencontrer, et qui sait, vous tomberez peut-\u00eatre sous son charme\u00a0?<\/p>\n<p><span style=\"color: #ff0000;\">EDIT du 31\/08\/2016 : Nous cl\u00f4turons le mois avec une magnifique adoption ! Isko, notre Loulou aveugle ne dormira plus au refuge !<\/span><\/p>\n","protected":false},"excerpt":{"rendered":"<p>Le chien Isko attend depuis des mois d&rsquo;\u00eatre adopt\u00e9 par une famille qui lui ouvrira son c\u0153ur au refuge de la Fondation Assistance aux Animaux \u00e0 Villevaud\u00e9. <\/p>\n","protected":false},"author":2,"featured_media":262,"comment_status":"closed","ping_status":"closed","sticky":false,"template":"","format":"standard","meta":{"footnotes":""},"categories":[20],"tags":[25,26,92,39],"class_list":["post-261","post","type-post","status-publish","format-standard","has-post-thumbnail","hentry","category-refuge-de-villevaude","tag-adoption","tag-chien","tag-handicap","tag-refuge"],"yoast_head":"<!-- This site is optimized with the Yoast SEO plugin v24.5 - https:\/\/yoast.com\/wordpress\/plugins\/seo\/ -->\n<title>Chien \u00e0 adopter en Seine et Marne, un probl\u00e8me de vue - Fondation Assistance aux Animaux - Actualit\u00e9s<\/title>\n<meta name=\"robots\" content=\"index, follow, max-snippet:-1, max-image-preview:large, max-video-preview:-1\" \/>\n<link rel=\"canonical\" href=\"https:\/\/www.fondationassistanceauxanimaux.org\/actu\/chien-a-adopter-seine-marne-probleme-de-vue-261\/\" \/>\n<meta property=\"og:locale\" content=\"fr_FR\" \/>\n<meta property=\"og:type\" content=\"article\" \/>\n<meta property=\"og:title\" content=\"Chien \u00e0 adopter en Seine et Marne, un probl\u00e8me de vue - Fondation Assistance aux Animaux - Actualit\u00e9s\" \/>\n<meta property=\"og:description\" content=\"Le chien Isko attend depuis des mois d&#039;\u00eatre adopt\u00e9 par une famille qui lui ouvrira son c\u0153ur au refuge de la Fondation Assistance aux Animaux \u00e0 Villevaud\u00e9.\" \/>\n<meta property=\"og:url\" content=\"https:\/\/www.fondationassistanceauxanimaux.org\/actu\/chien-a-adopter-seine-marne-probleme-de-vue-261\/\" \/>\n<meta property=\"og:site_name\" content=\"Fondation Assistance aux Animaux - Actualit\u00e9s\" \/>\n<meta property=\"article:published_time\" content=\"2016-06-30T11:54:18+00:00\" \/>\n<meta property=\"article:modified_time\" content=\"2017-06-21T09:26:47+00:00\" \/>\n<meta property=\"og:image\" content=\"https:\/\/www.fondationassistanceauxanimaux.org\/actu\/wp-content\/uploads\/2016\/06\/Isko-e1467290730490.jpg\" \/>\n\t<meta property=\"og:image:width\" content=\"600\" \/>\n\t<meta property=\"og:image:height\" content=\"496\" \/>\n\t<meta property=\"og:image:type\" content=\"image\/jpeg\" \/>\n<meta name=\"author\" content=\"V\u00e9ronique\" \/>\n<meta name=\"twitter:card\" content=\"summary_large_image\" \/>\n<meta name=\"twitter:label1\" content=\"\u00c9crit par\" \/>\n\t<meta name=\"twitter:data1\" content=\"V\u00e9ronique\" \/>\n\t<meta name=\"twitter:label2\" content=\"Dur\u00e9e de lecture estim\u00e9e\" \/>\n\t<meta name=\"twitter:data2\" content=\"2 minutes\" \/>\n<script type=\"application\/ld+json\" class=\"yoast-schema-graph\">{\"@context\":\"https:\/\/schema.org\",\"@graph\":[{\"@type\":\"WebPage\",\"@id\":\"https:\/\/www.fondationassistanceauxanimaux.org\/actu\/chien-a-adopter-seine-marne-probleme-de-vue-261\/\",\"url\":\"https:\/\/www.fondationassistanceauxanimaux.org\/actu\/chien-a-adopter-seine-marne-probleme-de-vue-261\/\",\"name\":\"Chien \u00e0 adopter en Seine et Marne, un probl\u00e8me de vue - Fondation Assistance aux Animaux - Actualit\u00e9s\",\"isPartOf\":{\"@id\":\"https:\/\/www.fondationassistanceauxanimaux.org\/actu\/#website\"},\"primaryImageOfPage\":{\"@id\":\"https:\/\/www.fondationassistanceauxanimaux.org\/actu\/chien-a-adopter-seine-marne-probleme-de-vue-261\/#primaryimage\"},\"image\":{\"@id\":\"https:\/\/www.fondationassistanceauxanimaux.org\/actu\/chien-a-adopter-seine-marne-probleme-de-vue-261\/#primaryimage\"},\"thumbnailUrl\":\"https:\/\/www.fondationassistanceauxanimaux.org\/actu\/wp-content\/uploads\/2016\/06\/Isko-e1467290730490.jpg\",\"datePublished\":\"2016-06-30T11:54:18+00:00\",\"dateModified\":\"2017-06-21T09:26:47+00:00\",\"author\":{\"@id\":\"https:\/\/www.fondationassistanceauxanimaux.org\/actu\/#\/schema\/person\/de3a85787a96a69500647a0c6d82585b\"},\"breadcrumb\":{\"@id\":\"https:\/\/www.fondationassistanceauxanimaux.org\/actu\/chien-a-adopter-seine-marne-probleme-de-vue-261\/#breadcrumb\"},\"inLanguage\":\"fr-FR\",\"potentialAction\":[{\"@type\":\"ReadAction\",\"target\":[\"https:\/\/www.fondationassistanceauxanimaux.org\/actu\/chien-a-adopter-seine-marne-probleme-de-vue-261\/\"]}]},{\"@type\":\"ImageObject\",\"inLanguage\":\"fr-FR\",\"@id\":\"https:\/\/www.fondationassistanceauxanimaux.org\/actu\/chien-a-adopter-seine-marne-probleme-de-vue-261\/#primaryimage\",\"url\":\"https:\/\/www.fondationassistanceauxanimaux.org\/actu\/wp-content\/uploads\/2016\/06\/Isko-e1467290730490.jpg\",\"contentUrl\":\"https:\/\/www.fondationassistanceauxanimaux.org\/actu\/wp-content\/uploads\/2016\/06\/Isko-e1467290730490.jpg\",\"width\":600,\"height\":496,\"caption\":\"Chien \u00e0 l'adoption\"},{\"@type\":\"BreadcrumbList\",\"@id\":\"https:\/\/www.fondationassistanceauxanimaux.org\/actu\/chien-a-adopter-seine-marne-probleme-de-vue-261\/#breadcrumb\",\"itemListElement\":[{\"@type\":\"ListItem\",\"position\":1,\"name\":\"Accueil\",\"item\":\"https:\/\/www.fondationassistanceauxanimaux.org\/actu\/\"},{\"@type\":\"ListItem\",\"position\":2,\"name\":\"Chien \u00e0 adopter en Seine et Marne, un probl\u00e8me de vue\"}]},{\"@type\":\"WebSite\",\"@id\":\"https:\/\/www.fondationassistanceauxanimaux.org\/actu\/#website\",\"url\":\"https:\/\/www.fondationassistanceauxanimaux.org\/actu\/\",\"name\":\"Fondation Assistance aux Animaux - Actualit\u00e9s\",\"description\":\"Depuis 1930 la Fondation Assistance aux Animaux pour la d\u00e9fense et la protection des animaux maltrait\u00e9s et abandonn\u00e9s\",\"potentialAction\":[{\"@type\":\"SearchAction\",\"target\":{\"@type\":\"EntryPoint\",\"urlTemplate\":\"https:\/\/www.fondationassistanceauxanimaux.org\/actu\/?s={search_term_string}\"},\"query-input\":{\"@type\":\"PropertyValueSpecification\",\"valueRequired\":true,\"valueName\":\"search_term_string\"}}],\"inLanguage\":\"fr-FR\"},{\"@type\":\"Person\",\"@id\":\"https:\/\/www.fondationassistanceauxanimaux.org\/actu\/#\/schema\/person\/de3a85787a96a69500647a0c6d82585b\",\"name\":\"V\u00e9ronique\",\"image\":{\"@type\":\"ImageObject\",\"inLanguage\":\"fr-FR\",\"@id\":\"https:\/\/www.fondationassistanceauxanimaux.org\/actu\/#\/schema\/person\/image\/\",\"url\":\"https:\/\/secure.gravatar.com\/avatar\/576becc0167ed53051970699069fd1fd43aab7e14515ffaadc3ffea18393161e?s=96&d=mm&r=g\",\"contentUrl\":\"https:\/\/secure.gravatar.com\/avatar\/576becc0167ed53051970699069fd1fd43aab7e14515ffaadc3ffea18393161e?s=96&d=mm&r=g\",\"caption\":\"V\u00e9ronique\"},\"url\":\"https:\/\/www.fondationassistanceauxanimaux.org\/actu\/author\/vero\/\"}]}<\/script>\n<!-- \/ Yoast SEO plugin. -->","yoast_head_json":{"title":"Chien \u00e0 adopter en Seine et Marne, un probl\u00e8me de vue - Fondation Assistance aux Animaux - Actualit\u00e9s","robots":{"index":"index","follow":"follow","max-snippet":"max-snippet:-1","max-image-preview":"max-image-preview:large","max-video-preview":"max-video-preview:-1"},"canonical":"https:\/\/www.fondationassistanceauxanimaux.org\/actu\/chien-a-adopter-seine-marne-probleme-de-vue-261\/","og_locale":"fr_FR","og_type":"article","og_title":"Chien \u00e0 adopter en Seine et Marne, un probl\u00e8me de vue - Fondation Assistance aux Animaux - Actualit\u00e9s","og_description":"Le chien Isko attend depuis des mois d'\u00eatre adopt\u00e9 par une famille qui lui ouvrira son c\u0153ur au refuge de la Fondation Assistance aux Animaux \u00e0 Villevaud\u00e9.","og_url":"https:\/\/www.fondationassistanceauxanimaux.org\/actu\/chien-a-adopter-seine-marne-probleme-de-vue-261\/","og_site_name":"Fondation Assistance aux Animaux - Actualit\u00e9s","article_published_time":"2016-06-30T11:54:18+00:00","article_modified_time":"2017-06-21T09:26:47+00:00","og_image":[{"width":600,"height":496,"url":"https:\/\/www.fondationassistanceauxanimaux.org\/actu\/wp-content\/uploads\/2016\/06\/Isko-e1467290730490.jpg","type":"image\/jpeg"}],"author":"V\u00e9ronique","twitter_card":"summary_large_image","twitter_misc":{"\u00c9crit par":"V\u00e9ronique","Dur\u00e9e de lecture estim\u00e9e":"2 minutes"},"schema":{"@context":"https:\/\/schema.org","@graph":[{"@type":"WebPage","@id":"https:\/\/www.fondationassistanceauxanimaux.org\/actu\/chien-a-adopter-seine-marne-probleme-de-vue-261\/","url":"https:\/\/www.fondationassistanceauxanimaux.org\/actu\/chien-a-adopter-seine-marne-probleme-de-vue-261\/","name":"Chien \u00e0 adopter en Seine et Marne, un probl\u00e8me de vue - Fondation Assistance aux Animaux - Actualit\u00e9s","isPartOf":{"@id":"https:\/\/www.fondationassistanceauxanimaux.org\/actu\/#website"},"primaryImageOfPage":{"@id":"https:\/\/www.fondationassistanceauxanimaux.org\/actu\/chien-a-adopter-seine-marne-probleme-de-vue-261\/#primaryimage"},"image":{"@id":"https:\/\/www.fondationassistanceauxanimaux.org\/actu\/chien-a-adopter-seine-marne-probleme-de-vue-261\/#primaryimage"},"thumbnailUrl":"https:\/\/www.fondationassistanceauxanimaux.org\/actu\/wp-content\/uploads\/2016\/06\/Isko-e1467290730490.jpg","datePublished":"2016-06-30T11:54:18+00:00","dateModified":"2017-06-21T09:26:47+00:00","author":{"@id":"https:\/\/www.fondationassistanceauxanimaux.org\/actu\/#\/schema\/person\/de3a85787a96a69500647a0c6d82585b"},"breadcrumb":{"@id":"https:\/\/www.fondationassistanceauxanimaux.org\/actu\/chien-a-adopter-seine-marne-probleme-de-vue-261\/#breadcrumb"},"inLanguage":"fr-FR","potentialAction":[{"@type":"ReadAction","target":["https:\/\/www.fondationassistanceauxanimaux.org\/actu\/chien-a-adopter-seine-marne-probleme-de-vue-261\/"]}]},{"@type":"ImageObject","inLanguage":"fr-FR","@id":"https:\/\/www.fondationassistanceauxanimaux.org\/actu\/chien-a-adopter-seine-marne-probleme-de-vue-261\/#primaryimage","url":"https:\/\/www.fondationassistanceauxanimaux.org\/actu\/wp-content\/uploads\/2016\/06\/Isko-e1467290730490.jpg","contentUrl":"https:\/\/www.fondationassistanceauxanimaux.org\/actu\/wp-content\/uploads\/2016\/06\/Isko-e1467290730490.jpg","width":600,"height":496,"caption":"Chien \u00e0 l'adoption"},{"@type":"BreadcrumbList","@id":"https:\/\/www.fondationassistanceauxanimaux.org\/actu\/chien-a-adopter-seine-marne-probleme-de-vue-261\/#breadcrumb","itemListElement":[{"@type":"ListItem","position":1,"name":"Accueil","item":"https:\/\/www.fondationassistanceauxanimaux.org\/actu\/"},{"@type":"ListItem","position":2,"name":"Chien \u00e0 adopter en Seine et Marne, un probl\u00e8me de vue"}]},{"@type":"WebSite","@id":"https:\/\/www.fondationassistanceauxanimaux.org\/actu\/#website","url":"https:\/\/www.fondationassistanceauxanimaux.org\/actu\/","name":"Fondation Assistance aux Animaux - Actualit\u00e9s","description":"Depuis 1930 la Fondation Assistance aux Animaux pour la d\u00e9fense et la protection des animaux maltrait\u00e9s et abandonn\u00e9s","potentialAction":[{"@type":"SearchAction","target":{"@type":"EntryPoint","urlTemplate":"https:\/\/www.fondationassistanceauxanimaux.org\/actu\/?s={search_term_string}"},"query-input":{"@type":"PropertyValueSpecification","valueRequired":true,"valueName":"search_term_string"}}],"inLanguage":"fr-FR"},{"@type":"Person","@id":"https:\/\/www.fondationassistanceauxanimaux.org\/actu\/#\/schema\/person\/de3a85787a96a69500647a0c6d82585b","name":"V\u00e9ronique","image":{"@type":"ImageObject","inLanguage":"fr-FR","@id":"https:\/\/www.fondationassistanceauxanimaux.org\/actu\/#\/schema\/person\/image\/","url":"https:\/\/secure.gravatar.com\/avatar\/576becc0167ed53051970699069fd1fd43aab7e14515ffaadc3ffea18393161e?s=96&d=mm&r=g","contentUrl":"https:\/\/secure.gravatar.com\/avatar\/576becc0167ed53051970699069fd1fd43aab7e14515ffaadc3ffea18393161e?s=96&d=mm&r=g","caption":"V\u00e9ronique"},"url":"https:\/\/www.fondationassistanceauxanimaux.org\/actu\/author\/vero\/"}]}},"_links":{"self":[{"href":"https:\/\/www.fondationassistanceauxanimaux.org\/actu\/wp-json\/wp\/v2\/posts\/261","targetHints":{"allow":["GET"]}}],"collection":[{"href":"https:\/\/www.fondationassistanceauxanimaux.org\/actu\/wp-json\/wp\/v2\/posts"}],"about":[{"href":"https:\/\/www.fondationassistanceauxanimaux.org\/actu\/wp-json\/wp\/v2\/types\/post"}],"author":[{"embeddable":true,"href":"https:\/\/www.fondationassistanceauxanimaux.org\/actu\/wp-json\/wp\/v2\/users\/2"}],"replies":[{"embeddable":true,"href":"https:\/\/www.fondationassistanceauxanimaux.org\/actu\/wp-json\/wp\/v2\/comments?post=261"}],"version-history":[{"count":7,"href":"https:\/\/www.fondationassistanceauxanimaux.org\/actu\/wp-json\/wp\/v2\/posts\/261\/revisions"}],"predecessor-version":[{"id":597,"href":"https:\/\/www.fondationassistanceauxanimaux.org\/actu\/wp-json\/wp\/v2\/posts\/261\/revisions\/597"}],"wp:featuredmedia":[{"embeddable":true,"href":"https:\/\/www.fondationassistanceauxanimaux.org\/actu\/wp-json\/wp\/v2\/media\/262"}],"wp:attachment":[{"href":"https:\/\/www.fondationassistanceauxanimaux.org\/actu\/wp-json\/wp\/v2\/media?parent=261"}],"wp:term":[{"taxonomy":"category","embeddable":true,"href":"https:\/\/www.fondationassistanceauxanimaux.org\/actu\/wp-json\/wp\/v2\/categories?post=261"},{"taxonomy":"post_tag","embeddable":true,"href":"https:\/\/www.fondationassistanceauxanimaux.org\/actu\/wp-json\/wp\/v2\/tags?post=261"}],"curies":[{"name":"wp","href":"https:\/\/api.w.org\/{rel}","templated":true}]}}