{"id":26059,"date":"2026-03-11T02:40:18","date_gmt":"2026-03-11T01:40:18","guid":{"rendered":"https:\/\/www.fondationassistanceauxanimaux.org\/actu\/?p=26059"},"modified":"2026-03-11T02:40:19","modified_gmt":"2026-03-11T01:40:19","slug":"ladoption-de-zac-petit-protege-du-refuge-de-villevaude","status":"publish","type":"post","link":"https:\/\/www.fondationassistanceauxanimaux.org\/actu\/ladoption-de-zac-petit-protege-du-refuge-de-villevaude-26059\/","title":{"rendered":"L&rsquo;adoption de Zac, petit prot\u00e9g\u00e9 du refuge de Villevaud\u00e9"},"content":{"rendered":"\n<p><strong>Aujourd\u2019hui, Zac est parti pour vivre de nouvelles aventures aux c\u00f4t\u00e9s de son b\u00e9n\u00e9vole pr\u00e9f\u00e9r\u00e9 !<\/strong><\/p>\n\n\n\n<p><strong>Pour Jean-Yves, accueillir Zac dans sa famille a \u00e9t\u00e9 comme une \u00e9vidence.<\/strong><\/p>\n\n\n\n<p><strong>\u00ab Quand j\u2019ai commenc\u00e9 le b\u00e9n\u00e9volat il y a 2 mois, je me suis tout de suite attach\u00e9 \u00e0 lui \u00bb, nous a confi\u00e9 Jean-Yves.<\/strong><\/p>\n\n\n\n<p><strong>Zac va donc enfin pouvoir conna\u00eetre la belle vie qu\u2019il m\u00e9rite tant !<\/strong><\/p>\n\n\n\n<figure class=\"wp-block-image aligncenter size-large\"><img loading=\"lazy\" decoding=\"async\" width=\"775\" height=\"1030\" src=\"https:\/\/www.fondationassistanceauxanimaux.org\/actu\/wp-content\/uploads\/2026\/03\/649237622_18352787818229574_7860586773101293883_n-775x1030.jpg\" alt=\"\" class=\"wp-image-26060\" srcset=\"https:\/\/www.fondationassistanceauxanimaux.org\/actu\/wp-content\/uploads\/2026\/03\/649237622_18352787818229574_7860586773101293883_n-775x1030.jpg 775w, https:\/\/www.fondationassistanceauxanimaux.org\/actu\/wp-content\/uploads\/2026\/03\/649237622_18352787818229574_7860586773101293883_n-226x300.jpg 226w, https:\/\/www.fondationassistanceauxanimaux.org\/actu\/wp-content\/uploads\/2026\/03\/649237622_18352787818229574_7860586773101293883_n-768x1021.jpg 768w, https:\/\/www.fondationassistanceauxanimaux.org\/actu\/wp-content\/uploads\/2026\/03\/649237622_18352787818229574_7860586773101293883_n-530x705.jpg 530w, https:\/\/www.fondationassistanceauxanimaux.org\/actu\/wp-content\/uploads\/2026\/03\/649237622_18352787818229574_7860586773101293883_n.jpg 1080w\" sizes=\"auto, (max-width: 775px) 100vw, 775px\" \/><\/figure>\n\n\n\n<blockquote class=\"wp-block-quote is-layout-flow wp-block-quote-is-layout-flow\">\n<p><strong>Nous en profitons \u00e9galement pour remercier tous nos b\u00e9n\u00e9voles qui nous accompagnent chaque jour dans notre travail. Leur implication rend la vie de nos loulous bien plus douce au refuge.<\/strong><\/p>\n<\/blockquote>\n\n\n\n<blockquote class=\"wp-block-quote is-layout-flow wp-block-quote-is-layout-flow\">\n<p><strong>Merci \u00e0 toutes ces belles personnes qui offrent si g\u00e9n\u00e9reusement de leur temps, de leur \u00e9nergie et de leur c\u0153ur pour aider nos pensionnaires.<\/strong><\/p>\n<\/blockquote>\n","protected":false},"excerpt":{"rendered":"<p>Aujourd\u2019hui, Zac est parti pour vivre de nouvelles aventures aux c\u00f4t\u00e9s de son b\u00e9n\u00e9vole pr\u00e9f\u00e9r\u00e9 ! Pour Jean-Yves, accueillir Zac dans sa famille a \u00e9t\u00e9 comme une \u00e9vidence. \u00ab Quand j\u2019ai commenc\u00e9 le b\u00e9n\u00e9volat il y a 2 mois, je me suis tout de suite attach\u00e9 \u00e0 lui \u00bb, nous a confi\u00e9 Jean-Yves. Zac va [&hellip;]<\/p>\n","protected":false},"author":3,"featured_media":26060,"comment_status":"closed","ping_status":"closed","sticky":false,"template":"","format":"standard","meta":{"footnotes":""},"categories":[21],"tags":[],"class_list":["post-26059","post","type-post","status-publish","format-standard","has-post-thumbnail","hentry","category-fondation-assistance-aux-animaux"],"yoast_head":"<!-- This site is optimized with the Yoast SEO plugin v24.5 - https:\/\/yoast.com\/wordpress\/plugins\/seo\/ -->\n<title>L&#039;adoption de Zac, petit prot\u00e9g\u00e9 du refuge de Villevaud\u00e9 - Fondation Assistance aux Animaux - Actualit\u00e9s<\/title>\n<meta name=\"robots\" content=\"index, follow, max-snippet:-1, max-image-preview:large, max-video-preview:-1\" \/>\n<link rel=\"canonical\" href=\"https:\/\/www.fondationassistanceauxanimaux.org\/actu\/ladoption-de-zac-petit-protege-du-refuge-de-villevaude-26059\/\" \/>\n<meta property=\"og:locale\" content=\"fr_FR\" \/>\n<meta property=\"og:type\" content=\"article\" \/>\n<meta property=\"og:title\" content=\"L&#039;adoption de Zac, petit prot\u00e9g\u00e9 du refuge de Villevaud\u00e9 - Fondation Assistance aux Animaux - Actualit\u00e9s\" \/>\n<meta property=\"og:description\" content=\"Aujourd\u2019hui, Zac est parti pour vivre de nouvelles aventures aux c\u00f4t\u00e9s de son b\u00e9n\u00e9vole pr\u00e9f\u00e9r\u00e9 ! Pour Jean-Yves, accueillir Zac dans sa famille a \u00e9t\u00e9 comme une \u00e9vidence. \u00ab Quand j\u2019ai commenc\u00e9 le b\u00e9n\u00e9volat il y a 2 mois, je me suis tout de suite attach\u00e9 \u00e0 lui \u00bb, nous a confi\u00e9 Jean-Yves. Zac va [&hellip;]\" \/>\n<meta property=\"og:url\" content=\"https:\/\/www.fondationassistanceauxanimaux.org\/actu\/ladoption-de-zac-petit-protege-du-refuge-de-villevaude-26059\/\" \/>\n<meta property=\"og:site_name\" content=\"Fondation Assistance aux Animaux - Actualit\u00e9s\" \/>\n<meta property=\"article:published_time\" content=\"2026-03-11T01:40:18+00:00\" \/>\n<meta property=\"article:modified_time\" content=\"2026-03-11T01:40:19+00:00\" \/>\n<meta property=\"og:image\" content=\"https:\/\/www.fondationassistanceauxanimaux.org\/actu\/wp-content\/uploads\/2026\/03\/649237622_18352787818229574_7860586773101293883_n.jpg\" \/>\n\t<meta property=\"og:image:width\" content=\"1080\" \/>\n\t<meta property=\"og:image:height\" content=\"1436\" \/>\n\t<meta property=\"og:image:type\" content=\"image\/jpeg\" \/>\n<meta name=\"author\" content=\"No\u00e9\" \/>\n<meta name=\"twitter:card\" content=\"summary_large_image\" \/>\n<meta name=\"twitter:label1\" content=\"\u00c9crit par\" \/>\n\t<meta name=\"twitter:data1\" content=\"No\u00e9\" \/>\n\t<meta name=\"twitter:label2\" content=\"Dur\u00e9e de lecture estim\u00e9e\" \/>\n\t<meta name=\"twitter:data2\" content=\"1 minute\" \/>\n<script type=\"application\/ld+json\" class=\"yoast-schema-graph\">{\"@context\":\"https:\/\/schema.org\",\"@graph\":[{\"@type\":\"WebPage\",\"@id\":\"https:\/\/www.fondationassistanceauxanimaux.org\/actu\/ladoption-de-zac-petit-protege-du-refuge-de-villevaude-26059\/\",\"url\":\"https:\/\/www.fondationassistanceauxanimaux.org\/actu\/ladoption-de-zac-petit-protege-du-refuge-de-villevaude-26059\/\",\"name\":\"L'adoption de Zac, petit prot\u00e9g\u00e9 du refuge de Villevaud\u00e9 - Fondation Assistance aux Animaux - Actualit\u00e9s\",\"isPartOf\":{\"@id\":\"https:\/\/www.fondationassistanceauxanimaux.org\/actu\/#website\"},\"primaryImageOfPage\":{\"@id\":\"https:\/\/www.fondationassistanceauxanimaux.org\/actu\/ladoption-de-zac-petit-protege-du-refuge-de-villevaude-26059\/#primaryimage\"},\"image\":{\"@id\":\"https:\/\/www.fondationassistanceauxanimaux.org\/actu\/ladoption-de-zac-petit-protege-du-refuge-de-villevaude-26059\/#primaryimage\"},\"thumbnailUrl\":\"https:\/\/www.fondationassistanceauxanimaux.org\/actu\/wp-content\/uploads\/2026\/03\/649237622_18352787818229574_7860586773101293883_n.jpg\",\"datePublished\":\"2026-03-11T01:40:18+00:00\",\"dateModified\":\"2026-03-11T01:40:19+00:00\",\"author\":{\"@id\":\"https:\/\/www.fondationassistanceauxanimaux.org\/actu\/#\/schema\/person\/71a8476d98daaea0d71a965c5603e10b\"},\"breadcrumb\":{\"@id\":\"https:\/\/www.fondationassistanceauxanimaux.org\/actu\/ladoption-de-zac-petit-protege-du-refuge-de-villevaude-26059\/#breadcrumb\"},\"inLanguage\":\"fr-FR\",\"potentialAction\":[{\"@type\":\"ReadAction\",\"target\":[\"https:\/\/www.fondationassistanceauxanimaux.org\/actu\/ladoption-de-zac-petit-protege-du-refuge-de-villevaude-26059\/\"]}]},{\"@type\":\"ImageObject\",\"inLanguage\":\"fr-FR\",\"@id\":\"https:\/\/www.fondationassistanceauxanimaux.org\/actu\/ladoption-de-zac-petit-protege-du-refuge-de-villevaude-26059\/#primaryimage\",\"url\":\"https:\/\/www.fondationassistanceauxanimaux.org\/actu\/wp-content\/uploads\/2026\/03\/649237622_18352787818229574_7860586773101293883_n.jpg\",\"contentUrl\":\"https:\/\/www.fondationassistanceauxanimaux.org\/actu\/wp-content\/uploads\/2026\/03\/649237622_18352787818229574_7860586773101293883_n.jpg\",\"width\":1080,\"height\":1436},{\"@type\":\"BreadcrumbList\",\"@id\":\"https:\/\/www.fondationassistanceauxanimaux.org\/actu\/ladoption-de-zac-petit-protege-du-refuge-de-villevaude-26059\/#breadcrumb\",\"itemListElement\":[{\"@type\":\"ListItem\",\"position\":1,\"name\":\"Accueil\",\"item\":\"https:\/\/www.fondationassistanceauxanimaux.org\/actu\/\"},{\"@type\":\"ListItem\",\"position\":2,\"name\":\"L&rsquo;adoption de Zac, petit prot\u00e9g\u00e9 du refuge de Villevaud\u00e9\"}]},{\"@type\":\"WebSite\",\"@id\":\"https:\/\/www.fondationassistanceauxanimaux.org\/actu\/#website\",\"url\":\"https:\/\/www.fondationassistanceauxanimaux.org\/actu\/\",\"name\":\"Fondation Assistance aux Animaux - Actualit\u00e9s\",\"description\":\"Depuis 1930 la Fondation Assistance aux Animaux pour la d\u00e9fense et la protection des animaux maltrait\u00e9s et abandonn\u00e9s\",\"potentialAction\":[{\"@type\":\"SearchAction\",\"target\":{\"@type\":\"EntryPoint\",\"urlTemplate\":\"https:\/\/www.fondationassistanceauxanimaux.org\/actu\/?s={search_term_string}\"},\"query-input\":{\"@type\":\"PropertyValueSpecification\",\"valueRequired\":true,\"valueName\":\"search_term_string\"}}],\"inLanguage\":\"fr-FR\"},{\"@type\":\"Person\",\"@id\":\"https:\/\/www.fondationassistanceauxanimaux.org\/actu\/#\/schema\/person\/71a8476d98daaea0d71a965c5603e10b\",\"name\":\"No\u00e9\",\"image\":{\"@type\":\"ImageObject\",\"inLanguage\":\"fr-FR\",\"@id\":\"https:\/\/www.fondationassistanceauxanimaux.org\/actu\/#\/schema\/person\/image\/\",\"url\":\"https:\/\/secure.gravatar.com\/avatar\/d34cf6c6bd22b3db9c932bc580c4d1ba93c0cda7588a41b59078888ab1e5f007?s=96&d=mm&r=g\",\"contentUrl\":\"https:\/\/secure.gravatar.com\/avatar\/d34cf6c6bd22b3db9c932bc580c4d1ba93c0cda7588a41b59078888ab1e5f007?s=96&d=mm&r=g\",\"caption\":\"No\u00e9\"},\"url\":\"https:\/\/www.fondationassistanceauxanimaux.org\/actu\/author\/anne\/\"}]}<\/script>\n<!-- \/ Yoast SEO plugin. -->","yoast_head_json":{"title":"L'adoption de Zac, petit prot\u00e9g\u00e9 du refuge de Villevaud\u00e9 - Fondation Assistance aux Animaux - Actualit\u00e9s","robots":{"index":"index","follow":"follow","max-snippet":"max-snippet:-1","max-image-preview":"max-image-preview:large","max-video-preview":"max-video-preview:-1"},"canonical":"https:\/\/www.fondationassistanceauxanimaux.org\/actu\/ladoption-de-zac-petit-protege-du-refuge-de-villevaude-26059\/","og_locale":"fr_FR","og_type":"article","og_title":"L'adoption de Zac, petit prot\u00e9g\u00e9 du refuge de Villevaud\u00e9 - Fondation Assistance aux Animaux - Actualit\u00e9s","og_description":"Aujourd\u2019hui, Zac est parti pour vivre de nouvelles aventures aux c\u00f4t\u00e9s de son b\u00e9n\u00e9vole pr\u00e9f\u00e9r\u00e9 ! Pour Jean-Yves, accueillir Zac dans sa famille a \u00e9t\u00e9 comme une \u00e9vidence. \u00ab Quand j\u2019ai commenc\u00e9 le b\u00e9n\u00e9volat il y a 2 mois, je me suis tout de suite attach\u00e9 \u00e0 lui \u00bb, nous a confi\u00e9 Jean-Yves. Zac va [&hellip;]","og_url":"https:\/\/www.fondationassistanceauxanimaux.org\/actu\/ladoption-de-zac-petit-protege-du-refuge-de-villevaude-26059\/","og_site_name":"Fondation Assistance aux Animaux - Actualit\u00e9s","article_published_time":"2026-03-11T01:40:18+00:00","article_modified_time":"2026-03-11T01:40:19+00:00","og_image":[{"width":1080,"height":1436,"url":"https:\/\/www.fondationassistanceauxanimaux.org\/actu\/wp-content\/uploads\/2026\/03\/649237622_18352787818229574_7860586773101293883_n.jpg","type":"image\/jpeg"}],"author":"No\u00e9","twitter_card":"summary_large_image","twitter_misc":{"\u00c9crit par":"No\u00e9","Dur\u00e9e de lecture estim\u00e9e":"1 minute"},"schema":{"@context":"https:\/\/schema.org","@graph":[{"@type":"WebPage","@id":"https:\/\/www.fondationassistanceauxanimaux.org\/actu\/ladoption-de-zac-petit-protege-du-refuge-de-villevaude-26059\/","url":"https:\/\/www.fondationassistanceauxanimaux.org\/actu\/ladoption-de-zac-petit-protege-du-refuge-de-villevaude-26059\/","name":"L'adoption de Zac, petit prot\u00e9g\u00e9 du refuge de Villevaud\u00e9 - Fondation Assistance aux Animaux - Actualit\u00e9s","isPartOf":{"@id":"https:\/\/www.fondationassistanceauxanimaux.org\/actu\/#website"},"primaryImageOfPage":{"@id":"https:\/\/www.fondationassistanceauxanimaux.org\/actu\/ladoption-de-zac-petit-protege-du-refuge-de-villevaude-26059\/#primaryimage"},"image":{"@id":"https:\/\/www.fondationassistanceauxanimaux.org\/actu\/ladoption-de-zac-petit-protege-du-refuge-de-villevaude-26059\/#primaryimage"},"thumbnailUrl":"https:\/\/www.fondationassistanceauxanimaux.org\/actu\/wp-content\/uploads\/2026\/03\/649237622_18352787818229574_7860586773101293883_n.jpg","datePublished":"2026-03-11T01:40:18+00:00","dateModified":"2026-03-11T01:40:19+00:00","author":{"@id":"https:\/\/www.fondationassistanceauxanimaux.org\/actu\/#\/schema\/person\/71a8476d98daaea0d71a965c5603e10b"},"breadcrumb":{"@id":"https:\/\/www.fondationassistanceauxanimaux.org\/actu\/ladoption-de-zac-petit-protege-du-refuge-de-villevaude-26059\/#breadcrumb"},"inLanguage":"fr-FR","potentialAction":[{"@type":"ReadAction","target":["https:\/\/www.fondationassistanceauxanimaux.org\/actu\/ladoption-de-zac-petit-protege-du-refuge-de-villevaude-26059\/"]}]},{"@type":"ImageObject","inLanguage":"fr-FR","@id":"https:\/\/www.fondationassistanceauxanimaux.org\/actu\/ladoption-de-zac-petit-protege-du-refuge-de-villevaude-26059\/#primaryimage","url":"https:\/\/www.fondationassistanceauxanimaux.org\/actu\/wp-content\/uploads\/2026\/03\/649237622_18352787818229574_7860586773101293883_n.jpg","contentUrl":"https:\/\/www.fondationassistanceauxanimaux.org\/actu\/wp-content\/uploads\/2026\/03\/649237622_18352787818229574_7860586773101293883_n.jpg","width":1080,"height":1436},{"@type":"BreadcrumbList","@id":"https:\/\/www.fondationassistanceauxanimaux.org\/actu\/ladoption-de-zac-petit-protege-du-refuge-de-villevaude-26059\/#breadcrumb","itemListElement":[{"@type":"ListItem","position":1,"name":"Accueil","item":"https:\/\/www.fondationassistanceauxanimaux.org\/actu\/"},{"@type":"ListItem","position":2,"name":"L&rsquo;adoption de Zac, petit prot\u00e9g\u00e9 du refuge de Villevaud\u00e9"}]},{"@type":"WebSite","@id":"https:\/\/www.fondationassistanceauxanimaux.org\/actu\/#website","url":"https:\/\/www.fondationassistanceauxanimaux.org\/actu\/","name":"Fondation Assistance aux Animaux - Actualit\u00e9s","description":"Depuis 1930 la Fondation Assistance aux Animaux pour la d\u00e9fense et la protection des animaux maltrait\u00e9s et abandonn\u00e9s","potentialAction":[{"@type":"SearchAction","target":{"@type":"EntryPoint","urlTemplate":"https:\/\/www.fondationassistanceauxanimaux.org\/actu\/?s={search_term_string}"},"query-input":{"@type":"PropertyValueSpecification","valueRequired":true,"valueName":"search_term_string"}}],"inLanguage":"fr-FR"},{"@type":"Person","@id":"https:\/\/www.fondationassistanceauxanimaux.org\/actu\/#\/schema\/person\/71a8476d98daaea0d71a965c5603e10b","name":"No\u00e9","image":{"@type":"ImageObject","inLanguage":"fr-FR","@id":"https:\/\/www.fondationassistanceauxanimaux.org\/actu\/#\/schema\/person\/image\/","url":"https:\/\/secure.gravatar.com\/avatar\/d34cf6c6bd22b3db9c932bc580c4d1ba93c0cda7588a41b59078888ab1e5f007?s=96&d=mm&r=g","contentUrl":"https:\/\/secure.gravatar.com\/avatar\/d34cf6c6bd22b3db9c932bc580c4d1ba93c0cda7588a41b59078888ab1e5f007?s=96&d=mm&r=g","caption":"No\u00e9"},"url":"https:\/\/www.fondationassistanceauxanimaux.org\/actu\/author\/anne\/"}]}},"_links":{"self":[{"href":"https:\/\/www.fondationassistanceauxanimaux.org\/actu\/wp-json\/wp\/v2\/posts\/26059","targetHints":{"allow":["GET"]}}],"collection":[{"href":"https:\/\/www.fondationassistanceauxanimaux.org\/actu\/wp-json\/wp\/v2\/posts"}],"about":[{"href":"https:\/\/www.fondationassistanceauxanimaux.org\/actu\/wp-json\/wp\/v2\/types\/post"}],"author":[{"embeddable":true,"href":"https:\/\/www.fondationassistanceauxanimaux.org\/actu\/wp-json\/wp\/v2\/users\/3"}],"replies":[{"embeddable":true,"href":"https:\/\/www.fondationassistanceauxanimaux.org\/actu\/wp-json\/wp\/v2\/comments?post=26059"}],"version-history":[{"count":1,"href":"https:\/\/www.fondationassistanceauxanimaux.org\/actu\/wp-json\/wp\/v2\/posts\/26059\/revisions"}],"predecessor-version":[{"id":26061,"href":"https:\/\/www.fondationassistanceauxanimaux.org\/actu\/wp-json\/wp\/v2\/posts\/26059\/revisions\/26061"}],"wp:featuredmedia":[{"embeddable":true,"href":"https:\/\/www.fondationassistanceauxanimaux.org\/actu\/wp-json\/wp\/v2\/media\/26060"}],"wp:attachment":[{"href":"https:\/\/www.fondationassistanceauxanimaux.org\/actu\/wp-json\/wp\/v2\/media?parent=26059"}],"wp:term":[{"taxonomy":"category","embeddable":true,"href":"https:\/\/www.fondationassistanceauxanimaux.org\/actu\/wp-json\/wp\/v2\/categories?post=26059"},{"taxonomy":"post_tag","embeddable":true,"href":"https:\/\/www.fondationassistanceauxanimaux.org\/actu\/wp-json\/wp\/v2\/tags?post=26059"}],"curies":[{"name":"wp","href":"https:\/\/api.w.org\/{rel}","templated":true}]}}