{"id":22806,"date":"2025-03-17T12:00:53","date_gmt":"2025-03-17T11:00:53","guid":{"rendered":"https:\/\/www.fondationassistanceauxanimaux.org\/actu\/?p=22806"},"modified":"2025-03-17T12:00:54","modified_gmt":"2025-03-17T11:00:54","slug":"double-adoption-mulan-napoleon","status":"publish","type":"post","link":"https:\/\/www.fondationassistanceauxanimaux.org\/actu\/double-adoption-mulan-napoleon-22806\/","title":{"rendered":"La double adoption : Mulan et Napol\u00e9on, deux petits prot\u00e9g\u00e9s du refuge de Villevaud\u00e9"},"content":{"rendered":"\n<p><strong>Mulan et Napol\u00e9on partageaient tout depuis leur arriv\u00e9e au Refuge Fondation Assistance aux Animaux de Villevaud\u00e9, apr\u00e8s un abandon douloureux.<\/strong><\/p>\n\n\n\n<p><strong>Complices, ins\u00e9parables, ils se sont soutenus, jour apr\u00e8s jour, dans l\u2019attente d\u2019un nouveau d\u00e9part.<\/strong><\/p>\n\n\n\n<p><strong>Et ce jour est enfin arriv\u00e9. Une belle famille au grand c\u0153ur a choisi de les adopter ensemble.<\/strong><\/p>\n\n\n\n<p><strong>Une double adoption pleine de tendresse, qui r\u00e9chauffe les c\u0153urs et rappelle combien les liens entre animaux peuvent \u00eatre forts.<\/strong><\/p>\n\n\n\n<p><strong>Merci \u00e0 nos adoptants pour ce geste d\u2019amour.<\/strong><\/p>\n\n\n\n<figure class=\"wp-block-image aligncenter size-large\"><img loading=\"lazy\" decoding=\"async\" width=\"850\" height=\"1030\" src=\"https:\/\/www.fondationassistanceauxanimaux.org\/actu\/wp-content\/uploads\/2025\/03\/484156772_1045509010942073_6950559541995297746_n-850x1030.jpg\" alt=\"\" class=\"wp-image-22807\" srcset=\"https:\/\/www.fondationassistanceauxanimaux.org\/actu\/wp-content\/uploads\/2025\/03\/484156772_1045509010942073_6950559541995297746_n-850x1030.jpg 850w, https:\/\/www.fondationassistanceauxanimaux.org\/actu\/wp-content\/uploads\/2025\/03\/484156772_1045509010942073_6950559541995297746_n-248x300.jpg 248w, https:\/\/www.fondationassistanceauxanimaux.org\/actu\/wp-content\/uploads\/2025\/03\/484156772_1045509010942073_6950559541995297746_n-768x931.jpg 768w, https:\/\/www.fondationassistanceauxanimaux.org\/actu\/wp-content\/uploads\/2025\/03\/484156772_1045509010942073_6950559541995297746_n-582x705.jpg 582w, https:\/\/www.fondationassistanceauxanimaux.org\/actu\/wp-content\/uploads\/2025\/03\/484156772_1045509010942073_6950559541995297746_n.jpg 1179w\" sizes=\"auto, (max-width: 850px) 100vw, 850px\" \/><\/figure>\n","protected":false},"excerpt":{"rendered":"<p>Mulan et Napol\u00e9on partageaient tout depuis leur arriv\u00e9e au Refuge Fondation Assistance aux Animaux de Villevaud\u00e9, apr\u00e8s un abandon douloureux. Complices, ins\u00e9parables, ils se sont soutenus, jour apr\u00e8s jour, dans l\u2019attente d\u2019un nouveau d\u00e9part. Et ce jour est enfin arriv\u00e9. Une belle famille au grand c\u0153ur a choisi de les adopter ensemble. Une double adoption [&hellip;]<\/p>\n","protected":false},"author":3,"featured_media":22809,"comment_status":"closed","ping_status":"closed","sticky":false,"template":"","format":"standard","meta":{"footnotes":""},"categories":[21],"tags":[],"class_list":["post-22806","post","type-post","status-publish","format-standard","has-post-thumbnail","hentry","category-fondation-assistance-aux-animaux"],"yoast_head":"<!-- This site is optimized with the Yoast SEO plugin v24.5 - https:\/\/yoast.com\/wordpress\/plugins\/seo\/ -->\n<title>La double adoption : Mulan et Napol\u00e9on, deux petits prot\u00e9g\u00e9s du refuge de Villevaud\u00e9 - Fondation Assistance aux Animaux - Actualit\u00e9s<\/title>\n<meta name=\"robots\" content=\"index, follow, max-snippet:-1, max-image-preview:large, max-video-preview:-1\" \/>\n<link rel=\"canonical\" href=\"https:\/\/www.fondationassistanceauxanimaux.org\/actu\/double-adoption-mulan-napoleon-22806\/\" \/>\n<meta property=\"og:locale\" content=\"fr_FR\" \/>\n<meta property=\"og:type\" content=\"article\" \/>\n<meta property=\"og:title\" content=\"La double adoption : Mulan et Napol\u00e9on, deux petits prot\u00e9g\u00e9s du refuge de Villevaud\u00e9 - Fondation Assistance aux Animaux - Actualit\u00e9s\" \/>\n<meta property=\"og:description\" content=\"Mulan et Napol\u00e9on partageaient tout depuis leur arriv\u00e9e au Refuge Fondation Assistance aux Animaux de Villevaud\u00e9, apr\u00e8s un abandon douloureux. Complices, ins\u00e9parables, ils se sont soutenus, jour apr\u00e8s jour, dans l\u2019attente d\u2019un nouveau d\u00e9part. Et ce jour est enfin arriv\u00e9. Une belle famille au grand c\u0153ur a choisi de les adopter ensemble. Une double adoption [&hellip;]\" \/>\n<meta property=\"og:url\" content=\"https:\/\/www.fondationassistanceauxanimaux.org\/actu\/double-adoption-mulan-napoleon-22806\/\" \/>\n<meta property=\"og:site_name\" content=\"Fondation Assistance aux Animaux - Actualit\u00e9s\" \/>\n<meta property=\"article:published_time\" content=\"2025-03-17T11:00:53+00:00\" \/>\n<meta property=\"article:modified_time\" content=\"2025-03-17T11:00:54+00:00\" \/>\n<meta property=\"og:image\" content=\"https:\/\/www.fondationassistanceauxanimaux.org\/actu\/wp-content\/uploads\/2025\/03\/484156772_1045509010942073_6950559541995297746_n-1.jpg\" \/>\n\t<meta property=\"og:image:width\" content=\"1179\" \/>\n\t<meta property=\"og:image:height\" content=\"1014\" \/>\n\t<meta property=\"og:image:type\" content=\"image\/jpeg\" \/>\n<meta name=\"author\" content=\"No\u00e9\" \/>\n<meta name=\"twitter:card\" content=\"summary_large_image\" \/>\n<meta name=\"twitter:label1\" content=\"\u00c9crit par\" \/>\n\t<meta name=\"twitter:data1\" content=\"No\u00e9\" \/>\n\t<meta name=\"twitter:label2\" content=\"Dur\u00e9e de lecture estim\u00e9e\" \/>\n\t<meta name=\"twitter:data2\" content=\"1 minute\" \/>\n<script type=\"application\/ld+json\" class=\"yoast-schema-graph\">{\"@context\":\"https:\/\/schema.org\",\"@graph\":[{\"@type\":\"WebPage\",\"@id\":\"https:\/\/www.fondationassistanceauxanimaux.org\/actu\/double-adoption-mulan-napoleon-22806\/\",\"url\":\"https:\/\/www.fondationassistanceauxanimaux.org\/actu\/double-adoption-mulan-napoleon-22806\/\",\"name\":\"La double adoption : Mulan et Napol\u00e9on, deux petits prot\u00e9g\u00e9s du refuge de Villevaud\u00e9 - Fondation Assistance aux Animaux - Actualit\u00e9s\",\"isPartOf\":{\"@id\":\"https:\/\/www.fondationassistanceauxanimaux.org\/actu\/#website\"},\"primaryImageOfPage\":{\"@id\":\"https:\/\/www.fondationassistanceauxanimaux.org\/actu\/double-adoption-mulan-napoleon-22806\/#primaryimage\"},\"image\":{\"@id\":\"https:\/\/www.fondationassistanceauxanimaux.org\/actu\/double-adoption-mulan-napoleon-22806\/#primaryimage\"},\"thumbnailUrl\":\"https:\/\/www.fondationassistanceauxanimaux.org\/actu\/wp-content\/uploads\/2025\/03\/484156772_1045509010942073_6950559541995297746_n-1.jpg\",\"datePublished\":\"2025-03-17T11:00:53+00:00\",\"dateModified\":\"2025-03-17T11:00:54+00:00\",\"author\":{\"@id\":\"https:\/\/www.fondationassistanceauxanimaux.org\/actu\/#\/schema\/person\/71a8476d98daaea0d71a965c5603e10b\"},\"breadcrumb\":{\"@id\":\"https:\/\/www.fondationassistanceauxanimaux.org\/actu\/double-adoption-mulan-napoleon-22806\/#breadcrumb\"},\"inLanguage\":\"fr-FR\",\"potentialAction\":[{\"@type\":\"ReadAction\",\"target\":[\"https:\/\/www.fondationassistanceauxanimaux.org\/actu\/double-adoption-mulan-napoleon-22806\/\"]}]},{\"@type\":\"ImageObject\",\"inLanguage\":\"fr-FR\",\"@id\":\"https:\/\/www.fondationassistanceauxanimaux.org\/actu\/double-adoption-mulan-napoleon-22806\/#primaryimage\",\"url\":\"https:\/\/www.fondationassistanceauxanimaux.org\/actu\/wp-content\/uploads\/2025\/03\/484156772_1045509010942073_6950559541995297746_n-1.jpg\",\"contentUrl\":\"https:\/\/www.fondationassistanceauxanimaux.org\/actu\/wp-content\/uploads\/2025\/03\/484156772_1045509010942073_6950559541995297746_n-1.jpg\",\"width\":1179,\"height\":1014},{\"@type\":\"BreadcrumbList\",\"@id\":\"https:\/\/www.fondationassistanceauxanimaux.org\/actu\/double-adoption-mulan-napoleon-22806\/#breadcrumb\",\"itemListElement\":[{\"@type\":\"ListItem\",\"position\":1,\"name\":\"Accueil\",\"item\":\"https:\/\/www.fondationassistanceauxanimaux.org\/actu\/\"},{\"@type\":\"ListItem\",\"position\":2,\"name\":\"La double adoption : Mulan et Napol\u00e9on, deux petits prot\u00e9g\u00e9s du refuge de Villevaud\u00e9\"}]},{\"@type\":\"WebSite\",\"@id\":\"https:\/\/www.fondationassistanceauxanimaux.org\/actu\/#website\",\"url\":\"https:\/\/www.fondationassistanceauxanimaux.org\/actu\/\",\"name\":\"Fondation Assistance aux Animaux - Actualit\u00e9s\",\"description\":\"Depuis 1930 la Fondation Assistance aux Animaux pour la d\u00e9fense et la protection des animaux maltrait\u00e9s et abandonn\u00e9s\",\"potentialAction\":[{\"@type\":\"SearchAction\",\"target\":{\"@type\":\"EntryPoint\",\"urlTemplate\":\"https:\/\/www.fondationassistanceauxanimaux.org\/actu\/?s={search_term_string}\"},\"query-input\":{\"@type\":\"PropertyValueSpecification\",\"valueRequired\":true,\"valueName\":\"search_term_string\"}}],\"inLanguage\":\"fr-FR\"},{\"@type\":\"Person\",\"@id\":\"https:\/\/www.fondationassistanceauxanimaux.org\/actu\/#\/schema\/person\/71a8476d98daaea0d71a965c5603e10b\",\"name\":\"No\u00e9\",\"image\":{\"@type\":\"ImageObject\",\"inLanguage\":\"fr-FR\",\"@id\":\"https:\/\/www.fondationassistanceauxanimaux.org\/actu\/#\/schema\/person\/image\/\",\"url\":\"https:\/\/secure.gravatar.com\/avatar\/d34cf6c6bd22b3db9c932bc580c4d1ba93c0cda7588a41b59078888ab1e5f007?s=96&d=mm&r=g\",\"contentUrl\":\"https:\/\/secure.gravatar.com\/avatar\/d34cf6c6bd22b3db9c932bc580c4d1ba93c0cda7588a41b59078888ab1e5f007?s=96&d=mm&r=g\",\"caption\":\"No\u00e9\"},\"url\":\"https:\/\/www.fondationassistanceauxanimaux.org\/actu\/author\/anne\/\"}]}<\/script>\n<!-- \/ Yoast SEO plugin. -->","yoast_head_json":{"title":"La double adoption : Mulan et Napol\u00e9on, deux petits prot\u00e9g\u00e9s du refuge de Villevaud\u00e9 - Fondation Assistance aux Animaux - Actualit\u00e9s","robots":{"index":"index","follow":"follow","max-snippet":"max-snippet:-1","max-image-preview":"max-image-preview:large","max-video-preview":"max-video-preview:-1"},"canonical":"https:\/\/www.fondationassistanceauxanimaux.org\/actu\/double-adoption-mulan-napoleon-22806\/","og_locale":"fr_FR","og_type":"article","og_title":"La double adoption : Mulan et Napol\u00e9on, deux petits prot\u00e9g\u00e9s du refuge de Villevaud\u00e9 - Fondation Assistance aux Animaux - Actualit\u00e9s","og_description":"Mulan et Napol\u00e9on partageaient tout depuis leur arriv\u00e9e au Refuge Fondation Assistance aux Animaux de Villevaud\u00e9, apr\u00e8s un abandon douloureux. Complices, ins\u00e9parables, ils se sont soutenus, jour apr\u00e8s jour, dans l\u2019attente d\u2019un nouveau d\u00e9part. Et ce jour est enfin arriv\u00e9. Une belle famille au grand c\u0153ur a choisi de les adopter ensemble. Une double adoption [&hellip;]","og_url":"https:\/\/www.fondationassistanceauxanimaux.org\/actu\/double-adoption-mulan-napoleon-22806\/","og_site_name":"Fondation Assistance aux Animaux - Actualit\u00e9s","article_published_time":"2025-03-17T11:00:53+00:00","article_modified_time":"2025-03-17T11:00:54+00:00","og_image":[{"width":1179,"height":1014,"url":"https:\/\/www.fondationassistanceauxanimaux.org\/actu\/wp-content\/uploads\/2025\/03\/484156772_1045509010942073_6950559541995297746_n-1.jpg","type":"image\/jpeg"}],"author":"No\u00e9","twitter_card":"summary_large_image","twitter_misc":{"\u00c9crit par":"No\u00e9","Dur\u00e9e de lecture estim\u00e9e":"1 minute"},"schema":{"@context":"https:\/\/schema.org","@graph":[{"@type":"WebPage","@id":"https:\/\/www.fondationassistanceauxanimaux.org\/actu\/double-adoption-mulan-napoleon-22806\/","url":"https:\/\/www.fondationassistanceauxanimaux.org\/actu\/double-adoption-mulan-napoleon-22806\/","name":"La double adoption : Mulan et Napol\u00e9on, deux petits prot\u00e9g\u00e9s du refuge de Villevaud\u00e9 - Fondation Assistance aux Animaux - Actualit\u00e9s","isPartOf":{"@id":"https:\/\/www.fondationassistanceauxanimaux.org\/actu\/#website"},"primaryImageOfPage":{"@id":"https:\/\/www.fondationassistanceauxanimaux.org\/actu\/double-adoption-mulan-napoleon-22806\/#primaryimage"},"image":{"@id":"https:\/\/www.fondationassistanceauxanimaux.org\/actu\/double-adoption-mulan-napoleon-22806\/#primaryimage"},"thumbnailUrl":"https:\/\/www.fondationassistanceauxanimaux.org\/actu\/wp-content\/uploads\/2025\/03\/484156772_1045509010942073_6950559541995297746_n-1.jpg","datePublished":"2025-03-17T11:00:53+00:00","dateModified":"2025-03-17T11:00:54+00:00","author":{"@id":"https:\/\/www.fondationassistanceauxanimaux.org\/actu\/#\/schema\/person\/71a8476d98daaea0d71a965c5603e10b"},"breadcrumb":{"@id":"https:\/\/www.fondationassistanceauxanimaux.org\/actu\/double-adoption-mulan-napoleon-22806\/#breadcrumb"},"inLanguage":"fr-FR","potentialAction":[{"@type":"ReadAction","target":["https:\/\/www.fondationassistanceauxanimaux.org\/actu\/double-adoption-mulan-napoleon-22806\/"]}]},{"@type":"ImageObject","inLanguage":"fr-FR","@id":"https:\/\/www.fondationassistanceauxanimaux.org\/actu\/double-adoption-mulan-napoleon-22806\/#primaryimage","url":"https:\/\/www.fondationassistanceauxanimaux.org\/actu\/wp-content\/uploads\/2025\/03\/484156772_1045509010942073_6950559541995297746_n-1.jpg","contentUrl":"https:\/\/www.fondationassistanceauxanimaux.org\/actu\/wp-content\/uploads\/2025\/03\/484156772_1045509010942073_6950559541995297746_n-1.jpg","width":1179,"height":1014},{"@type":"BreadcrumbList","@id":"https:\/\/www.fondationassistanceauxanimaux.org\/actu\/double-adoption-mulan-napoleon-22806\/#breadcrumb","itemListElement":[{"@type":"ListItem","position":1,"name":"Accueil","item":"https:\/\/www.fondationassistanceauxanimaux.org\/actu\/"},{"@type":"ListItem","position":2,"name":"La double adoption : Mulan et Napol\u00e9on, deux petits prot\u00e9g\u00e9s du refuge de Villevaud\u00e9"}]},{"@type":"WebSite","@id":"https:\/\/www.fondationassistanceauxanimaux.org\/actu\/#website","url":"https:\/\/www.fondationassistanceauxanimaux.org\/actu\/","name":"Fondation Assistance aux Animaux - Actualit\u00e9s","description":"Depuis 1930 la Fondation Assistance aux Animaux pour la d\u00e9fense et la protection des animaux maltrait\u00e9s et abandonn\u00e9s","potentialAction":[{"@type":"SearchAction","target":{"@type":"EntryPoint","urlTemplate":"https:\/\/www.fondationassistanceauxanimaux.org\/actu\/?s={search_term_string}"},"query-input":{"@type":"PropertyValueSpecification","valueRequired":true,"valueName":"search_term_string"}}],"inLanguage":"fr-FR"},{"@type":"Person","@id":"https:\/\/www.fondationassistanceauxanimaux.org\/actu\/#\/schema\/person\/71a8476d98daaea0d71a965c5603e10b","name":"No\u00e9","image":{"@type":"ImageObject","inLanguage":"fr-FR","@id":"https:\/\/www.fondationassistanceauxanimaux.org\/actu\/#\/schema\/person\/image\/","url":"https:\/\/secure.gravatar.com\/avatar\/d34cf6c6bd22b3db9c932bc580c4d1ba93c0cda7588a41b59078888ab1e5f007?s=96&d=mm&r=g","contentUrl":"https:\/\/secure.gravatar.com\/avatar\/d34cf6c6bd22b3db9c932bc580c4d1ba93c0cda7588a41b59078888ab1e5f007?s=96&d=mm&r=g","caption":"No\u00e9"},"url":"https:\/\/www.fondationassistanceauxanimaux.org\/actu\/author\/anne\/"}]}},"_links":{"self":[{"href":"https:\/\/www.fondationassistanceauxanimaux.org\/actu\/wp-json\/wp\/v2\/posts\/22806","targetHints":{"allow":["GET"]}}],"collection":[{"href":"https:\/\/www.fondationassistanceauxanimaux.org\/actu\/wp-json\/wp\/v2\/posts"}],"about":[{"href":"https:\/\/www.fondationassistanceauxanimaux.org\/actu\/wp-json\/wp\/v2\/types\/post"}],"author":[{"embeddable":true,"href":"https:\/\/www.fondationassistanceauxanimaux.org\/actu\/wp-json\/wp\/v2\/users\/3"}],"replies":[{"embeddable":true,"href":"https:\/\/www.fondationassistanceauxanimaux.org\/actu\/wp-json\/wp\/v2\/comments?post=22806"}],"version-history":[{"count":1,"href":"https:\/\/www.fondationassistanceauxanimaux.org\/actu\/wp-json\/wp\/v2\/posts\/22806\/revisions"}],"predecessor-version":[{"id":22808,"href":"https:\/\/www.fondationassistanceauxanimaux.org\/actu\/wp-json\/wp\/v2\/posts\/22806\/revisions\/22808"}],"wp:featuredmedia":[{"embeddable":true,"href":"https:\/\/www.fondationassistanceauxanimaux.org\/actu\/wp-json\/wp\/v2\/media\/22809"}],"wp:attachment":[{"href":"https:\/\/www.fondationassistanceauxanimaux.org\/actu\/wp-json\/wp\/v2\/media?parent=22806"}],"wp:term":[{"taxonomy":"category","embeddable":true,"href":"https:\/\/www.fondationassistanceauxanimaux.org\/actu\/wp-json\/wp\/v2\/categories?post=22806"},{"taxonomy":"post_tag","embeddable":true,"href":"https:\/\/www.fondationassistanceauxanimaux.org\/actu\/wp-json\/wp\/v2\/tags?post=22806"}],"curies":[{"name":"wp","href":"https:\/\/api.w.org\/{rel}","templated":true}]}}