{"id":22796,"date":"2025-03-11T17:48:35","date_gmt":"2025-03-11T16:48:35","guid":{"rendered":"https:\/\/www.fondationassistanceauxanimaux.org\/actu\/?p=22796"},"modified":"2025-03-11T17:49:28","modified_gmt":"2025-03-11T16:49:28","slug":"spyke-coeur-a-apprivoiser","status":"publish","type":"post","link":"https:\/\/www.fondationassistanceauxanimaux.org\/actu\/spyke-coeur-a-apprivoiser-22796\/","title":{"rendered":"Spyke, un c\u0153ur \u00e0 apprivoiser"},"content":{"rendered":"\n<p><strong>Malgr\u00e9 son fort caract\u00e8re, Spyke ne demande qu\u2019\u00e0 trouver une famille capable de le comprendre et de l\u2019aimer tel qu\u2019il est. \u00c2g\u00e9 de 6 ans, ce chien a \u00e9t\u00e9 abandonn\u00e9 puis pris en charge par la Fondation Assistance aux Animaux dans son refuge de Toulon (Lagoubran).<\/strong><\/p>\n\n\n\n<p><strong>Spyke a ses sensibilit\u00e9s, comme beaucoup d\u2019animaux marqu\u00e9s par leur pass\u00e9. Mais il a aussi un grand besoin de stabilit\u00e9, de rep\u00e8res, et d\u2019une vraie relation de confiance.<\/strong><\/p>\n\n\n\n<p><strong>L&rsquo;\u00e9quipe du refuge l\u2019accompagne avec bienveillance, jour apr\u00e8s jour. Spyke a beaucoup \u00e9volu\u00e9.<\/strong><\/p>\n\n\n\n<p><strong>Spyke m\u00e9rite une seconde chance, aupr\u00e8s d\u2019une personne patiente, investie, pr\u00eate \u00e0 lui offrir un environnement serein. Si vous pensez pouvoir lui ouvrir votre c\u0153ur, venez le rencontrer au refuge de Toulon.<\/strong><\/p>\n\n\n\n<figure class=\"wp-block-image aligncenter size-full\"><img loading=\"lazy\" decoding=\"async\" width=\"940\" height=\"788\" src=\"https:\/\/www.fondationassistanceauxanimaux.org\/actu\/wp-content\/uploads\/2025\/03\/481287949_1057414813084100_5655971647262863679_n.jpg\" alt=\"\" class=\"wp-image-22801\" srcset=\"https:\/\/www.fondationassistanceauxanimaux.org\/actu\/wp-content\/uploads\/2025\/03\/481287949_1057414813084100_5655971647262863679_n.jpg 940w, https:\/\/www.fondationassistanceauxanimaux.org\/actu\/wp-content\/uploads\/2025\/03\/481287949_1057414813084100_5655971647262863679_n-300x251.jpg 300w, https:\/\/www.fondationassistanceauxanimaux.org\/actu\/wp-content\/uploads\/2025\/03\/481287949_1057414813084100_5655971647262863679_n-768x644.jpg 768w, https:\/\/www.fondationassistanceauxanimaux.org\/actu\/wp-content\/uploads\/2025\/03\/481287949_1057414813084100_5655971647262863679_n-705x591.jpg 705w\" sizes=\"auto, (max-width: 940px) 100vw, 940px\" \/><\/figure>\n\n\n\n<figure class=\"wp-block-image aligncenter size-large\"><img loading=\"lazy\" decoding=\"async\" width=\"722\" height=\"1030\" src=\"https:\/\/www.fondationassistanceauxanimaux.org\/actu\/wp-content\/uploads\/2025\/03\/spyke-722x1030.jpg\" alt=\"\" class=\"wp-image-22797\" srcset=\"https:\/\/www.fondationassistanceauxanimaux.org\/actu\/wp-content\/uploads\/2025\/03\/spyke-722x1030.jpg 722w, https:\/\/www.fondationassistanceauxanimaux.org\/actu\/wp-content\/uploads\/2025\/03\/spyke-210x300.jpg 210w, https:\/\/www.fondationassistanceauxanimaux.org\/actu\/wp-content\/uploads\/2025\/03\/spyke-768x1095.jpg 768w, https:\/\/www.fondationassistanceauxanimaux.org\/actu\/wp-content\/uploads\/2025\/03\/spyke-1077x1536.jpg 1077w, https:\/\/www.fondationassistanceauxanimaux.org\/actu\/wp-content\/uploads\/2025\/03\/spyke-1052x1500.jpg 1052w, https:\/\/www.fondationassistanceauxanimaux.org\/actu\/wp-content\/uploads\/2025\/03\/spyke-494x705.jpg 494w, https:\/\/www.fondationassistanceauxanimaux.org\/actu\/wp-content\/uploads\/2025\/03\/spyke.jpg 1436w\" sizes=\"auto, (max-width: 722px) 100vw, 722px\" \/><\/figure>\n","protected":false},"excerpt":{"rendered":"<p>Malgr\u00e9 son fort caract\u00e8re, Spyke ne demande qu\u2019\u00e0 trouver une famille capable de le comprendre et de l\u2019aimer tel qu\u2019il est. \u00c2g\u00e9 de 6 ans, ce chien a \u00e9t\u00e9 abandonn\u00e9 puis pris en charge par la Fondation Assistance aux Animaux dans son refuge de Toulon (Lagoubran). Spyke a ses sensibilit\u00e9s, comme beaucoup d\u2019animaux marqu\u00e9s par [&hellip;]<\/p>\n","protected":false},"author":3,"featured_media":22800,"comment_status":"closed","ping_status":"closed","sticky":false,"template":"","format":"standard","meta":{"footnotes":""},"categories":[21],"tags":[],"class_list":["post-22796","post","type-post","status-publish","format-standard","has-post-thumbnail","hentry","category-fondation-assistance-aux-animaux"],"yoast_head":"<!-- This site is optimized with the Yoast SEO plugin v24.5 - https:\/\/yoast.com\/wordpress\/plugins\/seo\/ -->\n<title>Spyke, un c\u0153ur \u00e0 apprivoiser - Fondation Assistance aux Animaux - Actualit\u00e9s<\/title>\n<meta name=\"robots\" content=\"index, follow, max-snippet:-1, max-image-preview:large, max-video-preview:-1\" \/>\n<link rel=\"canonical\" href=\"https:\/\/www.fondationassistanceauxanimaux.org\/actu\/spyke-coeur-a-apprivoiser-22796\/\" \/>\n<meta property=\"og:locale\" content=\"fr_FR\" \/>\n<meta property=\"og:type\" content=\"article\" \/>\n<meta property=\"og:title\" content=\"Spyke, un c\u0153ur \u00e0 apprivoiser - Fondation Assistance aux Animaux - Actualit\u00e9s\" \/>\n<meta property=\"og:description\" content=\"Malgr\u00e9 son fort caract\u00e8re, Spyke ne demande qu\u2019\u00e0 trouver une famille capable de le comprendre et de l\u2019aimer tel qu\u2019il est. \u00c2g\u00e9 de 6 ans, ce chien a \u00e9t\u00e9 abandonn\u00e9 puis pris en charge par la Fondation Assistance aux Animaux dans son refuge de Toulon (Lagoubran). Spyke a ses sensibilit\u00e9s, comme beaucoup d\u2019animaux marqu\u00e9s par [&hellip;]\" \/>\n<meta property=\"og:url\" content=\"https:\/\/www.fondationassistanceauxanimaux.org\/actu\/spyke-coeur-a-apprivoiser-22796\/\" \/>\n<meta property=\"og:site_name\" content=\"Fondation Assistance aux Animaux - Actualit\u00e9s\" \/>\n<meta property=\"article:published_time\" content=\"2025-03-11T16:48:35+00:00\" \/>\n<meta property=\"article:modified_time\" content=\"2025-03-11T16:49:28+00:00\" \/>\n<meta property=\"og:image\" content=\"https:\/\/www.fondationassistanceauxanimaux.org\/actu\/wp-content\/uploads\/2025\/03\/spyke-2.jpg\" \/>\n\t<meta property=\"og:image:width\" content=\"1436\" \/>\n\t<meta property=\"og:image:height\" content=\"1215\" \/>\n\t<meta property=\"og:image:type\" content=\"image\/jpeg\" \/>\n<meta name=\"author\" content=\"No\u00e9\" \/>\n<meta name=\"twitter:card\" content=\"summary_large_image\" \/>\n<meta name=\"twitter:label1\" content=\"\u00c9crit par\" \/>\n\t<meta name=\"twitter:data1\" content=\"No\u00e9\" \/>\n\t<meta name=\"twitter:label2\" content=\"Dur\u00e9e de lecture estim\u00e9e\" \/>\n\t<meta name=\"twitter:data2\" content=\"2 minutes\" \/>\n<script type=\"application\/ld+json\" class=\"yoast-schema-graph\">{\"@context\":\"https:\/\/schema.org\",\"@graph\":[{\"@type\":\"WebPage\",\"@id\":\"https:\/\/www.fondationassistanceauxanimaux.org\/actu\/spyke-coeur-a-apprivoiser-22796\/\",\"url\":\"https:\/\/www.fondationassistanceauxanimaux.org\/actu\/spyke-coeur-a-apprivoiser-22796\/\",\"name\":\"Spyke, un c\u0153ur \u00e0 apprivoiser - Fondation Assistance aux Animaux - Actualit\u00e9s\",\"isPartOf\":{\"@id\":\"https:\/\/www.fondationassistanceauxanimaux.org\/actu\/#website\"},\"primaryImageOfPage\":{\"@id\":\"https:\/\/www.fondationassistanceauxanimaux.org\/actu\/spyke-coeur-a-apprivoiser-22796\/#primaryimage\"},\"image\":{\"@id\":\"https:\/\/www.fondationassistanceauxanimaux.org\/actu\/spyke-coeur-a-apprivoiser-22796\/#primaryimage\"},\"thumbnailUrl\":\"https:\/\/www.fondationassistanceauxanimaux.org\/actu\/wp-content\/uploads\/2025\/03\/spyke-2.jpg\",\"datePublished\":\"2025-03-11T16:48:35+00:00\",\"dateModified\":\"2025-03-11T16:49:28+00:00\",\"author\":{\"@id\":\"https:\/\/www.fondationassistanceauxanimaux.org\/actu\/#\/schema\/person\/71a8476d98daaea0d71a965c5603e10b\"},\"breadcrumb\":{\"@id\":\"https:\/\/www.fondationassistanceauxanimaux.org\/actu\/spyke-coeur-a-apprivoiser-22796\/#breadcrumb\"},\"inLanguage\":\"fr-FR\",\"potentialAction\":[{\"@type\":\"ReadAction\",\"target\":[\"https:\/\/www.fondationassistanceauxanimaux.org\/actu\/spyke-coeur-a-apprivoiser-22796\/\"]}]},{\"@type\":\"ImageObject\",\"inLanguage\":\"fr-FR\",\"@id\":\"https:\/\/www.fondationassistanceauxanimaux.org\/actu\/spyke-coeur-a-apprivoiser-22796\/#primaryimage\",\"url\":\"https:\/\/www.fondationassistanceauxanimaux.org\/actu\/wp-content\/uploads\/2025\/03\/spyke-2.jpg\",\"contentUrl\":\"https:\/\/www.fondationassistanceauxanimaux.org\/actu\/wp-content\/uploads\/2025\/03\/spyke-2.jpg\",\"width\":1436,\"height\":1215},{\"@type\":\"BreadcrumbList\",\"@id\":\"https:\/\/www.fondationassistanceauxanimaux.org\/actu\/spyke-coeur-a-apprivoiser-22796\/#breadcrumb\",\"itemListElement\":[{\"@type\":\"ListItem\",\"position\":1,\"name\":\"Accueil\",\"item\":\"https:\/\/www.fondationassistanceauxanimaux.org\/actu\/\"},{\"@type\":\"ListItem\",\"position\":2,\"name\":\"Spyke, un c\u0153ur \u00e0 apprivoiser\"}]},{\"@type\":\"WebSite\",\"@id\":\"https:\/\/www.fondationassistanceauxanimaux.org\/actu\/#website\",\"url\":\"https:\/\/www.fondationassistanceauxanimaux.org\/actu\/\",\"name\":\"Fondation Assistance aux Animaux - Actualit\u00e9s\",\"description\":\"Depuis 1930 la Fondation Assistance aux Animaux pour la d\u00e9fense et la protection des animaux maltrait\u00e9s et abandonn\u00e9s\",\"potentialAction\":[{\"@type\":\"SearchAction\",\"target\":{\"@type\":\"EntryPoint\",\"urlTemplate\":\"https:\/\/www.fondationassistanceauxanimaux.org\/actu\/?s={search_term_string}\"},\"query-input\":{\"@type\":\"PropertyValueSpecification\",\"valueRequired\":true,\"valueName\":\"search_term_string\"}}],\"inLanguage\":\"fr-FR\"},{\"@type\":\"Person\",\"@id\":\"https:\/\/www.fondationassistanceauxanimaux.org\/actu\/#\/schema\/person\/71a8476d98daaea0d71a965c5603e10b\",\"name\":\"No\u00e9\",\"image\":{\"@type\":\"ImageObject\",\"inLanguage\":\"fr-FR\",\"@id\":\"https:\/\/www.fondationassistanceauxanimaux.org\/actu\/#\/schema\/person\/image\/\",\"url\":\"https:\/\/secure.gravatar.com\/avatar\/d34cf6c6bd22b3db9c932bc580c4d1ba93c0cda7588a41b59078888ab1e5f007?s=96&d=mm&r=g\",\"contentUrl\":\"https:\/\/secure.gravatar.com\/avatar\/d34cf6c6bd22b3db9c932bc580c4d1ba93c0cda7588a41b59078888ab1e5f007?s=96&d=mm&r=g\",\"caption\":\"No\u00e9\"},\"url\":\"https:\/\/www.fondationassistanceauxanimaux.org\/actu\/author\/anne\/\"}]}<\/script>\n<!-- \/ Yoast SEO plugin. -->","yoast_head_json":{"title":"Spyke, un c\u0153ur \u00e0 apprivoiser - Fondation Assistance aux Animaux - Actualit\u00e9s","robots":{"index":"index","follow":"follow","max-snippet":"max-snippet:-1","max-image-preview":"max-image-preview:large","max-video-preview":"max-video-preview:-1"},"canonical":"https:\/\/www.fondationassistanceauxanimaux.org\/actu\/spyke-coeur-a-apprivoiser-22796\/","og_locale":"fr_FR","og_type":"article","og_title":"Spyke, un c\u0153ur \u00e0 apprivoiser - Fondation Assistance aux Animaux - Actualit\u00e9s","og_description":"Malgr\u00e9 son fort caract\u00e8re, Spyke ne demande qu\u2019\u00e0 trouver une famille capable de le comprendre et de l\u2019aimer tel qu\u2019il est. \u00c2g\u00e9 de 6 ans, ce chien a \u00e9t\u00e9 abandonn\u00e9 puis pris en charge par la Fondation Assistance aux Animaux dans son refuge de Toulon (Lagoubran). Spyke a ses sensibilit\u00e9s, comme beaucoup d\u2019animaux marqu\u00e9s par [&hellip;]","og_url":"https:\/\/www.fondationassistanceauxanimaux.org\/actu\/spyke-coeur-a-apprivoiser-22796\/","og_site_name":"Fondation Assistance aux Animaux - Actualit\u00e9s","article_published_time":"2025-03-11T16:48:35+00:00","article_modified_time":"2025-03-11T16:49:28+00:00","og_image":[{"width":1436,"height":1215,"url":"https:\/\/www.fondationassistanceauxanimaux.org\/actu\/wp-content\/uploads\/2025\/03\/spyke-2.jpg","type":"image\/jpeg"}],"author":"No\u00e9","twitter_card":"summary_large_image","twitter_misc":{"\u00c9crit par":"No\u00e9","Dur\u00e9e de lecture estim\u00e9e":"2 minutes"},"schema":{"@context":"https:\/\/schema.org","@graph":[{"@type":"WebPage","@id":"https:\/\/www.fondationassistanceauxanimaux.org\/actu\/spyke-coeur-a-apprivoiser-22796\/","url":"https:\/\/www.fondationassistanceauxanimaux.org\/actu\/spyke-coeur-a-apprivoiser-22796\/","name":"Spyke, un c\u0153ur \u00e0 apprivoiser - Fondation Assistance aux Animaux - Actualit\u00e9s","isPartOf":{"@id":"https:\/\/www.fondationassistanceauxanimaux.org\/actu\/#website"},"primaryImageOfPage":{"@id":"https:\/\/www.fondationassistanceauxanimaux.org\/actu\/spyke-coeur-a-apprivoiser-22796\/#primaryimage"},"image":{"@id":"https:\/\/www.fondationassistanceauxanimaux.org\/actu\/spyke-coeur-a-apprivoiser-22796\/#primaryimage"},"thumbnailUrl":"https:\/\/www.fondationassistanceauxanimaux.org\/actu\/wp-content\/uploads\/2025\/03\/spyke-2.jpg","datePublished":"2025-03-11T16:48:35+00:00","dateModified":"2025-03-11T16:49:28+00:00","author":{"@id":"https:\/\/www.fondationassistanceauxanimaux.org\/actu\/#\/schema\/person\/71a8476d98daaea0d71a965c5603e10b"},"breadcrumb":{"@id":"https:\/\/www.fondationassistanceauxanimaux.org\/actu\/spyke-coeur-a-apprivoiser-22796\/#breadcrumb"},"inLanguage":"fr-FR","potentialAction":[{"@type":"ReadAction","target":["https:\/\/www.fondationassistanceauxanimaux.org\/actu\/spyke-coeur-a-apprivoiser-22796\/"]}]},{"@type":"ImageObject","inLanguage":"fr-FR","@id":"https:\/\/www.fondationassistanceauxanimaux.org\/actu\/spyke-coeur-a-apprivoiser-22796\/#primaryimage","url":"https:\/\/www.fondationassistanceauxanimaux.org\/actu\/wp-content\/uploads\/2025\/03\/spyke-2.jpg","contentUrl":"https:\/\/www.fondationassistanceauxanimaux.org\/actu\/wp-content\/uploads\/2025\/03\/spyke-2.jpg","width":1436,"height":1215},{"@type":"BreadcrumbList","@id":"https:\/\/www.fondationassistanceauxanimaux.org\/actu\/spyke-coeur-a-apprivoiser-22796\/#breadcrumb","itemListElement":[{"@type":"ListItem","position":1,"name":"Accueil","item":"https:\/\/www.fondationassistanceauxanimaux.org\/actu\/"},{"@type":"ListItem","position":2,"name":"Spyke, un c\u0153ur \u00e0 apprivoiser"}]},{"@type":"WebSite","@id":"https:\/\/www.fondationassistanceauxanimaux.org\/actu\/#website","url":"https:\/\/www.fondationassistanceauxanimaux.org\/actu\/","name":"Fondation Assistance aux Animaux - Actualit\u00e9s","description":"Depuis 1930 la Fondation Assistance aux Animaux pour la d\u00e9fense et la protection des animaux maltrait\u00e9s et abandonn\u00e9s","potentialAction":[{"@type":"SearchAction","target":{"@type":"EntryPoint","urlTemplate":"https:\/\/www.fondationassistanceauxanimaux.org\/actu\/?s={search_term_string}"},"query-input":{"@type":"PropertyValueSpecification","valueRequired":true,"valueName":"search_term_string"}}],"inLanguage":"fr-FR"},{"@type":"Person","@id":"https:\/\/www.fondationassistanceauxanimaux.org\/actu\/#\/schema\/person\/71a8476d98daaea0d71a965c5603e10b","name":"No\u00e9","image":{"@type":"ImageObject","inLanguage":"fr-FR","@id":"https:\/\/www.fondationassistanceauxanimaux.org\/actu\/#\/schema\/person\/image\/","url":"https:\/\/secure.gravatar.com\/avatar\/d34cf6c6bd22b3db9c932bc580c4d1ba93c0cda7588a41b59078888ab1e5f007?s=96&d=mm&r=g","contentUrl":"https:\/\/secure.gravatar.com\/avatar\/d34cf6c6bd22b3db9c932bc580c4d1ba93c0cda7588a41b59078888ab1e5f007?s=96&d=mm&r=g","caption":"No\u00e9"},"url":"https:\/\/www.fondationassistanceauxanimaux.org\/actu\/author\/anne\/"}]}},"_links":{"self":[{"href":"https:\/\/www.fondationassistanceauxanimaux.org\/actu\/wp-json\/wp\/v2\/posts\/22796","targetHints":{"allow":["GET"]}}],"collection":[{"href":"https:\/\/www.fondationassistanceauxanimaux.org\/actu\/wp-json\/wp\/v2\/posts"}],"about":[{"href":"https:\/\/www.fondationassistanceauxanimaux.org\/actu\/wp-json\/wp\/v2\/types\/post"}],"author":[{"embeddable":true,"href":"https:\/\/www.fondationassistanceauxanimaux.org\/actu\/wp-json\/wp\/v2\/users\/3"}],"replies":[{"embeddable":true,"href":"https:\/\/www.fondationassistanceauxanimaux.org\/actu\/wp-json\/wp\/v2\/comments?post=22796"}],"version-history":[{"count":2,"href":"https:\/\/www.fondationassistanceauxanimaux.org\/actu\/wp-json\/wp\/v2\/posts\/22796\/revisions"}],"predecessor-version":[{"id":22802,"href":"https:\/\/www.fondationassistanceauxanimaux.org\/actu\/wp-json\/wp\/v2\/posts\/22796\/revisions\/22802"}],"wp:featuredmedia":[{"embeddable":true,"href":"https:\/\/www.fondationassistanceauxanimaux.org\/actu\/wp-json\/wp\/v2\/media\/22800"}],"wp:attachment":[{"href":"https:\/\/www.fondationassistanceauxanimaux.org\/actu\/wp-json\/wp\/v2\/media?parent=22796"}],"wp:term":[{"taxonomy":"category","embeddable":true,"href":"https:\/\/www.fondationassistanceauxanimaux.org\/actu\/wp-json\/wp\/v2\/categories?post=22796"},{"taxonomy":"post_tag","embeddable":true,"href":"https:\/\/www.fondationassistanceauxanimaux.org\/actu\/wp-json\/wp\/v2\/tags?post=22796"}],"curies":[{"name":"wp","href":"https:\/\/api.w.org\/{rel}","templated":true}]}}