{"id":22780,"date":"2025-03-07T14:38:50","date_gmt":"2025-03-07T13:38:50","guid":{"rendered":"https:\/\/www.fondationassistanceauxanimaux.org\/actu\/?p=22780"},"modified":"2025-03-07T14:38:51","modified_gmt":"2025-03-07T13:38:51","slug":"une-belle-sortie-en-foret","status":"publish","type":"post","link":"https:\/\/www.fondationassistanceauxanimaux.org\/actu\/une-belle-sortie-en-foret-22780\/","title":{"rendered":"Une belle sortie en for\u00eat pour nos pensionnaires du refuge de Toulon !"},"content":{"rendered":"\n<p><strong>Quelle joie pour Tokyo, Brownie, Princesse et Ava de profiter d\u2019un moment en pleine nature ! Exploration, d\u00e9couvertes, jeux et d\u00e9tente sous le soleil, nos prot\u00e9g\u00e9s ont savour\u00e9 chaque instant de cette escapade en for\u00eat.<\/strong><\/p>\n\n\n\n<p><strong>Ces promenades sont bien plus qu\u2019un simple moment de libert\u00e9 : elles leur permettent de se d\u00e9tendre, de s\u2019\u00e9panouir et de reprendre confiance en l\u2019Homme. Chaque jour, les \u00e9quipes de nos refuges prennent soin d\u2019eux avec bienveillance, leur offrant amour, attention et des sorties r\u00e9guli\u00e8res pour leur bien-\u00eatre.<\/strong><\/p>\n\n\n\n<p><strong>Mais ce qu\u2019ils attendent avant tout, c\u2019est une famille pour la vie !<\/strong><\/p>\n\n\n\n<p><strong>Vous souhaitez les rencontrer ? Le refuge de Toulon (Lagoubran), comme tous les refuges de la Fondation, vous ouvre ses portes tous les jours de 14h \u00e0 17h. Venez leur offrir la plus belle des chances : celle d\u2019une adoption.<\/strong><\/p>\n\n\n\n<figure class=\"wp-block-image aligncenter size-large\"><img loading=\"lazy\" decoding=\"async\" width=\"1030\" height=\"935\" src=\"https:\/\/www.fondationassistanceauxanimaux.org\/actu\/wp-content\/uploads\/2025\/03\/481767369_1063695372456044_7401533609553389542_n-1030x935.jpg\" alt=\"\" class=\"wp-image-22781\" srcset=\"https:\/\/www.fondationassistanceauxanimaux.org\/actu\/wp-content\/uploads\/2025\/03\/481767369_1063695372456044_7401533609553389542_n-1030x935.jpg 1030w, https:\/\/www.fondationassistanceauxanimaux.org\/actu\/wp-content\/uploads\/2025\/03\/481767369_1063695372456044_7401533609553389542_n-300x272.jpg 300w, https:\/\/www.fondationassistanceauxanimaux.org\/actu\/wp-content\/uploads\/2025\/03\/481767369_1063695372456044_7401533609553389542_n-768x697.jpg 768w, https:\/\/www.fondationassistanceauxanimaux.org\/actu\/wp-content\/uploads\/2025\/03\/481767369_1063695372456044_7401533609553389542_n-705x640.jpg 705w, https:\/\/www.fondationassistanceauxanimaux.org\/actu\/wp-content\/uploads\/2025\/03\/481767369_1063695372456044_7401533609553389542_n.jpg 1172w\" sizes=\"auto, (max-width: 1030px) 100vw, 1030px\" \/><\/figure>\n","protected":false},"excerpt":{"rendered":"<p>Quelle joie pour Tokyo, Brownie, Princesse et Ava de profiter d\u2019un moment en pleine nature ! Exploration, d\u00e9couvertes, jeux et d\u00e9tente sous le soleil, nos prot\u00e9g\u00e9s ont savour\u00e9 chaque instant de cette escapade en for\u00eat. Ces promenades sont bien plus qu\u2019un simple moment de libert\u00e9 : elles leur permettent de se d\u00e9tendre, de s\u2019\u00e9panouir et [&hellip;]<\/p>\n","protected":false},"author":3,"featured_media":22781,"comment_status":"closed","ping_status":"closed","sticky":false,"template":"","format":"standard","meta":{"footnotes":""},"categories":[21],"tags":[],"class_list":["post-22780","post","type-post","status-publish","format-standard","has-post-thumbnail","hentry","category-fondation-assistance-aux-animaux"],"yoast_head":"<!-- This site is optimized with the Yoast SEO plugin v24.5 - https:\/\/yoast.com\/wordpress\/plugins\/seo\/ -->\n<title>Une belle sortie en for\u00eat pour nos pensionnaires du refuge de Toulon ! - Fondation Assistance aux Animaux - Actualit\u00e9s<\/title>\n<meta name=\"robots\" content=\"index, follow, max-snippet:-1, max-image-preview:large, max-video-preview:-1\" \/>\n<link rel=\"canonical\" href=\"https:\/\/www.fondationassistanceauxanimaux.org\/actu\/une-belle-sortie-en-foret-22780\/\" \/>\n<meta property=\"og:locale\" content=\"fr_FR\" \/>\n<meta property=\"og:type\" content=\"article\" \/>\n<meta property=\"og:title\" content=\"Une belle sortie en for\u00eat pour nos pensionnaires du refuge de Toulon ! - Fondation Assistance aux Animaux - Actualit\u00e9s\" \/>\n<meta property=\"og:description\" content=\"Quelle joie pour Tokyo, Brownie, Princesse et Ava de profiter d\u2019un moment en pleine nature ! Exploration, d\u00e9couvertes, jeux et d\u00e9tente sous le soleil, nos prot\u00e9g\u00e9s ont savour\u00e9 chaque instant de cette escapade en for\u00eat. Ces promenades sont bien plus qu\u2019un simple moment de libert\u00e9 : elles leur permettent de se d\u00e9tendre, de s\u2019\u00e9panouir et [&hellip;]\" \/>\n<meta property=\"og:url\" content=\"https:\/\/www.fondationassistanceauxanimaux.org\/actu\/une-belle-sortie-en-foret-22780\/\" \/>\n<meta property=\"og:site_name\" content=\"Fondation Assistance aux Animaux - Actualit\u00e9s\" \/>\n<meta property=\"article:published_time\" content=\"2025-03-07T13:38:50+00:00\" \/>\n<meta property=\"article:modified_time\" content=\"2025-03-07T13:38:51+00:00\" \/>\n<meta property=\"og:image\" content=\"https:\/\/www.fondationassistanceauxanimaux.org\/actu\/wp-content\/uploads\/2025\/03\/481767369_1063695372456044_7401533609553389542_n.jpg\" \/>\n\t<meta property=\"og:image:width\" content=\"1172\" \/>\n\t<meta property=\"og:image:height\" content=\"1064\" \/>\n\t<meta property=\"og:image:type\" content=\"image\/jpeg\" \/>\n<meta name=\"author\" content=\"No\u00e9\" \/>\n<meta name=\"twitter:card\" content=\"summary_large_image\" \/>\n<meta name=\"twitter:label1\" content=\"\u00c9crit par\" \/>\n\t<meta name=\"twitter:data1\" content=\"No\u00e9\" \/>\n\t<meta name=\"twitter:label2\" content=\"Dur\u00e9e de lecture estim\u00e9e\" \/>\n\t<meta name=\"twitter:data2\" content=\"1 minute\" \/>\n<script type=\"application\/ld+json\" class=\"yoast-schema-graph\">{\"@context\":\"https:\/\/schema.org\",\"@graph\":[{\"@type\":\"WebPage\",\"@id\":\"https:\/\/www.fondationassistanceauxanimaux.org\/actu\/une-belle-sortie-en-foret-22780\/\",\"url\":\"https:\/\/www.fondationassistanceauxanimaux.org\/actu\/une-belle-sortie-en-foret-22780\/\",\"name\":\"Une belle sortie en for\u00eat pour nos pensionnaires du refuge de Toulon ! - Fondation Assistance aux Animaux - Actualit\u00e9s\",\"isPartOf\":{\"@id\":\"https:\/\/www.fondationassistanceauxanimaux.org\/actu\/#website\"},\"primaryImageOfPage\":{\"@id\":\"https:\/\/www.fondationassistanceauxanimaux.org\/actu\/une-belle-sortie-en-foret-22780\/#primaryimage\"},\"image\":{\"@id\":\"https:\/\/www.fondationassistanceauxanimaux.org\/actu\/une-belle-sortie-en-foret-22780\/#primaryimage\"},\"thumbnailUrl\":\"https:\/\/www.fondationassistanceauxanimaux.org\/actu\/wp-content\/uploads\/2025\/03\/481767369_1063695372456044_7401533609553389542_n.jpg\",\"datePublished\":\"2025-03-07T13:38:50+00:00\",\"dateModified\":\"2025-03-07T13:38:51+00:00\",\"author\":{\"@id\":\"https:\/\/www.fondationassistanceauxanimaux.org\/actu\/#\/schema\/person\/71a8476d98daaea0d71a965c5603e10b\"},\"breadcrumb\":{\"@id\":\"https:\/\/www.fondationassistanceauxanimaux.org\/actu\/une-belle-sortie-en-foret-22780\/#breadcrumb\"},\"inLanguage\":\"fr-FR\",\"potentialAction\":[{\"@type\":\"ReadAction\",\"target\":[\"https:\/\/www.fondationassistanceauxanimaux.org\/actu\/une-belle-sortie-en-foret-22780\/\"]}]},{\"@type\":\"ImageObject\",\"inLanguage\":\"fr-FR\",\"@id\":\"https:\/\/www.fondationassistanceauxanimaux.org\/actu\/une-belle-sortie-en-foret-22780\/#primaryimage\",\"url\":\"https:\/\/www.fondationassistanceauxanimaux.org\/actu\/wp-content\/uploads\/2025\/03\/481767369_1063695372456044_7401533609553389542_n.jpg\",\"contentUrl\":\"https:\/\/www.fondationassistanceauxanimaux.org\/actu\/wp-content\/uploads\/2025\/03\/481767369_1063695372456044_7401533609553389542_n.jpg\",\"width\":1172,\"height\":1064},{\"@type\":\"BreadcrumbList\",\"@id\":\"https:\/\/www.fondationassistanceauxanimaux.org\/actu\/une-belle-sortie-en-foret-22780\/#breadcrumb\",\"itemListElement\":[{\"@type\":\"ListItem\",\"position\":1,\"name\":\"Accueil\",\"item\":\"https:\/\/www.fondationassistanceauxanimaux.org\/actu\/\"},{\"@type\":\"ListItem\",\"position\":2,\"name\":\"Une belle sortie en for\u00eat pour nos pensionnaires du refuge de Toulon !\"}]},{\"@type\":\"WebSite\",\"@id\":\"https:\/\/www.fondationassistanceauxanimaux.org\/actu\/#website\",\"url\":\"https:\/\/www.fondationassistanceauxanimaux.org\/actu\/\",\"name\":\"Fondation Assistance aux Animaux - Actualit\u00e9s\",\"description\":\"Depuis 1930 la Fondation Assistance aux Animaux pour la d\u00e9fense et la protection des animaux maltrait\u00e9s et abandonn\u00e9s\",\"potentialAction\":[{\"@type\":\"SearchAction\",\"target\":{\"@type\":\"EntryPoint\",\"urlTemplate\":\"https:\/\/www.fondationassistanceauxanimaux.org\/actu\/?s={search_term_string}\"},\"query-input\":{\"@type\":\"PropertyValueSpecification\",\"valueRequired\":true,\"valueName\":\"search_term_string\"}}],\"inLanguage\":\"fr-FR\"},{\"@type\":\"Person\",\"@id\":\"https:\/\/www.fondationassistanceauxanimaux.org\/actu\/#\/schema\/person\/71a8476d98daaea0d71a965c5603e10b\",\"name\":\"No\u00e9\",\"image\":{\"@type\":\"ImageObject\",\"inLanguage\":\"fr-FR\",\"@id\":\"https:\/\/www.fondationassistanceauxanimaux.org\/actu\/#\/schema\/person\/image\/\",\"url\":\"https:\/\/secure.gravatar.com\/avatar\/d34cf6c6bd22b3db9c932bc580c4d1ba93c0cda7588a41b59078888ab1e5f007?s=96&d=mm&r=g\",\"contentUrl\":\"https:\/\/secure.gravatar.com\/avatar\/d34cf6c6bd22b3db9c932bc580c4d1ba93c0cda7588a41b59078888ab1e5f007?s=96&d=mm&r=g\",\"caption\":\"No\u00e9\"},\"url\":\"https:\/\/www.fondationassistanceauxanimaux.org\/actu\/author\/anne\/\"}]}<\/script>\n<!-- \/ Yoast SEO plugin. -->","yoast_head_json":{"title":"Une belle sortie en for\u00eat pour nos pensionnaires du refuge de Toulon ! - Fondation Assistance aux Animaux - Actualit\u00e9s","robots":{"index":"index","follow":"follow","max-snippet":"max-snippet:-1","max-image-preview":"max-image-preview:large","max-video-preview":"max-video-preview:-1"},"canonical":"https:\/\/www.fondationassistanceauxanimaux.org\/actu\/une-belle-sortie-en-foret-22780\/","og_locale":"fr_FR","og_type":"article","og_title":"Une belle sortie en for\u00eat pour nos pensionnaires du refuge de Toulon ! - Fondation Assistance aux Animaux - Actualit\u00e9s","og_description":"Quelle joie pour Tokyo, Brownie, Princesse et Ava de profiter d\u2019un moment en pleine nature ! Exploration, d\u00e9couvertes, jeux et d\u00e9tente sous le soleil, nos prot\u00e9g\u00e9s ont savour\u00e9 chaque instant de cette escapade en for\u00eat. Ces promenades sont bien plus qu\u2019un simple moment de libert\u00e9 : elles leur permettent de se d\u00e9tendre, de s\u2019\u00e9panouir et [&hellip;]","og_url":"https:\/\/www.fondationassistanceauxanimaux.org\/actu\/une-belle-sortie-en-foret-22780\/","og_site_name":"Fondation Assistance aux Animaux - Actualit\u00e9s","article_published_time":"2025-03-07T13:38:50+00:00","article_modified_time":"2025-03-07T13:38:51+00:00","og_image":[{"width":1172,"height":1064,"url":"https:\/\/www.fondationassistanceauxanimaux.org\/actu\/wp-content\/uploads\/2025\/03\/481767369_1063695372456044_7401533609553389542_n.jpg","type":"image\/jpeg"}],"author":"No\u00e9","twitter_card":"summary_large_image","twitter_misc":{"\u00c9crit par":"No\u00e9","Dur\u00e9e de lecture estim\u00e9e":"1 minute"},"schema":{"@context":"https:\/\/schema.org","@graph":[{"@type":"WebPage","@id":"https:\/\/www.fondationassistanceauxanimaux.org\/actu\/une-belle-sortie-en-foret-22780\/","url":"https:\/\/www.fondationassistanceauxanimaux.org\/actu\/une-belle-sortie-en-foret-22780\/","name":"Une belle sortie en for\u00eat pour nos pensionnaires du refuge de Toulon ! - Fondation Assistance aux Animaux - Actualit\u00e9s","isPartOf":{"@id":"https:\/\/www.fondationassistanceauxanimaux.org\/actu\/#website"},"primaryImageOfPage":{"@id":"https:\/\/www.fondationassistanceauxanimaux.org\/actu\/une-belle-sortie-en-foret-22780\/#primaryimage"},"image":{"@id":"https:\/\/www.fondationassistanceauxanimaux.org\/actu\/une-belle-sortie-en-foret-22780\/#primaryimage"},"thumbnailUrl":"https:\/\/www.fondationassistanceauxanimaux.org\/actu\/wp-content\/uploads\/2025\/03\/481767369_1063695372456044_7401533609553389542_n.jpg","datePublished":"2025-03-07T13:38:50+00:00","dateModified":"2025-03-07T13:38:51+00:00","author":{"@id":"https:\/\/www.fondationassistanceauxanimaux.org\/actu\/#\/schema\/person\/71a8476d98daaea0d71a965c5603e10b"},"breadcrumb":{"@id":"https:\/\/www.fondationassistanceauxanimaux.org\/actu\/une-belle-sortie-en-foret-22780\/#breadcrumb"},"inLanguage":"fr-FR","potentialAction":[{"@type":"ReadAction","target":["https:\/\/www.fondationassistanceauxanimaux.org\/actu\/une-belle-sortie-en-foret-22780\/"]}]},{"@type":"ImageObject","inLanguage":"fr-FR","@id":"https:\/\/www.fondationassistanceauxanimaux.org\/actu\/une-belle-sortie-en-foret-22780\/#primaryimage","url":"https:\/\/www.fondationassistanceauxanimaux.org\/actu\/wp-content\/uploads\/2025\/03\/481767369_1063695372456044_7401533609553389542_n.jpg","contentUrl":"https:\/\/www.fondationassistanceauxanimaux.org\/actu\/wp-content\/uploads\/2025\/03\/481767369_1063695372456044_7401533609553389542_n.jpg","width":1172,"height":1064},{"@type":"BreadcrumbList","@id":"https:\/\/www.fondationassistanceauxanimaux.org\/actu\/une-belle-sortie-en-foret-22780\/#breadcrumb","itemListElement":[{"@type":"ListItem","position":1,"name":"Accueil","item":"https:\/\/www.fondationassistanceauxanimaux.org\/actu\/"},{"@type":"ListItem","position":2,"name":"Une belle sortie en for\u00eat pour nos pensionnaires du refuge de Toulon !"}]},{"@type":"WebSite","@id":"https:\/\/www.fondationassistanceauxanimaux.org\/actu\/#website","url":"https:\/\/www.fondationassistanceauxanimaux.org\/actu\/","name":"Fondation Assistance aux Animaux - Actualit\u00e9s","description":"Depuis 1930 la Fondation Assistance aux Animaux pour la d\u00e9fense et la protection des animaux maltrait\u00e9s et abandonn\u00e9s","potentialAction":[{"@type":"SearchAction","target":{"@type":"EntryPoint","urlTemplate":"https:\/\/www.fondationassistanceauxanimaux.org\/actu\/?s={search_term_string}"},"query-input":{"@type":"PropertyValueSpecification","valueRequired":true,"valueName":"search_term_string"}}],"inLanguage":"fr-FR"},{"@type":"Person","@id":"https:\/\/www.fondationassistanceauxanimaux.org\/actu\/#\/schema\/person\/71a8476d98daaea0d71a965c5603e10b","name":"No\u00e9","image":{"@type":"ImageObject","inLanguage":"fr-FR","@id":"https:\/\/www.fondationassistanceauxanimaux.org\/actu\/#\/schema\/person\/image\/","url":"https:\/\/secure.gravatar.com\/avatar\/d34cf6c6bd22b3db9c932bc580c4d1ba93c0cda7588a41b59078888ab1e5f007?s=96&d=mm&r=g","contentUrl":"https:\/\/secure.gravatar.com\/avatar\/d34cf6c6bd22b3db9c932bc580c4d1ba93c0cda7588a41b59078888ab1e5f007?s=96&d=mm&r=g","caption":"No\u00e9"},"url":"https:\/\/www.fondationassistanceauxanimaux.org\/actu\/author\/anne\/"}]}},"_links":{"self":[{"href":"https:\/\/www.fondationassistanceauxanimaux.org\/actu\/wp-json\/wp\/v2\/posts\/22780","targetHints":{"allow":["GET"]}}],"collection":[{"href":"https:\/\/www.fondationassistanceauxanimaux.org\/actu\/wp-json\/wp\/v2\/posts"}],"about":[{"href":"https:\/\/www.fondationassistanceauxanimaux.org\/actu\/wp-json\/wp\/v2\/types\/post"}],"author":[{"embeddable":true,"href":"https:\/\/www.fondationassistanceauxanimaux.org\/actu\/wp-json\/wp\/v2\/users\/3"}],"replies":[{"embeddable":true,"href":"https:\/\/www.fondationassistanceauxanimaux.org\/actu\/wp-json\/wp\/v2\/comments?post=22780"}],"version-history":[{"count":1,"href":"https:\/\/www.fondationassistanceauxanimaux.org\/actu\/wp-json\/wp\/v2\/posts\/22780\/revisions"}],"predecessor-version":[{"id":22782,"href":"https:\/\/www.fondationassistanceauxanimaux.org\/actu\/wp-json\/wp\/v2\/posts\/22780\/revisions\/22782"}],"wp:featuredmedia":[{"embeddable":true,"href":"https:\/\/www.fondationassistanceauxanimaux.org\/actu\/wp-json\/wp\/v2\/media\/22781"}],"wp:attachment":[{"href":"https:\/\/www.fondationassistanceauxanimaux.org\/actu\/wp-json\/wp\/v2\/media?parent=22780"}],"wp:term":[{"taxonomy":"category","embeddable":true,"href":"https:\/\/www.fondationassistanceauxanimaux.org\/actu\/wp-json\/wp\/v2\/categories?post=22780"},{"taxonomy":"post_tag","embeddable":true,"href":"https:\/\/www.fondationassistanceauxanimaux.org\/actu\/wp-json\/wp\/v2\/tags?post=22780"}],"curies":[{"name":"wp","href":"https:\/\/api.w.org\/{rel}","templated":true}]}}