{"id":22669,"date":"2025-02-23T19:16:51","date_gmt":"2025-02-23T18:16:51","guid":{"rendered":"https:\/\/www.fondationassistanceauxanimaux.org\/actu\/?p=22669"},"modified":"2025-02-23T19:17:00","modified_gmt":"2025-02-23T18:17:00","slug":"seconde-chance-nesse","status":"publish","type":"post","link":"https:\/\/www.fondationassistanceauxanimaux.org\/actu\/seconde-chance-nesse-22669\/","title":{"rendered":"Une seconde chance pour Nesse"},"content":{"rendered":"\n<p><strong>Abandonn\u00e9e au refuge, Nesse est une adorable chienne de 7 ans qui n\u2019attend qu\u2019une chose : une famille pour la vie.\u00a0<\/strong><\/p>\n\n\n\n<p><strong>Chaque ann\u00e9e, des milliers d&rsquo;animaux se retrouvent en refuge, abandonn\u00e9s. En adoptant, vous ne changez pas seulement leur destin\u2026 Vous gagnez un compagnon fid\u00e8le qui vous rendre votre amour au centuple.<\/strong><\/p>\n\n\n\n<p><strong>Venez la rencontrer au refuge de Carros et offrez-lui l\u2019amour qu\u2019elle m\u00e9rite !<\/strong><\/p>\n\n\n\n<figure class=\"wp-block-gallery has-nested-images columns-default is-cropped wp-block-gallery-1 is-layout-flex wp-block-gallery-is-layout-flex\">\n<figure class=\"wp-block-image size-large\"><img loading=\"lazy\" decoding=\"async\" width=\"912\" height=\"1030\" data-id=\"22671\" src=\"https:\/\/www.fondationassistanceauxanimaux.org\/actu\/wp-content\/uploads\/2025\/02\/IMG_3169-912x1030.jpg\" alt=\"\" class=\"wp-image-22671\" srcset=\"https:\/\/www.fondationassistanceauxanimaux.org\/actu\/wp-content\/uploads\/2025\/02\/IMG_3169-912x1030.jpg 912w, https:\/\/www.fondationassistanceauxanimaux.org\/actu\/wp-content\/uploads\/2025\/02\/IMG_3169-266x300.jpg 266w, https:\/\/www.fondationassistanceauxanimaux.org\/actu\/wp-content\/uploads\/2025\/02\/IMG_3169-768x867.jpg 768w, https:\/\/www.fondationassistanceauxanimaux.org\/actu\/wp-content\/uploads\/2025\/02\/IMG_3169-624x705.jpg 624w, https:\/\/www.fondationassistanceauxanimaux.org\/actu\/wp-content\/uploads\/2025\/02\/IMG_3169.jpg 1179w\" sizes=\"auto, (max-width: 912px) 100vw, 912px\" \/><\/figure>\n\n\n\n<figure class=\"wp-block-image size-large\"><img loading=\"lazy\" decoding=\"async\" width=\"912\" height=\"1030\" data-id=\"22673\" src=\"https:\/\/www.fondationassistanceauxanimaux.org\/actu\/wp-content\/uploads\/2025\/02\/IMG_3171-912x1030.jpg\" alt=\"\" class=\"wp-image-22673\" srcset=\"https:\/\/www.fondationassistanceauxanimaux.org\/actu\/wp-content\/uploads\/2025\/02\/IMG_3171-912x1030.jpg 912w, https:\/\/www.fondationassistanceauxanimaux.org\/actu\/wp-content\/uploads\/2025\/02\/IMG_3171-266x300.jpg 266w, https:\/\/www.fondationassistanceauxanimaux.org\/actu\/wp-content\/uploads\/2025\/02\/IMG_3171-768x867.jpg 768w, https:\/\/www.fondationassistanceauxanimaux.org\/actu\/wp-content\/uploads\/2025\/02\/IMG_3171-624x705.jpg 624w, https:\/\/www.fondationassistanceauxanimaux.org\/actu\/wp-content\/uploads\/2025\/02\/IMG_3171.jpg 1179w\" sizes=\"auto, (max-width: 912px) 100vw, 912px\" \/><\/figure>\n\n\n\n<figure class=\"wp-block-image size-large\"><img loading=\"lazy\" decoding=\"async\" width=\"916\" height=\"1030\" data-id=\"22672\" src=\"https:\/\/www.fondationassistanceauxanimaux.org\/actu\/wp-content\/uploads\/2025\/02\/IMG_3170-916x1030.jpg\" alt=\"\" class=\"wp-image-22672\" srcset=\"https:\/\/www.fondationassistanceauxanimaux.org\/actu\/wp-content\/uploads\/2025\/02\/IMG_3170-916x1030.jpg 916w, https:\/\/www.fondationassistanceauxanimaux.org\/actu\/wp-content\/uploads\/2025\/02\/IMG_3170-267x300.jpg 267w, https:\/\/www.fondationassistanceauxanimaux.org\/actu\/wp-content\/uploads\/2025\/02\/IMG_3170-768x864.jpg 768w, https:\/\/www.fondationassistanceauxanimaux.org\/actu\/wp-content\/uploads\/2025\/02\/IMG_3170-627x705.jpg 627w, https:\/\/www.fondationassistanceauxanimaux.org\/actu\/wp-content\/uploads\/2025\/02\/IMG_3170.jpg 1179w\" sizes=\"auto, (max-width: 916px) 100vw, 916px\" \/><\/figure>\n<\/figure>\n","protected":false},"excerpt":{"rendered":"<p>Abandonn\u00e9e au refuge, Nesse est une adorable chienne de 7 ans qui n\u2019attend qu\u2019une chose : une famille pour la vie.\u00a0 Chaque ann\u00e9e, des milliers d&rsquo;animaux se retrouvent en refuge, abandonn\u00e9s. En adoptant, vous ne changez pas seulement leur destin\u2026 Vous gagnez un compagnon fid\u00e8le qui vous rendre votre amour au centuple. Venez la rencontrer [&hellip;]<\/p>\n","protected":false},"author":3,"featured_media":22675,"comment_status":"closed","ping_status":"closed","sticky":false,"template":"","format":"standard","meta":{"footnotes":""},"categories":[21],"tags":[],"class_list":["post-22669","post","type-post","status-publish","format-standard","has-post-thumbnail","hentry","category-fondation-assistance-aux-animaux"],"yoast_head":"<!-- This site is optimized with the Yoast SEO plugin v24.5 - https:\/\/yoast.com\/wordpress\/plugins\/seo\/ -->\n<title>Une seconde chance pour Nesse - Fondation Assistance aux Animaux - Actualit\u00e9s<\/title>\n<meta name=\"robots\" content=\"index, follow, max-snippet:-1, max-image-preview:large, max-video-preview:-1\" \/>\n<link rel=\"canonical\" href=\"https:\/\/www.fondationassistanceauxanimaux.org\/actu\/seconde-chance-nesse-22669\/\" \/>\n<meta property=\"og:locale\" content=\"fr_FR\" \/>\n<meta property=\"og:type\" content=\"article\" \/>\n<meta property=\"og:title\" content=\"Une seconde chance pour Nesse - Fondation Assistance aux Animaux - Actualit\u00e9s\" \/>\n<meta property=\"og:description\" content=\"Abandonn\u00e9e au refuge, Nesse est une adorable chienne de 7 ans qui n\u2019attend qu\u2019une chose : une famille pour la vie.\u00a0 Chaque ann\u00e9e, des milliers d&rsquo;animaux se retrouvent en refuge, abandonn\u00e9s. En adoptant, vous ne changez pas seulement leur destin\u2026 Vous gagnez un compagnon fid\u00e8le qui vous rendre votre amour au centuple. Venez la rencontrer [&hellip;]\" \/>\n<meta property=\"og:url\" content=\"https:\/\/www.fondationassistanceauxanimaux.org\/actu\/seconde-chance-nesse-22669\/\" \/>\n<meta property=\"og:site_name\" content=\"Fondation Assistance aux Animaux - Actualit\u00e9s\" \/>\n<meta property=\"article:published_time\" content=\"2025-02-23T18:16:51+00:00\" \/>\n<meta property=\"article:modified_time\" content=\"2025-02-23T18:17:00+00:00\" \/>\n<meta property=\"og:image\" content=\"https:\/\/www.fondationassistanceauxanimaux.org\/actu\/wp-content\/uploads\/2025\/02\/IMG_3168-1.jpg\" \/>\n\t<meta property=\"og:image:width\" content=\"1172\" \/>\n\t<meta property=\"og:image:height\" content=\"881\" \/>\n\t<meta property=\"og:image:type\" content=\"image\/jpeg\" \/>\n<meta name=\"author\" content=\"No\u00e9\" \/>\n<meta name=\"twitter:card\" content=\"summary_large_image\" \/>\n<meta name=\"twitter:label1\" content=\"\u00c9crit par\" \/>\n\t<meta name=\"twitter:data1\" content=\"No\u00e9\" \/>\n\t<meta name=\"twitter:label2\" content=\"Dur\u00e9e de lecture estim\u00e9e\" \/>\n\t<meta name=\"twitter:data2\" content=\"1 minute\" \/>\n<script type=\"application\/ld+json\" class=\"yoast-schema-graph\">{\"@context\":\"https:\/\/schema.org\",\"@graph\":[{\"@type\":\"WebPage\",\"@id\":\"https:\/\/www.fondationassistanceauxanimaux.org\/actu\/seconde-chance-nesse-22669\/\",\"url\":\"https:\/\/www.fondationassistanceauxanimaux.org\/actu\/seconde-chance-nesse-22669\/\",\"name\":\"Une seconde chance pour Nesse - Fondation Assistance aux Animaux - Actualit\u00e9s\",\"isPartOf\":{\"@id\":\"https:\/\/www.fondationassistanceauxanimaux.org\/actu\/#website\"},\"primaryImageOfPage\":{\"@id\":\"https:\/\/www.fondationassistanceauxanimaux.org\/actu\/seconde-chance-nesse-22669\/#primaryimage\"},\"image\":{\"@id\":\"https:\/\/www.fondationassistanceauxanimaux.org\/actu\/seconde-chance-nesse-22669\/#primaryimage\"},\"thumbnailUrl\":\"https:\/\/www.fondationassistanceauxanimaux.org\/actu\/wp-content\/uploads\/2025\/02\/IMG_3168-1.jpg\",\"datePublished\":\"2025-02-23T18:16:51+00:00\",\"dateModified\":\"2025-02-23T18:17:00+00:00\",\"author\":{\"@id\":\"https:\/\/www.fondationassistanceauxanimaux.org\/actu\/#\/schema\/person\/71a8476d98daaea0d71a965c5603e10b\"},\"breadcrumb\":{\"@id\":\"https:\/\/www.fondationassistanceauxanimaux.org\/actu\/seconde-chance-nesse-22669\/#breadcrumb\"},\"inLanguage\":\"fr-FR\",\"potentialAction\":[{\"@type\":\"ReadAction\",\"target\":[\"https:\/\/www.fondationassistanceauxanimaux.org\/actu\/seconde-chance-nesse-22669\/\"]}]},{\"@type\":\"ImageObject\",\"inLanguage\":\"fr-FR\",\"@id\":\"https:\/\/www.fondationassistanceauxanimaux.org\/actu\/seconde-chance-nesse-22669\/#primaryimage\",\"url\":\"https:\/\/www.fondationassistanceauxanimaux.org\/actu\/wp-content\/uploads\/2025\/02\/IMG_3168-1.jpg\",\"contentUrl\":\"https:\/\/www.fondationassistanceauxanimaux.org\/actu\/wp-content\/uploads\/2025\/02\/IMG_3168-1.jpg\",\"width\":1172,\"height\":881},{\"@type\":\"BreadcrumbList\",\"@id\":\"https:\/\/www.fondationassistanceauxanimaux.org\/actu\/seconde-chance-nesse-22669\/#breadcrumb\",\"itemListElement\":[{\"@type\":\"ListItem\",\"position\":1,\"name\":\"Accueil\",\"item\":\"https:\/\/www.fondationassistanceauxanimaux.org\/actu\/\"},{\"@type\":\"ListItem\",\"position\":2,\"name\":\"Une seconde chance pour Nesse\"}]},{\"@type\":\"WebSite\",\"@id\":\"https:\/\/www.fondationassistanceauxanimaux.org\/actu\/#website\",\"url\":\"https:\/\/www.fondationassistanceauxanimaux.org\/actu\/\",\"name\":\"Fondation Assistance aux Animaux - Actualit\u00e9s\",\"description\":\"Depuis 1930 la Fondation Assistance aux Animaux pour la d\u00e9fense et la protection des animaux maltrait\u00e9s et abandonn\u00e9s\",\"potentialAction\":[{\"@type\":\"SearchAction\",\"target\":{\"@type\":\"EntryPoint\",\"urlTemplate\":\"https:\/\/www.fondationassistanceauxanimaux.org\/actu\/?s={search_term_string}\"},\"query-input\":{\"@type\":\"PropertyValueSpecification\",\"valueRequired\":true,\"valueName\":\"search_term_string\"}}],\"inLanguage\":\"fr-FR\"},{\"@type\":\"Person\",\"@id\":\"https:\/\/www.fondationassistanceauxanimaux.org\/actu\/#\/schema\/person\/71a8476d98daaea0d71a965c5603e10b\",\"name\":\"No\u00e9\",\"image\":{\"@type\":\"ImageObject\",\"inLanguage\":\"fr-FR\",\"@id\":\"https:\/\/www.fondationassistanceauxanimaux.org\/actu\/#\/schema\/person\/image\/\",\"url\":\"https:\/\/secure.gravatar.com\/avatar\/d34cf6c6bd22b3db9c932bc580c4d1ba93c0cda7588a41b59078888ab1e5f007?s=96&d=mm&r=g\",\"contentUrl\":\"https:\/\/secure.gravatar.com\/avatar\/d34cf6c6bd22b3db9c932bc580c4d1ba93c0cda7588a41b59078888ab1e5f007?s=96&d=mm&r=g\",\"caption\":\"No\u00e9\"},\"url\":\"https:\/\/www.fondationassistanceauxanimaux.org\/actu\/author\/anne\/\"}]}<\/script>\n<!-- \/ Yoast SEO plugin. -->","yoast_head_json":{"title":"Une seconde chance pour Nesse - Fondation Assistance aux Animaux - Actualit\u00e9s","robots":{"index":"index","follow":"follow","max-snippet":"max-snippet:-1","max-image-preview":"max-image-preview:large","max-video-preview":"max-video-preview:-1"},"canonical":"https:\/\/www.fondationassistanceauxanimaux.org\/actu\/seconde-chance-nesse-22669\/","og_locale":"fr_FR","og_type":"article","og_title":"Une seconde chance pour Nesse - Fondation Assistance aux Animaux - Actualit\u00e9s","og_description":"Abandonn\u00e9e au refuge, Nesse est une adorable chienne de 7 ans qui n\u2019attend qu\u2019une chose : une famille pour la vie.\u00a0 Chaque ann\u00e9e, des milliers d&rsquo;animaux se retrouvent en refuge, abandonn\u00e9s. En adoptant, vous ne changez pas seulement leur destin\u2026 Vous gagnez un compagnon fid\u00e8le qui vous rendre votre amour au centuple. Venez la rencontrer [&hellip;]","og_url":"https:\/\/www.fondationassistanceauxanimaux.org\/actu\/seconde-chance-nesse-22669\/","og_site_name":"Fondation Assistance aux Animaux - Actualit\u00e9s","article_published_time":"2025-02-23T18:16:51+00:00","article_modified_time":"2025-02-23T18:17:00+00:00","og_image":[{"width":1172,"height":881,"url":"https:\/\/www.fondationassistanceauxanimaux.org\/actu\/wp-content\/uploads\/2025\/02\/IMG_3168-1.jpg","type":"image\/jpeg"}],"author":"No\u00e9","twitter_card":"summary_large_image","twitter_misc":{"\u00c9crit par":"No\u00e9","Dur\u00e9e de lecture estim\u00e9e":"1 minute"},"schema":{"@context":"https:\/\/schema.org","@graph":[{"@type":"WebPage","@id":"https:\/\/www.fondationassistanceauxanimaux.org\/actu\/seconde-chance-nesse-22669\/","url":"https:\/\/www.fondationassistanceauxanimaux.org\/actu\/seconde-chance-nesse-22669\/","name":"Une seconde chance pour Nesse - Fondation Assistance aux Animaux - Actualit\u00e9s","isPartOf":{"@id":"https:\/\/www.fondationassistanceauxanimaux.org\/actu\/#website"},"primaryImageOfPage":{"@id":"https:\/\/www.fondationassistanceauxanimaux.org\/actu\/seconde-chance-nesse-22669\/#primaryimage"},"image":{"@id":"https:\/\/www.fondationassistanceauxanimaux.org\/actu\/seconde-chance-nesse-22669\/#primaryimage"},"thumbnailUrl":"https:\/\/www.fondationassistanceauxanimaux.org\/actu\/wp-content\/uploads\/2025\/02\/IMG_3168-1.jpg","datePublished":"2025-02-23T18:16:51+00:00","dateModified":"2025-02-23T18:17:00+00:00","author":{"@id":"https:\/\/www.fondationassistanceauxanimaux.org\/actu\/#\/schema\/person\/71a8476d98daaea0d71a965c5603e10b"},"breadcrumb":{"@id":"https:\/\/www.fondationassistanceauxanimaux.org\/actu\/seconde-chance-nesse-22669\/#breadcrumb"},"inLanguage":"fr-FR","potentialAction":[{"@type":"ReadAction","target":["https:\/\/www.fondationassistanceauxanimaux.org\/actu\/seconde-chance-nesse-22669\/"]}]},{"@type":"ImageObject","inLanguage":"fr-FR","@id":"https:\/\/www.fondationassistanceauxanimaux.org\/actu\/seconde-chance-nesse-22669\/#primaryimage","url":"https:\/\/www.fondationassistanceauxanimaux.org\/actu\/wp-content\/uploads\/2025\/02\/IMG_3168-1.jpg","contentUrl":"https:\/\/www.fondationassistanceauxanimaux.org\/actu\/wp-content\/uploads\/2025\/02\/IMG_3168-1.jpg","width":1172,"height":881},{"@type":"BreadcrumbList","@id":"https:\/\/www.fondationassistanceauxanimaux.org\/actu\/seconde-chance-nesse-22669\/#breadcrumb","itemListElement":[{"@type":"ListItem","position":1,"name":"Accueil","item":"https:\/\/www.fondationassistanceauxanimaux.org\/actu\/"},{"@type":"ListItem","position":2,"name":"Une seconde chance pour Nesse"}]},{"@type":"WebSite","@id":"https:\/\/www.fondationassistanceauxanimaux.org\/actu\/#website","url":"https:\/\/www.fondationassistanceauxanimaux.org\/actu\/","name":"Fondation Assistance aux Animaux - Actualit\u00e9s","description":"Depuis 1930 la Fondation Assistance aux Animaux pour la d\u00e9fense et la protection des animaux maltrait\u00e9s et abandonn\u00e9s","potentialAction":[{"@type":"SearchAction","target":{"@type":"EntryPoint","urlTemplate":"https:\/\/www.fondationassistanceauxanimaux.org\/actu\/?s={search_term_string}"},"query-input":{"@type":"PropertyValueSpecification","valueRequired":true,"valueName":"search_term_string"}}],"inLanguage":"fr-FR"},{"@type":"Person","@id":"https:\/\/www.fondationassistanceauxanimaux.org\/actu\/#\/schema\/person\/71a8476d98daaea0d71a965c5603e10b","name":"No\u00e9","image":{"@type":"ImageObject","inLanguage":"fr-FR","@id":"https:\/\/www.fondationassistanceauxanimaux.org\/actu\/#\/schema\/person\/image\/","url":"https:\/\/secure.gravatar.com\/avatar\/d34cf6c6bd22b3db9c932bc580c4d1ba93c0cda7588a41b59078888ab1e5f007?s=96&d=mm&r=g","contentUrl":"https:\/\/secure.gravatar.com\/avatar\/d34cf6c6bd22b3db9c932bc580c4d1ba93c0cda7588a41b59078888ab1e5f007?s=96&d=mm&r=g","caption":"No\u00e9"},"url":"https:\/\/www.fondationassistanceauxanimaux.org\/actu\/author\/anne\/"}]}},"_links":{"self":[{"href":"https:\/\/www.fondationassistanceauxanimaux.org\/actu\/wp-json\/wp\/v2\/posts\/22669","targetHints":{"allow":["GET"]}}],"collection":[{"href":"https:\/\/www.fondationassistanceauxanimaux.org\/actu\/wp-json\/wp\/v2\/posts"}],"about":[{"href":"https:\/\/www.fondationassistanceauxanimaux.org\/actu\/wp-json\/wp\/v2\/types\/post"}],"author":[{"embeddable":true,"href":"https:\/\/www.fondationassistanceauxanimaux.org\/actu\/wp-json\/wp\/v2\/users\/3"}],"replies":[{"embeddable":true,"href":"https:\/\/www.fondationassistanceauxanimaux.org\/actu\/wp-json\/wp\/v2\/comments?post=22669"}],"version-history":[{"count":1,"href":"https:\/\/www.fondationassistanceauxanimaux.org\/actu\/wp-json\/wp\/v2\/posts\/22669\/revisions"}],"predecessor-version":[{"id":22674,"href":"https:\/\/www.fondationassistanceauxanimaux.org\/actu\/wp-json\/wp\/v2\/posts\/22669\/revisions\/22674"}],"wp:featuredmedia":[{"embeddable":true,"href":"https:\/\/www.fondationassistanceauxanimaux.org\/actu\/wp-json\/wp\/v2\/media\/22675"}],"wp:attachment":[{"href":"https:\/\/www.fondationassistanceauxanimaux.org\/actu\/wp-json\/wp\/v2\/media?parent=22669"}],"wp:term":[{"taxonomy":"category","embeddable":true,"href":"https:\/\/www.fondationassistanceauxanimaux.org\/actu\/wp-json\/wp\/v2\/categories?post=22669"},{"taxonomy":"post_tag","embeddable":true,"href":"https:\/\/www.fondationassistanceauxanimaux.org\/actu\/wp-json\/wp\/v2\/tags?post=22669"}],"curies":[{"name":"wp","href":"https:\/\/api.w.org\/{rel}","templated":true}]}}