{"id":22638,"date":"2025-02-21T15:08:06","date_gmt":"2025-02-21T14:08:06","guid":{"rendered":"https:\/\/www.fondationassistanceauxanimaux.org\/actu\/?p=22638"},"modified":"2025-02-21T15:08:07","modified_gmt":"2025-02-21T14:08:07","slug":"rebelle-chat-maltraitance-justice","status":"publish","type":"post","link":"https:\/\/www.fondationassistanceauxanimaux.org\/actu\/rebelle-chat-maltraitance-justice-22638\/","title":{"rendered":"Rebelle, l\u2019\u00e9chapp\u00e9e belle de la justice\u00a0!"},"content":{"rendered":"\n<p><strong>Il y a des vid\u00e9os qu\u2019on pr\u00e9f\u00e8rerait ne jamais visionner. Fin ao\u00fbt 2024, une sc\u00e8ne d\u2019une violence inou\u00efe a fait le tour des r\u00e9seaux sociaux, accumulant plus de 34 000 vues en 24 heures. On y distingue un homme saisir brutalement une chatte \u00e0 la gorge, l\u2019immobiliser de force, alors qu\u2019elle miaule de d\u00e9tresse et tente de se d\u00e9battre. Quelques instants plus tard, il la projette violemment dans un escalier, la laissant chuter sans qu\u2019elle puisse se r\u00e9ceptionner.<\/strong><\/p>\n\n\n\n<figure class=\"wp-block-image aligncenter size-large\"><img loading=\"lazy\" decoding=\"async\" width=\"1030\" height=\"590\" src=\"https:\/\/www.fondationassistanceauxanimaux.org\/actu\/wp-content\/uploads\/2025\/02\/image-1030x590.png\" alt=\"\" class=\"wp-image-22639\" srcset=\"https:\/\/www.fondationassistanceauxanimaux.org\/actu\/wp-content\/uploads\/2025\/02\/image-1030x590.png 1030w, https:\/\/www.fondationassistanceauxanimaux.org\/actu\/wp-content\/uploads\/2025\/02\/image-300x172.png 300w, https:\/\/www.fondationassistanceauxanimaux.org\/actu\/wp-content\/uploads\/2025\/02\/image-768x440.png 768w, https:\/\/www.fondationassistanceauxanimaux.org\/actu\/wp-content\/uploads\/2025\/02\/image-705x404.png 705w, https:\/\/www.fondationassistanceauxanimaux.org\/actu\/wp-content\/uploads\/2025\/02\/image.png 1171w\" sizes=\"auto, (max-width: 1030px) 100vw, 1030px\" \/><figcaption class=\"wp-element-caption\">Extrait de la vid\u00e9o : capture d&rsquo;\u00e9cran<\/figcaption><\/figure>\n\n\n\n<blockquote class=\"wp-block-quote is-layout-flow wp-block-quote-is-layout-flow\">\n<p><strong>Cette chatte, c\u2019est Rebelle, une petite f\u00e9line de 4 ans, connue pour son temp\u00e9rament doux et sociable. Son propri\u00e9taire, horrifi\u00e9 en d\u00e9couvrant la vid\u00e9o, reconna\u00eet imm\u00e9diatement son animal et l\u2019auteur des faits : un voisin d\u00e9j\u00e0 tristement connu dans son quartier. Furieux et inquiet, il r\u00e9cup\u00e8re sa chatte et l\u2019emm\u00e8ne en urgence chez un v\u00e9t\u00e9rinaire. Heureusement, les examens ne r\u00e9v\u00e8lent aucune blessure physique. Mais une fois de retour chez elle, Rebelle n\u2019est plus la m\u00eame : apeur\u00e9e, elle reste prostr\u00e9e, marche en rasant le sol et s\u2019isole.<\/strong><\/p>\n<\/blockquote>\n\n\n\n<blockquote class=\"wp-block-quote is-layout-flow wp-block-quote-is-layout-flow\">\n<p><strong>Face \u00e0 cette cruaut\u00e9 insupportable, la Fondation Assistance aux Animaux\u00a0s\u2019est imm\u00e9diatement constitu\u00e9e partie civile pour que justice soit rendue.<\/strong><\/p>\n<\/blockquote>\n\n\n\n<blockquote class=\"wp-block-quote is-layout-flow wp-block-quote-is-layout-flow\">\n<p><strong>Arr\u00eat\u00e9 et plac\u00e9 en garde \u00e0 vue, l\u2019homme, d\u00e9j\u00e0 lourdement condamn\u00e9 par le pass\u00e9, tente de minimiser son geste : \u00ab\u00a0<em>Je ne l\u2019ai pas \u00e9trangl\u00e9e, juste attrap\u00e9e<\/em>\u00a0\u00bb, tentera-t-il d\u2019affirmer. Il ajoute que la vid\u00e9o aurait \u00e9t\u00e9 partag\u00e9e par erreur. Pourtant, les images sont sans \u00e9quivoque\u00a0: on y voit Rebelle se d\u00e9battre en miaulant de d\u00e9tresse, tandis que son agresseur l\u2019insulte avant de la jeter violemment. Une sc\u00e8ne qui illustre toute la cruaut\u00e9 de son acte. Autre \u00e9l\u00e9ment aggravant de cette affaire : l\u2019individu \u00e9tait en \u00e9tat d\u2019ivresse lors de son arrestation.<\/strong><\/p>\n\n\n\n<p><strong>Tandis que le parquet r\u00e9clamait une peine assortie d\u2019un sursis probatoire, le tribunal a estim\u00e9 que la gravit\u00e9 des faits et les ant\u00e9c\u00e9dents de l\u2019accus\u00e9 justifiaient une sanction plus s\u00e9v\u00e8re. Il a ainsi \u00e9t\u00e9 condamn\u00e9 \u00e0 6 mois de prison ferme et interdit d\u00e9finitivement de d\u00e9tenir un animal. Une peine plus lourde que celle requise, qui envoie un signal fort, m\u00eame si elle reste encore,\u00a0pour la Fondation Assistance Aux animaux, en de\u00e7\u00e0 de ce que ces actes m\u00e9riteraient.<\/strong><\/p>\n<\/blockquote>\n","protected":false},"excerpt":{"rendered":"<p>Il y a des vid\u00e9os qu\u2019on pr\u00e9f\u00e8rerait ne jamais visionner. Fin ao\u00fbt 2024, une sc\u00e8ne d\u2019une violence inou\u00efe a fait le tour des r\u00e9seaux sociaux, accumulant plus de 34 000 vues en 24 heures. On y distingue un homme saisir brutalement une chatte \u00e0 la gorge, l\u2019immobiliser de force, alors qu\u2019elle miaule de d\u00e9tresse et [&hellip;]<\/p>\n","protected":false},"author":3,"featured_media":22642,"comment_status":"closed","ping_status":"closed","sticky":false,"template":"","format":"standard","meta":{"footnotes":""},"categories":[21],"tags":[],"class_list":["post-22638","post","type-post","status-publish","format-standard","has-post-thumbnail","hentry","category-fondation-assistance-aux-animaux"],"yoast_head":"<!-- This site is optimized with the Yoast SEO plugin v24.5 - https:\/\/yoast.com\/wordpress\/plugins\/seo\/ -->\n<title>Rebelle, l\u2019\u00e9chapp\u00e9e belle de la justice\u00a0! - Fondation Assistance aux Animaux - Actualit\u00e9s<\/title>\n<meta name=\"robots\" content=\"index, follow, max-snippet:-1, max-image-preview:large, max-video-preview:-1\" \/>\n<link rel=\"canonical\" href=\"https:\/\/www.fondationassistanceauxanimaux.org\/actu\/rebelle-chat-maltraitance-justice-22638\/\" \/>\n<meta property=\"og:locale\" content=\"fr_FR\" \/>\n<meta property=\"og:type\" content=\"article\" \/>\n<meta property=\"og:title\" content=\"Rebelle, l\u2019\u00e9chapp\u00e9e belle de la justice\u00a0! - Fondation Assistance aux Animaux - Actualit\u00e9s\" \/>\n<meta property=\"og:description\" content=\"Il y a des vid\u00e9os qu\u2019on pr\u00e9f\u00e8rerait ne jamais visionner. Fin ao\u00fbt 2024, une sc\u00e8ne d\u2019une violence inou\u00efe a fait le tour des r\u00e9seaux sociaux, accumulant plus de 34 000 vues en 24 heures. On y distingue un homme saisir brutalement une chatte \u00e0 la gorge, l\u2019immobiliser de force, alors qu\u2019elle miaule de d\u00e9tresse et [&hellip;]\" \/>\n<meta property=\"og:url\" content=\"https:\/\/www.fondationassistanceauxanimaux.org\/actu\/rebelle-chat-maltraitance-justice-22638\/\" \/>\n<meta property=\"og:site_name\" content=\"Fondation Assistance aux Animaux - Actualit\u00e9s\" \/>\n<meta property=\"article:published_time\" content=\"2025-02-21T14:08:06+00:00\" \/>\n<meta property=\"article:modified_time\" content=\"2025-02-21T14:08:07+00:00\" \/>\n<meta property=\"og:image\" content=\"https:\/\/www.fondationassistanceauxanimaux.org\/actu\/wp-content\/uploads\/2025\/02\/extrait-illus.jpg\" \/>\n\t<meta property=\"og:image:width\" content=\"1600\" \/>\n\t<meta property=\"og:image:height\" content=\"900\" \/>\n\t<meta property=\"og:image:type\" content=\"image\/jpeg\" \/>\n<meta name=\"author\" content=\"No\u00e9\" \/>\n<meta name=\"twitter:card\" content=\"summary_large_image\" \/>\n<meta name=\"twitter:label1\" content=\"\u00c9crit par\" \/>\n\t<meta name=\"twitter:data1\" content=\"No\u00e9\" \/>\n\t<meta name=\"twitter:label2\" content=\"Dur\u00e9e de lecture estim\u00e9e\" \/>\n\t<meta name=\"twitter:data2\" content=\"1 minute\" \/>\n<script type=\"application\/ld+json\" class=\"yoast-schema-graph\">{\"@context\":\"https:\/\/schema.org\",\"@graph\":[{\"@type\":\"WebPage\",\"@id\":\"https:\/\/www.fondationassistanceauxanimaux.org\/actu\/rebelle-chat-maltraitance-justice-22638\/\",\"url\":\"https:\/\/www.fondationassistanceauxanimaux.org\/actu\/rebelle-chat-maltraitance-justice-22638\/\",\"name\":\"Rebelle, l\u2019\u00e9chapp\u00e9e belle de la justice\u00a0! - Fondation Assistance aux Animaux - Actualit\u00e9s\",\"isPartOf\":{\"@id\":\"https:\/\/www.fondationassistanceauxanimaux.org\/actu\/#website\"},\"primaryImageOfPage\":{\"@id\":\"https:\/\/www.fondationassistanceauxanimaux.org\/actu\/rebelle-chat-maltraitance-justice-22638\/#primaryimage\"},\"image\":{\"@id\":\"https:\/\/www.fondationassistanceauxanimaux.org\/actu\/rebelle-chat-maltraitance-justice-22638\/#primaryimage\"},\"thumbnailUrl\":\"https:\/\/www.fondationassistanceauxanimaux.org\/actu\/wp-content\/uploads\/2025\/02\/extrait-illus.jpg\",\"datePublished\":\"2025-02-21T14:08:06+00:00\",\"dateModified\":\"2025-02-21T14:08:07+00:00\",\"author\":{\"@id\":\"https:\/\/www.fondationassistanceauxanimaux.org\/actu\/#\/schema\/person\/71a8476d98daaea0d71a965c5603e10b\"},\"breadcrumb\":{\"@id\":\"https:\/\/www.fondationassistanceauxanimaux.org\/actu\/rebelle-chat-maltraitance-justice-22638\/#breadcrumb\"},\"inLanguage\":\"fr-FR\",\"potentialAction\":[{\"@type\":\"ReadAction\",\"target\":[\"https:\/\/www.fondationassistanceauxanimaux.org\/actu\/rebelle-chat-maltraitance-justice-22638\/\"]}]},{\"@type\":\"ImageObject\",\"inLanguage\":\"fr-FR\",\"@id\":\"https:\/\/www.fondationassistanceauxanimaux.org\/actu\/rebelle-chat-maltraitance-justice-22638\/#primaryimage\",\"url\":\"https:\/\/www.fondationassistanceauxanimaux.org\/actu\/wp-content\/uploads\/2025\/02\/extrait-illus.jpg\",\"contentUrl\":\"https:\/\/www.fondationassistanceauxanimaux.org\/actu\/wp-content\/uploads\/2025\/02\/extrait-illus.jpg\",\"width\":1600,\"height\":900},{\"@type\":\"BreadcrumbList\",\"@id\":\"https:\/\/www.fondationassistanceauxanimaux.org\/actu\/rebelle-chat-maltraitance-justice-22638\/#breadcrumb\",\"itemListElement\":[{\"@type\":\"ListItem\",\"position\":1,\"name\":\"Accueil\",\"item\":\"https:\/\/www.fondationassistanceauxanimaux.org\/actu\/\"},{\"@type\":\"ListItem\",\"position\":2,\"name\":\"Rebelle, l\u2019\u00e9chapp\u00e9e belle de la justice\u00a0!\"}]},{\"@type\":\"WebSite\",\"@id\":\"https:\/\/www.fondationassistanceauxanimaux.org\/actu\/#website\",\"url\":\"https:\/\/www.fondationassistanceauxanimaux.org\/actu\/\",\"name\":\"Fondation Assistance aux Animaux - Actualit\u00e9s\",\"description\":\"Depuis 1930 la Fondation Assistance aux Animaux pour la d\u00e9fense et la protection des animaux maltrait\u00e9s et abandonn\u00e9s\",\"potentialAction\":[{\"@type\":\"SearchAction\",\"target\":{\"@type\":\"EntryPoint\",\"urlTemplate\":\"https:\/\/www.fondationassistanceauxanimaux.org\/actu\/?s={search_term_string}\"},\"query-input\":{\"@type\":\"PropertyValueSpecification\",\"valueRequired\":true,\"valueName\":\"search_term_string\"}}],\"inLanguage\":\"fr-FR\"},{\"@type\":\"Person\",\"@id\":\"https:\/\/www.fondationassistanceauxanimaux.org\/actu\/#\/schema\/person\/71a8476d98daaea0d71a965c5603e10b\",\"name\":\"No\u00e9\",\"image\":{\"@type\":\"ImageObject\",\"inLanguage\":\"fr-FR\",\"@id\":\"https:\/\/www.fondationassistanceauxanimaux.org\/actu\/#\/schema\/person\/image\/\",\"url\":\"https:\/\/secure.gravatar.com\/avatar\/d34cf6c6bd22b3db9c932bc580c4d1ba93c0cda7588a41b59078888ab1e5f007?s=96&d=mm&r=g\",\"contentUrl\":\"https:\/\/secure.gravatar.com\/avatar\/d34cf6c6bd22b3db9c932bc580c4d1ba93c0cda7588a41b59078888ab1e5f007?s=96&d=mm&r=g\",\"caption\":\"No\u00e9\"},\"url\":\"https:\/\/www.fondationassistanceauxanimaux.org\/actu\/author\/anne\/\"}]}<\/script>\n<!-- \/ Yoast SEO plugin. -->","yoast_head_json":{"title":"Rebelle, l\u2019\u00e9chapp\u00e9e belle de la justice\u00a0! - Fondation Assistance aux Animaux - Actualit\u00e9s","robots":{"index":"index","follow":"follow","max-snippet":"max-snippet:-1","max-image-preview":"max-image-preview:large","max-video-preview":"max-video-preview:-1"},"canonical":"https:\/\/www.fondationassistanceauxanimaux.org\/actu\/rebelle-chat-maltraitance-justice-22638\/","og_locale":"fr_FR","og_type":"article","og_title":"Rebelle, l\u2019\u00e9chapp\u00e9e belle de la justice\u00a0! - Fondation Assistance aux Animaux - Actualit\u00e9s","og_description":"Il y a des vid\u00e9os qu\u2019on pr\u00e9f\u00e8rerait ne jamais visionner. Fin ao\u00fbt 2024, une sc\u00e8ne d\u2019une violence inou\u00efe a fait le tour des r\u00e9seaux sociaux, accumulant plus de 34 000 vues en 24 heures. On y distingue un homme saisir brutalement une chatte \u00e0 la gorge, l\u2019immobiliser de force, alors qu\u2019elle miaule de d\u00e9tresse et [&hellip;]","og_url":"https:\/\/www.fondationassistanceauxanimaux.org\/actu\/rebelle-chat-maltraitance-justice-22638\/","og_site_name":"Fondation Assistance aux Animaux - Actualit\u00e9s","article_published_time":"2025-02-21T14:08:06+00:00","article_modified_time":"2025-02-21T14:08:07+00:00","og_image":[{"width":1600,"height":900,"url":"https:\/\/www.fondationassistanceauxanimaux.org\/actu\/wp-content\/uploads\/2025\/02\/extrait-illus.jpg","type":"image\/jpeg"}],"author":"No\u00e9","twitter_card":"summary_large_image","twitter_misc":{"\u00c9crit par":"No\u00e9","Dur\u00e9e de lecture estim\u00e9e":"1 minute"},"schema":{"@context":"https:\/\/schema.org","@graph":[{"@type":"WebPage","@id":"https:\/\/www.fondationassistanceauxanimaux.org\/actu\/rebelle-chat-maltraitance-justice-22638\/","url":"https:\/\/www.fondationassistanceauxanimaux.org\/actu\/rebelle-chat-maltraitance-justice-22638\/","name":"Rebelle, l\u2019\u00e9chapp\u00e9e belle de la justice\u00a0! - Fondation Assistance aux Animaux - Actualit\u00e9s","isPartOf":{"@id":"https:\/\/www.fondationassistanceauxanimaux.org\/actu\/#website"},"primaryImageOfPage":{"@id":"https:\/\/www.fondationassistanceauxanimaux.org\/actu\/rebelle-chat-maltraitance-justice-22638\/#primaryimage"},"image":{"@id":"https:\/\/www.fondationassistanceauxanimaux.org\/actu\/rebelle-chat-maltraitance-justice-22638\/#primaryimage"},"thumbnailUrl":"https:\/\/www.fondationassistanceauxanimaux.org\/actu\/wp-content\/uploads\/2025\/02\/extrait-illus.jpg","datePublished":"2025-02-21T14:08:06+00:00","dateModified":"2025-02-21T14:08:07+00:00","author":{"@id":"https:\/\/www.fondationassistanceauxanimaux.org\/actu\/#\/schema\/person\/71a8476d98daaea0d71a965c5603e10b"},"breadcrumb":{"@id":"https:\/\/www.fondationassistanceauxanimaux.org\/actu\/rebelle-chat-maltraitance-justice-22638\/#breadcrumb"},"inLanguage":"fr-FR","potentialAction":[{"@type":"ReadAction","target":["https:\/\/www.fondationassistanceauxanimaux.org\/actu\/rebelle-chat-maltraitance-justice-22638\/"]}]},{"@type":"ImageObject","inLanguage":"fr-FR","@id":"https:\/\/www.fondationassistanceauxanimaux.org\/actu\/rebelle-chat-maltraitance-justice-22638\/#primaryimage","url":"https:\/\/www.fondationassistanceauxanimaux.org\/actu\/wp-content\/uploads\/2025\/02\/extrait-illus.jpg","contentUrl":"https:\/\/www.fondationassistanceauxanimaux.org\/actu\/wp-content\/uploads\/2025\/02\/extrait-illus.jpg","width":1600,"height":900},{"@type":"BreadcrumbList","@id":"https:\/\/www.fondationassistanceauxanimaux.org\/actu\/rebelle-chat-maltraitance-justice-22638\/#breadcrumb","itemListElement":[{"@type":"ListItem","position":1,"name":"Accueil","item":"https:\/\/www.fondationassistanceauxanimaux.org\/actu\/"},{"@type":"ListItem","position":2,"name":"Rebelle, l\u2019\u00e9chapp\u00e9e belle de la justice\u00a0!"}]},{"@type":"WebSite","@id":"https:\/\/www.fondationassistanceauxanimaux.org\/actu\/#website","url":"https:\/\/www.fondationassistanceauxanimaux.org\/actu\/","name":"Fondation Assistance aux Animaux - Actualit\u00e9s","description":"Depuis 1930 la Fondation Assistance aux Animaux pour la d\u00e9fense et la protection des animaux maltrait\u00e9s et abandonn\u00e9s","potentialAction":[{"@type":"SearchAction","target":{"@type":"EntryPoint","urlTemplate":"https:\/\/www.fondationassistanceauxanimaux.org\/actu\/?s={search_term_string}"},"query-input":{"@type":"PropertyValueSpecification","valueRequired":true,"valueName":"search_term_string"}}],"inLanguage":"fr-FR"},{"@type":"Person","@id":"https:\/\/www.fondationassistanceauxanimaux.org\/actu\/#\/schema\/person\/71a8476d98daaea0d71a965c5603e10b","name":"No\u00e9","image":{"@type":"ImageObject","inLanguage":"fr-FR","@id":"https:\/\/www.fondationassistanceauxanimaux.org\/actu\/#\/schema\/person\/image\/","url":"https:\/\/secure.gravatar.com\/avatar\/d34cf6c6bd22b3db9c932bc580c4d1ba93c0cda7588a41b59078888ab1e5f007?s=96&d=mm&r=g","contentUrl":"https:\/\/secure.gravatar.com\/avatar\/d34cf6c6bd22b3db9c932bc580c4d1ba93c0cda7588a41b59078888ab1e5f007?s=96&d=mm&r=g","caption":"No\u00e9"},"url":"https:\/\/www.fondationassistanceauxanimaux.org\/actu\/author\/anne\/"}]}},"_links":{"self":[{"href":"https:\/\/www.fondationassistanceauxanimaux.org\/actu\/wp-json\/wp\/v2\/posts\/22638","targetHints":{"allow":["GET"]}}],"collection":[{"href":"https:\/\/www.fondationassistanceauxanimaux.org\/actu\/wp-json\/wp\/v2\/posts"}],"about":[{"href":"https:\/\/www.fondationassistanceauxanimaux.org\/actu\/wp-json\/wp\/v2\/types\/post"}],"author":[{"embeddable":true,"href":"https:\/\/www.fondationassistanceauxanimaux.org\/actu\/wp-json\/wp\/v2\/users\/3"}],"replies":[{"embeddable":true,"href":"https:\/\/www.fondationassistanceauxanimaux.org\/actu\/wp-json\/wp\/v2\/comments?post=22638"}],"version-history":[{"count":1,"href":"https:\/\/www.fondationassistanceauxanimaux.org\/actu\/wp-json\/wp\/v2\/posts\/22638\/revisions"}],"predecessor-version":[{"id":22640,"href":"https:\/\/www.fondationassistanceauxanimaux.org\/actu\/wp-json\/wp\/v2\/posts\/22638\/revisions\/22640"}],"wp:featuredmedia":[{"embeddable":true,"href":"https:\/\/www.fondationassistanceauxanimaux.org\/actu\/wp-json\/wp\/v2\/media\/22642"}],"wp:attachment":[{"href":"https:\/\/www.fondationassistanceauxanimaux.org\/actu\/wp-json\/wp\/v2\/media?parent=22638"}],"wp:term":[{"taxonomy":"category","embeddable":true,"href":"https:\/\/www.fondationassistanceauxanimaux.org\/actu\/wp-json\/wp\/v2\/categories?post=22638"},{"taxonomy":"post_tag","embeddable":true,"href":"https:\/\/www.fondationassistanceauxanimaux.org\/actu\/wp-json\/wp\/v2\/tags?post=22638"}],"curies":[{"name":"wp","href":"https:\/\/api.w.org\/{rel}","templated":true}]}}