{"id":210,"date":"2016-06-16T14:43:54","date_gmt":"2016-06-16T12:43:54","guid":{"rendered":"http:\/\/www.fondationassistanceauxanimaux.org\/actu\/?p=210"},"modified":"2016-07-01T15:13:34","modified_gmt":"2016-07-01T13:13:34","slug":"condamnation-pour-maltraitance-animale-sur-des-chats","status":"publish","type":"post","link":"https:\/\/www.fondationassistanceauxanimaux.org\/actu\/condamnation-pour-maltraitance-animale-sur-des-chats-210\/","title":{"rendered":"Condamnation pour maltraitance animale sur des chats, une sanction p\u00e9cuniaire"},"content":{"rendered":"<p><span class='av_dropcap1 av-av_dropcap1-3cd9da5fea0ef5fb27aee617571c39a3'>E<\/span>n avril dernier, un marginal de 48 ans \u00e9tait interpell\u00e9 \u00e0 <strong>Rosny-sous-Bois<\/strong> (Seine-Saint-Denis) avec quatre chatons entass\u00e9s dans un sac de course et un pistolet d\u2019alarme sur lui.<\/p>\n<p>Les policiers s\u2019\u00e9taient rendus dans la station-essence d\u00e9saffect\u00e9e o\u00f9 il vit depuis plusieurs ann\u00e9es : l\u00e0, dans une odeur pestilentielle d\u2019urine et d\u2019excr\u00e9ments, ils d\u00e9couvrent une soixantaine de chats rachitiques enferm\u00e9s avec lui dans le noir, parfois \u00e9borgn\u00e9s, et quatre cadavres de chatons, dont un la t\u00eate arrach\u00e9e.<\/p>\n<p>Hier se tenait le <strong>proc\u00e8s<\/strong> de cet individu, ancien d\u00e9tenu d\u00e9j\u00e0 condamn\u00e9 pour des faits de mauvais traitements et sous le coup\u00a0d\u2019une interdiction de d\u00e9tenir des animaux.<\/p>\n<p>Il risquait de la prison ferme pour s\u00e9vices grave et actes de cruaut\u00e9 sur animaux, mais a finalement \u00e9cop\u00e9 d\u2019une simple amende de 750\u20ac pour mauvais traitement et maltraitance\u2026<\/p>\n<p><strong>La Fondation Assistance aux Animaux<\/strong>, partie civile au proc\u00e8s, d\u00e9plore une condamnation loin d\u2019\u00eatre suffisante, et surtout absolument pas dissuasive.<\/p>\n","protected":false},"excerpt":{"rendered":"<p>Le jugement pour maltraitance sur une soixantaine de chats par un marginal interpell\u00e9 \u00e0 Rosny sous bois (Seine Saint Denis)  a \u00e9t\u00e9 rendu.<\/p>\n","protected":false},"author":2,"featured_media":211,"comment_status":"closed","ping_status":"closed","sticky":false,"template":"","format":"standard","meta":{"footnotes":""},"categories":[21],"tags":[28,29,27],"class_list":["post-210","post","type-post","status-publish","format-standard","has-post-thumbnail","hentry","category-fondation-assistance-aux-animaux","tag-chats","tag-jugement","tag-maltraitance"],"yoast_head":"<!-- This site is optimized with the Yoast SEO plugin v24.5 - https:\/\/yoast.com\/wordpress\/plugins\/seo\/ -->\n<title>Condamnation pour maltraitance animale sur des chats, une sanction p\u00e9cuniaire - Fondation Assistance aux Animaux - Actualit\u00e9s<\/title>\n<meta name=\"robots\" content=\"index, follow, max-snippet:-1, max-image-preview:large, max-video-preview:-1\" \/>\n<link rel=\"canonical\" href=\"https:\/\/www.fondationassistanceauxanimaux.org\/actu\/condamnation-pour-maltraitance-animale-sur-des-chats-210\/\" \/>\n<meta property=\"og:locale\" content=\"fr_FR\" \/>\n<meta property=\"og:type\" content=\"article\" \/>\n<meta property=\"og:title\" content=\"Condamnation pour maltraitance animale sur des chats, une sanction p\u00e9cuniaire - Fondation Assistance aux Animaux - Actualit\u00e9s\" \/>\n<meta property=\"og:description\" content=\"Le jugement pour maltraitance sur une soixantaine de chats par un marginal interpell\u00e9 \u00e0 Rosny sous bois (Seine Saint Denis) a \u00e9t\u00e9 rendu.\" \/>\n<meta property=\"og:url\" content=\"https:\/\/www.fondationassistanceauxanimaux.org\/actu\/condamnation-pour-maltraitance-animale-sur-des-chats-210\/\" \/>\n<meta property=\"og:site_name\" content=\"Fondation Assistance aux Animaux - Actualit\u00e9s\" \/>\n<meta property=\"article:published_time\" content=\"2016-06-16T12:43:54+00:00\" \/>\n<meta property=\"article:modified_time\" content=\"2016-07-01T13:13:34+00:00\" \/>\n<meta property=\"og:image\" content=\"https:\/\/www.fondationassistanceauxanimaux.org\/actu\/wp-content\/uploads\/2016\/06\/jugement-maltraitance-animaux.jpg\" \/>\n\t<meta property=\"og:image:width\" content=\"1701\" \/>\n\t<meta property=\"og:image:height\" content=\"1578\" \/>\n\t<meta property=\"og:image:type\" content=\"image\/jpeg\" \/>\n<meta name=\"author\" content=\"V\u00e9ronique\" \/>\n<meta name=\"twitter:card\" content=\"summary_large_image\" \/>\n<meta name=\"twitter:label1\" content=\"\u00c9crit par\" \/>\n\t<meta name=\"twitter:data1\" content=\"V\u00e9ronique\" \/>\n\t<meta name=\"twitter:label2\" content=\"Dur\u00e9e de lecture estim\u00e9e\" \/>\n\t<meta name=\"twitter:data2\" content=\"1 minute\" \/>\n<script type=\"application\/ld+json\" class=\"yoast-schema-graph\">{\"@context\":\"https:\/\/schema.org\",\"@graph\":[{\"@type\":\"WebPage\",\"@id\":\"https:\/\/www.fondationassistanceauxanimaux.org\/actu\/condamnation-pour-maltraitance-animale-sur-des-chats-210\/\",\"url\":\"https:\/\/www.fondationassistanceauxanimaux.org\/actu\/condamnation-pour-maltraitance-animale-sur-des-chats-210\/\",\"name\":\"Condamnation pour maltraitance animale sur des chats, une sanction p\u00e9cuniaire - Fondation Assistance aux Animaux - Actualit\u00e9s\",\"isPartOf\":{\"@id\":\"https:\/\/www.fondationassistanceauxanimaux.org\/actu\/#website\"},\"primaryImageOfPage\":{\"@id\":\"https:\/\/www.fondationassistanceauxanimaux.org\/actu\/condamnation-pour-maltraitance-animale-sur-des-chats-210\/#primaryimage\"},\"image\":{\"@id\":\"https:\/\/www.fondationassistanceauxanimaux.org\/actu\/condamnation-pour-maltraitance-animale-sur-des-chats-210\/#primaryimage\"},\"thumbnailUrl\":\"https:\/\/www.fondationassistanceauxanimaux.org\/actu\/wp-content\/uploads\/2016\/06\/jugement-maltraitance-animaux.jpg\",\"datePublished\":\"2016-06-16T12:43:54+00:00\",\"dateModified\":\"2016-07-01T13:13:34+00:00\",\"author\":{\"@id\":\"https:\/\/www.fondationassistanceauxanimaux.org\/actu\/#\/schema\/person\/de3a85787a96a69500647a0c6d82585b\"},\"breadcrumb\":{\"@id\":\"https:\/\/www.fondationassistanceauxanimaux.org\/actu\/condamnation-pour-maltraitance-animale-sur-des-chats-210\/#breadcrumb\"},\"inLanguage\":\"fr-FR\",\"potentialAction\":[{\"@type\":\"ReadAction\",\"target\":[\"https:\/\/www.fondationassistanceauxanimaux.org\/actu\/condamnation-pour-maltraitance-animale-sur-des-chats-210\/\"]}]},{\"@type\":\"ImageObject\",\"inLanguage\":\"fr-FR\",\"@id\":\"https:\/\/www.fondationassistanceauxanimaux.org\/actu\/condamnation-pour-maltraitance-animale-sur-des-chats-210\/#primaryimage\",\"url\":\"https:\/\/www.fondationassistanceauxanimaux.org\/actu\/wp-content\/uploads\/2016\/06\/jugement-maltraitance-animaux.jpg\",\"contentUrl\":\"https:\/\/www.fondationassistanceauxanimaux.org\/actu\/wp-content\/uploads\/2016\/06\/jugement-maltraitance-animaux.jpg\",\"width\":1701,\"height\":1578,\"caption\":\"Chats maltrait\u00e9s\"},{\"@type\":\"BreadcrumbList\",\"@id\":\"https:\/\/www.fondationassistanceauxanimaux.org\/actu\/condamnation-pour-maltraitance-animale-sur-des-chats-210\/#breadcrumb\",\"itemListElement\":[{\"@type\":\"ListItem\",\"position\":1,\"name\":\"Accueil\",\"item\":\"https:\/\/www.fondationassistanceauxanimaux.org\/actu\/\"},{\"@type\":\"ListItem\",\"position\":2,\"name\":\"Condamnation pour maltraitance animale sur des chats, une sanction p\u00e9cuniaire\"}]},{\"@type\":\"WebSite\",\"@id\":\"https:\/\/www.fondationassistanceauxanimaux.org\/actu\/#website\",\"url\":\"https:\/\/www.fondationassistanceauxanimaux.org\/actu\/\",\"name\":\"Fondation Assistance aux Animaux - Actualit\u00e9s\",\"description\":\"Depuis 1930 la Fondation Assistance aux Animaux pour la d\u00e9fense et la protection des animaux maltrait\u00e9s et abandonn\u00e9s\",\"potentialAction\":[{\"@type\":\"SearchAction\",\"target\":{\"@type\":\"EntryPoint\",\"urlTemplate\":\"https:\/\/www.fondationassistanceauxanimaux.org\/actu\/?s={search_term_string}\"},\"query-input\":{\"@type\":\"PropertyValueSpecification\",\"valueRequired\":true,\"valueName\":\"search_term_string\"}}],\"inLanguage\":\"fr-FR\"},{\"@type\":\"Person\",\"@id\":\"https:\/\/www.fondationassistanceauxanimaux.org\/actu\/#\/schema\/person\/de3a85787a96a69500647a0c6d82585b\",\"name\":\"V\u00e9ronique\",\"image\":{\"@type\":\"ImageObject\",\"inLanguage\":\"fr-FR\",\"@id\":\"https:\/\/www.fondationassistanceauxanimaux.org\/actu\/#\/schema\/person\/image\/\",\"url\":\"https:\/\/secure.gravatar.com\/avatar\/576becc0167ed53051970699069fd1fd43aab7e14515ffaadc3ffea18393161e?s=96&d=mm&r=g\",\"contentUrl\":\"https:\/\/secure.gravatar.com\/avatar\/576becc0167ed53051970699069fd1fd43aab7e14515ffaadc3ffea18393161e?s=96&d=mm&r=g\",\"caption\":\"V\u00e9ronique\"},\"url\":\"https:\/\/www.fondationassistanceauxanimaux.org\/actu\/author\/vero\/\"}]}<\/script>\n<!-- \/ Yoast SEO plugin. -->","yoast_head_json":{"title":"Condamnation pour maltraitance animale sur des chats, une sanction p\u00e9cuniaire - Fondation Assistance aux Animaux - Actualit\u00e9s","robots":{"index":"index","follow":"follow","max-snippet":"max-snippet:-1","max-image-preview":"max-image-preview:large","max-video-preview":"max-video-preview:-1"},"canonical":"https:\/\/www.fondationassistanceauxanimaux.org\/actu\/condamnation-pour-maltraitance-animale-sur-des-chats-210\/","og_locale":"fr_FR","og_type":"article","og_title":"Condamnation pour maltraitance animale sur des chats, une sanction p\u00e9cuniaire - Fondation Assistance aux Animaux - Actualit\u00e9s","og_description":"Le jugement pour maltraitance sur une soixantaine de chats par un marginal interpell\u00e9 \u00e0 Rosny sous bois (Seine Saint Denis) a \u00e9t\u00e9 rendu.","og_url":"https:\/\/www.fondationassistanceauxanimaux.org\/actu\/condamnation-pour-maltraitance-animale-sur-des-chats-210\/","og_site_name":"Fondation Assistance aux Animaux - Actualit\u00e9s","article_published_time":"2016-06-16T12:43:54+00:00","article_modified_time":"2016-07-01T13:13:34+00:00","og_image":[{"width":1701,"height":1578,"url":"https:\/\/www.fondationassistanceauxanimaux.org\/actu\/wp-content\/uploads\/2016\/06\/jugement-maltraitance-animaux.jpg","type":"image\/jpeg"}],"author":"V\u00e9ronique","twitter_card":"summary_large_image","twitter_misc":{"\u00c9crit par":"V\u00e9ronique","Dur\u00e9e de lecture estim\u00e9e":"1 minute"},"schema":{"@context":"https:\/\/schema.org","@graph":[{"@type":"WebPage","@id":"https:\/\/www.fondationassistanceauxanimaux.org\/actu\/condamnation-pour-maltraitance-animale-sur-des-chats-210\/","url":"https:\/\/www.fondationassistanceauxanimaux.org\/actu\/condamnation-pour-maltraitance-animale-sur-des-chats-210\/","name":"Condamnation pour maltraitance animale sur des chats, une sanction p\u00e9cuniaire - Fondation Assistance aux Animaux - Actualit\u00e9s","isPartOf":{"@id":"https:\/\/www.fondationassistanceauxanimaux.org\/actu\/#website"},"primaryImageOfPage":{"@id":"https:\/\/www.fondationassistanceauxanimaux.org\/actu\/condamnation-pour-maltraitance-animale-sur-des-chats-210\/#primaryimage"},"image":{"@id":"https:\/\/www.fondationassistanceauxanimaux.org\/actu\/condamnation-pour-maltraitance-animale-sur-des-chats-210\/#primaryimage"},"thumbnailUrl":"https:\/\/www.fondationassistanceauxanimaux.org\/actu\/wp-content\/uploads\/2016\/06\/jugement-maltraitance-animaux.jpg","datePublished":"2016-06-16T12:43:54+00:00","dateModified":"2016-07-01T13:13:34+00:00","author":{"@id":"https:\/\/www.fondationassistanceauxanimaux.org\/actu\/#\/schema\/person\/de3a85787a96a69500647a0c6d82585b"},"breadcrumb":{"@id":"https:\/\/www.fondationassistanceauxanimaux.org\/actu\/condamnation-pour-maltraitance-animale-sur-des-chats-210\/#breadcrumb"},"inLanguage":"fr-FR","potentialAction":[{"@type":"ReadAction","target":["https:\/\/www.fondationassistanceauxanimaux.org\/actu\/condamnation-pour-maltraitance-animale-sur-des-chats-210\/"]}]},{"@type":"ImageObject","inLanguage":"fr-FR","@id":"https:\/\/www.fondationassistanceauxanimaux.org\/actu\/condamnation-pour-maltraitance-animale-sur-des-chats-210\/#primaryimage","url":"https:\/\/www.fondationassistanceauxanimaux.org\/actu\/wp-content\/uploads\/2016\/06\/jugement-maltraitance-animaux.jpg","contentUrl":"https:\/\/www.fondationassistanceauxanimaux.org\/actu\/wp-content\/uploads\/2016\/06\/jugement-maltraitance-animaux.jpg","width":1701,"height":1578,"caption":"Chats maltrait\u00e9s"},{"@type":"BreadcrumbList","@id":"https:\/\/www.fondationassistanceauxanimaux.org\/actu\/condamnation-pour-maltraitance-animale-sur-des-chats-210\/#breadcrumb","itemListElement":[{"@type":"ListItem","position":1,"name":"Accueil","item":"https:\/\/www.fondationassistanceauxanimaux.org\/actu\/"},{"@type":"ListItem","position":2,"name":"Condamnation pour maltraitance animale sur des chats, une sanction p\u00e9cuniaire"}]},{"@type":"WebSite","@id":"https:\/\/www.fondationassistanceauxanimaux.org\/actu\/#website","url":"https:\/\/www.fondationassistanceauxanimaux.org\/actu\/","name":"Fondation Assistance aux Animaux - Actualit\u00e9s","description":"Depuis 1930 la Fondation Assistance aux Animaux pour la d\u00e9fense et la protection des animaux maltrait\u00e9s et abandonn\u00e9s","potentialAction":[{"@type":"SearchAction","target":{"@type":"EntryPoint","urlTemplate":"https:\/\/www.fondationassistanceauxanimaux.org\/actu\/?s={search_term_string}"},"query-input":{"@type":"PropertyValueSpecification","valueRequired":true,"valueName":"search_term_string"}}],"inLanguage":"fr-FR"},{"@type":"Person","@id":"https:\/\/www.fondationassistanceauxanimaux.org\/actu\/#\/schema\/person\/de3a85787a96a69500647a0c6d82585b","name":"V\u00e9ronique","image":{"@type":"ImageObject","inLanguage":"fr-FR","@id":"https:\/\/www.fondationassistanceauxanimaux.org\/actu\/#\/schema\/person\/image\/","url":"https:\/\/secure.gravatar.com\/avatar\/576becc0167ed53051970699069fd1fd43aab7e14515ffaadc3ffea18393161e?s=96&d=mm&r=g","contentUrl":"https:\/\/secure.gravatar.com\/avatar\/576becc0167ed53051970699069fd1fd43aab7e14515ffaadc3ffea18393161e?s=96&d=mm&r=g","caption":"V\u00e9ronique"},"url":"https:\/\/www.fondationassistanceauxanimaux.org\/actu\/author\/vero\/"}]}},"_links":{"self":[{"href":"https:\/\/www.fondationassistanceauxanimaux.org\/actu\/wp-json\/wp\/v2\/posts\/210","targetHints":{"allow":["GET"]}}],"collection":[{"href":"https:\/\/www.fondationassistanceauxanimaux.org\/actu\/wp-json\/wp\/v2\/posts"}],"about":[{"href":"https:\/\/www.fondationassistanceauxanimaux.org\/actu\/wp-json\/wp\/v2\/types\/post"}],"author":[{"embeddable":true,"href":"https:\/\/www.fondationassistanceauxanimaux.org\/actu\/wp-json\/wp\/v2\/users\/2"}],"replies":[{"embeddable":true,"href":"https:\/\/www.fondationassistanceauxanimaux.org\/actu\/wp-json\/wp\/v2\/comments?post=210"}],"version-history":[{"count":6,"href":"https:\/\/www.fondationassistanceauxanimaux.org\/actu\/wp-json\/wp\/v2\/posts\/210\/revisions"}],"predecessor-version":[{"id":280,"href":"https:\/\/www.fondationassistanceauxanimaux.org\/actu\/wp-json\/wp\/v2\/posts\/210\/revisions\/280"}],"wp:featuredmedia":[{"embeddable":true,"href":"https:\/\/www.fondationassistanceauxanimaux.org\/actu\/wp-json\/wp\/v2\/media\/211"}],"wp:attachment":[{"href":"https:\/\/www.fondationassistanceauxanimaux.org\/actu\/wp-json\/wp\/v2\/media?parent=210"}],"wp:term":[{"taxonomy":"category","embeddable":true,"href":"https:\/\/www.fondationassistanceauxanimaux.org\/actu\/wp-json\/wp\/v2\/categories?post=210"},{"taxonomy":"post_tag","embeddable":true,"href":"https:\/\/www.fondationassistanceauxanimaux.org\/actu\/wp-json\/wp\/v2\/tags?post=210"}],"curies":[{"name":"wp","href":"https:\/\/api.w.org\/{rel}","templated":true}]}}