{"id":20983,"date":"2024-06-05T08:44:45","date_gmt":"2024-06-05T06:44:45","guid":{"rendered":"https:\/\/www.fondationassistanceauxanimaux.org\/actu\/?p=20983"},"modified":"2024-06-05T08:45:24","modified_gmt":"2024-06-05T06:45:24","slug":"attention-epillets","status":"publish","type":"post","link":"https:\/\/www.fondationassistanceauxanimaux.org\/actu\/attention-epillets-20983\/","title":{"rendered":"La saison des \u00e9pillets : attention \u00e0 vos compagnons"},"content":{"rendered":"\n<p><strong>D\u00e8s l\u2019arriv\u00e9e du printemps et durant tout l\u2019\u00e9t\u00e9, un danger guette tout particuli\u00e8rement les chiens et les chats : les \u00e9pillets.<\/strong><\/p>\n\n\n\n<ul class=\"wp-block-list\">\n<li><strong>Au printemps et pendant tout l\u2019\u00e9t\u00e9, l\u2019\u00e9pillet repr\u00e9sente une v\u00e9ritable menace pour les animaux de compagnie.<\/strong><\/li>\n\n\n\n<li><strong>L\u2019\u00e9pi sec s\u2019accroche \u00e0 la peau puis voyage dans le corps de l\u2019animal, provoquant au passage de nombreuses l\u00e9sions.<\/strong><\/li>\n\n\n\n<li><strong>Si votre animal est touch\u00e9, il ne faut pas tarder \u00e0 consulter un v\u00e9t\u00e9rinaire pour retirer l\u2019\u00e9pillet.<\/strong><\/li>\n<\/ul>\n\n\n\n<figure class=\"wp-block-image aligncenter size-large is-resized\"><img loading=\"lazy\" decoding=\"async\" width=\"1030\" height=\"687\" src=\"https:\/\/www.fondationassistanceauxanimaux.org\/actu\/wp-content\/uploads\/2024\/06\/chien-epillet-dangers-1030x687.jpg\" alt=\"\" class=\"wp-image-20986\" style=\"width:744px;height:auto\" srcset=\"https:\/\/www.fondationassistanceauxanimaux.org\/actu\/wp-content\/uploads\/2024\/06\/chien-epillet-dangers-1030x687.jpg 1030w, https:\/\/www.fondationassistanceauxanimaux.org\/actu\/wp-content\/uploads\/2024\/06\/chien-epillet-dangers-300x200.jpg 300w, https:\/\/www.fondationassistanceauxanimaux.org\/actu\/wp-content\/uploads\/2024\/06\/chien-epillet-dangers-768x512.jpg 768w, https:\/\/www.fondationassistanceauxanimaux.org\/actu\/wp-content\/uploads\/2024\/06\/chien-epillet-dangers-1536x1024.jpg 1536w, https:\/\/www.fondationassistanceauxanimaux.org\/actu\/wp-content\/uploads\/2024\/06\/chien-epillet-dangers-1500x1000.jpg 1500w, https:\/\/www.fondationassistanceauxanimaux.org\/actu\/wp-content\/uploads\/2024\/06\/chien-epillet-dangers-705x470.jpg 705w, https:\/\/www.fondationassistanceauxanimaux.org\/actu\/wp-content\/uploads\/2024\/06\/chien-epillet-dangers.jpg 1920w\" sizes=\"auto, (max-width: 1030px) 100vw, 1030px\" \/><\/figure>\n\n\n\n<blockquote class=\"wp-block-quote is-layout-flow wp-block-quote-is-layout-flow\">\n<p><strong>Cette herbe s\u00e8che p\u00e9n\u00e8tre sous la peau des animaux. On en retrouve dans toute la France, et surtout dans les herbes hautes, les champs, les prairies et les terres agricoles.<\/strong><\/p>\n\n\n\n<p><strong>Mais contrairement \u00e0 ce que l\u2019on peut penser, les \u00e9pillets ne pullulent pas uniquement \u00e0 la campagne, on en trouve aussi en ville.&nbsp;<\/strong><\/p>\n<\/blockquote>\n\n\n\n<blockquote class=\"wp-block-quote is-layout-flow wp-block-quote-is-layout-flow\">\n<p><strong>Qu\u2019est-ce qu\u2019un \u00e9pillet ?<\/strong><\/p>\n\n\n\n<p><strong><em>Ces petits \u00e9pis secs sont des graines issues de diverses gramin\u00e9es. Pointus et sous forme de harpon, les \u00e9pillets s\u2019accrochent \u00e0 la peau des animaux, mais ils font aussi leur chemin \u00e0 l\u2019int\u00e9rieur du corps. Cette forme de harpon ne leur permet pas de reculer, de ce fait, ils ne font qu\u2019avancer dans l\u2019organisme. L\u2019animal peut faire tous les efforts pour les enlever, mais en r\u00e9alit\u00e9, il aggrave le probl\u00e8me. En \u00ab\u00a0voyageant\u00a0\u00bb, l\u2019\u00e9pillet peut entra\u00eener de graves l\u00e9sions au niveau des muscles et des organes et provoquer de lourdes s\u00e9quelles. Cette herbe s\u00e8che peut p\u00e9n\u00e9trer le corps du chien par diff\u00e9rentes voies : les coussinets, les oreilles et les narines, les yeux, mais aussi les parties g\u00e9nitales.<\/em><\/strong><\/p>\n<\/blockquote>\n\n\n\n<blockquote class=\"wp-block-quote is-layout-flow wp-block-quote-is-layout-flow\">\n<p><strong>Quels sont les signes qui doivent vous alerter ?<\/strong><\/p>\n\n\n\n<p><em><strong>Les sympt\u00f4mes les plus courants sont un \u00e9ternuement r\u00e9p\u00e9t\u00e9 accompagn\u00e9 parfois d\u2019un saignement du nez. Lorsque que l\u2019\u00e9pillet s\u2019accroche au niveau des coussinets, on remarque imm\u00e9diatement une boiterie, des rougeurs, un l\u00e9chage excessif. L\u2019animal peut \u00e9galement avoir des yeux rouges, larmoyants et gonfl\u00e9s et on peut remarquer un \u00e9coulement s\u00e9reux et purulent. Si le chien ou le chat secoue fr\u00e9n\u00e9tiquement la t\u00eate ou se tient pench\u00e9, c\u2019est un signe qu\u2019un \u00e9pillet se loge au niveau des oreilles. Enfin, l\u2019\u00e9pillet peut g\u00e9n\u00e9rer un abc\u00e8s et provoquer de la fi\u00e8vre. Au moindre signe, il est important de se rendre imm\u00e9diatement chez le v\u00e9t\u00e9rinaire afin que ce dernier proc\u00e8de \u00e0 l\u2019extraction de l\u2019\u00e9pi sec.&nbsp;<\/strong><\/em><\/p>\n<\/blockquote>\n\n\n\n<blockquote class=\"wp-block-quote is-layout-flow wp-block-quote-is-layout-flow\">\n<p><strong>Les dangers d\u2019un \u00e9pillet pour la sant\u00e9 du chien<\/strong><\/p>\n\n\n\n<p><strong><em>L\u2019\u00e9pillet peut provoquer de graves probl\u00e8mes de sant\u00e9. En p\u00e9n\u00e9trant par la bouche ou le nez, il s\u2019attaque aux voies respiratoires et peut provoquer des l\u00e9sions au niveau des poumons ou des bronches. Au niveau des yeux, il peut percer la corn\u00e9e. Si l\u2019\u00e9pillet se loge dans les oreilles, il peut enflammer le conduit auditif et peut m\u00eame aller jusqu\u2019\u00e0 perforer le tympan. Enfin, dans les cas les plus rares, l\u2019\u00e9pi peut se loger dans le sexe de l\u2019animal et m\u00eame dans l\u2019abdomen. Dans ce cas, l\u2019intervention est possible, mais elle peut n\u00e9cessiter la r\u00e9alisation d\u2019un scanner et engendrer des co\u00fbts v\u00e9t\u00e9rinaires tr\u00e8s \u00e9lev\u00e9s.<\/em><\/strong><\/p>\n<\/blockquote>\n\n\n\n<blockquote class=\"wp-block-quote is-layout-flow wp-block-quote-is-layout-flow\">\n<p><strong>Les pr\u00e9cautions \u00e0 prendre contre les \u00e9pillets<\/strong><\/p>\n\n\n\n<p><strong><em>Il est indispensable de proc\u00e9der \u00e0 une inspection r\u00e9guli\u00e8re du pelage de l\u2019animal, mais aussi de v\u00e9rifier les oreilles et les yeux apr\u00e8s chaque retour de balade. On inspecte \u00e9galement les coussinets et la queue. On en profite pour couper les n\u0153uds au niveau des poils. Par ailleurs, les v\u00e9t\u00e9rinaires conseillent de garder le chien en laisse lors des promenades, surtout lors des balades \u00e0 travers champs. Si vous poss\u00e9dez un jardin, pensez \u00e0 jeter les restes de tontes, car les \u00e9pillets peuvent se retrouver dans les pelouses.<\/em><\/strong><\/p>\n<\/blockquote>\n","protected":false},"excerpt":{"rendered":"<p>D\u00e8s l\u2019arriv\u00e9e du printemps et durant tout l\u2019\u00e9t\u00e9, un danger guette tout particuli\u00e8rement les chiens et les chats : les \u00e9pillets. Cette herbe s\u00e8che p\u00e9n\u00e8tre sous la peau des animaux. On en retrouve dans toute la France, et surtout dans les herbes hautes, les champs, les prairies et les terres agricoles. Mais contrairement \u00e0 ce [&hellip;]<\/p>\n","protected":false},"author":3,"featured_media":20984,"comment_status":"closed","ping_status":"closed","sticky":false,"template":"","format":"standard","meta":{"footnotes":""},"categories":[21],"tags":[],"class_list":["post-20983","post","type-post","status-publish","format-standard","has-post-thumbnail","hentry","category-fondation-assistance-aux-animaux"],"yoast_head":"<!-- This site is optimized with the Yoast SEO plugin v24.5 - https:\/\/yoast.com\/wordpress\/plugins\/seo\/ -->\n<title>La saison des \u00e9pillets : attention \u00e0 vos compagnons - Fondation Assistance aux Animaux - Actualit\u00e9s<\/title>\n<meta name=\"robots\" content=\"index, follow, max-snippet:-1, max-image-preview:large, max-video-preview:-1\" \/>\n<link rel=\"canonical\" href=\"https:\/\/www.fondationassistanceauxanimaux.org\/actu\/attention-epillets-20983\/\" \/>\n<meta property=\"og:locale\" content=\"fr_FR\" \/>\n<meta property=\"og:type\" content=\"article\" \/>\n<meta property=\"og:title\" content=\"La saison des \u00e9pillets : attention \u00e0 vos compagnons - Fondation Assistance aux Animaux - Actualit\u00e9s\" \/>\n<meta property=\"og:description\" content=\"D\u00e8s l\u2019arriv\u00e9e du printemps et durant tout l\u2019\u00e9t\u00e9, un danger guette tout particuli\u00e8rement les chiens et les chats : les \u00e9pillets. Cette herbe s\u00e8che p\u00e9n\u00e8tre sous la peau des animaux. On en retrouve dans toute la France, et surtout dans les herbes hautes, les champs, les prairies et les terres agricoles. Mais contrairement \u00e0 ce [&hellip;]\" \/>\n<meta property=\"og:url\" content=\"https:\/\/www.fondationassistanceauxanimaux.org\/actu\/attention-epillets-20983\/\" \/>\n<meta property=\"og:site_name\" content=\"Fondation Assistance aux Animaux - Actualit\u00e9s\" \/>\n<meta property=\"article:published_time\" content=\"2024-06-05T06:44:45+00:00\" \/>\n<meta property=\"article:modified_time\" content=\"2024-06-05T06:45:24+00:00\" \/>\n<meta property=\"og:image\" content=\"https:\/\/www.fondationassistanceauxanimaux.org\/actu\/wp-content\/uploads\/2024\/06\/chien-epillets.png\" \/>\n\t<meta property=\"og:image:width\" content=\"485\" \/>\n\t<meta property=\"og:image:height\" content=\"323\" \/>\n\t<meta property=\"og:image:type\" content=\"image\/png\" \/>\n<meta name=\"author\" content=\"No\u00e9\" \/>\n<meta name=\"twitter:card\" content=\"summary_large_image\" \/>\n<meta name=\"twitter:label1\" content=\"\u00c9crit par\" \/>\n\t<meta name=\"twitter:data1\" content=\"No\u00e9\" \/>\n\t<meta name=\"twitter:label2\" content=\"Dur\u00e9e de lecture estim\u00e9e\" \/>\n\t<meta name=\"twitter:data2\" content=\"1 minute\" \/>\n<script type=\"application\/ld+json\" class=\"yoast-schema-graph\">{\"@context\":\"https:\/\/schema.org\",\"@graph\":[{\"@type\":\"WebPage\",\"@id\":\"https:\/\/www.fondationassistanceauxanimaux.org\/actu\/attention-epillets-20983\/\",\"url\":\"https:\/\/www.fondationassistanceauxanimaux.org\/actu\/attention-epillets-20983\/\",\"name\":\"La saison des \u00e9pillets : attention \u00e0 vos compagnons - Fondation Assistance aux Animaux - Actualit\u00e9s\",\"isPartOf\":{\"@id\":\"https:\/\/www.fondationassistanceauxanimaux.org\/actu\/#website\"},\"primaryImageOfPage\":{\"@id\":\"https:\/\/www.fondationassistanceauxanimaux.org\/actu\/attention-epillets-20983\/#primaryimage\"},\"image\":{\"@id\":\"https:\/\/www.fondationassistanceauxanimaux.org\/actu\/attention-epillets-20983\/#primaryimage\"},\"thumbnailUrl\":\"https:\/\/www.fondationassistanceauxanimaux.org\/actu\/wp-content\/uploads\/2024\/06\/chien-epillets.png\",\"datePublished\":\"2024-06-05T06:44:45+00:00\",\"dateModified\":\"2024-06-05T06:45:24+00:00\",\"author\":{\"@id\":\"https:\/\/www.fondationassistanceauxanimaux.org\/actu\/#\/schema\/person\/71a8476d98daaea0d71a965c5603e10b\"},\"breadcrumb\":{\"@id\":\"https:\/\/www.fondationassistanceauxanimaux.org\/actu\/attention-epillets-20983\/#breadcrumb\"},\"inLanguage\":\"fr-FR\",\"potentialAction\":[{\"@type\":\"ReadAction\",\"target\":[\"https:\/\/www.fondationassistanceauxanimaux.org\/actu\/attention-epillets-20983\/\"]}]},{\"@type\":\"ImageObject\",\"inLanguage\":\"fr-FR\",\"@id\":\"https:\/\/www.fondationassistanceauxanimaux.org\/actu\/attention-epillets-20983\/#primaryimage\",\"url\":\"https:\/\/www.fondationassistanceauxanimaux.org\/actu\/wp-content\/uploads\/2024\/06\/chien-epillets.png\",\"contentUrl\":\"https:\/\/www.fondationassistanceauxanimaux.org\/actu\/wp-content\/uploads\/2024\/06\/chien-epillets.png\",\"width\":485,\"height\":323},{\"@type\":\"BreadcrumbList\",\"@id\":\"https:\/\/www.fondationassistanceauxanimaux.org\/actu\/attention-epillets-20983\/#breadcrumb\",\"itemListElement\":[{\"@type\":\"ListItem\",\"position\":1,\"name\":\"Accueil\",\"item\":\"https:\/\/www.fondationassistanceauxanimaux.org\/actu\/\"},{\"@type\":\"ListItem\",\"position\":2,\"name\":\"La saison des \u00e9pillets : attention \u00e0 vos compagnons\"}]},{\"@type\":\"WebSite\",\"@id\":\"https:\/\/www.fondationassistanceauxanimaux.org\/actu\/#website\",\"url\":\"https:\/\/www.fondationassistanceauxanimaux.org\/actu\/\",\"name\":\"Fondation Assistance aux Animaux - Actualit\u00e9s\",\"description\":\"Depuis 1930 la Fondation Assistance aux Animaux pour la d\u00e9fense et la protection des animaux maltrait\u00e9s et abandonn\u00e9s\",\"potentialAction\":[{\"@type\":\"SearchAction\",\"target\":{\"@type\":\"EntryPoint\",\"urlTemplate\":\"https:\/\/www.fondationassistanceauxanimaux.org\/actu\/?s={search_term_string}\"},\"query-input\":{\"@type\":\"PropertyValueSpecification\",\"valueRequired\":true,\"valueName\":\"search_term_string\"}}],\"inLanguage\":\"fr-FR\"},{\"@type\":\"Person\",\"@id\":\"https:\/\/www.fondationassistanceauxanimaux.org\/actu\/#\/schema\/person\/71a8476d98daaea0d71a965c5603e10b\",\"name\":\"No\u00e9\",\"image\":{\"@type\":\"ImageObject\",\"inLanguage\":\"fr-FR\",\"@id\":\"https:\/\/www.fondationassistanceauxanimaux.org\/actu\/#\/schema\/person\/image\/\",\"url\":\"https:\/\/secure.gravatar.com\/avatar\/d34cf6c6bd22b3db9c932bc580c4d1ba93c0cda7588a41b59078888ab1e5f007?s=96&d=mm&r=g\",\"contentUrl\":\"https:\/\/secure.gravatar.com\/avatar\/d34cf6c6bd22b3db9c932bc580c4d1ba93c0cda7588a41b59078888ab1e5f007?s=96&d=mm&r=g\",\"caption\":\"No\u00e9\"},\"url\":\"https:\/\/www.fondationassistanceauxanimaux.org\/actu\/author\/anne\/\"}]}<\/script>\n<!-- \/ Yoast SEO plugin. -->","yoast_head_json":{"title":"La saison des \u00e9pillets : attention \u00e0 vos compagnons - Fondation Assistance aux Animaux - Actualit\u00e9s","robots":{"index":"index","follow":"follow","max-snippet":"max-snippet:-1","max-image-preview":"max-image-preview:large","max-video-preview":"max-video-preview:-1"},"canonical":"https:\/\/www.fondationassistanceauxanimaux.org\/actu\/attention-epillets-20983\/","og_locale":"fr_FR","og_type":"article","og_title":"La saison des \u00e9pillets : attention \u00e0 vos compagnons - Fondation Assistance aux Animaux - Actualit\u00e9s","og_description":"D\u00e8s l\u2019arriv\u00e9e du printemps et durant tout l\u2019\u00e9t\u00e9, un danger guette tout particuli\u00e8rement les chiens et les chats : les \u00e9pillets. Cette herbe s\u00e8che p\u00e9n\u00e8tre sous la peau des animaux. On en retrouve dans toute la France, et surtout dans les herbes hautes, les champs, les prairies et les terres agricoles. Mais contrairement \u00e0 ce [&hellip;]","og_url":"https:\/\/www.fondationassistanceauxanimaux.org\/actu\/attention-epillets-20983\/","og_site_name":"Fondation Assistance aux Animaux - Actualit\u00e9s","article_published_time":"2024-06-05T06:44:45+00:00","article_modified_time":"2024-06-05T06:45:24+00:00","og_image":[{"width":485,"height":323,"url":"https:\/\/www.fondationassistanceauxanimaux.org\/actu\/wp-content\/uploads\/2024\/06\/chien-epillets.png","type":"image\/png"}],"author":"No\u00e9","twitter_card":"summary_large_image","twitter_misc":{"\u00c9crit par":"No\u00e9","Dur\u00e9e de lecture estim\u00e9e":"1 minute"},"schema":{"@context":"https:\/\/schema.org","@graph":[{"@type":"WebPage","@id":"https:\/\/www.fondationassistanceauxanimaux.org\/actu\/attention-epillets-20983\/","url":"https:\/\/www.fondationassistanceauxanimaux.org\/actu\/attention-epillets-20983\/","name":"La saison des \u00e9pillets : attention \u00e0 vos compagnons - Fondation Assistance aux Animaux - Actualit\u00e9s","isPartOf":{"@id":"https:\/\/www.fondationassistanceauxanimaux.org\/actu\/#website"},"primaryImageOfPage":{"@id":"https:\/\/www.fondationassistanceauxanimaux.org\/actu\/attention-epillets-20983\/#primaryimage"},"image":{"@id":"https:\/\/www.fondationassistanceauxanimaux.org\/actu\/attention-epillets-20983\/#primaryimage"},"thumbnailUrl":"https:\/\/www.fondationassistanceauxanimaux.org\/actu\/wp-content\/uploads\/2024\/06\/chien-epillets.png","datePublished":"2024-06-05T06:44:45+00:00","dateModified":"2024-06-05T06:45:24+00:00","author":{"@id":"https:\/\/www.fondationassistanceauxanimaux.org\/actu\/#\/schema\/person\/71a8476d98daaea0d71a965c5603e10b"},"breadcrumb":{"@id":"https:\/\/www.fondationassistanceauxanimaux.org\/actu\/attention-epillets-20983\/#breadcrumb"},"inLanguage":"fr-FR","potentialAction":[{"@type":"ReadAction","target":["https:\/\/www.fondationassistanceauxanimaux.org\/actu\/attention-epillets-20983\/"]}]},{"@type":"ImageObject","inLanguage":"fr-FR","@id":"https:\/\/www.fondationassistanceauxanimaux.org\/actu\/attention-epillets-20983\/#primaryimage","url":"https:\/\/www.fondationassistanceauxanimaux.org\/actu\/wp-content\/uploads\/2024\/06\/chien-epillets.png","contentUrl":"https:\/\/www.fondationassistanceauxanimaux.org\/actu\/wp-content\/uploads\/2024\/06\/chien-epillets.png","width":485,"height":323},{"@type":"BreadcrumbList","@id":"https:\/\/www.fondationassistanceauxanimaux.org\/actu\/attention-epillets-20983\/#breadcrumb","itemListElement":[{"@type":"ListItem","position":1,"name":"Accueil","item":"https:\/\/www.fondationassistanceauxanimaux.org\/actu\/"},{"@type":"ListItem","position":2,"name":"La saison des \u00e9pillets : attention \u00e0 vos compagnons"}]},{"@type":"WebSite","@id":"https:\/\/www.fondationassistanceauxanimaux.org\/actu\/#website","url":"https:\/\/www.fondationassistanceauxanimaux.org\/actu\/","name":"Fondation Assistance aux Animaux - Actualit\u00e9s","description":"Depuis 1930 la Fondation Assistance aux Animaux pour la d\u00e9fense et la protection des animaux maltrait\u00e9s et abandonn\u00e9s","potentialAction":[{"@type":"SearchAction","target":{"@type":"EntryPoint","urlTemplate":"https:\/\/www.fondationassistanceauxanimaux.org\/actu\/?s={search_term_string}"},"query-input":{"@type":"PropertyValueSpecification","valueRequired":true,"valueName":"search_term_string"}}],"inLanguage":"fr-FR"},{"@type":"Person","@id":"https:\/\/www.fondationassistanceauxanimaux.org\/actu\/#\/schema\/person\/71a8476d98daaea0d71a965c5603e10b","name":"No\u00e9","image":{"@type":"ImageObject","inLanguage":"fr-FR","@id":"https:\/\/www.fondationassistanceauxanimaux.org\/actu\/#\/schema\/person\/image\/","url":"https:\/\/secure.gravatar.com\/avatar\/d34cf6c6bd22b3db9c932bc580c4d1ba93c0cda7588a41b59078888ab1e5f007?s=96&d=mm&r=g","contentUrl":"https:\/\/secure.gravatar.com\/avatar\/d34cf6c6bd22b3db9c932bc580c4d1ba93c0cda7588a41b59078888ab1e5f007?s=96&d=mm&r=g","caption":"No\u00e9"},"url":"https:\/\/www.fondationassistanceauxanimaux.org\/actu\/author\/anne\/"}]}},"_links":{"self":[{"href":"https:\/\/www.fondationassistanceauxanimaux.org\/actu\/wp-json\/wp\/v2\/posts\/20983","targetHints":{"allow":["GET"]}}],"collection":[{"href":"https:\/\/www.fondationassistanceauxanimaux.org\/actu\/wp-json\/wp\/v2\/posts"}],"about":[{"href":"https:\/\/www.fondationassistanceauxanimaux.org\/actu\/wp-json\/wp\/v2\/types\/post"}],"author":[{"embeddable":true,"href":"https:\/\/www.fondationassistanceauxanimaux.org\/actu\/wp-json\/wp\/v2\/users\/3"}],"replies":[{"embeddable":true,"href":"https:\/\/www.fondationassistanceauxanimaux.org\/actu\/wp-json\/wp\/v2\/comments?post=20983"}],"version-history":[{"count":2,"href":"https:\/\/www.fondationassistanceauxanimaux.org\/actu\/wp-json\/wp\/v2\/posts\/20983\/revisions"}],"predecessor-version":[{"id":20987,"href":"https:\/\/www.fondationassistanceauxanimaux.org\/actu\/wp-json\/wp\/v2\/posts\/20983\/revisions\/20987"}],"wp:featuredmedia":[{"embeddable":true,"href":"https:\/\/www.fondationassistanceauxanimaux.org\/actu\/wp-json\/wp\/v2\/media\/20984"}],"wp:attachment":[{"href":"https:\/\/www.fondationassistanceauxanimaux.org\/actu\/wp-json\/wp\/v2\/media?parent=20983"}],"wp:term":[{"taxonomy":"category","embeddable":true,"href":"https:\/\/www.fondationassistanceauxanimaux.org\/actu\/wp-json\/wp\/v2\/categories?post=20983"},{"taxonomy":"post_tag","embeddable":true,"href":"https:\/\/www.fondationassistanceauxanimaux.org\/actu\/wp-json\/wp\/v2\/tags?post=20983"}],"curies":[{"name":"wp","href":"https:\/\/api.w.org\/{rel}","templated":true}]}}