{"id":19394,"date":"2023-11-13T19:02:45","date_gmt":"2023-11-13T18:02:45","guid":{"rendered":"https:\/\/www.fondationassistanceauxanimaux.org\/actu\/?p=19394"},"modified":"2023-11-13T19:02:45","modified_gmt":"2023-11-13T18:02:45","slug":"brebis-sauvetage","status":"publish","type":"post","link":"https:\/\/www.fondationassistanceauxanimaux.org\/actu\/brebis-sauvetage-19394\/","title":{"rendered":"Le sauvetage de Babe, une brebis laiss\u00e9e \u00e0 l&rsquo;abandon"},"content":{"rendered":"\n<p><strong>C&rsquo;est en Corse, sur la r\u00e9gion du Sartenais, qu&rsquo;une brebis en piteux \u00e9tat\u00a0a r\u00e9cemment \u00e9t\u00e9 prise en charge par la Fondation Assistance aux Animaux.<\/strong><\/p>\n\n\n\n<p><strong>Cette brebis \u00e9tait livr\u00e9e \u00e0 elle-m\u00eame, abandonn\u00e9e.<\/strong><\/p>\n\n\n\n<p><strong>Mal en point et laiss\u00e9e sans soins depuis de nombreuses ann\u00e9es, la malheureuse portait plus de 20 kg de laine.&nbsp;Cet amas de laine l&#8217;emp\u00eachait de se mouvoir facilement.<\/strong><\/p>\n\n\n\n<p><strong>Apr\u00e8s avoir re\u00e7u le signalement, notre \u00e9quipe s&rsquo;est imm\u00e9diatement d\u00e9plac\u00e9e sur les lieux.<\/strong><\/p>\n\n\n\n<figure class=\"wp-block-gallery aligncenter columns-2 is-cropped wp-block-gallery-1 is-layout-flex wp-block-gallery-is-layout-flex\"><ul class=\"blocks-gallery-grid\"><li class=\"blocks-gallery-item\"><figure><img loading=\"lazy\" decoding=\"async\" width=\"720\" height=\"720\" src=\"https:\/\/www.fondationassistanceauxanimaux.org\/actu\/wp-content\/uploads\/2023\/11\/WhatsApp-Image-2023-10-24-at-14.05.53-2.jpeg\" alt=\"\" data-id=\"19408\" class=\"wp-image-19408\" srcset=\"https:\/\/www.fondationassistanceauxanimaux.org\/actu\/wp-content\/uploads\/2023\/11\/WhatsApp-Image-2023-10-24-at-14.05.53-2.jpeg 720w, https:\/\/www.fondationassistanceauxanimaux.org\/actu\/wp-content\/uploads\/2023\/11\/WhatsApp-Image-2023-10-24-at-14.05.53-2-300x300.jpeg 300w, https:\/\/www.fondationassistanceauxanimaux.org\/actu\/wp-content\/uploads\/2023\/11\/WhatsApp-Image-2023-10-24-at-14.05.53-2-80x80.jpeg 80w, https:\/\/www.fondationassistanceauxanimaux.org\/actu\/wp-content\/uploads\/2023\/11\/WhatsApp-Image-2023-10-24-at-14.05.53-2-36x36.jpeg 36w, https:\/\/www.fondationassistanceauxanimaux.org\/actu\/wp-content\/uploads\/2023\/11\/WhatsApp-Image-2023-10-24-at-14.05.53-2-180x180.jpeg 180w, https:\/\/www.fondationassistanceauxanimaux.org\/actu\/wp-content\/uploads\/2023\/11\/WhatsApp-Image-2023-10-24-at-14.05.53-2-705x705.jpeg 705w\" sizes=\"auto, (max-width: 720px) 100vw, 720px\" \/><\/figure><\/li><li class=\"blocks-gallery-item\"><figure><img loading=\"lazy\" decoding=\"async\" width=\"640\" height=\"824\" src=\"https:\/\/www.fondationassistanceauxanimaux.org\/actu\/wp-content\/uploads\/2023\/11\/394807160_722835029876489_5509769358286347043_n-2.jpg\" alt=\"\" data-id=\"19415\" data-full-url=\"https:\/\/www.fondationassistanceauxanimaux.org\/actu\/wp-content\/uploads\/2023\/11\/394807160_722835029876489_5509769358286347043_n-2.jpg\" data-link=\"https:\/\/www.fondationassistanceauxanimaux.org\/actu\/?attachment_id=19415\" class=\"wp-image-19415\" srcset=\"https:\/\/www.fondationassistanceauxanimaux.org\/actu\/wp-content\/uploads\/2023\/11\/394807160_722835029876489_5509769358286347043_n-2.jpg 640w, https:\/\/www.fondationassistanceauxanimaux.org\/actu\/wp-content\/uploads\/2023\/11\/394807160_722835029876489_5509769358286347043_n-2-233x300.jpg 233w, https:\/\/www.fondationassistanceauxanimaux.org\/actu\/wp-content\/uploads\/2023\/11\/394807160_722835029876489_5509769358286347043_n-2-548x705.jpg 548w\" sizes=\"auto, (max-width: 640px) 100vw, 640px\" \/><\/figure><\/li><\/ul><\/figure>\n\n\n\n<blockquote class=\"wp-block-quote is-layout-flow wp-block-quote-is-layout-flow\"><p><strong>Sauvage, il aura fallu pr\u00e8s d&rsquo;une heure pour l&rsquo;amadouer avec de la nourriture et la prendre en charge.<\/strong><\/p><\/blockquote>\n\n\n\n<blockquote class=\"wp-block-quote is-layout-flow wp-block-quote-is-layout-flow\"><p><strong>Elle a pu \u00eatre d\u00e9licatement transport\u00e9e jusqu&rsquo;au centre FAA de Baleone o\u00f9 elle a b\u00e9n\u00e9fici\u00e9 de nombreux soins et a, pour son plus grand bonheur, \u00e9t\u00e9 tondue.<\/strong><\/p><\/blockquote>\n\n\n\n<figure class=\"wp-block-gallery columns-3 is-cropped wp-block-gallery-2 is-layout-flex wp-block-gallery-is-layout-flex\"><ul class=\"blocks-gallery-grid\"><li class=\"blocks-gallery-item\"><figure><img loading=\"lazy\" decoding=\"async\" width=\"773\" height=\"1030\" src=\"https:\/\/www.fondationassistanceauxanimaux.org\/actu\/wp-content\/uploads\/2023\/11\/WhatsApp-Image-2023-10-24-at-17.17.08-773x1030.jpeg\" alt=\"\" data-id=\"19406\" data-full-url=\"https:\/\/www.fondationassistanceauxanimaux.org\/actu\/wp-content\/uploads\/2023\/11\/WhatsApp-Image-2023-10-24-at-17.17.08.jpeg\" data-link=\"https:\/\/www.fondationassistanceauxanimaux.org\/actu\/?attachment_id=19406\" class=\"wp-image-19406\" srcset=\"https:\/\/www.fondationassistanceauxanimaux.org\/actu\/wp-content\/uploads\/2023\/11\/WhatsApp-Image-2023-10-24-at-17.17.08-773x1030.jpeg 773w, https:\/\/www.fondationassistanceauxanimaux.org\/actu\/wp-content\/uploads\/2023\/11\/WhatsApp-Image-2023-10-24-at-17.17.08-225x300.jpeg 225w, https:\/\/www.fondationassistanceauxanimaux.org\/actu\/wp-content\/uploads\/2023\/11\/WhatsApp-Image-2023-10-24-at-17.17.08-768x1024.jpeg 768w, https:\/\/www.fondationassistanceauxanimaux.org\/actu\/wp-content\/uploads\/2023\/11\/WhatsApp-Image-2023-10-24-at-17.17.08-1152x1536.jpeg 1152w, https:\/\/www.fondationassistanceauxanimaux.org\/actu\/wp-content\/uploads\/2023\/11\/WhatsApp-Image-2023-10-24-at-17.17.08-1125x1500.jpeg 1125w, https:\/\/www.fondationassistanceauxanimaux.org\/actu\/wp-content\/uploads\/2023\/11\/WhatsApp-Image-2023-10-24-at-17.17.08-529x705.jpeg 529w, https:\/\/www.fondationassistanceauxanimaux.org\/actu\/wp-content\/uploads\/2023\/11\/WhatsApp-Image-2023-10-24-at-17.17.08.jpeg 1500w\" sizes=\"auto, (max-width: 773px) 100vw, 773px\" \/><\/figure><\/li><li class=\"blocks-gallery-item\"><figure><img loading=\"lazy\" decoding=\"async\" width=\"720\" height=\"960\" src=\"https:\/\/www.fondationassistanceauxanimaux.org\/actu\/wp-content\/uploads\/2023\/11\/WhatsApp-Image-2023-10-24-at-14.05.54.jpeg\" alt=\"\" data-id=\"19402\" data-full-url=\"https:\/\/www.fondationassistanceauxanimaux.org\/actu\/wp-content\/uploads\/2023\/11\/WhatsApp-Image-2023-10-24-at-14.05.54.jpeg\" data-link=\"https:\/\/www.fondationassistanceauxanimaux.org\/actu\/?attachment_id=19402\" class=\"wp-image-19402\" srcset=\"https:\/\/www.fondationassistanceauxanimaux.org\/actu\/wp-content\/uploads\/2023\/11\/WhatsApp-Image-2023-10-24-at-14.05.54.jpeg 720w, https:\/\/www.fondationassistanceauxanimaux.org\/actu\/wp-content\/uploads\/2023\/11\/WhatsApp-Image-2023-10-24-at-14.05.54-225x300.jpeg 225w, https:\/\/www.fondationassistanceauxanimaux.org\/actu\/wp-content\/uploads\/2023\/11\/WhatsApp-Image-2023-10-24-at-14.05.54-529x705.jpeg 529w\" sizes=\"auto, (max-width: 720px) 100vw, 720px\" \/><\/figure><\/li><li class=\"blocks-gallery-item\"><figure><img loading=\"lazy\" decoding=\"async\" width=\"773\" height=\"1030\" src=\"https:\/\/www.fondationassistanceauxanimaux.org\/actu\/wp-content\/uploads\/2023\/11\/WhatsApp-Image-2023-10-24-at-17.16.40-773x1030.jpeg\" alt=\"\" data-id=\"19405\" data-full-url=\"https:\/\/www.fondationassistanceauxanimaux.org\/actu\/wp-content\/uploads\/2023\/11\/WhatsApp-Image-2023-10-24-at-17.16.40.jpeg\" data-link=\"https:\/\/www.fondationassistanceauxanimaux.org\/actu\/?attachment_id=19405\" class=\"wp-image-19405\" srcset=\"https:\/\/www.fondationassistanceauxanimaux.org\/actu\/wp-content\/uploads\/2023\/11\/WhatsApp-Image-2023-10-24-at-17.16.40-773x1030.jpeg 773w, https:\/\/www.fondationassistanceauxanimaux.org\/actu\/wp-content\/uploads\/2023\/11\/WhatsApp-Image-2023-10-24-at-17.16.40-225x300.jpeg 225w, https:\/\/www.fondationassistanceauxanimaux.org\/actu\/wp-content\/uploads\/2023\/11\/WhatsApp-Image-2023-10-24-at-17.16.40-768x1024.jpeg 768w, https:\/\/www.fondationassistanceauxanimaux.org\/actu\/wp-content\/uploads\/2023\/11\/WhatsApp-Image-2023-10-24-at-17.16.40-1152x1536.jpeg 1152w, https:\/\/www.fondationassistanceauxanimaux.org\/actu\/wp-content\/uploads\/2023\/11\/WhatsApp-Image-2023-10-24-at-17.16.40-1125x1500.jpeg 1125w, https:\/\/www.fondationassistanceauxanimaux.org\/actu\/wp-content\/uploads\/2023\/11\/WhatsApp-Image-2023-10-24-at-17.16.40-529x705.jpeg 529w, https:\/\/www.fondationassistanceauxanimaux.org\/actu\/wp-content\/uploads\/2023\/11\/WhatsApp-Image-2023-10-24-at-17.16.40.jpeg 1500w\" sizes=\"auto, (max-width: 773px) 100vw, 773px\" \/><\/figure><\/li><li class=\"blocks-gallery-item\"><figure><img loading=\"lazy\" decoding=\"async\" width=\"773\" height=\"1030\" src=\"https:\/\/www.fondationassistanceauxanimaux.org\/actu\/wp-content\/uploads\/2023\/11\/WhatsApp-Image-2023-10-24-at-17.16.28-773x1030.jpeg\" alt=\"\" data-id=\"19404\" data-full-url=\"https:\/\/www.fondationassistanceauxanimaux.org\/actu\/wp-content\/uploads\/2023\/11\/WhatsApp-Image-2023-10-24-at-17.16.28.jpeg\" data-link=\"https:\/\/www.fondationassistanceauxanimaux.org\/actu\/?attachment_id=19404\" class=\"wp-image-19404\" srcset=\"https:\/\/www.fondationassistanceauxanimaux.org\/actu\/wp-content\/uploads\/2023\/11\/WhatsApp-Image-2023-10-24-at-17.16.28-773x1030.jpeg 773w, https:\/\/www.fondationassistanceauxanimaux.org\/actu\/wp-content\/uploads\/2023\/11\/WhatsApp-Image-2023-10-24-at-17.16.28-225x300.jpeg 225w, https:\/\/www.fondationassistanceauxanimaux.org\/actu\/wp-content\/uploads\/2023\/11\/WhatsApp-Image-2023-10-24-at-17.16.28-768x1024.jpeg 768w, https:\/\/www.fondationassistanceauxanimaux.org\/actu\/wp-content\/uploads\/2023\/11\/WhatsApp-Image-2023-10-24-at-17.16.28-1152x1536.jpeg 1152w, https:\/\/www.fondationassistanceauxanimaux.org\/actu\/wp-content\/uploads\/2023\/11\/WhatsApp-Image-2023-10-24-at-17.16.28-1125x1500.jpeg 1125w, https:\/\/www.fondationassistanceauxanimaux.org\/actu\/wp-content\/uploads\/2023\/11\/WhatsApp-Image-2023-10-24-at-17.16.28-529x705.jpeg 529w, https:\/\/www.fondationassistanceauxanimaux.org\/actu\/wp-content\/uploads\/2023\/11\/WhatsApp-Image-2023-10-24-at-17.16.28.jpeg 1500w\" sizes=\"auto, (max-width: 773px) 100vw, 773px\" \/><\/figure><\/li><li class=\"blocks-gallery-item\"><figure><img loading=\"lazy\" decoding=\"async\" width=\"773\" height=\"1030\" src=\"https:\/\/www.fondationassistanceauxanimaux.org\/actu\/wp-content\/uploads\/2023\/11\/WhatsApp-Image-2023-10-24-at-17.16.13-773x1030.jpeg\" alt=\"\" data-id=\"19403\" data-full-url=\"https:\/\/www.fondationassistanceauxanimaux.org\/actu\/wp-content\/uploads\/2023\/11\/WhatsApp-Image-2023-10-24-at-17.16.13.jpeg\" data-link=\"https:\/\/www.fondationassistanceauxanimaux.org\/actu\/?attachment_id=19403\" class=\"wp-image-19403\" srcset=\"https:\/\/www.fondationassistanceauxanimaux.org\/actu\/wp-content\/uploads\/2023\/11\/WhatsApp-Image-2023-10-24-at-17.16.13-773x1030.jpeg 773w, https:\/\/www.fondationassistanceauxanimaux.org\/actu\/wp-content\/uploads\/2023\/11\/WhatsApp-Image-2023-10-24-at-17.16.13-225x300.jpeg 225w, https:\/\/www.fondationassistanceauxanimaux.org\/actu\/wp-content\/uploads\/2023\/11\/WhatsApp-Image-2023-10-24-at-17.16.13-768x1024.jpeg 768w, https:\/\/www.fondationassistanceauxanimaux.org\/actu\/wp-content\/uploads\/2023\/11\/WhatsApp-Image-2023-10-24-at-17.16.13-1152x1536.jpeg 1152w, https:\/\/www.fondationassistanceauxanimaux.org\/actu\/wp-content\/uploads\/2023\/11\/WhatsApp-Image-2023-10-24-at-17.16.13-1125x1500.jpeg 1125w, https:\/\/www.fondationassistanceauxanimaux.org\/actu\/wp-content\/uploads\/2023\/11\/WhatsApp-Image-2023-10-24-at-17.16.13-529x705.jpeg 529w, https:\/\/www.fondationassistanceauxanimaux.org\/actu\/wp-content\/uploads\/2023\/11\/WhatsApp-Image-2023-10-24-at-17.16.13.jpeg 1500w\" sizes=\"auto, (max-width: 773px) 100vw, 773px\" \/><\/figure><\/li><\/ul><\/figure>\n\n\n\n<blockquote class=\"wp-block-quote is-layout-flow wp-block-quote-is-layout-flow\"><p><strong>Rebaptis\u00e9e&nbsp;Babe par notre \u00e9quipe, elle est depuis dans l&rsquo;un des refuges de la Fondation Assistance aux Animaux.<\/strong><\/p><p><strong>Babe d\u00e9couvre la vie bien plus l\u00e9g\u00e8re et a rencontr\u00e9 certains des autres pensionnaires du refuge.<\/strong> <\/p><\/blockquote>\n\n\n\n<figure class=\"wp-block-gallery columns-2 is-cropped wp-block-gallery-3 is-layout-flex wp-block-gallery-is-layout-flex\"><ul class=\"blocks-gallery-grid\"><li class=\"blocks-gallery-item\"><figure><img loading=\"lazy\" decoding=\"async\" width=\"1030\" height=\"1001\" src=\"https:\/\/www.fondationassistanceauxanimaux.org\/actu\/wp-content\/uploads\/2023\/11\/391583508_719813900178602_8284603491431859376_n-1-1030x1001.jpg\" alt=\"\" data-id=\"19411\" data-full-url=\"https:\/\/www.fondationassistanceauxanimaux.org\/actu\/wp-content\/uploads\/2023\/11\/391583508_719813900178602_8284603491431859376_n-1.jpg\" data-link=\"https:\/\/www.fondationassistanceauxanimaux.org\/actu\/?attachment_id=19411\" class=\"wp-image-19411\" srcset=\"https:\/\/www.fondationassistanceauxanimaux.org\/actu\/wp-content\/uploads\/2023\/11\/391583508_719813900178602_8284603491431859376_n-1-1030x1001.jpg 1030w, https:\/\/www.fondationassistanceauxanimaux.org\/actu\/wp-content\/uploads\/2023\/11\/391583508_719813900178602_8284603491431859376_n-1-300x292.jpg 300w, https:\/\/www.fondationassistanceauxanimaux.org\/actu\/wp-content\/uploads\/2023\/11\/391583508_719813900178602_8284603491431859376_n-1-768x747.jpg 768w, https:\/\/www.fondationassistanceauxanimaux.org\/actu\/wp-content\/uploads\/2023\/11\/391583508_719813900178602_8284603491431859376_n-1-36x36.jpg 36w, https:\/\/www.fondationassistanceauxanimaux.org\/actu\/wp-content\/uploads\/2023\/11\/391583508_719813900178602_8284603491431859376_n-1-1500x1458.jpg 1500w, https:\/\/www.fondationassistanceauxanimaux.org\/actu\/wp-content\/uploads\/2023\/11\/391583508_719813900178602_8284603491431859376_n-1-705x685.jpg 705w, https:\/\/www.fondationassistanceauxanimaux.org\/actu\/wp-content\/uploads\/2023\/11\/391583508_719813900178602_8284603491431859376_n-1.jpg 1536w\" sizes=\"auto, (max-width: 1030px) 100vw, 1030px\" \/><\/figure><\/li><li class=\"blocks-gallery-item\"><figure><img loading=\"lazy\" decoding=\"async\" width=\"1030\" height=\"867\" src=\"https:\/\/www.fondationassistanceauxanimaux.org\/actu\/wp-content\/uploads\/2023\/11\/391588870_722842916542367_9040549081324690052_n-1-1030x867.jpg\" alt=\"\" data-id=\"19412\" data-full-url=\"https:\/\/www.fondationassistanceauxanimaux.org\/actu\/wp-content\/uploads\/2023\/11\/391588870_722842916542367_9040549081324690052_n-1.jpg\" data-link=\"https:\/\/www.fondationassistanceauxanimaux.org\/actu\/?attachment_id=19412\" class=\"wp-image-19412\" srcset=\"https:\/\/www.fondationassistanceauxanimaux.org\/actu\/wp-content\/uploads\/2023\/11\/391588870_722842916542367_9040549081324690052_n-1-1030x867.jpg 1030w, https:\/\/www.fondationassistanceauxanimaux.org\/actu\/wp-content\/uploads\/2023\/11\/391588870_722842916542367_9040549081324690052_n-1-300x253.jpg 300w, https:\/\/www.fondationassistanceauxanimaux.org\/actu\/wp-content\/uploads\/2023\/11\/391588870_722842916542367_9040549081324690052_n-1-768x647.jpg 768w, https:\/\/www.fondationassistanceauxanimaux.org\/actu\/wp-content\/uploads\/2023\/11\/391588870_722842916542367_9040549081324690052_n-1-1500x1263.jpg 1500w, https:\/\/www.fondationassistanceauxanimaux.org\/actu\/wp-content\/uploads\/2023\/11\/391588870_722842916542367_9040549081324690052_n-1-705x593.jpg 705w, https:\/\/www.fondationassistanceauxanimaux.org\/actu\/wp-content\/uploads\/2023\/11\/391588870_722842916542367_9040549081324690052_n-1.jpg 1536w\" sizes=\"auto, (max-width: 1030px) 100vw, 1030px\" \/><\/figure><\/li><\/ul><\/figure>\n","protected":false},"excerpt":{"rendered":"<p>C&rsquo;est en Corse, sur la r\u00e9gion du Sartenais, qu&rsquo;une brebis en piteux \u00e9tat\u00a0a r\u00e9cemment \u00e9t\u00e9 prise en charge par la Fondation Assistance aux Animaux. Cette brebis \u00e9tait livr\u00e9e \u00e0 elle-m\u00eame, abandonn\u00e9e. Mal en point et laiss\u00e9e sans soins depuis de nombreuses ann\u00e9es, la malheureuse portait plus de 20 kg de laine.&nbsp;Cet amas de laine l&#8217;emp\u00eachait [&hellip;]<\/p>\n","protected":false},"author":3,"featured_media":19410,"comment_status":"closed","ping_status":"closed","sticky":false,"template":"","format":"standard","meta":{"footnotes":""},"categories":[21],"tags":[],"class_list":["post-19394","post","type-post","status-publish","format-standard","has-post-thumbnail","hentry","category-fondation-assistance-aux-animaux"],"yoast_head":"<!-- This site is optimized with the Yoast SEO plugin v24.5 - https:\/\/yoast.com\/wordpress\/plugins\/seo\/ -->\n<title>Le sauvetage de Babe, une brebis laiss\u00e9e \u00e0 l&#039;abandon - Fondation Assistance aux Animaux - Actualit\u00e9s<\/title>\n<meta name=\"robots\" content=\"index, follow, max-snippet:-1, max-image-preview:large, max-video-preview:-1\" \/>\n<link rel=\"canonical\" href=\"https:\/\/www.fondationassistanceauxanimaux.org\/actu\/brebis-sauvetage-19394\/\" \/>\n<meta property=\"og:locale\" content=\"fr_FR\" \/>\n<meta property=\"og:type\" content=\"article\" \/>\n<meta property=\"og:title\" content=\"Le sauvetage de Babe, une brebis laiss\u00e9e \u00e0 l&#039;abandon - Fondation Assistance aux Animaux - Actualit\u00e9s\" \/>\n<meta property=\"og:description\" content=\"C&rsquo;est en Corse, sur la r\u00e9gion du Sartenais, qu&rsquo;une brebis en piteux \u00e9tat\u00a0a r\u00e9cemment \u00e9t\u00e9 prise en charge par la Fondation Assistance aux Animaux. Cette brebis \u00e9tait livr\u00e9e \u00e0 elle-m\u00eame, abandonn\u00e9e. Mal en point et laiss\u00e9e sans soins depuis de nombreuses ann\u00e9es, la malheureuse portait plus de 20 kg de laine.&nbsp;Cet amas de laine l&#8217;emp\u00eachait [&hellip;]\" \/>\n<meta property=\"og:url\" content=\"https:\/\/www.fondationassistanceauxanimaux.org\/actu\/brebis-sauvetage-19394\/\" \/>\n<meta property=\"og:site_name\" content=\"Fondation Assistance aux Animaux - Actualit\u00e9s\" \/>\n<meta property=\"article:published_time\" content=\"2023-11-13T18:02:45+00:00\" \/>\n<meta property=\"og:image\" content=\"https:\/\/www.fondationassistanceauxanimaux.org\/actu\/wp-content\/uploads\/2023\/11\/brebis-sauvetage-faa.jpeg\" \/>\n\t<meta property=\"og:image:width\" content=\"1500\" \/>\n\t<meta property=\"og:image:height\" content=\"1546\" \/>\n\t<meta property=\"og:image:type\" content=\"image\/jpeg\" \/>\n<meta name=\"author\" content=\"No\u00e9\" \/>\n<meta name=\"twitter:card\" content=\"summary_large_image\" \/>\n<meta name=\"twitter:label1\" content=\"\u00c9crit par\" \/>\n\t<meta name=\"twitter:data1\" content=\"No\u00e9\" \/>\n\t<meta name=\"twitter:label2\" content=\"Dur\u00e9e de lecture estim\u00e9e\" \/>\n\t<meta name=\"twitter:data2\" content=\"1 minute\" \/>\n<script type=\"application\/ld+json\" class=\"yoast-schema-graph\">{\"@context\":\"https:\/\/schema.org\",\"@graph\":[{\"@type\":\"WebPage\",\"@id\":\"https:\/\/www.fondationassistanceauxanimaux.org\/actu\/brebis-sauvetage-19394\/\",\"url\":\"https:\/\/www.fondationassistanceauxanimaux.org\/actu\/brebis-sauvetage-19394\/\",\"name\":\"Le sauvetage de Babe, une brebis laiss\u00e9e \u00e0 l'abandon - Fondation Assistance aux Animaux - Actualit\u00e9s\",\"isPartOf\":{\"@id\":\"https:\/\/www.fondationassistanceauxanimaux.org\/actu\/#website\"},\"primaryImageOfPage\":{\"@id\":\"https:\/\/www.fondationassistanceauxanimaux.org\/actu\/brebis-sauvetage-19394\/#primaryimage\"},\"image\":{\"@id\":\"https:\/\/www.fondationassistanceauxanimaux.org\/actu\/brebis-sauvetage-19394\/#primaryimage\"},\"thumbnailUrl\":\"https:\/\/www.fondationassistanceauxanimaux.org\/actu\/wp-content\/uploads\/2023\/11\/brebis-sauvetage-faa.jpeg\",\"datePublished\":\"2023-11-13T18:02:45+00:00\",\"author\":{\"@id\":\"https:\/\/www.fondationassistanceauxanimaux.org\/actu\/#\/schema\/person\/71a8476d98daaea0d71a965c5603e10b\"},\"breadcrumb\":{\"@id\":\"https:\/\/www.fondationassistanceauxanimaux.org\/actu\/brebis-sauvetage-19394\/#breadcrumb\"},\"inLanguage\":\"fr-FR\",\"potentialAction\":[{\"@type\":\"ReadAction\",\"target\":[\"https:\/\/www.fondationassistanceauxanimaux.org\/actu\/brebis-sauvetage-19394\/\"]}]},{\"@type\":\"ImageObject\",\"inLanguage\":\"fr-FR\",\"@id\":\"https:\/\/www.fondationassistanceauxanimaux.org\/actu\/brebis-sauvetage-19394\/#primaryimage\",\"url\":\"https:\/\/www.fondationassistanceauxanimaux.org\/actu\/wp-content\/uploads\/2023\/11\/brebis-sauvetage-faa.jpeg\",\"contentUrl\":\"https:\/\/www.fondationassistanceauxanimaux.org\/actu\/wp-content\/uploads\/2023\/11\/brebis-sauvetage-faa.jpeg\",\"width\":1500,\"height\":1546},{\"@type\":\"BreadcrumbList\",\"@id\":\"https:\/\/www.fondationassistanceauxanimaux.org\/actu\/brebis-sauvetage-19394\/#breadcrumb\",\"itemListElement\":[{\"@type\":\"ListItem\",\"position\":1,\"name\":\"Accueil\",\"item\":\"https:\/\/www.fondationassistanceauxanimaux.org\/actu\/\"},{\"@type\":\"ListItem\",\"position\":2,\"name\":\"Le sauvetage de Babe, une brebis laiss\u00e9e \u00e0 l&rsquo;abandon\"}]},{\"@type\":\"WebSite\",\"@id\":\"https:\/\/www.fondationassistanceauxanimaux.org\/actu\/#website\",\"url\":\"https:\/\/www.fondationassistanceauxanimaux.org\/actu\/\",\"name\":\"Fondation Assistance aux Animaux - Actualit\u00e9s\",\"description\":\"Depuis 1930 la Fondation Assistance aux Animaux pour la d\u00e9fense et la protection des animaux maltrait\u00e9s et abandonn\u00e9s\",\"potentialAction\":[{\"@type\":\"SearchAction\",\"target\":{\"@type\":\"EntryPoint\",\"urlTemplate\":\"https:\/\/www.fondationassistanceauxanimaux.org\/actu\/?s={search_term_string}\"},\"query-input\":{\"@type\":\"PropertyValueSpecification\",\"valueRequired\":true,\"valueName\":\"search_term_string\"}}],\"inLanguage\":\"fr-FR\"},{\"@type\":\"Person\",\"@id\":\"https:\/\/www.fondationassistanceauxanimaux.org\/actu\/#\/schema\/person\/71a8476d98daaea0d71a965c5603e10b\",\"name\":\"No\u00e9\",\"image\":{\"@type\":\"ImageObject\",\"inLanguage\":\"fr-FR\",\"@id\":\"https:\/\/www.fondationassistanceauxanimaux.org\/actu\/#\/schema\/person\/image\/\",\"url\":\"https:\/\/secure.gravatar.com\/avatar\/d34cf6c6bd22b3db9c932bc580c4d1ba93c0cda7588a41b59078888ab1e5f007?s=96&d=mm&r=g\",\"contentUrl\":\"https:\/\/secure.gravatar.com\/avatar\/d34cf6c6bd22b3db9c932bc580c4d1ba93c0cda7588a41b59078888ab1e5f007?s=96&d=mm&r=g\",\"caption\":\"No\u00e9\"},\"url\":\"https:\/\/www.fondationassistanceauxanimaux.org\/actu\/author\/anne\/\"}]}<\/script>\n<!-- \/ Yoast SEO plugin. -->","yoast_head_json":{"title":"Le sauvetage de Babe, une brebis laiss\u00e9e \u00e0 l'abandon - Fondation Assistance aux Animaux - Actualit\u00e9s","robots":{"index":"index","follow":"follow","max-snippet":"max-snippet:-1","max-image-preview":"max-image-preview:large","max-video-preview":"max-video-preview:-1"},"canonical":"https:\/\/www.fondationassistanceauxanimaux.org\/actu\/brebis-sauvetage-19394\/","og_locale":"fr_FR","og_type":"article","og_title":"Le sauvetage de Babe, une brebis laiss\u00e9e \u00e0 l'abandon - Fondation Assistance aux Animaux - Actualit\u00e9s","og_description":"C&rsquo;est en Corse, sur la r\u00e9gion du Sartenais, qu&rsquo;une brebis en piteux \u00e9tat\u00a0a r\u00e9cemment \u00e9t\u00e9 prise en charge par la Fondation Assistance aux Animaux. Cette brebis \u00e9tait livr\u00e9e \u00e0 elle-m\u00eame, abandonn\u00e9e. Mal en point et laiss\u00e9e sans soins depuis de nombreuses ann\u00e9es, la malheureuse portait plus de 20 kg de laine.&nbsp;Cet amas de laine l&#8217;emp\u00eachait [&hellip;]","og_url":"https:\/\/www.fondationassistanceauxanimaux.org\/actu\/brebis-sauvetage-19394\/","og_site_name":"Fondation Assistance aux Animaux - Actualit\u00e9s","article_published_time":"2023-11-13T18:02:45+00:00","og_image":[{"width":1500,"height":1546,"url":"https:\/\/www.fondationassistanceauxanimaux.org\/actu\/wp-content\/uploads\/2023\/11\/brebis-sauvetage-faa.jpeg","type":"image\/jpeg"}],"author":"No\u00e9","twitter_card":"summary_large_image","twitter_misc":{"\u00c9crit par":"No\u00e9","Dur\u00e9e de lecture estim\u00e9e":"1 minute"},"schema":{"@context":"https:\/\/schema.org","@graph":[{"@type":"WebPage","@id":"https:\/\/www.fondationassistanceauxanimaux.org\/actu\/brebis-sauvetage-19394\/","url":"https:\/\/www.fondationassistanceauxanimaux.org\/actu\/brebis-sauvetage-19394\/","name":"Le sauvetage de Babe, une brebis laiss\u00e9e \u00e0 l'abandon - Fondation Assistance aux Animaux - Actualit\u00e9s","isPartOf":{"@id":"https:\/\/www.fondationassistanceauxanimaux.org\/actu\/#website"},"primaryImageOfPage":{"@id":"https:\/\/www.fondationassistanceauxanimaux.org\/actu\/brebis-sauvetage-19394\/#primaryimage"},"image":{"@id":"https:\/\/www.fondationassistanceauxanimaux.org\/actu\/brebis-sauvetage-19394\/#primaryimage"},"thumbnailUrl":"https:\/\/www.fondationassistanceauxanimaux.org\/actu\/wp-content\/uploads\/2023\/11\/brebis-sauvetage-faa.jpeg","datePublished":"2023-11-13T18:02:45+00:00","author":{"@id":"https:\/\/www.fondationassistanceauxanimaux.org\/actu\/#\/schema\/person\/71a8476d98daaea0d71a965c5603e10b"},"breadcrumb":{"@id":"https:\/\/www.fondationassistanceauxanimaux.org\/actu\/brebis-sauvetage-19394\/#breadcrumb"},"inLanguage":"fr-FR","potentialAction":[{"@type":"ReadAction","target":["https:\/\/www.fondationassistanceauxanimaux.org\/actu\/brebis-sauvetage-19394\/"]}]},{"@type":"ImageObject","inLanguage":"fr-FR","@id":"https:\/\/www.fondationassistanceauxanimaux.org\/actu\/brebis-sauvetage-19394\/#primaryimage","url":"https:\/\/www.fondationassistanceauxanimaux.org\/actu\/wp-content\/uploads\/2023\/11\/brebis-sauvetage-faa.jpeg","contentUrl":"https:\/\/www.fondationassistanceauxanimaux.org\/actu\/wp-content\/uploads\/2023\/11\/brebis-sauvetage-faa.jpeg","width":1500,"height":1546},{"@type":"BreadcrumbList","@id":"https:\/\/www.fondationassistanceauxanimaux.org\/actu\/brebis-sauvetage-19394\/#breadcrumb","itemListElement":[{"@type":"ListItem","position":1,"name":"Accueil","item":"https:\/\/www.fondationassistanceauxanimaux.org\/actu\/"},{"@type":"ListItem","position":2,"name":"Le sauvetage de Babe, une brebis laiss\u00e9e \u00e0 l&rsquo;abandon"}]},{"@type":"WebSite","@id":"https:\/\/www.fondationassistanceauxanimaux.org\/actu\/#website","url":"https:\/\/www.fondationassistanceauxanimaux.org\/actu\/","name":"Fondation Assistance aux Animaux - Actualit\u00e9s","description":"Depuis 1930 la Fondation Assistance aux Animaux pour la d\u00e9fense et la protection des animaux maltrait\u00e9s et abandonn\u00e9s","potentialAction":[{"@type":"SearchAction","target":{"@type":"EntryPoint","urlTemplate":"https:\/\/www.fondationassistanceauxanimaux.org\/actu\/?s={search_term_string}"},"query-input":{"@type":"PropertyValueSpecification","valueRequired":true,"valueName":"search_term_string"}}],"inLanguage":"fr-FR"},{"@type":"Person","@id":"https:\/\/www.fondationassistanceauxanimaux.org\/actu\/#\/schema\/person\/71a8476d98daaea0d71a965c5603e10b","name":"No\u00e9","image":{"@type":"ImageObject","inLanguage":"fr-FR","@id":"https:\/\/www.fondationassistanceauxanimaux.org\/actu\/#\/schema\/person\/image\/","url":"https:\/\/secure.gravatar.com\/avatar\/d34cf6c6bd22b3db9c932bc580c4d1ba93c0cda7588a41b59078888ab1e5f007?s=96&d=mm&r=g","contentUrl":"https:\/\/secure.gravatar.com\/avatar\/d34cf6c6bd22b3db9c932bc580c4d1ba93c0cda7588a41b59078888ab1e5f007?s=96&d=mm&r=g","caption":"No\u00e9"},"url":"https:\/\/www.fondationassistanceauxanimaux.org\/actu\/author\/anne\/"}]}},"_links":{"self":[{"href":"https:\/\/www.fondationassistanceauxanimaux.org\/actu\/wp-json\/wp\/v2\/posts\/19394","targetHints":{"allow":["GET"]}}],"collection":[{"href":"https:\/\/www.fondationassistanceauxanimaux.org\/actu\/wp-json\/wp\/v2\/posts"}],"about":[{"href":"https:\/\/www.fondationassistanceauxanimaux.org\/actu\/wp-json\/wp\/v2\/types\/post"}],"author":[{"embeddable":true,"href":"https:\/\/www.fondationassistanceauxanimaux.org\/actu\/wp-json\/wp\/v2\/users\/3"}],"replies":[{"embeddable":true,"href":"https:\/\/www.fondationassistanceauxanimaux.org\/actu\/wp-json\/wp\/v2\/comments?post=19394"}],"version-history":[{"count":2,"href":"https:\/\/www.fondationassistanceauxanimaux.org\/actu\/wp-json\/wp\/v2\/posts\/19394\/revisions"}],"predecessor-version":[{"id":19416,"href":"https:\/\/www.fondationassistanceauxanimaux.org\/actu\/wp-json\/wp\/v2\/posts\/19394\/revisions\/19416"}],"wp:featuredmedia":[{"embeddable":true,"href":"https:\/\/www.fondationassistanceauxanimaux.org\/actu\/wp-json\/wp\/v2\/media\/19410"}],"wp:attachment":[{"href":"https:\/\/www.fondationassistanceauxanimaux.org\/actu\/wp-json\/wp\/v2\/media?parent=19394"}],"wp:term":[{"taxonomy":"category","embeddable":true,"href":"https:\/\/www.fondationassistanceauxanimaux.org\/actu\/wp-json\/wp\/v2\/categories?post=19394"},{"taxonomy":"post_tag","embeddable":true,"href":"https:\/\/www.fondationassistanceauxanimaux.org\/actu\/wp-json\/wp\/v2\/tags?post=19394"}],"curies":[{"name":"wp","href":"https:\/\/api.w.org\/{rel}","templated":true}]}}